{"id":10296,"date":"2025-03-09T09:26:17","date_gmt":"2025-03-09T12:26:17","guid":{"rendered":"https:\/\/digitalsantotome.com.ar\/?p=10296"},"modified":"2025-03-09T09:26:27","modified_gmt":"2025-03-09T12:26:27","slug":"pablo-alonso-logro-la-reeleccion-como-presidente-de-la-fecof","status":"publish","type":"post","link":"https:\/\/digitalsantotome.com.ar\/?p=10296","title":{"rendered":"Pablo Alonso logr\u00f3 la reelecci\u00f3n como presidente de la FECOF"},"content":{"rendered":"<article id=\"post-316647\" class=\"post-316647 post type-post status-publish format-standard has-post-thumbnail category-deportes\">\n<div class=\"post-content-wrap has-share-float\">\n<div class=\"post-content cf entry-content content-spacious\">\n<p>CORRIENTES. Pablo Alonso seguir\u00e1 al frente de la Federaci\u00f3n Correntina de F\u00fatbol (Fecof) por un nuevo per\u00edodo de gobierno. Alonso no tuvo rivales en la Asamblea General Ordinaria que se realiz\u00f3 en la sede de la Liga Correntina de F\u00fatbol ante la sorpresiva ausencia de Daniel Dening, presidente de la Liga Goyana de F\u00fatbol que hasta entrada la noche del viernes era el rival opositor al oficialismo. Alonso responde de manera incondicional al gobierno provincial. Es como alguien dijo que \u00abgan\u00f3 el caballo del comisario\u00bb para graficar lo sucedido.<\/p>\n<p>Cuatro fueron las ligas del Interior de la provincia que no participaron del acto asambleario de renovaci\u00f3n de autoridades, en la sede de la Liga capitalina en la ma\u00f1ana del s\u00e1bado. La Liga Goyana, la de Mercedes, Paso de los Libres y Virasoro respectivamente.<\/p>\n<p>La ausencia de Dening, de acuerdo a las fuentes consultadas se debi\u00f3 que no pudo reunir el n\u00famero de votos para enfrentar a la conducci\u00f3n oficialista.<\/p>\n<p>Varios de los representantes de las 14 ligas afiliadas a la Federaci\u00f3n Correntina de F\u00fatbol acordaron su voto a favor de la reelecci\u00f3n de Alonso a cambio de conseguir mejoras para las entidades que representan, incluso se mencion\u00f3 la posibilidad de solicitar la casa propia.<\/p>\n<p>Alonso fue reelecto como presidente de la entidad y su nuevo per\u00edodo de gobierno se extender\u00e1 hasta 2027.<br \/>\nEl acto asambleario cont\u00f3 con la participaci\u00f3n de los presidentes de las distintas ligas que componen la federaci\u00f3n, representantes de clubes de f\u00fatbol de distintos puntos de la provincia e invitados.<\/p>\n<p>El dirigente capitalino, anunci\u00f3 a su nueva Comisi\u00f3n Directiva, agradeci\u00f3 el acompa\u00f1amiento de las ligas integrantes de la federaci\u00f3n y de los dirigentes correntinos, as\u00ed como el apoyo de los clubes y del Gobierno de la Provincia de Corrientes y de la Secretar\u00eda de Deportes provincial.<\/p>\n<p>Tambi\u00e9n, el titular federativo hizo un balance de su gesti\u00f3n anterior al frente de la Fecof, resaltando los logros y actividades deportivas, recreativas e institucionales llevadas adelante, as\u00ed como tambi\u00e9n la normalizaci\u00f3n institucional de varias ligas locales. Adem\u00e1s destac\u00f3 la jerarquizaci\u00f3n de las competencias provinciales mediante la implementaci\u00f3n del sistema Comet y la relaci\u00f3n fluida con el Consejo Federal de F\u00fatbol de la AFA, entre otros.<\/p>\n<p>Otro anuncio importante fue el inicio de obras para las sedes de las ligas que forman parte de la entidad.<\/p>\n<p>COMISI\u00d3N<br \/>\nDIRECTIVA<br \/>\nPER\u00cdODO 2025-2027<\/p>\n<p>Presidente: Pablo Alberto Alonso (Liga Correntina).<br \/>\nVicepresidente: Fernando An\u00edbal Dom\u00ednguez (Liga Gral Belgrano Curuz\u00fa Cuati\u00e1).<br \/>\nSecretario: Pedro Carmelo Paniagua (Liga Deportiva Casere\u00f1a Gral San Mart\u00edn).<br \/>\nProsecretario: Maximiliano Ariel Silva (Liga Santotome\u00f1a).<br \/>\nTesorero: Francisco Escobar (Liga Correntina).<br \/>\nProtesorero: Cristian Hermosis (Liga Bellavistense de Deportes).<\/p>\n<div class=\"a-wrap a-wrap-base a-wrap-6 a-wrap-bg show-lg\">\n<div id=\"MobileRectangle_1\"><\/div>\n<\/div>\n<\/div>\n<\/div>\n<\/article>\n<div class=\"post-share-bot\"><\/div>\n","protected":false},"excerpt":{"rendered":"<p>CORRIENTES. Pablo Alonso seguir\u00e1 al frente de la Federaci\u00f3n Correntina de F\u00fatbol (Fecof) por un nuevo per\u00edodo de gobierno. Alonso no tuvo rivales en la Asamblea General Ordinaria que se realiz\u00f3 en la sede de la Liga Correntina de F\u00fatbol ante la sorpresiva ausencia de Daniel Dening, presidente de la Liga Goyana de F\u00fatbol que&#8230;<\/p>\n","protected":false},"author":2,"featured_media":10297,"comment_status":"closed","ping_status":"closed","sticky":false,"template":"","format":"standard","meta":{"_kad_post_transparent":"default","_kad_post_title":"default","_kad_post_layout":"default","_kad_post_sidebar_id":"","_kad_post_content_style":"default","_kad_post_vertical_padding":"default","_kad_post_feature":"","_kad_post_feature_position":"","_kad_post_header":false,"_kad_post_footer":false,"_kad_post_classname":"","footnotes":""},"categories":[2],"tags":[],"class_list":["post-10296","post","type-post","status-publish","format-standard","has-post-thumbnail","hentry","category-provinciales"],"a3_pvc":{"activated":false,"total_views":0,"today_views":0},"yoast_head":"<!-- This site is optimized with the Yoast SEO plugin v27.5 - https:\/\/yoast.com\/product\/yoast-seo-wordpress\/ -->\n<title>Pablo Alonso logr\u00f3 la reelecci\u00f3n como presidente de la FECOF - Digital Santo Tom\u00e9<\/title>\n<meta name=\"robots\" content=\"index, follow, max-snippet:-1, max-image-preview:large, max-video-preview:-1\" \/>\n<link rel=\"canonical\" href=\"https:\/\/digitalsantotome.com.ar\/?p=10296\" \/>\n<meta property=\"og:locale\" content=\"es_ES\" \/>\n<meta property=\"og:type\" content=\"article\" \/>\n<meta property=\"og:title\" content=\"Pablo Alonso logr\u00f3 la reelecci\u00f3n como presidente de la FECOF - Digital Santo Tom\u00e9\" \/>\n<meta property=\"og:description\" content=\"CORRIENTES. Pablo Alonso seguir\u00e1 al frente de la Federaci\u00f3n Correntina de F\u00fatbol (Fecof) por un nuevo per\u00edodo de gobierno. Alonso no tuvo rivales en la Asamblea General Ordinaria que se realiz\u00f3 en la sede de la Liga Correntina de F\u00fatbol ante la sorpresiva ausencia de Daniel Dening, presidente de la Liga Goyana de F\u00fatbol que...\" \/>\n<meta property=\"og:url\" content=\"https:\/\/digitalsantotome.com.ar\/?p=10296\" \/>\n<meta property=\"og:site_name\" content=\"Digital Santo Tom\u00e9\" \/>\n<meta property=\"article:published_time\" content=\"2025-03-09T12:26:17+00:00\" \/>\n<meta property=\"article:modified_time\" content=\"2025-03-09T12:26:27+00:00\" \/>\n<meta property=\"og:image\" content=\"https:\/\/digitalsantotome.com.ar\/wp-content\/uploads\/2025\/03\/08-Foto-80-Gentileza-Prensa-Fecof.jpg\" \/>\n\t<meta property=\"og:image:width\" content=\"800\" \/>\n\t<meta property=\"og:image:height\" content=\"536\" \/>\n\t<meta property=\"og:image:type\" content=\"image\/jpeg\" \/>\n<meta name=\"author\" content=\"Jose Carlos Machado\" \/>\n<meta name=\"twitter:card\" content=\"summary_large_image\" \/>\n<meta name=\"twitter:label1\" content=\"Escrito por\" \/>\n\t<meta name=\"twitter:data1\" content=\"Jose Carlos Machado\" \/>\n\t<meta name=\"twitter:label2\" content=\"Tiempo de lectura\" \/>\n\t<meta name=\"twitter:data2\" content=\"3 minutos\" \/>\n<script type=\"application\/ld+json\" class=\"yoast-schema-graph\">{\"@context\":\"https:\\\/\\\/schema.org\",\"@graph\":[{\"@type\":\"Article\",\"@id\":\"https:\\\/\\\/digitalsantotome.com.ar\\\/?p=10296#article\",\"isPartOf\":{\"@id\":\"https:\\\/\\\/digitalsantotome.com.ar\\\/?p=10296\"},\"author\":{\"name\":\"Jose Carlos Machado\",\"@id\":\"https:\\\/\\\/digitalsantotome.com.ar\\\/#\\\/schema\\\/person\\\/8991d8822886fedd92ce7f03817e1bdf\"},\"headline\":\"Pablo Alonso logr\u00f3 la reelecci\u00f3n como presidente de la FECOF\",\"datePublished\":\"2025-03-09T12:26:17+00:00\",\"dateModified\":\"2025-03-09T12:26:27+00:00\",\"mainEntityOfPage\":{\"@id\":\"https:\\\/\\\/digitalsantotome.com.ar\\\/?p=10296\"},\"wordCount\":478,\"publisher\":{\"@id\":\"https:\\\/\\\/digitalsantotome.com.ar\\\/#organization\"},\"image\":{\"@id\":\"https:\\\/\\\/digitalsantotome.com.ar\\\/?p=10296#primaryimage\"},\"thumbnailUrl\":\"https:\\\/\\\/digitalsantotome.com.ar\\\/wp-content\\\/uploads\\\/2025\\\/03\\\/08-Foto-80-Gentileza-Prensa-Fecof.jpg\",\"articleSection\":[\"Provinciales\"],\"inLanguage\":\"es\"},{\"@type\":\"WebPage\",\"@id\":\"https:\\\/\\\/digitalsantotome.com.ar\\\/?p=10296\",\"url\":\"https:\\\/\\\/digitalsantotome.com.ar\\\/?p=10296\",\"name\":\"Pablo Alonso logr\u00f3 la reelecci\u00f3n como presidente de la FECOF - Digital Santo Tom\u00e9\",\"isPartOf\":{\"@id\":\"https:\\\/\\\/digitalsantotome.com.ar\\\/#website\"},\"primaryImageOfPage\":{\"@id\":\"https:\\\/\\\/digitalsantotome.com.ar\\\/?p=10296#primaryimage\"},\"image\":{\"@id\":\"https:\\\/\\\/digitalsantotome.com.ar\\\/?p=10296#primaryimage\"},\"thumbnailUrl\":\"https:\\\/\\\/digitalsantotome.com.ar\\\/wp-content\\\/uploads\\\/2025\\\/03\\\/08-Foto-80-Gentileza-Prensa-Fecof.jpg\",\"datePublished\":\"2025-03-09T12:26:17+00:00\",\"dateModified\":\"2025-03-09T12:26:27+00:00\",\"breadcrumb\":{\"@id\":\"https:\\\/\\\/digitalsantotome.com.ar\\\/?p=10296#breadcrumb\"},\"inLanguage\":\"es\",\"potentialAction\":[{\"@type\":\"ReadAction\",\"target\":[\"https:\\\/\\\/digitalsantotome.com.ar\\\/?p=10296\"]}]},{\"@type\":\"ImageObject\",\"inLanguage\":\"es\",\"@id\":\"https:\\\/\\\/digitalsantotome.com.ar\\\/?p=10296#primaryimage\",\"url\":\"https:\\\/\\\/digitalsantotome.com.ar\\\/wp-content\\\/uploads\\\/2025\\\/03\\\/08-Foto-80-Gentileza-Prensa-Fecof.jpg\",\"contentUrl\":\"https:\\\/\\\/digitalsantotome.com.ar\\\/wp-content\\\/uploads\\\/2025\\\/03\\\/08-Foto-80-Gentileza-Prensa-Fecof.jpg\",\"width\":800,\"height\":536},{\"@type\":\"BreadcrumbList\",\"@id\":\"https:\\\/\\\/digitalsantotome.com.ar\\\/?p=10296#breadcrumb\",\"itemListElement\":[{\"@type\":\"ListItem\",\"position\":1,\"name\":\"Portada\",\"item\":\"https:\\\/\\\/digitalsantotome.com.ar\\\/\"},{\"@type\":\"ListItem\",\"position\":2,\"name\":\"Pablo Alonso logr\u00f3 la reelecci\u00f3n como presidente de la FECOF\"}]},{\"@type\":\"WebSite\",\"@id\":\"https:\\\/\\\/digitalsantotome.com.ar\\\/#website\",\"url\":\"https:\\\/\\\/digitalsantotome.com.ar\\\/\",\"name\":\"Digital Santo Tom\u00e9\",\"description\":\"Noticias desde Santo Tom\u00e9 al Mundo \u2013 La informacion que decide\",\"publisher\":{\"@id\":\"https:\\\/\\\/digitalsantotome.com.ar\\\/#organization\"},\"potentialAction\":[{\"@type\":\"SearchAction\",\"target\":{\"@type\":\"EntryPoint\",\"urlTemplate\":\"https:\\\/\\\/digitalsantotome.com.ar\\\/?s={search_term_string}\"},\"query-input\":{\"@type\":\"PropertyValueSpecification\",\"valueRequired\":true,\"valueName\":\"search_term_string\"}}],\"inLanguage\":\"es\"},{\"@type\":\"Organization\",\"@id\":\"https:\\\/\\\/digitalsantotome.com.ar\\\/#organization\",\"name\":\"Digital Santo Tom\u00e9\",\"url\":\"https:\\\/\\\/digitalsantotome.com.ar\\\/\",\"logo\":{\"@type\":\"ImageObject\",\"inLanguage\":\"es\",\"@id\":\"https:\\\/\\\/digitalsantotome.com.ar\\\/#\\\/schema\\\/logo\\\/image\\\/\",\"url\":\"https:\\\/\\\/digitalsantotome.com.ar\\\/wp-content\\\/uploads\\\/2023\\\/01\\\/facebook.jpg\",\"contentUrl\":\"https:\\\/\\\/digitalsantotome.com.ar\\\/wp-content\\\/uploads\\\/2023\\\/01\\\/facebook.jpg\",\"width\":512,\"height\":376,\"caption\":\"Digital Santo Tom\u00e9\"},\"image\":{\"@id\":\"https:\\\/\\\/digitalsantotome.com.ar\\\/#\\\/schema\\\/logo\\\/image\\\/\"}},{\"@type\":\"Person\",\"@id\":\"https:\\\/\\\/digitalsantotome.com.ar\\\/#\\\/schema\\\/person\\\/8991d8822886fedd92ce7f03817e1bdf\",\"name\":\"Jose Carlos Machado\",\"url\":\"https:\\\/\\\/digitalsantotome.com.ar\\\/?author=2\"}]}<\/script>\n<!-- \/ Yoast SEO plugin. -->","yoast_head_json":{"title":"Pablo Alonso logr\u00f3 la reelecci\u00f3n como presidente de la FECOF - Digital Santo Tom\u00e9","robots":{"index":"index","follow":"follow","max-snippet":"max-snippet:-1","max-image-preview":"max-image-preview:large","max-video-preview":"max-video-preview:-1"},"canonical":"https:\/\/digitalsantotome.com.ar\/?p=10296","og_locale":"es_ES","og_type":"article","og_title":"Pablo Alonso logr\u00f3 la reelecci\u00f3n como presidente de la FECOF - Digital Santo Tom\u00e9","og_description":"CORRIENTES. Pablo Alonso seguir\u00e1 al frente de la Federaci\u00f3n Correntina de F\u00fatbol (Fecof) por un nuevo per\u00edodo de gobierno. Alonso no tuvo rivales en la Asamblea General Ordinaria que se realiz\u00f3 en la sede de la Liga Correntina de F\u00fatbol ante la sorpresiva ausencia de Daniel Dening, presidente de la Liga Goyana de F\u00fatbol que...","og_url":"https:\/\/digitalsantotome.com.ar\/?p=10296","og_site_name":"Digital Santo Tom\u00e9","article_published_time":"2025-03-09T12:26:17+00:00","article_modified_time":"2025-03-09T12:26:27+00:00","og_image":[{"width":800,"height":536,"url":"https:\/\/digitalsantotome.com.ar\/wp-content\/uploads\/2025\/03\/08-Foto-80-Gentileza-Prensa-Fecof.jpg","type":"image\/jpeg"}],"author":"Jose Carlos Machado","twitter_card":"summary_large_image","twitter_misc":{"Escrito por":"Jose Carlos Machado","Tiempo de lectura":"3 minutos"},"schema":{"@context":"https:\/\/schema.org","@graph":[{"@type":"Article","@id":"https:\/\/digitalsantotome.com.ar\/?p=10296#article","isPartOf":{"@id":"https:\/\/digitalsantotome.com.ar\/?p=10296"},"author":{"name":"Jose Carlos Machado","@id":"https:\/\/digitalsantotome.com.ar\/#\/schema\/person\/8991d8822886fedd92ce7f03817e1bdf"},"headline":"Pablo Alonso logr\u00f3 la reelecci\u00f3n como presidente de la FECOF","datePublished":"2025-03-09T12:26:17+00:00","dateModified":"2025-03-09T12:26:27+00:00","mainEntityOfPage":{"@id":"https:\/\/digitalsantotome.com.ar\/?p=10296"},"wordCount":478,"publisher":{"@id":"https:\/\/digitalsantotome.com.ar\/#organization"},"image":{"@id":"https:\/\/digitalsantotome.com.ar\/?p=10296#primaryimage"},"thumbnailUrl":"https:\/\/digitalsantotome.com.ar\/wp-content\/uploads\/2025\/03\/08-Foto-80-Gentileza-Prensa-Fecof.jpg","articleSection":["Provinciales"],"inLanguage":"es"},{"@type":"WebPage","@id":"https:\/\/digitalsantotome.com.ar\/?p=10296","url":"https:\/\/digitalsantotome.com.ar\/?p=10296","name":"Pablo Alonso logr\u00f3 la reelecci\u00f3n como presidente de la FECOF - Digital Santo Tom\u00e9","isPartOf":{"@id":"https:\/\/digitalsantotome.com.ar\/#website"},"primaryImageOfPage":{"@id":"https:\/\/digitalsantotome.com.ar\/?p=10296#primaryimage"},"image":{"@id":"https:\/\/digitalsantotome.com.ar\/?p=10296#primaryimage"},"thumbnailUrl":"https:\/\/digitalsantotome.com.ar\/wp-content\/uploads\/2025\/03\/08-Foto-80-Gentileza-Prensa-Fecof.jpg","datePublished":"2025-03-09T12:26:17+00:00","dateModified":"2025-03-09T12:26:27+00:00","breadcrumb":{"@id":"https:\/\/digitalsantotome.com.ar\/?p=10296#breadcrumb"},"inLanguage":"es","potentialAction":[{"@type":"ReadAction","target":["https:\/\/digitalsantotome.com.ar\/?p=10296"]}]},{"@type":"ImageObject","inLanguage":"es","@id":"https:\/\/digitalsantotome.com.ar\/?p=10296#primaryimage","url":"https:\/\/digitalsantotome.com.ar\/wp-content\/uploads\/2025\/03\/08-Foto-80-Gentileza-Prensa-Fecof.jpg","contentUrl":"https:\/\/digitalsantotome.com.ar\/wp-content\/uploads\/2025\/03\/08-Foto-80-Gentileza-Prensa-Fecof.jpg","width":800,"height":536},{"@type":"BreadcrumbList","@id":"https:\/\/digitalsantotome.com.ar\/?p=10296#breadcrumb","itemListElement":[{"@type":"ListItem","position":1,"name":"Portada","item":"https:\/\/digitalsantotome.com.ar\/"},{"@type":"ListItem","position":2,"name":"Pablo Alonso logr\u00f3 la reelecci\u00f3n como presidente de la FECOF"}]},{"@type":"WebSite","@id":"https:\/\/digitalsantotome.com.ar\/#website","url":"https:\/\/digitalsantotome.com.ar\/","name":"Digital Santo Tom\u00e9","description":"Noticias desde Santo Tom\u00e9 al Mundo \u2013 La informacion que decide","publisher":{"@id":"https:\/\/digitalsantotome.com.ar\/#organization"},"potentialAction":[{"@type":"SearchAction","target":{"@type":"EntryPoint","urlTemplate":"https:\/\/digitalsantotome.com.ar\/?s={search_term_string}"},"query-input":{"@type":"PropertyValueSpecification","valueRequired":true,"valueName":"search_term_string"}}],"inLanguage":"es"},{"@type":"Organization","@id":"https:\/\/digitalsantotome.com.ar\/#organization","name":"Digital Santo Tom\u00e9","url":"https:\/\/digitalsantotome.com.ar\/","logo":{"@type":"ImageObject","inLanguage":"es","@id":"https:\/\/digitalsantotome.com.ar\/#\/schema\/logo\/image\/","url":"https:\/\/digitalsantotome.com.ar\/wp-content\/uploads\/2023\/01\/facebook.jpg","contentUrl":"https:\/\/digitalsantotome.com.ar\/wp-content\/uploads\/2023\/01\/facebook.jpg","width":512,"height":376,"caption":"Digital Santo Tom\u00e9"},"image":{"@id":"https:\/\/digitalsantotome.com.ar\/#\/schema\/logo\/image\/"}},{"@type":"Person","@id":"https:\/\/digitalsantotome.com.ar\/#\/schema\/person\/8991d8822886fedd92ce7f03817e1bdf","name":"Jose Carlos Machado","url":"https:\/\/digitalsantotome.com.ar\/?author=2"}]}},"_links":{"self":[{"href":"https:\/\/digitalsantotome.com.ar\/index.php?rest_route=\/wp\/v2\/posts\/10296","targetHints":{"allow":["GET"]}}],"collection":[{"href":"https:\/\/digitalsantotome.com.ar\/index.php?rest_route=\/wp\/v2\/posts"}],"about":[{"href":"https:\/\/digitalsantotome.com.ar\/index.php?rest_route=\/wp\/v2\/types\/post"}],"author":[{"embeddable":true,"href":"https:\/\/digitalsantotome.com.ar\/index.php?rest_route=\/wp\/v2\/users\/2"}],"replies":[{"embeddable":true,"href":"https:\/\/digitalsantotome.com.ar\/index.php?rest_route=%2Fwp%2Fv2%2Fcomments&post=10296"}],"version-history":[{"count":1,"href":"https:\/\/digitalsantotome.com.ar\/index.php?rest_route=\/wp\/v2\/posts\/10296\/revisions"}],"predecessor-version":[{"id":10298,"href":"https:\/\/digitalsantotome.com.ar\/index.php?rest_route=\/wp\/v2\/posts\/10296\/revisions\/10298"}],"wp:featuredmedia":[{"embeddable":true,"href":"https:\/\/digitalsantotome.com.ar\/index.php?rest_route=\/wp\/v2\/media\/10297"}],"wp:attachment":[{"href":"https:\/\/digitalsantotome.com.ar\/index.php?rest_route=%2Fwp%2Fv2%2Fmedia&parent=10296"}],"wp:term":[{"taxonomy":"category","embeddable":true,"href":"https:\/\/digitalsantotome.com.ar\/index.php?rest_route=%2Fwp%2Fv2%2Fcategories&post=10296"},{"taxonomy":"post_tag","embeddable":true,"href":"https:\/\/digitalsantotome.com.ar\/index.php?rest_route=%2Fwp%2Fv2%2Ftags&post=10296"}],"curies":[{"name":"wp","href":"https:\/\/api.w.org\/{rel}","templated":true}]}}