{"id":10322,"date":"2025-03-12T16:28:44","date_gmt":"2025-03-12T19:28:44","guid":{"rendered":"https:\/\/digitalsantotome.com.ar\/?p=10322"},"modified":"2025-03-13T07:57:43","modified_gmt":"2025-03-13T10:57:43","slug":"anticipo-confirmado-asociacion-de-jurados-desestimaron-nota-de-la-bateria-de-turma-do-fon-fon","status":"publish","type":"post","link":"https:\/\/digitalsantotome.com.ar\/?p=10322","title":{"rendered":"Anticipo Confirmado: Asociaci\u00f3n de Jurados desestim\u00f3 nota de la Bater\u00eda de Turma do Fon Fon"},"content":{"rendered":"<p>SANTO TOME. A modo de anticipo, este portal accedi\u00f3 en exclusiva a la informaci\u00f3n que daba cuenta que desde la Asociaci\u00f3n de Jurados de Carnaval de Paso de los Libres que fallaron en las tres noches de corsos en esta ciudad, comunicaron a la Comisi\u00f3n Central del Carnaval de Santo Tom\u00e9 la determinaci\u00f3n que adoptaron ante una nota presentada la semana pasada por integrantes de la Bater\u00eda de Turma do Fon Fon, m\u00e1s concretamente por su manager Mart\u00edn Pinarello. De esta manera se baja el tel\u00f3n de manera definitiva a la edici\u00f3n 2025 del carnaval santotome\u00f1o.<\/p>\n<p>En l\u00edneas generales, la informaci\u00f3n da cuenta que se decidi\u00f3 rechazar en todos sus t\u00e9rminos la nota en cuesti\u00f3n donde se solicitaba una aclaraci\u00f3n sobre el fallo de uno de los jurados que actu\u00f3 en la primera noche y que a criterio de integrantes de la Bater\u00eda de Fon Fon dej\u00f3 una serie de dudas. La contestaci\u00f3n recibida este mi\u00e9rcoles, de alguna manera pone fin a una controversia que se hab\u00eda desatado en torno a quien era la ganadora en ese rubro. As\u00ed las cosas, se confirma que Comparsa Ipanema es la ganadora del rubro Bater\u00eda en el carnaval de Santo Tom\u00e9.<\/p>\n<p>En horas del mediod\u00eda de este mi\u00e9rcoles, integrantes de la Comisi\u00f3n Central del Carnaval se reunieron en la Casa de la Cultura y del Bicentenario para abordar la cuesti\u00f3n inherente a la nota recibida desde la Asociaci\u00f3n de Jurados de Paso de los Libres donde pone blanco sobre negro\u00a0 y da por concluida una vez m\u00e1s la controversia suscitada a ra\u00edz de la nota que fuera presentada por el manager de Turma do Fon Fon, Mart\u00edn Pinarello ante la Comisi\u00f3n Central del Carnaval y esta a su vez elev\u00f3 la misma a la asociaci\u00f3n de jurados para que den a conocer su parecer ante la queja presentada.<\/p>\n<p>La nota recibida desde Paso de los Libres, le fue entregada a Mart\u00edn Pinarello y se acord\u00f3 que la entrega de premios del Carnaval 2025, se realizar\u00e1 el s\u00e1bado a las 21 hs en el Casino de esta ciudad.<\/p>\n<p><a href=\"https:\/\/digitalsantotome.com.ar\/wp-content\/uploads\/2025\/03\/DOC-20250312-WA0077.2.pdf\">DOC-20250312-WA0077.(2)<\/a><\/p>\n<p><strong>NOTA RECIBIDA DESDE LA ASOCIACION DE JURADOS<\/strong><\/p>\n<p>Paso de los Libres, 11 de marzo de 2025<\/p>\n<p>Comisi\u00f3n Central de Carnaval Santo Tom\u00e9<\/p>\n<p>De nuestra mayor consideraci\u00f3n:<\/p>\n<p>Nos dirigimos a ustedes, ante el traslado del requerimiento de aclaraci\u00f3n presentada por un integrante de la bater\u00eda de una de las comparsas participante del carnaval 2025.<\/p>\n<p>En primer lugar, no reconocemos entidad a esa persona para realizar ning\u00fan requerimiento a esta asociaci\u00f3n. Por otra parte, dicha solicitud es extempor\u00e1nea ya que se realiza despu\u00e9s de cerrado el escrutinio y finalizado nuestro v\u00ednculo con los contratantes.<\/p>\n<p>Respecto del video que se incluye el enlace en la nota, manifestamos que se tratar\u00eda del registro de una conversaci\u00f3n privada del Se\u00f1or Jes\u00fas Ruibo, por lo que no podemos opinar sobre su contenido. Adem\u00e1s, aclaramos que el Sr. en cuesti\u00f3n es integrante de nuestra asociaci\u00f3n y su trabajo profesional goza de nuestra entera confianza.<\/p>\n<p>Finalmente aprovechamos la ocasi\u00f3n para aclarar que esta asociaci\u00f3n y sus miembros se encuentran a disposici\u00f3n para hacer aclaraciones o responder consultas relacionadas a su actuaci\u00f3n y competencia, hasta el momento del cierre del escrutinio.<\/p>\n<p>Sin m\u00e1s y reiterando nuestra mayor consideraci\u00f3n, nos despedimos de ustedes esperando que quede saldada la situaci\u00f3n, en beneficio del carnaval Santotome\u00f1o.<\/p>\n<p>Lic. Alejandra Colunga Mgtr.<\/p>\n<p>Fabi\u00e1n Leguiza Coordinadores de ALiJuCa<\/p>\n","protected":false},"excerpt":{"rendered":"<p>SANTO TOME. A modo de anticipo, este portal accedi\u00f3 en exclusiva a la informaci\u00f3n que daba cuenta que desde la Asociaci\u00f3n de Jurados de Carnaval de Paso de los Libres que fallaron en las tres noches de corsos en esta ciudad, comunicaron a la Comisi\u00f3n Central del Carnaval de Santo Tom\u00e9 la determinaci\u00f3n que adoptaron&#8230;<\/p>\n","protected":false},"author":2,"featured_media":10323,"comment_status":"closed","ping_status":"closed","sticky":false,"template":"","format":"standard","meta":{"_kad_post_transparent":"default","_kad_post_title":"default","_kad_post_layout":"default","_kad_post_sidebar_id":"","_kad_post_content_style":"default","_kad_post_vertical_padding":"default","_kad_post_feature":"","_kad_post_feature_position":"","_kad_post_header":false,"_kad_post_footer":false,"_kad_post_classname":"","footnotes":""},"categories":[1,3],"tags":[],"class_list":["post-10322","post","type-post","status-publish","format-standard","has-post-thumbnail","hentry","category-locales","category-noticias-breves"],"a3_pvc":{"activated":false,"total_views":0,"today_views":0},"yoast_head":"<!-- This site is optimized with the Yoast SEO plugin v27.5 - https:\/\/yoast.com\/product\/yoast-seo-wordpress\/ -->\n<title>Anticipo Confirmado: Asociaci\u00f3n de Jurados desestim\u00f3 nota de la Bater\u00eda de Turma do Fon Fon - Digital Santo Tom\u00e9<\/title>\n<meta name=\"robots\" content=\"index, follow, max-snippet:-1, max-image-preview:large, max-video-preview:-1\" \/>\n<link rel=\"canonical\" href=\"https:\/\/digitalsantotome.com.ar\/?p=10322\" \/>\n<meta property=\"og:locale\" content=\"es_ES\" \/>\n<meta property=\"og:type\" content=\"article\" \/>\n<meta property=\"og:title\" content=\"Anticipo Confirmado: Asociaci\u00f3n de Jurados desestim\u00f3 nota de la Bater\u00eda de Turma do Fon Fon - Digital Santo Tom\u00e9\" \/>\n<meta property=\"og:description\" content=\"SANTO TOME. A modo de anticipo, este portal accedi\u00f3 en exclusiva a la informaci\u00f3n que daba cuenta que desde la Asociaci\u00f3n de Jurados de Carnaval de Paso de los Libres que fallaron en las tres noches de corsos en esta ciudad, comunicaron a la Comisi\u00f3n Central del Carnaval de Santo Tom\u00e9 la determinaci\u00f3n que adoptaron...\" \/>\n<meta property=\"og:url\" content=\"https:\/\/digitalsantotome.com.ar\/?p=10322\" \/>\n<meta property=\"og:site_name\" content=\"Digital Santo Tom\u00e9\" \/>\n<meta property=\"article:published_time\" content=\"2025-03-12T19:28:44+00:00\" \/>\n<meta property=\"article:modified_time\" content=\"2025-03-13T10:57:43+00:00\" \/>\n<meta property=\"og:image\" content=\"https:\/\/digitalsantotome.com.ar\/wp-content\/uploads\/2025\/03\/martin-1.jpg\" \/>\n\t<meta property=\"og:image:width\" content=\"800\" \/>\n\t<meta property=\"og:image:height\" content=\"532\" \/>\n\t<meta property=\"og:image:type\" content=\"image\/jpeg\" \/>\n<meta name=\"author\" content=\"Jose Carlos Machado\" \/>\n<meta name=\"twitter:card\" content=\"summary_large_image\" \/>\n<meta name=\"twitter:label1\" content=\"Escrito por\" \/>\n\t<meta name=\"twitter:data1\" content=\"Jose Carlos Machado\" \/>\n\t<meta name=\"twitter:label2\" content=\"Tiempo de lectura\" \/>\n\t<meta name=\"twitter:data2\" content=\"3 minutos\" \/>\n<script type=\"application\/ld+json\" class=\"yoast-schema-graph\">{\"@context\":\"https:\\\/\\\/schema.org\",\"@graph\":[{\"@type\":\"Article\",\"@id\":\"https:\\\/\\\/digitalsantotome.com.ar\\\/?p=10322#article\",\"isPartOf\":{\"@id\":\"https:\\\/\\\/digitalsantotome.com.ar\\\/?p=10322\"},\"author\":{\"name\":\"Jose Carlos Machado\",\"@id\":\"https:\\\/\\\/digitalsantotome.com.ar\\\/#\\\/schema\\\/person\\\/8991d8822886fedd92ce7f03817e1bdf\"},\"headline\":\"Anticipo Confirmado: Asociaci\u00f3n de Jurados desestim\u00f3 nota de la Bater\u00eda de Turma do Fon Fon\",\"datePublished\":\"2025-03-12T19:28:44+00:00\",\"dateModified\":\"2025-03-13T10:57:43+00:00\",\"mainEntityOfPage\":{\"@id\":\"https:\\\/\\\/digitalsantotome.com.ar\\\/?p=10322\"},\"wordCount\":627,\"publisher\":{\"@id\":\"https:\\\/\\\/digitalsantotome.com.ar\\\/#organization\"},\"image\":{\"@id\":\"https:\\\/\\\/digitalsantotome.com.ar\\\/?p=10322#primaryimage\"},\"thumbnailUrl\":\"https:\\\/\\\/digitalsantotome.com.ar\\\/wp-content\\\/uploads\\\/2025\\\/03\\\/martin-1.jpg\",\"articleSection\":[\"Locales\",\"Noticias breves\"],\"inLanguage\":\"es\"},{\"@type\":\"WebPage\",\"@id\":\"https:\\\/\\\/digitalsantotome.com.ar\\\/?p=10322\",\"url\":\"https:\\\/\\\/digitalsantotome.com.ar\\\/?p=10322\",\"name\":\"Anticipo Confirmado: Asociaci\u00f3n de Jurados desestim\u00f3 nota de la Bater\u00eda de Turma do Fon Fon - Digital Santo Tom\u00e9\",\"isPartOf\":{\"@id\":\"https:\\\/\\\/digitalsantotome.com.ar\\\/#website\"},\"primaryImageOfPage\":{\"@id\":\"https:\\\/\\\/digitalsantotome.com.ar\\\/?p=10322#primaryimage\"},\"image\":{\"@id\":\"https:\\\/\\\/digitalsantotome.com.ar\\\/?p=10322#primaryimage\"},\"thumbnailUrl\":\"https:\\\/\\\/digitalsantotome.com.ar\\\/wp-content\\\/uploads\\\/2025\\\/03\\\/martin-1.jpg\",\"datePublished\":\"2025-03-12T19:28:44+00:00\",\"dateModified\":\"2025-03-13T10:57:43+00:00\",\"breadcrumb\":{\"@id\":\"https:\\\/\\\/digitalsantotome.com.ar\\\/?p=10322#breadcrumb\"},\"inLanguage\":\"es\",\"potentialAction\":[{\"@type\":\"ReadAction\",\"target\":[\"https:\\\/\\\/digitalsantotome.com.ar\\\/?p=10322\"]}]},{\"@type\":\"ImageObject\",\"inLanguage\":\"es\",\"@id\":\"https:\\\/\\\/digitalsantotome.com.ar\\\/?p=10322#primaryimage\",\"url\":\"https:\\\/\\\/digitalsantotome.com.ar\\\/wp-content\\\/uploads\\\/2025\\\/03\\\/martin-1.jpg\",\"contentUrl\":\"https:\\\/\\\/digitalsantotome.com.ar\\\/wp-content\\\/uploads\\\/2025\\\/03\\\/martin-1.jpg\",\"width\":800,\"height\":532,\"caption\":\"????????????????????????????????????\"},{\"@type\":\"BreadcrumbList\",\"@id\":\"https:\\\/\\\/digitalsantotome.com.ar\\\/?p=10322#breadcrumb\",\"itemListElement\":[{\"@type\":\"ListItem\",\"position\":1,\"name\":\"Portada\",\"item\":\"https:\\\/\\\/digitalsantotome.com.ar\\\/\"},{\"@type\":\"ListItem\",\"position\":2,\"name\":\"Anticipo Confirmado: Asociaci\u00f3n de Jurados desestim\u00f3 nota de la Bater\u00eda de Turma do Fon Fon\"}]},{\"@type\":\"WebSite\",\"@id\":\"https:\\\/\\\/digitalsantotome.com.ar\\\/#website\",\"url\":\"https:\\\/\\\/digitalsantotome.com.ar\\\/\",\"name\":\"Digital Santo Tom\u00e9\",\"description\":\"Noticias desde Santo Tom\u00e9 al Mundo \u2013 La informacion que decide\",\"publisher\":{\"@id\":\"https:\\\/\\\/digitalsantotome.com.ar\\\/#organization\"},\"potentialAction\":[{\"@type\":\"SearchAction\",\"target\":{\"@type\":\"EntryPoint\",\"urlTemplate\":\"https:\\\/\\\/digitalsantotome.com.ar\\\/?s={search_term_string}\"},\"query-input\":{\"@type\":\"PropertyValueSpecification\",\"valueRequired\":true,\"valueName\":\"search_term_string\"}}],\"inLanguage\":\"es\"},{\"@type\":\"Organization\",\"@id\":\"https:\\\/\\\/digitalsantotome.com.ar\\\/#organization\",\"name\":\"Digital Santo Tom\u00e9\",\"url\":\"https:\\\/\\\/digitalsantotome.com.ar\\\/\",\"logo\":{\"@type\":\"ImageObject\",\"inLanguage\":\"es\",\"@id\":\"https:\\\/\\\/digitalsantotome.com.ar\\\/#\\\/schema\\\/logo\\\/image\\\/\",\"url\":\"https:\\\/\\\/digitalsantotome.com.ar\\\/wp-content\\\/uploads\\\/2023\\\/01\\\/facebook.jpg\",\"contentUrl\":\"https:\\\/\\\/digitalsantotome.com.ar\\\/wp-content\\\/uploads\\\/2023\\\/01\\\/facebook.jpg\",\"width\":512,\"height\":376,\"caption\":\"Digital Santo Tom\u00e9\"},\"image\":{\"@id\":\"https:\\\/\\\/digitalsantotome.com.ar\\\/#\\\/schema\\\/logo\\\/image\\\/\"}},{\"@type\":\"Person\",\"@id\":\"https:\\\/\\\/digitalsantotome.com.ar\\\/#\\\/schema\\\/person\\\/8991d8822886fedd92ce7f03817e1bdf\",\"name\":\"Jose Carlos Machado\",\"url\":\"https:\\\/\\\/digitalsantotome.com.ar\\\/?author=2\"}]}<\/script>\n<!-- \/ Yoast SEO plugin. -->","yoast_head_json":{"title":"Anticipo Confirmado: Asociaci\u00f3n de Jurados desestim\u00f3 nota de la Bater\u00eda de Turma do Fon Fon - Digital Santo Tom\u00e9","robots":{"index":"index","follow":"follow","max-snippet":"max-snippet:-1","max-image-preview":"max-image-preview:large","max-video-preview":"max-video-preview:-1"},"canonical":"https:\/\/digitalsantotome.com.ar\/?p=10322","og_locale":"es_ES","og_type":"article","og_title":"Anticipo Confirmado: Asociaci\u00f3n de Jurados desestim\u00f3 nota de la Bater\u00eda de Turma do Fon Fon - Digital Santo Tom\u00e9","og_description":"SANTO TOME. A modo de anticipo, este portal accedi\u00f3 en exclusiva a la informaci\u00f3n que daba cuenta que desde la Asociaci\u00f3n de Jurados de Carnaval de Paso de los Libres que fallaron en las tres noches de corsos en esta ciudad, comunicaron a la Comisi\u00f3n Central del Carnaval de Santo Tom\u00e9 la determinaci\u00f3n que adoptaron...","og_url":"https:\/\/digitalsantotome.com.ar\/?p=10322","og_site_name":"Digital Santo Tom\u00e9","article_published_time":"2025-03-12T19:28:44+00:00","article_modified_time":"2025-03-13T10:57:43+00:00","og_image":[{"width":800,"height":532,"url":"https:\/\/digitalsantotome.com.ar\/wp-content\/uploads\/2025\/03\/martin-1.jpg","type":"image\/jpeg"}],"author":"Jose Carlos Machado","twitter_card":"summary_large_image","twitter_misc":{"Escrito por":"Jose Carlos Machado","Tiempo de lectura":"3 minutos"},"schema":{"@context":"https:\/\/schema.org","@graph":[{"@type":"Article","@id":"https:\/\/digitalsantotome.com.ar\/?p=10322#article","isPartOf":{"@id":"https:\/\/digitalsantotome.com.ar\/?p=10322"},"author":{"name":"Jose Carlos Machado","@id":"https:\/\/digitalsantotome.com.ar\/#\/schema\/person\/8991d8822886fedd92ce7f03817e1bdf"},"headline":"Anticipo Confirmado: Asociaci\u00f3n de Jurados desestim\u00f3 nota de la Bater\u00eda de Turma do Fon Fon","datePublished":"2025-03-12T19:28:44+00:00","dateModified":"2025-03-13T10:57:43+00:00","mainEntityOfPage":{"@id":"https:\/\/digitalsantotome.com.ar\/?p=10322"},"wordCount":627,"publisher":{"@id":"https:\/\/digitalsantotome.com.ar\/#organization"},"image":{"@id":"https:\/\/digitalsantotome.com.ar\/?p=10322#primaryimage"},"thumbnailUrl":"https:\/\/digitalsantotome.com.ar\/wp-content\/uploads\/2025\/03\/martin-1.jpg","articleSection":["Locales","Noticias breves"],"inLanguage":"es"},{"@type":"WebPage","@id":"https:\/\/digitalsantotome.com.ar\/?p=10322","url":"https:\/\/digitalsantotome.com.ar\/?p=10322","name":"Anticipo Confirmado: Asociaci\u00f3n de Jurados desestim\u00f3 nota de la Bater\u00eda de Turma do Fon Fon - Digital Santo Tom\u00e9","isPartOf":{"@id":"https:\/\/digitalsantotome.com.ar\/#website"},"primaryImageOfPage":{"@id":"https:\/\/digitalsantotome.com.ar\/?p=10322#primaryimage"},"image":{"@id":"https:\/\/digitalsantotome.com.ar\/?p=10322#primaryimage"},"thumbnailUrl":"https:\/\/digitalsantotome.com.ar\/wp-content\/uploads\/2025\/03\/martin-1.jpg","datePublished":"2025-03-12T19:28:44+00:00","dateModified":"2025-03-13T10:57:43+00:00","breadcrumb":{"@id":"https:\/\/digitalsantotome.com.ar\/?p=10322#breadcrumb"},"inLanguage":"es","potentialAction":[{"@type":"ReadAction","target":["https:\/\/digitalsantotome.com.ar\/?p=10322"]}]},{"@type":"ImageObject","inLanguage":"es","@id":"https:\/\/digitalsantotome.com.ar\/?p=10322#primaryimage","url":"https:\/\/digitalsantotome.com.ar\/wp-content\/uploads\/2025\/03\/martin-1.jpg","contentUrl":"https:\/\/digitalsantotome.com.ar\/wp-content\/uploads\/2025\/03\/martin-1.jpg","width":800,"height":532,"caption":"????????????????????????????????????"},{"@type":"BreadcrumbList","@id":"https:\/\/digitalsantotome.com.ar\/?p=10322#breadcrumb","itemListElement":[{"@type":"ListItem","position":1,"name":"Portada","item":"https:\/\/digitalsantotome.com.ar\/"},{"@type":"ListItem","position":2,"name":"Anticipo Confirmado: Asociaci\u00f3n de Jurados desestim\u00f3 nota de la Bater\u00eda de Turma do Fon Fon"}]},{"@type":"WebSite","@id":"https:\/\/digitalsantotome.com.ar\/#website","url":"https:\/\/digitalsantotome.com.ar\/","name":"Digital Santo Tom\u00e9","description":"Noticias desde Santo Tom\u00e9 al Mundo \u2013 La informacion que decide","publisher":{"@id":"https:\/\/digitalsantotome.com.ar\/#organization"},"potentialAction":[{"@type":"SearchAction","target":{"@type":"EntryPoint","urlTemplate":"https:\/\/digitalsantotome.com.ar\/?s={search_term_string}"},"query-input":{"@type":"PropertyValueSpecification","valueRequired":true,"valueName":"search_term_string"}}],"inLanguage":"es"},{"@type":"Organization","@id":"https:\/\/digitalsantotome.com.ar\/#organization","name":"Digital Santo Tom\u00e9","url":"https:\/\/digitalsantotome.com.ar\/","logo":{"@type":"ImageObject","inLanguage":"es","@id":"https:\/\/digitalsantotome.com.ar\/#\/schema\/logo\/image\/","url":"https:\/\/digitalsantotome.com.ar\/wp-content\/uploads\/2023\/01\/facebook.jpg","contentUrl":"https:\/\/digitalsantotome.com.ar\/wp-content\/uploads\/2023\/01\/facebook.jpg","width":512,"height":376,"caption":"Digital Santo Tom\u00e9"},"image":{"@id":"https:\/\/digitalsantotome.com.ar\/#\/schema\/logo\/image\/"}},{"@type":"Person","@id":"https:\/\/digitalsantotome.com.ar\/#\/schema\/person\/8991d8822886fedd92ce7f03817e1bdf","name":"Jose Carlos Machado","url":"https:\/\/digitalsantotome.com.ar\/?author=2"}]}},"_links":{"self":[{"href":"https:\/\/digitalsantotome.com.ar\/index.php?rest_route=\/wp\/v2\/posts\/10322","targetHints":{"allow":["GET"]}}],"collection":[{"href":"https:\/\/digitalsantotome.com.ar\/index.php?rest_route=\/wp\/v2\/posts"}],"about":[{"href":"https:\/\/digitalsantotome.com.ar\/index.php?rest_route=\/wp\/v2\/types\/post"}],"author":[{"embeddable":true,"href":"https:\/\/digitalsantotome.com.ar\/index.php?rest_route=\/wp\/v2\/users\/2"}],"replies":[{"embeddable":true,"href":"https:\/\/digitalsantotome.com.ar\/index.php?rest_route=%2Fwp%2Fv2%2Fcomments&post=10322"}],"version-history":[{"count":4,"href":"https:\/\/digitalsantotome.com.ar\/index.php?rest_route=\/wp\/v2\/posts\/10322\/revisions"}],"predecessor-version":[{"id":10328,"href":"https:\/\/digitalsantotome.com.ar\/index.php?rest_route=\/wp\/v2\/posts\/10322\/revisions\/10328"}],"wp:featuredmedia":[{"embeddable":true,"href":"https:\/\/digitalsantotome.com.ar\/index.php?rest_route=\/wp\/v2\/media\/10323"}],"wp:attachment":[{"href":"https:\/\/digitalsantotome.com.ar\/index.php?rest_route=%2Fwp%2Fv2%2Fmedia&parent=10322"}],"wp:term":[{"taxonomy":"category","embeddable":true,"href":"https:\/\/digitalsantotome.com.ar\/index.php?rest_route=%2Fwp%2Fv2%2Fcategories&post=10322"},{"taxonomy":"post_tag","embeddable":true,"href":"https:\/\/digitalsantotome.com.ar\/index.php?rest_route=%2Fwp%2Fv2%2Ftags&post=10322"}],"curies":[{"name":"wp","href":"https:\/\/api.w.org\/{rel}","templated":true}]}}