{"id":10399,"date":"2025-03-18T08:13:06","date_gmt":"2025-03-18T11:13:06","guid":{"rendered":"https:\/\/digitalsantotome.com.ar\/?p=10399"},"modified":"2025-03-20T07:53:47","modified_gmt":"2025-03-20T10:53:47","slug":"la-libertad-avanza-ya-tiene-su-candidato-a-intendente-y-a-concejales","status":"publish","type":"post","link":"https:\/\/digitalsantotome.com.ar\/?p=10399","title":{"rendered":"La Libertad Avanza perfila a sus candidatos en Santo Tom\u00e9"},"content":{"rendered":"<p>SANTO TOME. German Zapata, el candidato a intendente por La Libertad Avanza en Santo Tom\u00e9, junto a los candidatos a concejales <strong>Mat\u00edas Carmag\u00f1ola, y Silvana Villanueva<\/strong> dieron a conocer cu\u00e1l es el panorama de cara a la campa\u00f1a electoral que se avecina y entre otras cosas afirmaron que ya no existe m\u00e1s radicalismo ni peronismo sino que son lo mismo y que urge cambiar esa realidad de que los que gobiernan siempre son los mismos porque \u201cno quieren soltar la teta del Estado\u201d, aseguraron, a la vez que agregaron que <strong>\u201cel intendente, los concejales, y los funcionarios son empleados de los ciudadanos\u2026 pero han invertido eso y es como que hoy el pueblo est\u00e1 al servicio de ellos\u201d,<\/strong> advirtieron. Lo hicieron en el marco de la visita que el fin de semana \u00faltimo realiz\u00f3 a esta ciudad el diputado nacional Lisandro Almir\u00f3n. <strong>Pondr\u00e1n al Concejo Deliberante \u201cbajo la lupa\u201d.<\/strong><\/p>\n<p>Luego de haber sido elegido para representar el espacio pol\u00edtico de Javier Milei como candidato a intendente, el Ing. Germ\u00e1n Zapata, expres\u00f3 que <strong>\u201cestamos muy contentos de participar pol\u00edticamente en La Libertad Avanza, ni remotamente esperaba yo a los 56 a\u00f1os estar participando en un espacio pol\u00edtico como candidato a un cargo para tratar de mejorar Santo Tom\u00e9, para explorar, para descubrir este Santo Tom\u00e9, y para tratar de dejarle una vida mejor a toda la gente, estoy feliz, muy feliz\u201d,<\/strong> manifest\u00f3 inicialmente.<\/p>\n<p>Consultado qu\u00e9 lo llev\u00f3 a participar en pol\u00edtica, sostuvo: <strong>\u201cNosotros estamos hartos de la casta pol\u00edtica, estamos hartos de que alternen siempre las mismas personas y gobiernen los mismos partidos, inclusive los mismos partidos mimetizados porque hoy ya no hay peronismo o radicalismo, hoy son lo mismo sino f\u00edjense en la intendencia actual, el intendente dice que es radical y el vice dice que es peronista y en realidad son lo mismo y no van a ofrecer nada nuevo, sino que van a seguir trabajando para ellos porque no quieren soltar la teta del Estado; nosotros desde La Libertad Avanza queremos cambiar ese status quo, nosotros queremos otra cosa para Santo Tom\u00e9 y, por eso, a pesar de que nunca participamos de la pol\u00edtica hoy lo estamos haciendo\u201d,<\/strong> afirm\u00f3.<\/p>\n<p>Cabe destacar que, como candidatos a concejales acompa\u00f1ar\u00e1n a<strong> Germ\u00e1n Zapata: Santiago Carma\u00f1ola en primer t\u00e9rmino y Silvana Villanueva<\/strong> en segundo t\u00e9rmino. Faltan definir los dem\u00e1s integrantes de las listas.<\/p>\n<p>En cu\u00e1nto a cu\u00e1l va a ser la modalidad de trabajo para convencer al electorado local, detall\u00f3: <strong>\u201cTenemos que salir a la calle a lograr que nos escuchen, pero para eso primeramente nosotros tenemos que escuchar a la gente para saber qu\u00e9 es lo que tenemos que decir. Tenemos que decirle a la gente que nuestro plan de gobierno lo vamos a desarrollar con ellos\u201d,<\/strong> coment\u00f3.<\/p>\n<p>Ante la pregunta de si \u00e9l es santotome\u00f1o, el flamante candidato a intendente de La Libertad Avanza contest\u00f3: <strong>\u201cS\u00ed, yo soy hijo de quien en vida fuera Mario Hugo Zapata, un ex director de Radio Nacional Santo Tom\u00e9; quien estuvo en esa emisora desde la inauguraci\u00f3n y hasta se jubil\u00f3 all\u00ed; mi padre ven\u00eda de inaugurar otras radios en Esquel, en Iguaz\u00fa, en Posadas y era oriundo de Villa Mercedes provincia de San Luis, mi madre s\u00ed era santotome\u00f1a y era profesora de Biolog\u00eda, mi padre la conoci\u00f3 cuando vino a inaugurar LRA12 Radio Nacional Santo Tom\u00e9, se enamor\u00f3 de ella y se qued\u00f3 hasta morir\u201d<\/strong>, cont\u00f3.<\/p>\n<p>Luego de contar un poco sobre su procedencia, Zapata pidi\u00f3 a los santotome\u00f1os su apoyo diciendo: <strong>\u201cNosotros somos diferentes, somos distintos, somos transparentes, nosotros venimos a dejar algo distinto en este lugar, la transparencia para nosotros es como el agua en el organismo humano, nosotros venimos con las manos limpias y nosotros queremos que el santotome\u00f1o est\u00e9 tranquilo y crea que eso va a ser as\u00ed, que tenemos una alta capacidad de gesti\u00f3n, que aunque nunca hayamos trabajado en pol\u00edtica sabemos organizar un municipio\u201d,<\/strong> remarc\u00f3.<\/p>\n<p><strong>ACTIVAR UN CONCEJO DELIBERANTE ACTUALMENTE EN \u201cESTADO VEGETATIVO\u201d<\/strong><\/p>\n<p>Por su parte Mat\u00edas Carmag\u00f1ola, el candidato a concejal en primer t\u00e9rmino por La Libertad Avanza, se\u00f1al\u00f3: <strong>\u201cEstamos muy contento con la convocatoria que venimos teniendo porque es una convocatoria espont\u00e1nea, es decir, la gente se acerc\u00f3 por voluntad propia a ver quienes eran los candidatos de LLA y a escuchar al diputado Lisandro Almir\u00f3n, y la realidad es que venimos trabajando desde la \u00faltima elecci\u00f3n en el armado de este grupo, hace alg\u00fan tiempo tuvimos una reuni\u00f3n para empezar a charlar el tema de las candidaturas y el partido en general opt\u00f3 por proponerme la posibilidad de que yo sea uno de los candidatos a concejal por lo que yo me puse a disposici\u00f3n inmediatamente y por unanimidad decidieron que lo haga en primer t\u00e9rmino\u201d.<\/strong><\/p>\n<p><strong>UN CONCEJO INACTIVO<\/strong><\/p>\n<p>Dicho esto, Carmag\u00f1ola reconoci\u00f3 que, de llegar a acceder a una banca en el Concejo Deliberante, va a tener una ardua y dif\u00edcil tarea ya que en la actualidad el legislativo santotome\u00f1o es un \u00f3rgano <strong>\u201ccerrado donde no hay debate alguno y no se brinda informaci\u00f3n a los medios de comunicaci\u00f3n\u201d.<\/strong><\/p>\n<p><strong>BREGAR PARA ACCEDER A LA INFORMACION EN EL CONCEJO<\/strong><\/p>\n<p>En otro tramo de la entrevista, el primer candidato a concejal indic\u00f3 que <strong>\u201cnosotros estamos plenamente conscientes de que urge darle transparencia al Concejo Deliberante de Santo Tom\u00e9, nosotros sabemos muy bien que hay cuestiones que la gente no se entera porque los concejales del oficialismo no quieren brindar informaci\u00f3n, ni siquiera contestan los pedidos de informes y eso me consta porque en mi labor profesional estoy asesorando a una persona que mantiene algunas cuestiones con el Concejo Deliberante y no dan respuesta alguna a los pedidos de informes, directamente no contestan; no se puede seguir as\u00ed y urge que lleguen personas nuevas al legislativo comunal para darle plena transparencia a todas las acciones del Concejo, principalmente, a la cuesti\u00f3n presupuestaria, porque a la fecha nadie sabe c\u00f3mo se manejan los recursos del municipio y mucho menos los del Concejo Deliberante; vamos a hacer foco en la cuesti\u00f3n presupuestaria y vamos a abrir el Concejo para que este \u00f3rgano de gobierno tenga m\u00e1s cercan\u00eda con la ciudadan\u00eda porque debe ser as\u00ed, no nos olvidemos que el intendente, los concejales, y los funcionarios son empleados de los ciudadanos, est\u00e1n all\u00ed para responder a la poblaci\u00f3n, pero ellos han invertido eso y es como que hoy el pueblo esta al servicio de ellos\u201d<\/strong>, advirti\u00f3.<\/p>\n<p>Carmag\u00f1ola tambi\u00e9n invit\u00f3 a los vecinos a acercarse a La Libertad Avanza. <strong>\u201cTodos son Bienvenidos en LLA no importa su procedencia pol\u00edtica, su condici\u00f3n social, su barrio. Nosotros queremos formar gente capaz para poder competir tanto a nivel provincial como municipal para poder dar el batacazo\u201d<\/strong>, enfatiz\u00f3.<\/p>\n<p><strong>EL ROL DE LA MUJER<\/strong><\/p>\n<p>Tambi\u00e9n habl\u00f3 la candidata a concejal en segundo t\u00e9rmino Silvana Villanueva quien agreg\u00f3: <strong>\u201cYo formo parte de la LLA desde que me invitaron a fiscalizar las elecciones pasadas, desde entonces estuve participando activamente y me sume b\u00e1sicamente porque el equipo trabaja muy bien y porque compartimos las mismas ideas. Esta es la primera vez que participo en pol\u00edtica, es un mundo desconocido para m\u00ed, pero a pesar de que es todo un desaf\u00edo, estoy aprendiendo r\u00e1pidamente y tengo muchas ganas de llevar esta causa adelante que tiene que ver con cambiar esta realidad\u201d,<\/strong> explic\u00f3.<\/p>\n<p>En cuanto a porqu\u00e9 se inici\u00f3 en pol\u00edtica dijo:<strong> \u201cPor nada en especial, simplemente porque me invitaron a formar parte del equipo, porque me abrieron las puertas, porque me hicieron sentir \u00fatil\u201d.<\/strong><\/p>\n<p><strong>\u201cDe ahora en adelante viene un trabajo arduo y si bien esto reci\u00e9n comienza sabemos que va a pasar volando el tiempo por lo que inmediatamente vamos a empezar a recorrer los barrios y a invitar a todos a la sede de La Libertad Avanza ubicado en Centeno 90 donde seguimos afiliando a los vecinos y donde \u00faltimamente se han sumado sobre todo muchos j\u00f3venes que quieren colaborar activa o pasivamente de este proyecto\u201d.<\/strong><\/p>\n<p><strong>\u201cLe recuerdo a la poblaci\u00f3n que el d\u00eda de las elecciones van a tener la llave en las manos para abrir esa puerta al cambio que tanto quieren, a trav\u00e9s de su voto\u201d<\/strong>, puntualiz\u00f3.<\/p>\n","protected":false},"excerpt":{"rendered":"<p>SANTO TOME. German Zapata, el candidato a intendente por La Libertad Avanza en Santo Tom\u00e9, junto a los candidatos a concejales Mat\u00edas Carmag\u00f1ola, y Silvana Villanueva dieron a conocer cu\u00e1l es el panorama de cara a la campa\u00f1a electoral que se avecina y entre otras cosas afirmaron que ya no existe m\u00e1s radicalismo ni peronismo&#8230;<\/p>\n","protected":false},"author":2,"featured_media":10400,"comment_status":"closed","ping_status":"closed","sticky":false,"template":"","format":"standard","meta":{"_kad_post_transparent":"default","_kad_post_title":"default","_kad_post_layout":"default","_kad_post_sidebar_id":"","_kad_post_content_style":"default","_kad_post_vertical_padding":"default","_kad_post_feature":"","_kad_post_feature_position":"","_kad_post_header":false,"_kad_post_footer":false,"_kad_post_classname":"","footnotes":""},"categories":[1],"tags":[],"class_list":["post-10399","post","type-post","status-publish","format-standard","has-post-thumbnail","hentry","category-locales"],"a3_pvc":{"activated":false,"total_views":0,"today_views":0},"yoast_head":"<!-- This site is optimized with the Yoast SEO plugin v27.5 - https:\/\/yoast.com\/product\/yoast-seo-wordpress\/ -->\n<title>La Libertad Avanza perfila a sus candidatos en Santo Tom\u00e9 - Digital Santo Tom\u00e9<\/title>\n<meta name=\"robots\" content=\"index, follow, max-snippet:-1, max-image-preview:large, max-video-preview:-1\" \/>\n<link rel=\"canonical\" href=\"https:\/\/digitalsantotome.com.ar\/?p=10399\" \/>\n<meta property=\"og:locale\" content=\"es_ES\" \/>\n<meta property=\"og:type\" content=\"article\" \/>\n<meta property=\"og:title\" content=\"La Libertad Avanza perfila a sus candidatos en Santo Tom\u00e9 - Digital Santo Tom\u00e9\" \/>\n<meta property=\"og:description\" content=\"SANTO TOME. German Zapata, el candidato a intendente por La Libertad Avanza en Santo Tom\u00e9, junto a los candidatos a concejales Mat\u00edas Carmag\u00f1ola, y Silvana Villanueva dieron a conocer cu\u00e1l es el panorama de cara a la campa\u00f1a electoral que se avecina y entre otras cosas afirmaron que ya no existe m\u00e1s radicalismo ni peronismo...\" \/>\n<meta property=\"og:url\" content=\"https:\/\/digitalsantotome.com.ar\/?p=10399\" \/>\n<meta property=\"og:site_name\" content=\"Digital Santo Tom\u00e9\" \/>\n<meta property=\"article:published_time\" content=\"2025-03-18T11:13:06+00:00\" \/>\n<meta property=\"article:modified_time\" content=\"2025-03-20T10:53:47+00:00\" \/>\n<meta property=\"og:image\" content=\"https:\/\/digitalsantotome.com.ar\/wp-content\/uploads\/2025\/03\/LLACOLLAGE.jpg\" \/>\n\t<meta property=\"og:image:width\" content=\"800\" \/>\n\t<meta property=\"og:image:height\" content=\"509\" \/>\n\t<meta property=\"og:image:type\" content=\"image\/jpeg\" \/>\n<meta name=\"author\" content=\"Jose Carlos Machado\" \/>\n<meta name=\"twitter:card\" content=\"summary_large_image\" \/>\n<meta name=\"twitter:label1\" content=\"Escrito por\" \/>\n\t<meta name=\"twitter:data1\" content=\"Jose Carlos Machado\" \/>\n\t<meta name=\"twitter:label2\" content=\"Tiempo de lectura\" \/>\n\t<meta name=\"twitter:data2\" content=\"7 minutos\" \/>\n<script type=\"application\/ld+json\" class=\"yoast-schema-graph\">{\"@context\":\"https:\\\/\\\/schema.org\",\"@graph\":[{\"@type\":\"Article\",\"@id\":\"https:\\\/\\\/digitalsantotome.com.ar\\\/?p=10399#article\",\"isPartOf\":{\"@id\":\"https:\\\/\\\/digitalsantotome.com.ar\\\/?p=10399\"},\"author\":{\"name\":\"Jose Carlos Machado\",\"@id\":\"https:\\\/\\\/digitalsantotome.com.ar\\\/#\\\/schema\\\/person\\\/8991d8822886fedd92ce7f03817e1bdf\"},\"headline\":\"La Libertad Avanza perfila a sus candidatos en Santo Tom\u00e9\",\"datePublished\":\"2025-03-18T11:13:06+00:00\",\"dateModified\":\"2025-03-20T10:53:47+00:00\",\"mainEntityOfPage\":{\"@id\":\"https:\\\/\\\/digitalsantotome.com.ar\\\/?p=10399\"},\"wordCount\":1427,\"publisher\":{\"@id\":\"https:\\\/\\\/digitalsantotome.com.ar\\\/#organization\"},\"image\":{\"@id\":\"https:\\\/\\\/digitalsantotome.com.ar\\\/?p=10399#primaryimage\"},\"thumbnailUrl\":\"https:\\\/\\\/digitalsantotome.com.ar\\\/wp-content\\\/uploads\\\/2025\\\/03\\\/LLACOLLAGE.jpg\",\"articleSection\":[\"Locales\"],\"inLanguage\":\"es\"},{\"@type\":\"WebPage\",\"@id\":\"https:\\\/\\\/digitalsantotome.com.ar\\\/?p=10399\",\"url\":\"https:\\\/\\\/digitalsantotome.com.ar\\\/?p=10399\",\"name\":\"La Libertad Avanza perfila a sus candidatos en Santo Tom\u00e9 - Digital Santo Tom\u00e9\",\"isPartOf\":{\"@id\":\"https:\\\/\\\/digitalsantotome.com.ar\\\/#website\"},\"primaryImageOfPage\":{\"@id\":\"https:\\\/\\\/digitalsantotome.com.ar\\\/?p=10399#primaryimage\"},\"image\":{\"@id\":\"https:\\\/\\\/digitalsantotome.com.ar\\\/?p=10399#primaryimage\"},\"thumbnailUrl\":\"https:\\\/\\\/digitalsantotome.com.ar\\\/wp-content\\\/uploads\\\/2025\\\/03\\\/LLACOLLAGE.jpg\",\"datePublished\":\"2025-03-18T11:13:06+00:00\",\"dateModified\":\"2025-03-20T10:53:47+00:00\",\"breadcrumb\":{\"@id\":\"https:\\\/\\\/digitalsantotome.com.ar\\\/?p=10399#breadcrumb\"},\"inLanguage\":\"es\",\"potentialAction\":[{\"@type\":\"ReadAction\",\"target\":[\"https:\\\/\\\/digitalsantotome.com.ar\\\/?p=10399\"]}]},{\"@type\":\"ImageObject\",\"inLanguage\":\"es\",\"@id\":\"https:\\\/\\\/digitalsantotome.com.ar\\\/?p=10399#primaryimage\",\"url\":\"https:\\\/\\\/digitalsantotome.com.ar\\\/wp-content\\\/uploads\\\/2025\\\/03\\\/LLACOLLAGE.jpg\",\"contentUrl\":\"https:\\\/\\\/digitalsantotome.com.ar\\\/wp-content\\\/uploads\\\/2025\\\/03\\\/LLACOLLAGE.jpg\",\"width\":800,\"height\":509},{\"@type\":\"BreadcrumbList\",\"@id\":\"https:\\\/\\\/digitalsantotome.com.ar\\\/?p=10399#breadcrumb\",\"itemListElement\":[{\"@type\":\"ListItem\",\"position\":1,\"name\":\"Portada\",\"item\":\"https:\\\/\\\/digitalsantotome.com.ar\\\/\"},{\"@type\":\"ListItem\",\"position\":2,\"name\":\"La Libertad Avanza perfila a sus candidatos en Santo Tom\u00e9\"}]},{\"@type\":\"WebSite\",\"@id\":\"https:\\\/\\\/digitalsantotome.com.ar\\\/#website\",\"url\":\"https:\\\/\\\/digitalsantotome.com.ar\\\/\",\"name\":\"Digital Santo Tom\u00e9\",\"description\":\"Noticias desde Santo Tom\u00e9 al Mundo \u2013 La informacion que decide\",\"publisher\":{\"@id\":\"https:\\\/\\\/digitalsantotome.com.ar\\\/#organization\"},\"potentialAction\":[{\"@type\":\"SearchAction\",\"target\":{\"@type\":\"EntryPoint\",\"urlTemplate\":\"https:\\\/\\\/digitalsantotome.com.ar\\\/?s={search_term_string}\"},\"query-input\":{\"@type\":\"PropertyValueSpecification\",\"valueRequired\":true,\"valueName\":\"search_term_string\"}}],\"inLanguage\":\"es\"},{\"@type\":\"Organization\",\"@id\":\"https:\\\/\\\/digitalsantotome.com.ar\\\/#organization\",\"name\":\"Digital Santo Tom\u00e9\",\"url\":\"https:\\\/\\\/digitalsantotome.com.ar\\\/\",\"logo\":{\"@type\":\"ImageObject\",\"inLanguage\":\"es\",\"@id\":\"https:\\\/\\\/digitalsantotome.com.ar\\\/#\\\/schema\\\/logo\\\/image\\\/\",\"url\":\"https:\\\/\\\/digitalsantotome.com.ar\\\/wp-content\\\/uploads\\\/2023\\\/01\\\/facebook.jpg\",\"contentUrl\":\"https:\\\/\\\/digitalsantotome.com.ar\\\/wp-content\\\/uploads\\\/2023\\\/01\\\/facebook.jpg\",\"width\":512,\"height\":376,\"caption\":\"Digital Santo Tom\u00e9\"},\"image\":{\"@id\":\"https:\\\/\\\/digitalsantotome.com.ar\\\/#\\\/schema\\\/logo\\\/image\\\/\"}},{\"@type\":\"Person\",\"@id\":\"https:\\\/\\\/digitalsantotome.com.ar\\\/#\\\/schema\\\/person\\\/8991d8822886fedd92ce7f03817e1bdf\",\"name\":\"Jose Carlos Machado\",\"url\":\"https:\\\/\\\/digitalsantotome.com.ar\\\/?author=2\"}]}<\/script>\n<!-- \/ Yoast SEO plugin. -->","yoast_head_json":{"title":"La Libertad Avanza perfila a sus candidatos en Santo Tom\u00e9 - Digital Santo Tom\u00e9","robots":{"index":"index","follow":"follow","max-snippet":"max-snippet:-1","max-image-preview":"max-image-preview:large","max-video-preview":"max-video-preview:-1"},"canonical":"https:\/\/digitalsantotome.com.ar\/?p=10399","og_locale":"es_ES","og_type":"article","og_title":"La Libertad Avanza perfila a sus candidatos en Santo Tom\u00e9 - Digital Santo Tom\u00e9","og_description":"SANTO TOME. German Zapata, el candidato a intendente por La Libertad Avanza en Santo Tom\u00e9, junto a los candidatos a concejales Mat\u00edas Carmag\u00f1ola, y Silvana Villanueva dieron a conocer cu\u00e1l es el panorama de cara a la campa\u00f1a electoral que se avecina y entre otras cosas afirmaron que ya no existe m\u00e1s radicalismo ni peronismo...","og_url":"https:\/\/digitalsantotome.com.ar\/?p=10399","og_site_name":"Digital Santo Tom\u00e9","article_published_time":"2025-03-18T11:13:06+00:00","article_modified_time":"2025-03-20T10:53:47+00:00","og_image":[{"width":800,"height":509,"url":"https:\/\/digitalsantotome.com.ar\/wp-content\/uploads\/2025\/03\/LLACOLLAGE.jpg","type":"image\/jpeg"}],"author":"Jose Carlos Machado","twitter_card":"summary_large_image","twitter_misc":{"Escrito por":"Jose Carlos Machado","Tiempo de lectura":"7 minutos"},"schema":{"@context":"https:\/\/schema.org","@graph":[{"@type":"Article","@id":"https:\/\/digitalsantotome.com.ar\/?p=10399#article","isPartOf":{"@id":"https:\/\/digitalsantotome.com.ar\/?p=10399"},"author":{"name":"Jose Carlos Machado","@id":"https:\/\/digitalsantotome.com.ar\/#\/schema\/person\/8991d8822886fedd92ce7f03817e1bdf"},"headline":"La Libertad Avanza perfila a sus candidatos en Santo Tom\u00e9","datePublished":"2025-03-18T11:13:06+00:00","dateModified":"2025-03-20T10:53:47+00:00","mainEntityOfPage":{"@id":"https:\/\/digitalsantotome.com.ar\/?p=10399"},"wordCount":1427,"publisher":{"@id":"https:\/\/digitalsantotome.com.ar\/#organization"},"image":{"@id":"https:\/\/digitalsantotome.com.ar\/?p=10399#primaryimage"},"thumbnailUrl":"https:\/\/digitalsantotome.com.ar\/wp-content\/uploads\/2025\/03\/LLACOLLAGE.jpg","articleSection":["Locales"],"inLanguage":"es"},{"@type":"WebPage","@id":"https:\/\/digitalsantotome.com.ar\/?p=10399","url":"https:\/\/digitalsantotome.com.ar\/?p=10399","name":"La Libertad Avanza perfila a sus candidatos en Santo Tom\u00e9 - Digital Santo Tom\u00e9","isPartOf":{"@id":"https:\/\/digitalsantotome.com.ar\/#website"},"primaryImageOfPage":{"@id":"https:\/\/digitalsantotome.com.ar\/?p=10399#primaryimage"},"image":{"@id":"https:\/\/digitalsantotome.com.ar\/?p=10399#primaryimage"},"thumbnailUrl":"https:\/\/digitalsantotome.com.ar\/wp-content\/uploads\/2025\/03\/LLACOLLAGE.jpg","datePublished":"2025-03-18T11:13:06+00:00","dateModified":"2025-03-20T10:53:47+00:00","breadcrumb":{"@id":"https:\/\/digitalsantotome.com.ar\/?p=10399#breadcrumb"},"inLanguage":"es","potentialAction":[{"@type":"ReadAction","target":["https:\/\/digitalsantotome.com.ar\/?p=10399"]}]},{"@type":"ImageObject","inLanguage":"es","@id":"https:\/\/digitalsantotome.com.ar\/?p=10399#primaryimage","url":"https:\/\/digitalsantotome.com.ar\/wp-content\/uploads\/2025\/03\/LLACOLLAGE.jpg","contentUrl":"https:\/\/digitalsantotome.com.ar\/wp-content\/uploads\/2025\/03\/LLACOLLAGE.jpg","width":800,"height":509},{"@type":"BreadcrumbList","@id":"https:\/\/digitalsantotome.com.ar\/?p=10399#breadcrumb","itemListElement":[{"@type":"ListItem","position":1,"name":"Portada","item":"https:\/\/digitalsantotome.com.ar\/"},{"@type":"ListItem","position":2,"name":"La Libertad Avanza perfila a sus candidatos en Santo Tom\u00e9"}]},{"@type":"WebSite","@id":"https:\/\/digitalsantotome.com.ar\/#website","url":"https:\/\/digitalsantotome.com.ar\/","name":"Digital Santo Tom\u00e9","description":"Noticias desde Santo Tom\u00e9 al Mundo \u2013 La informacion que decide","publisher":{"@id":"https:\/\/digitalsantotome.com.ar\/#organization"},"potentialAction":[{"@type":"SearchAction","target":{"@type":"EntryPoint","urlTemplate":"https:\/\/digitalsantotome.com.ar\/?s={search_term_string}"},"query-input":{"@type":"PropertyValueSpecification","valueRequired":true,"valueName":"search_term_string"}}],"inLanguage":"es"},{"@type":"Organization","@id":"https:\/\/digitalsantotome.com.ar\/#organization","name":"Digital Santo Tom\u00e9","url":"https:\/\/digitalsantotome.com.ar\/","logo":{"@type":"ImageObject","inLanguage":"es","@id":"https:\/\/digitalsantotome.com.ar\/#\/schema\/logo\/image\/","url":"https:\/\/digitalsantotome.com.ar\/wp-content\/uploads\/2023\/01\/facebook.jpg","contentUrl":"https:\/\/digitalsantotome.com.ar\/wp-content\/uploads\/2023\/01\/facebook.jpg","width":512,"height":376,"caption":"Digital Santo Tom\u00e9"},"image":{"@id":"https:\/\/digitalsantotome.com.ar\/#\/schema\/logo\/image\/"}},{"@type":"Person","@id":"https:\/\/digitalsantotome.com.ar\/#\/schema\/person\/8991d8822886fedd92ce7f03817e1bdf","name":"Jose Carlos Machado","url":"https:\/\/digitalsantotome.com.ar\/?author=2"}]}},"_links":{"self":[{"href":"https:\/\/digitalsantotome.com.ar\/index.php?rest_route=\/wp\/v2\/posts\/10399","targetHints":{"allow":["GET"]}}],"collection":[{"href":"https:\/\/digitalsantotome.com.ar\/index.php?rest_route=\/wp\/v2\/posts"}],"about":[{"href":"https:\/\/digitalsantotome.com.ar\/index.php?rest_route=\/wp\/v2\/types\/post"}],"author":[{"embeddable":true,"href":"https:\/\/digitalsantotome.com.ar\/index.php?rest_route=\/wp\/v2\/users\/2"}],"replies":[{"embeddable":true,"href":"https:\/\/digitalsantotome.com.ar\/index.php?rest_route=%2Fwp%2Fv2%2Fcomments&post=10399"}],"version-history":[{"count":2,"href":"https:\/\/digitalsantotome.com.ar\/index.php?rest_route=\/wp\/v2\/posts\/10399\/revisions"}],"predecessor-version":[{"id":10402,"href":"https:\/\/digitalsantotome.com.ar\/index.php?rest_route=\/wp\/v2\/posts\/10399\/revisions\/10402"}],"wp:featuredmedia":[{"embeddable":true,"href":"https:\/\/digitalsantotome.com.ar\/index.php?rest_route=\/wp\/v2\/media\/10400"}],"wp:attachment":[{"href":"https:\/\/digitalsantotome.com.ar\/index.php?rest_route=%2Fwp%2Fv2%2Fmedia&parent=10399"}],"wp:term":[{"taxonomy":"category","embeddable":true,"href":"https:\/\/digitalsantotome.com.ar\/index.php?rest_route=%2Fwp%2Fv2%2Fcategories&post=10399"},{"taxonomy":"post_tag","embeddable":true,"href":"https:\/\/digitalsantotome.com.ar\/index.php?rest_route=%2Fwp%2Fv2%2Ftags&post=10399"}],"curies":[{"name":"wp","href":"https:\/\/api.w.org\/{rel}","templated":true}]}}