{"id":10567,"date":"2025-03-25T07:37:46","date_gmt":"2025-03-25T10:37:46","guid":{"rendered":"https:\/\/digitalsantotome.com.ar\/?p=10567"},"modified":"2025-03-25T07:37:53","modified_gmt":"2025-03-25T10:37:53","slug":"proponen-que-la-dpec-se-convierta-en-empresa-mixta-con-participacion-de-capital-accionario-privado","status":"publish","type":"post","link":"https:\/\/digitalsantotome.com.ar\/?p=10567","title":{"rendered":"Proponen que la DPEC se convierta en empresa mixta con participaci\u00f3n de capital accionario privado"},"content":{"rendered":"<div class=\"row\">\n<div id=\"conte\" class=\"span6 base\">\n<p>CORRIENTES. Se plantea como modelo a seguir el esquema de YPF S.A. y del Banco de Corrientes S.A..<\/p>\n<p>Surge de un proyecto presentado en la C\u00e1mara de Diputados de Corrientes. Propone que la Direcci\u00f3n Provincial de Energ\u00eda de Corrientes (DPEC) se convierta en una empresa mixta con una participaci\u00f3n estatal mayoritaria del 51% y una apertura del 49% del capital accionario al sector privado.<\/p>\n<p>La propuesta fue presentada por el diputado Germ\u00e1n Braillard Poccard, del Frente Renovador, quien argument\u00f3 que la DPEC opera bajo un modelo obsoleto de administraci\u00f3n estatal, con ineficiencias operativas, falta de inversi\u00f3n y ausencia de controles adecuados.<\/p>\n<p>Agreg\u00f3 que Con casi 35 a\u00f1os de intervenci\u00f3n (Decreto 3105\/1990), no ha logrado solucionar los problemas estructurales del sistema energ\u00e9tico provincial, lo que se traduce en altos costos para los usuarios, servicio deficiente y un impacto negativo en el desarrollo productivo de la provincia.<\/p>\n<p>En ese sentido, con el proyecto presentado se propone convertir la DPEC en una empresa mixta bajo el nombre de Empresa Provincial de Energ\u00eda de Corrientes (EPEC), con una participaci\u00f3n estatal mayoritaria del 51% y una apertura del 49% del capital accionario al sector privado, bajo estrictos mecanismos de control regulatorio.<\/p>\n<p>El legislador indic\u00f3 que el modelo a seguir es el de YPF S.A., donde el Estado mantiene el control estrat\u00e9gico pero permite el ingreso de capitales privados, logrando mayor eficiencia operativa y acceso a financiamiento.<\/p>\n<p>Tambi\u00e9n se inspira en la estructura del Banco de Corrientes S.A., que opera con mayor\u00eda accionaria estatal y un m\u00ednimo porcentaje en manos de privados, sujeto a la regulaci\u00f3n del Banco Central de la Rep\u00fablica Argentina (BCRA) y la Comisi\u00f3n Nacional de Valores (CNV), lo que ha garantizado su transparencia y sostenibilidad.<\/p>\n<p>Considera que la transformaci\u00f3n de DPEC en una sociedad an\u00f3nima con participaci\u00f3n estatal mayoritaria permitir\u00e1 mejoras en la calidad del servicio, con inversiones privadas y modernizaci\u00f3n de la infraestructura el\u00e9ctrica; as\u00ed como transparencia y control, con la supervisi\u00f3n de la Comisi\u00f3n Nacional de Valores (CNV), asegurando el cumplimiento de est\u00e1ndares financieros y de gobernanza.<\/p>\n<p>Adem\u00e1s permitir\u00e1 la protecci\u00f3n de los intereses estatales, al mantener el 51% de las acciones en manos del Estado, preservando el control estrat\u00e9gico del sector energ\u00e9tico, y tambi\u00e9n el acceso a financiamiento, con la posibilidad de emitir acciones y obligaciones negociables en los mercados de capitales para captar inversiones sin depender exclusivamente del presupuesto provincial.<\/p>\n<p>Sostiene que la Comisi\u00f3n Nacional de Valores (CNV) garantizar\u00e1 la transparencia en la administraci\u00f3n de EPEC, exigiendo normas de gobernanza corporativa, auditor\u00eda externa y publicaci\u00f3n peri\u00f3dica de balances, tal como ocurre con YPF y el Banco de Corrientes.<\/p>\n<p>De acuerdo a datos oficiales recientemente difundidos por el INDEC, los accesos a Internet en la provincia de Corrientes al cuarto trimestre del a\u00f1o 2024 totalizaron 1.061.652, con una suba interanual del 2,6% en las conexiones, levemente por encima del incremento promedio nacional del 2,4%.<\/p>\n<\/div>\n<div><\/div>\n<\/div>\n<div>Momarandu.com<\/div>\n","protected":false},"excerpt":{"rendered":"<p>CORRIENTES. Se plantea como modelo a seguir el esquema de YPF S.A. y del Banco de Corrientes S.A.. Surge de un proyecto presentado en la C\u00e1mara de Diputados de Corrientes. Propone que la Direcci\u00f3n Provincial de Energ\u00eda de Corrientes (DPEC) se convierta en una empresa mixta con una participaci\u00f3n estatal mayoritaria del 51% y una&#8230;<\/p>\n","protected":false},"author":2,"featured_media":10568,"comment_status":"closed","ping_status":"closed","sticky":false,"template":"","format":"standard","meta":{"_kad_post_transparent":"default","_kad_post_title":"default","_kad_post_layout":"default","_kad_post_sidebar_id":"","_kad_post_content_style":"default","_kad_post_vertical_padding":"default","_kad_post_feature":"","_kad_post_feature_position":"","_kad_post_header":false,"_kad_post_footer":false,"_kad_post_classname":"","footnotes":""},"categories":[2],"tags":[],"class_list":["post-10567","post","type-post","status-publish","format-standard","has-post-thumbnail","hentry","category-provinciales"],"a3_pvc":{"activated":false,"total_views":0,"today_views":0},"yoast_head":"<!-- This site is optimized with the Yoast SEO plugin v27.5 - https:\/\/yoast.com\/product\/yoast-seo-wordpress\/ -->\n<title>Proponen que la DPEC se convierta en empresa mixta con participaci\u00f3n de capital accionario privado - Digital Santo Tom\u00e9<\/title>\n<meta name=\"robots\" content=\"index, follow, max-snippet:-1, max-image-preview:large, max-video-preview:-1\" \/>\n<link rel=\"canonical\" href=\"https:\/\/digitalsantotome.com.ar\/?p=10567\" \/>\n<meta property=\"og:locale\" content=\"es_ES\" \/>\n<meta property=\"og:type\" content=\"article\" \/>\n<meta property=\"og:title\" content=\"Proponen que la DPEC se convierta en empresa mixta con participaci\u00f3n de capital accionario privado - Digital Santo Tom\u00e9\" \/>\n<meta property=\"og:description\" content=\"CORRIENTES. Se plantea como modelo a seguir el esquema de YPF S.A. y del Banco de Corrientes S.A.. Surge de un proyecto presentado en la C\u00e1mara de Diputados de Corrientes. Propone que la Direcci\u00f3n Provincial de Energ\u00eda de Corrientes (DPEC) se convierta en una empresa mixta con una participaci\u00f3n estatal mayoritaria del 51% y una...\" \/>\n<meta property=\"og:url\" content=\"https:\/\/digitalsantotome.com.ar\/?p=10567\" \/>\n<meta property=\"og:site_name\" content=\"Digital Santo Tom\u00e9\" \/>\n<meta property=\"article:published_time\" content=\"2025-03-25T10:37:46+00:00\" \/>\n<meta property=\"article:modified_time\" content=\"2025-03-25T10:37:53+00:00\" \/>\n<meta property=\"og:image\" content=\"https:\/\/digitalsantotome.com.ar\/wp-content\/uploads\/2025\/03\/242608w790h516c.jpg.webp\" \/>\n\t<meta property=\"og:image:width\" content=\"790\" \/>\n\t<meta property=\"og:image:height\" content=\"516\" \/>\n\t<meta property=\"og:image:type\" content=\"image\/webp\" \/>\n<meta name=\"author\" content=\"Jose Carlos Machado\" \/>\n<meta name=\"twitter:card\" content=\"summary_large_image\" \/>\n<meta name=\"twitter:label1\" content=\"Escrito por\" \/>\n\t<meta name=\"twitter:data1\" content=\"Jose Carlos Machado\" \/>\n\t<meta name=\"twitter:label2\" content=\"Tiempo de lectura\" \/>\n\t<meta name=\"twitter:data2\" content=\"3 minutos\" \/>\n<script type=\"application\/ld+json\" class=\"yoast-schema-graph\">{\"@context\":\"https:\\\/\\\/schema.org\",\"@graph\":[{\"@type\":\"Article\",\"@id\":\"https:\\\/\\\/digitalsantotome.com.ar\\\/?p=10567#article\",\"isPartOf\":{\"@id\":\"https:\\\/\\\/digitalsantotome.com.ar\\\/?p=10567\"},\"author\":{\"name\":\"Jose Carlos Machado\",\"@id\":\"https:\\\/\\\/digitalsantotome.com.ar\\\/#\\\/schema\\\/person\\\/8991d8822886fedd92ce7f03817e1bdf\"},\"headline\":\"Proponen que la DPEC se convierta en empresa mixta con participaci\u00f3n de capital accionario privado\",\"datePublished\":\"2025-03-25T10:37:46+00:00\",\"dateModified\":\"2025-03-25T10:37:53+00:00\",\"mainEntityOfPage\":{\"@id\":\"https:\\\/\\\/digitalsantotome.com.ar\\\/?p=10567\"},\"wordCount\":524,\"publisher\":{\"@id\":\"https:\\\/\\\/digitalsantotome.com.ar\\\/#organization\"},\"image\":{\"@id\":\"https:\\\/\\\/digitalsantotome.com.ar\\\/?p=10567#primaryimage\"},\"thumbnailUrl\":\"https:\\\/\\\/digitalsantotome.com.ar\\\/wp-content\\\/uploads\\\/2025\\\/03\\\/242608w790h516c.jpg.webp\",\"articleSection\":[\"Provinciales\"],\"inLanguage\":\"es\"},{\"@type\":\"WebPage\",\"@id\":\"https:\\\/\\\/digitalsantotome.com.ar\\\/?p=10567\",\"url\":\"https:\\\/\\\/digitalsantotome.com.ar\\\/?p=10567\",\"name\":\"Proponen que la DPEC se convierta en empresa mixta con participaci\u00f3n de capital accionario privado - Digital Santo Tom\u00e9\",\"isPartOf\":{\"@id\":\"https:\\\/\\\/digitalsantotome.com.ar\\\/#website\"},\"primaryImageOfPage\":{\"@id\":\"https:\\\/\\\/digitalsantotome.com.ar\\\/?p=10567#primaryimage\"},\"image\":{\"@id\":\"https:\\\/\\\/digitalsantotome.com.ar\\\/?p=10567#primaryimage\"},\"thumbnailUrl\":\"https:\\\/\\\/digitalsantotome.com.ar\\\/wp-content\\\/uploads\\\/2025\\\/03\\\/242608w790h516c.jpg.webp\",\"datePublished\":\"2025-03-25T10:37:46+00:00\",\"dateModified\":\"2025-03-25T10:37:53+00:00\",\"breadcrumb\":{\"@id\":\"https:\\\/\\\/digitalsantotome.com.ar\\\/?p=10567#breadcrumb\"},\"inLanguage\":\"es\",\"potentialAction\":[{\"@type\":\"ReadAction\",\"target\":[\"https:\\\/\\\/digitalsantotome.com.ar\\\/?p=10567\"]}]},{\"@type\":\"ImageObject\",\"inLanguage\":\"es\",\"@id\":\"https:\\\/\\\/digitalsantotome.com.ar\\\/?p=10567#primaryimage\",\"url\":\"https:\\\/\\\/digitalsantotome.com.ar\\\/wp-content\\\/uploads\\\/2025\\\/03\\\/242608w790h516c.jpg.webp\",\"contentUrl\":\"https:\\\/\\\/digitalsantotome.com.ar\\\/wp-content\\\/uploads\\\/2025\\\/03\\\/242608w790h516c.jpg.webp\",\"width\":790,\"height\":516},{\"@type\":\"BreadcrumbList\",\"@id\":\"https:\\\/\\\/digitalsantotome.com.ar\\\/?p=10567#breadcrumb\",\"itemListElement\":[{\"@type\":\"ListItem\",\"position\":1,\"name\":\"Portada\",\"item\":\"https:\\\/\\\/digitalsantotome.com.ar\\\/\"},{\"@type\":\"ListItem\",\"position\":2,\"name\":\"Proponen que la DPEC se convierta en empresa mixta con participaci\u00f3n de capital accionario privado\"}]},{\"@type\":\"WebSite\",\"@id\":\"https:\\\/\\\/digitalsantotome.com.ar\\\/#website\",\"url\":\"https:\\\/\\\/digitalsantotome.com.ar\\\/\",\"name\":\"Digital Santo Tom\u00e9\",\"description\":\"Noticias desde Santo Tom\u00e9 al Mundo \u2013 La informacion que decide\",\"publisher\":{\"@id\":\"https:\\\/\\\/digitalsantotome.com.ar\\\/#organization\"},\"potentialAction\":[{\"@type\":\"SearchAction\",\"target\":{\"@type\":\"EntryPoint\",\"urlTemplate\":\"https:\\\/\\\/digitalsantotome.com.ar\\\/?s={search_term_string}\"},\"query-input\":{\"@type\":\"PropertyValueSpecification\",\"valueRequired\":true,\"valueName\":\"search_term_string\"}}],\"inLanguage\":\"es\"},{\"@type\":\"Organization\",\"@id\":\"https:\\\/\\\/digitalsantotome.com.ar\\\/#organization\",\"name\":\"Digital Santo Tom\u00e9\",\"url\":\"https:\\\/\\\/digitalsantotome.com.ar\\\/\",\"logo\":{\"@type\":\"ImageObject\",\"inLanguage\":\"es\",\"@id\":\"https:\\\/\\\/digitalsantotome.com.ar\\\/#\\\/schema\\\/logo\\\/image\\\/\",\"url\":\"https:\\\/\\\/digitalsantotome.com.ar\\\/wp-content\\\/uploads\\\/2023\\\/01\\\/facebook.jpg\",\"contentUrl\":\"https:\\\/\\\/digitalsantotome.com.ar\\\/wp-content\\\/uploads\\\/2023\\\/01\\\/facebook.jpg\",\"width\":512,\"height\":376,\"caption\":\"Digital Santo Tom\u00e9\"},\"image\":{\"@id\":\"https:\\\/\\\/digitalsantotome.com.ar\\\/#\\\/schema\\\/logo\\\/image\\\/\"}},{\"@type\":\"Person\",\"@id\":\"https:\\\/\\\/digitalsantotome.com.ar\\\/#\\\/schema\\\/person\\\/8991d8822886fedd92ce7f03817e1bdf\",\"name\":\"Jose Carlos Machado\",\"url\":\"https:\\\/\\\/digitalsantotome.com.ar\\\/?author=2\"}]}<\/script>\n<!-- \/ Yoast SEO plugin. -->","yoast_head_json":{"title":"Proponen que la DPEC se convierta en empresa mixta con participaci\u00f3n de capital accionario privado - Digital Santo Tom\u00e9","robots":{"index":"index","follow":"follow","max-snippet":"max-snippet:-1","max-image-preview":"max-image-preview:large","max-video-preview":"max-video-preview:-1"},"canonical":"https:\/\/digitalsantotome.com.ar\/?p=10567","og_locale":"es_ES","og_type":"article","og_title":"Proponen que la DPEC se convierta en empresa mixta con participaci\u00f3n de capital accionario privado - Digital Santo Tom\u00e9","og_description":"CORRIENTES. Se plantea como modelo a seguir el esquema de YPF S.A. y del Banco de Corrientes S.A.. Surge de un proyecto presentado en la C\u00e1mara de Diputados de Corrientes. Propone que la Direcci\u00f3n Provincial de Energ\u00eda de Corrientes (DPEC) se convierta en una empresa mixta con una participaci\u00f3n estatal mayoritaria del 51% y una...","og_url":"https:\/\/digitalsantotome.com.ar\/?p=10567","og_site_name":"Digital Santo Tom\u00e9","article_published_time":"2025-03-25T10:37:46+00:00","article_modified_time":"2025-03-25T10:37:53+00:00","og_image":[{"width":790,"height":516,"url":"https:\/\/digitalsantotome.com.ar\/wp-content\/uploads\/2025\/03\/242608w790h516c.jpg.webp","type":"image\/webp"}],"author":"Jose Carlos Machado","twitter_card":"summary_large_image","twitter_misc":{"Escrito por":"Jose Carlos Machado","Tiempo de lectura":"3 minutos"},"schema":{"@context":"https:\/\/schema.org","@graph":[{"@type":"Article","@id":"https:\/\/digitalsantotome.com.ar\/?p=10567#article","isPartOf":{"@id":"https:\/\/digitalsantotome.com.ar\/?p=10567"},"author":{"name":"Jose Carlos Machado","@id":"https:\/\/digitalsantotome.com.ar\/#\/schema\/person\/8991d8822886fedd92ce7f03817e1bdf"},"headline":"Proponen que la DPEC se convierta en empresa mixta con participaci\u00f3n de capital accionario privado","datePublished":"2025-03-25T10:37:46+00:00","dateModified":"2025-03-25T10:37:53+00:00","mainEntityOfPage":{"@id":"https:\/\/digitalsantotome.com.ar\/?p=10567"},"wordCount":524,"publisher":{"@id":"https:\/\/digitalsantotome.com.ar\/#organization"},"image":{"@id":"https:\/\/digitalsantotome.com.ar\/?p=10567#primaryimage"},"thumbnailUrl":"https:\/\/digitalsantotome.com.ar\/wp-content\/uploads\/2025\/03\/242608w790h516c.jpg.webp","articleSection":["Provinciales"],"inLanguage":"es"},{"@type":"WebPage","@id":"https:\/\/digitalsantotome.com.ar\/?p=10567","url":"https:\/\/digitalsantotome.com.ar\/?p=10567","name":"Proponen que la DPEC se convierta en empresa mixta con participaci\u00f3n de capital accionario privado - Digital Santo Tom\u00e9","isPartOf":{"@id":"https:\/\/digitalsantotome.com.ar\/#website"},"primaryImageOfPage":{"@id":"https:\/\/digitalsantotome.com.ar\/?p=10567#primaryimage"},"image":{"@id":"https:\/\/digitalsantotome.com.ar\/?p=10567#primaryimage"},"thumbnailUrl":"https:\/\/digitalsantotome.com.ar\/wp-content\/uploads\/2025\/03\/242608w790h516c.jpg.webp","datePublished":"2025-03-25T10:37:46+00:00","dateModified":"2025-03-25T10:37:53+00:00","breadcrumb":{"@id":"https:\/\/digitalsantotome.com.ar\/?p=10567#breadcrumb"},"inLanguage":"es","potentialAction":[{"@type":"ReadAction","target":["https:\/\/digitalsantotome.com.ar\/?p=10567"]}]},{"@type":"ImageObject","inLanguage":"es","@id":"https:\/\/digitalsantotome.com.ar\/?p=10567#primaryimage","url":"https:\/\/digitalsantotome.com.ar\/wp-content\/uploads\/2025\/03\/242608w790h516c.jpg.webp","contentUrl":"https:\/\/digitalsantotome.com.ar\/wp-content\/uploads\/2025\/03\/242608w790h516c.jpg.webp","width":790,"height":516},{"@type":"BreadcrumbList","@id":"https:\/\/digitalsantotome.com.ar\/?p=10567#breadcrumb","itemListElement":[{"@type":"ListItem","position":1,"name":"Portada","item":"https:\/\/digitalsantotome.com.ar\/"},{"@type":"ListItem","position":2,"name":"Proponen que la DPEC se convierta en empresa mixta con participaci\u00f3n de capital accionario privado"}]},{"@type":"WebSite","@id":"https:\/\/digitalsantotome.com.ar\/#website","url":"https:\/\/digitalsantotome.com.ar\/","name":"Digital Santo Tom\u00e9","description":"Noticias desde Santo Tom\u00e9 al Mundo \u2013 La informacion que decide","publisher":{"@id":"https:\/\/digitalsantotome.com.ar\/#organization"},"potentialAction":[{"@type":"SearchAction","target":{"@type":"EntryPoint","urlTemplate":"https:\/\/digitalsantotome.com.ar\/?s={search_term_string}"},"query-input":{"@type":"PropertyValueSpecification","valueRequired":true,"valueName":"search_term_string"}}],"inLanguage":"es"},{"@type":"Organization","@id":"https:\/\/digitalsantotome.com.ar\/#organization","name":"Digital Santo Tom\u00e9","url":"https:\/\/digitalsantotome.com.ar\/","logo":{"@type":"ImageObject","inLanguage":"es","@id":"https:\/\/digitalsantotome.com.ar\/#\/schema\/logo\/image\/","url":"https:\/\/digitalsantotome.com.ar\/wp-content\/uploads\/2023\/01\/facebook.jpg","contentUrl":"https:\/\/digitalsantotome.com.ar\/wp-content\/uploads\/2023\/01\/facebook.jpg","width":512,"height":376,"caption":"Digital Santo Tom\u00e9"},"image":{"@id":"https:\/\/digitalsantotome.com.ar\/#\/schema\/logo\/image\/"}},{"@type":"Person","@id":"https:\/\/digitalsantotome.com.ar\/#\/schema\/person\/8991d8822886fedd92ce7f03817e1bdf","name":"Jose Carlos Machado","url":"https:\/\/digitalsantotome.com.ar\/?author=2"}]}},"_links":{"self":[{"href":"https:\/\/digitalsantotome.com.ar\/index.php?rest_route=\/wp\/v2\/posts\/10567","targetHints":{"allow":["GET"]}}],"collection":[{"href":"https:\/\/digitalsantotome.com.ar\/index.php?rest_route=\/wp\/v2\/posts"}],"about":[{"href":"https:\/\/digitalsantotome.com.ar\/index.php?rest_route=\/wp\/v2\/types\/post"}],"author":[{"embeddable":true,"href":"https:\/\/digitalsantotome.com.ar\/index.php?rest_route=\/wp\/v2\/users\/2"}],"replies":[{"embeddable":true,"href":"https:\/\/digitalsantotome.com.ar\/index.php?rest_route=%2Fwp%2Fv2%2Fcomments&post=10567"}],"version-history":[{"count":2,"href":"https:\/\/digitalsantotome.com.ar\/index.php?rest_route=\/wp\/v2\/posts\/10567\/revisions"}],"predecessor-version":[{"id":10570,"href":"https:\/\/digitalsantotome.com.ar\/index.php?rest_route=\/wp\/v2\/posts\/10567\/revisions\/10570"}],"wp:featuredmedia":[{"embeddable":true,"href":"https:\/\/digitalsantotome.com.ar\/index.php?rest_route=\/wp\/v2\/media\/10568"}],"wp:attachment":[{"href":"https:\/\/digitalsantotome.com.ar\/index.php?rest_route=%2Fwp%2Fv2%2Fmedia&parent=10567"}],"wp:term":[{"taxonomy":"category","embeddable":true,"href":"https:\/\/digitalsantotome.com.ar\/index.php?rest_route=%2Fwp%2Fv2%2Fcategories&post=10567"},{"taxonomy":"post_tag","embeddable":true,"href":"https:\/\/digitalsantotome.com.ar\/index.php?rest_route=%2Fwp%2Fv2%2Ftags&post=10567"}],"curies":[{"name":"wp","href":"https:\/\/api.w.org\/{rel}","templated":true}]}}