{"id":10670,"date":"2025-04-05T10:53:58","date_gmt":"2025-04-05T13:53:58","guid":{"rendered":"https:\/\/digitalsantotome.com.ar\/?p=10670"},"modified":"2025-04-06T19:22:19","modified_gmt":"2025-04-06T22:22:19","slug":"se-presento-oficialmente-en-santo-tome-la-diplomatura-universitaria-en-gestion-turistica-y-cultural","status":"publish","type":"post","link":"https:\/\/digitalsantotome.com.ar\/?p=10670","title":{"rendered":"Se present\u00f3 oficialmente en Santo Tom\u00e9 la Diplomatura Universitaria en Gesti\u00f3n Tur\u00edstica y Cultural"},"content":{"rendered":"<p>SANTO TOME. Con el intendente Augusto Suaid como anfitri\u00f3n, y la presencia de las autoridades de la Facultad de Artes, Dise\u00f1o y Ciencias de la Cultura de la Universidad Nacional del Nordeste, se lanz\u00f3 este viernes formalmente la Diplomatura Universitaria en Gesti\u00f3n Tur\u00edstica y Cultural en el Aula Magna de la Extensi\u00f3n \u00c1ulica de la UNNE de esta ciudad, seg\u00fan lo se\u00f1ala el parte de prensa divulgado por la Direcci\u00f2n de Prensa Municipal.<\/p>\n<p><img fetchpriority=\"high\" decoding=\"async\" class=\"alignnone size-full wp-image-10672\" src=\"https:\/\/digitalsantotome.com.ar\/wp-content\/uploads\/2025\/04\/IMG-20250404-WA0082.jpg\" alt=\"\" width=\"2560\" height=\"1706\" srcset=\"https:\/\/digitalsantotome.com.ar\/wp-content\/uploads\/2025\/04\/IMG-20250404-WA0082.jpg 2560w, https:\/\/digitalsantotome.com.ar\/wp-content\/uploads\/2025\/04\/IMG-20250404-WA0082-300x200.jpg 300w, https:\/\/digitalsantotome.com.ar\/wp-content\/uploads\/2025\/04\/IMG-20250404-WA0082-1024x682.jpg 1024w, https:\/\/digitalsantotome.com.ar\/wp-content\/uploads\/2025\/04\/IMG-20250404-WA0082-768x512.jpg 768w, https:\/\/digitalsantotome.com.ar\/wp-content\/uploads\/2025\/04\/IMG-20250404-WA0082-1536x1024.jpg 1536w, https:\/\/digitalsantotome.com.ar\/wp-content\/uploads\/2025\/04\/IMG-20250404-WA0082-2048x1365.jpg 2048w\" sizes=\"(max-width: 2560px) 100vw, 2560px\" \/><\/p>\n<p>Se trata de una formaci\u00f3n acad\u00e9mica de nivel superior, con duraci\u00f3n de 8 meses, con certificaci\u00f3n universitaria oficial, que llega para responder a una alta demanda de capacitaci\u00f3n en toda la provincia de Corrientes, y especialmente en esta ciudad. Esta diplomatura pone en valor el papel del gestor tur\u00edstico-cultural como agente clave en el desarrollo local y regional, fortaleciendo las capacidades del agente tur\u00edstico para preservar, comunicar y proyectar nuestra identidad, especialmente en un territorio como el nuestro, que integra el Corredor Jesu\u00edtico-Guaran\u00ed, un legado hist\u00f3rico, cultural y tur\u00edstico de alt\u00edsimo valor.<\/p>\n<p>Por la Universidad Nacional del Nordeste asistieron el decano de la Facultad de Artes, Dise\u00f1o y Ciencias de la Cultura, Arq. Mgter. Gabriel Romero; el secretario Acad\u00e9mico, Lic. Roberto Bezos; el secretario Administrativo, Dr. Mauro Castillo Trangoni; la secretaria de Bienestar, Asuntos Estudiantiles y Graduados, T.T. Magal\u00ed D\u00edaz Roa; la coordinadora del \u00c1rea de Graduados, Srta. Magal\u00ed Lanser; la secretaria de Investigaci\u00f3n, Posgrado, Innovaci\u00f3n y Vinculaci\u00f3n Tecnol\u00f3gica, Prof. Mar\u00eda N\u00fa\u00f1ez Camelino; y la secretaria de Planificaci\u00f3n y Desarrollo Institucional, Mgter. Arq. In\u00e9s Presman.<\/p>\n<p>Voces autorizadas:<\/p>\n<p>El decano de la Facultad de Artes, Dise\u00f1o y Ciencias de la Cultura de la UNNE Gabriel Romero expres\u00f3: \u201cLa localidad de Santo Tom\u00e9 tiene su historia, su paisaje, y la posibilidad de generar estos v\u00ednculos con Brasil. Nosotros estamos haciendo un primer paso. Estamos trabajando en futuros proyectos, y me parece que es un buen comienzo para fortalecer este lazo,y seguir formando, y pensar que la cultura y el turismo pueden dar trabajo, tener desarrollo y formar un v\u00ednculo muy importante entre la universidad, el Municipio y el Gobierno Provincial\u201d.<\/p>\n<p>A continuaci\u00f3n, el intendente Augusto Suaid dijo: \u201cHoy estamos dando un gran paso en una relaci\u00f3n estrat\u00e9gica que tenemos con la Universidad Nacional del Nordeste, y es un gran paso en el perfil de ciudad al que apunta esta gesti\u00f3n, una ciudad que apunta al conocimiento, al desarrollo y a generar oportunidades para nuestros j\u00f3venes\u201d.<\/p>\n<p>Agreg\u00f3 que \u201chaciendo un poco de memoria, en el 2016, yo todav\u00eda no era intendente, y ya so\u00f1\u00e1bamos con empezar a darle forma a este proyecto. \u00bfY qu\u00e9 quiero recalcar con esto? Que las cosas no suceden por casualidad, sino por causalidad y en base a las acciones que nosotros realizamos. Despu\u00e9s de 8 a\u00f1os, y gracias a la visi\u00f3n que hoy tenemos del nuevo decano, que en ese momento era director de Cultura, nos abri\u00f3 las puertas junto a su equipo con In\u00e9s (Presman), gracias a la relaci\u00f3n estrat\u00e9gica que tenemos tambi\u00e9n con Omar Larroza (rector de la UNNE) y el v\u00ednculo con el Gobierno provincial, hoy estamos dando este gran paso\u201d.<\/p>\n<p>Y recalc\u00f3: \u201cpara que los j\u00f3venes de nuestra ciudad y de toda la regi\u00f3n puedan tener una oportunidad de una diplomatura universitaria, que genera oportunidades. Y qu\u00e9 mejor que formarse mirando de d\u00f3nde venimos, de nuestras ra\u00edces, de lo cultural\u201d se\u00f1al\u00f3 haciendo referencia al pasado jesu\u00edtico-guaran\u00ed que tiene la regi\u00f3n, vinculada al turismo.<\/p>\n<p>La \u00a0secretaria de Planificaci\u00f3n y Desarrollo Institucional Arq. In\u00e9s Presman, afirm\u00f3 en su alocuci\u00f3n, que \u201cm\u00e1s all\u00e1 de la presentaci\u00f3n de esta Diplomatura en Gesti\u00f3n Tur\u00edstico Cultural, venimos trabajando en una alianza estrat\u00e9gica que toma 9 municipios que involucra, no solo los primeros cuatro pueblos originarios del corredor, sino tambi\u00e9n un \u00e1rea de influencia muy importante. Es un proyecto de la Universidad Nacional del Nordeste denominado \u2018La Universidad en el medio\u2019, y la idea es tomar los 9 municipios con sus comunidades, los sectores est\u00e1n directa e indirectamente vinculados a la actividad tur\u00edstica, el Ministerio de Turismo de Corrientes y el Instituto de Cultura, entre otras entidades. Esto se inici\u00f3 con el apoyo de nuestro decano. Se est\u00e1 demostrando que es una alianza virtuosa fundamentalmente para detectar cu\u00e1l es el potencial de cada una de las localidades, y pensarlo en el trabajo que vienen realizando en la micro regi\u00f3n\u201d.<\/p>\n<p>El secretario Acad\u00e9mico y director de la diplomatura Lic. Roberto Bezos dijo, tras la presentaci\u00f3n, \u201cvenimos trabajando desde el a\u00f1o pasado, tras la visita del intendente a nuestra facultad. So\u00f1amos con este proyecto y con otros tantos, que tenemos en carpeta como una diplomatura en carnaval que tambi\u00e9n nos fue solicitada y prontamente vamos a hacer el lanzamiento tambi\u00e9n\u201d.<\/p>\n<p>Bezos hizo hincapie en el posicionamiento y la expansi\u00f3n de la Facultad de Artes, Dise\u00f1o y Ciencias de la Cultura de la UNNE en los municipios correntinos, \u201creflejando las aristas de gesti\u00f3n y desarrollo de lo tur\u00edstico, lo cultural, lo art\u00edstico, el dise\u00f1o, la imagen, el sonido y la multimedia\u201d.<\/p>\n<p>El director de Educaci\u00f3n Superior de la Municipalidad, David Aranda inform\u00f3 durante la presentaci\u00f3n, que se puede realizar la inscripci\u00f3n on-line a trav\u00e9s de la p\u00e1gina su guaran\u00ed de la facultad a partir del d\u00eda lunes 7 de abril, o bien personalmente en la Extensi\u00f3n \u00c1ulica de la Facultad.<\/p>\n<p>Pueden realizar consultas o bien inscribirse al mail: direcciondeeducacion.st@gmail.com, o al tel\u00e9fono: 3756-501722. O dirigirse a la Oficina de Direcci\u00f3n de Educaci\u00f3n Superior: \u00c1ngel Blanco 851, de lunes a viernes de 8 a 12.<\/p>\n<p>Y las clases de la diplomatura arrancar\u00e1n el d\u00eda 8 de mayo.<\/p>\n","protected":false},"excerpt":{"rendered":"<p>SANTO TOME. Con el intendente Augusto Suaid como anfitri\u00f3n, y la presencia de las autoridades de la Facultad de Artes, Dise\u00f1o y Ciencias de la Cultura de la Universidad Nacional del Nordeste, se lanz\u00f3 este viernes formalmente la Diplomatura Universitaria en Gesti\u00f3n Tur\u00edstica y Cultural en el Aula Magna de la Extensi\u00f3n \u00c1ulica de la&#8230;<\/p>\n","protected":false},"author":2,"featured_media":10671,"comment_status":"closed","ping_status":"closed","sticky":false,"template":"","format":"standard","meta":{"_kad_post_transparent":"default","_kad_post_title":"default","_kad_post_layout":"default","_kad_post_sidebar_id":"","_kad_post_content_style":"default","_kad_post_vertical_padding":"default","_kad_post_feature":"","_kad_post_feature_position":"","_kad_post_header":false,"_kad_post_footer":false,"_kad_post_classname":"","footnotes":""},"categories":[1,3],"tags":[],"class_list":["post-10670","post","type-post","status-publish","format-standard","has-post-thumbnail","hentry","category-locales","category-noticias-breves"],"a3_pvc":{"activated":false,"total_views":0,"today_views":0},"yoast_head":"<!-- This site is optimized with the Yoast SEO plugin v27.5 - https:\/\/yoast.com\/product\/yoast-seo-wordpress\/ -->\n<title>Se present\u00f3 oficialmente en Santo Tom\u00e9 la Diplomatura Universitaria en Gesti\u00f3n Tur\u00edstica y Cultural - Digital Santo Tom\u00e9<\/title>\n<meta name=\"robots\" content=\"index, follow, max-snippet:-1, max-image-preview:large, max-video-preview:-1\" \/>\n<link rel=\"canonical\" href=\"https:\/\/digitalsantotome.com.ar\/?p=10670\" \/>\n<meta property=\"og:locale\" content=\"es_ES\" \/>\n<meta property=\"og:type\" content=\"article\" \/>\n<meta property=\"og:title\" content=\"Se present\u00f3 oficialmente en Santo Tom\u00e9 la Diplomatura Universitaria en Gesti\u00f3n Tur\u00edstica y Cultural - Digital Santo Tom\u00e9\" \/>\n<meta property=\"og:description\" content=\"SANTO TOME. Con el intendente Augusto Suaid como anfitri\u00f3n, y la presencia de las autoridades de la Facultad de Artes, Dise\u00f1o y Ciencias de la Cultura de la Universidad Nacional del Nordeste, se lanz\u00f3 este viernes formalmente la Diplomatura Universitaria en Gesti\u00f3n Tur\u00edstica y Cultural en el Aula Magna de la Extensi\u00f3n \u00c1ulica de la...\" \/>\n<meta property=\"og:url\" content=\"https:\/\/digitalsantotome.com.ar\/?p=10670\" \/>\n<meta property=\"og:site_name\" content=\"Digital Santo Tom\u00e9\" \/>\n<meta property=\"article:published_time\" content=\"2025-04-05T13:53:58+00:00\" \/>\n<meta property=\"article:modified_time\" content=\"2025-04-06T22:22:19+00:00\" \/>\n<meta property=\"og:image\" content=\"https:\/\/digitalsantotome.com.ar\/wp-content\/uploads\/2025\/04\/IMG-20250404-WA0081-3.jpg\" \/>\n\t<meta property=\"og:image:width\" content=\"2560\" \/>\n\t<meta property=\"og:image:height\" content=\"1706\" \/>\n\t<meta property=\"og:image:type\" content=\"image\/jpeg\" \/>\n<meta name=\"author\" content=\"Jose Carlos Machado\" \/>\n<meta name=\"twitter:card\" content=\"summary_large_image\" \/>\n<meta name=\"twitter:label1\" content=\"Escrito por\" \/>\n\t<meta name=\"twitter:data1\" content=\"Jose Carlos Machado\" \/>\n\t<meta name=\"twitter:label2\" content=\"Tiempo de lectura\" \/>\n\t<meta name=\"twitter:data2\" content=\"5 minutos\" \/>\n<script type=\"application\/ld+json\" class=\"yoast-schema-graph\">{\"@context\":\"https:\\\/\\\/schema.org\",\"@graph\":[{\"@type\":\"Article\",\"@id\":\"https:\\\/\\\/digitalsantotome.com.ar\\\/?p=10670#article\",\"isPartOf\":{\"@id\":\"https:\\\/\\\/digitalsantotome.com.ar\\\/?p=10670\"},\"author\":{\"name\":\"Jose Carlos Machado\",\"@id\":\"https:\\\/\\\/digitalsantotome.com.ar\\\/#\\\/schema\\\/person\\\/8991d8822886fedd92ce7f03817e1bdf\"},\"headline\":\"Se present\u00f3 oficialmente en Santo Tom\u00e9 la Diplomatura Universitaria en Gesti\u00f3n Tur\u00edstica y Cultural\",\"datePublished\":\"2025-04-05T13:53:58+00:00\",\"dateModified\":\"2025-04-06T22:22:19+00:00\",\"mainEntityOfPage\":{\"@id\":\"https:\\\/\\\/digitalsantotome.com.ar\\\/?p=10670\"},\"wordCount\":1018,\"publisher\":{\"@id\":\"https:\\\/\\\/digitalsantotome.com.ar\\\/#organization\"},\"image\":{\"@id\":\"https:\\\/\\\/digitalsantotome.com.ar\\\/?p=10670#primaryimage\"},\"thumbnailUrl\":\"https:\\\/\\\/digitalsantotome.com.ar\\\/wp-content\\\/uploads\\\/2025\\\/04\\\/IMG-20250404-WA0081-3.jpg\",\"articleSection\":[\"Locales\",\"Noticias breves\"],\"inLanguage\":\"es\"},{\"@type\":\"WebPage\",\"@id\":\"https:\\\/\\\/digitalsantotome.com.ar\\\/?p=10670\",\"url\":\"https:\\\/\\\/digitalsantotome.com.ar\\\/?p=10670\",\"name\":\"Se present\u00f3 oficialmente en Santo Tom\u00e9 la Diplomatura Universitaria en Gesti\u00f3n Tur\u00edstica y Cultural - Digital Santo Tom\u00e9\",\"isPartOf\":{\"@id\":\"https:\\\/\\\/digitalsantotome.com.ar\\\/#website\"},\"primaryImageOfPage\":{\"@id\":\"https:\\\/\\\/digitalsantotome.com.ar\\\/?p=10670#primaryimage\"},\"image\":{\"@id\":\"https:\\\/\\\/digitalsantotome.com.ar\\\/?p=10670#primaryimage\"},\"thumbnailUrl\":\"https:\\\/\\\/digitalsantotome.com.ar\\\/wp-content\\\/uploads\\\/2025\\\/04\\\/IMG-20250404-WA0081-3.jpg\",\"datePublished\":\"2025-04-05T13:53:58+00:00\",\"dateModified\":\"2025-04-06T22:22:19+00:00\",\"breadcrumb\":{\"@id\":\"https:\\\/\\\/digitalsantotome.com.ar\\\/?p=10670#breadcrumb\"},\"inLanguage\":\"es\",\"potentialAction\":[{\"@type\":\"ReadAction\",\"target\":[\"https:\\\/\\\/digitalsantotome.com.ar\\\/?p=10670\"]}]},{\"@type\":\"ImageObject\",\"inLanguage\":\"es\",\"@id\":\"https:\\\/\\\/digitalsantotome.com.ar\\\/?p=10670#primaryimage\",\"url\":\"https:\\\/\\\/digitalsantotome.com.ar\\\/wp-content\\\/uploads\\\/2025\\\/04\\\/IMG-20250404-WA0081-3.jpg\",\"contentUrl\":\"https:\\\/\\\/digitalsantotome.com.ar\\\/wp-content\\\/uploads\\\/2025\\\/04\\\/IMG-20250404-WA0081-3.jpg\",\"width\":2560,\"height\":1706},{\"@type\":\"BreadcrumbList\",\"@id\":\"https:\\\/\\\/digitalsantotome.com.ar\\\/?p=10670#breadcrumb\",\"itemListElement\":[{\"@type\":\"ListItem\",\"position\":1,\"name\":\"Portada\",\"item\":\"https:\\\/\\\/digitalsantotome.com.ar\\\/\"},{\"@type\":\"ListItem\",\"position\":2,\"name\":\"Se present\u00f3 oficialmente en Santo Tom\u00e9 la Diplomatura Universitaria en Gesti\u00f3n Tur\u00edstica y Cultural\"}]},{\"@type\":\"WebSite\",\"@id\":\"https:\\\/\\\/digitalsantotome.com.ar\\\/#website\",\"url\":\"https:\\\/\\\/digitalsantotome.com.ar\\\/\",\"name\":\"Digital Santo Tom\u00e9\",\"description\":\"Noticias desde Santo Tom\u00e9 al Mundo \u2013 La informacion que decide\",\"publisher\":{\"@id\":\"https:\\\/\\\/digitalsantotome.com.ar\\\/#organization\"},\"potentialAction\":[{\"@type\":\"SearchAction\",\"target\":{\"@type\":\"EntryPoint\",\"urlTemplate\":\"https:\\\/\\\/digitalsantotome.com.ar\\\/?s={search_term_string}\"},\"query-input\":{\"@type\":\"PropertyValueSpecification\",\"valueRequired\":true,\"valueName\":\"search_term_string\"}}],\"inLanguage\":\"es\"},{\"@type\":\"Organization\",\"@id\":\"https:\\\/\\\/digitalsantotome.com.ar\\\/#organization\",\"name\":\"Digital Santo Tom\u00e9\",\"url\":\"https:\\\/\\\/digitalsantotome.com.ar\\\/\",\"logo\":{\"@type\":\"ImageObject\",\"inLanguage\":\"es\",\"@id\":\"https:\\\/\\\/digitalsantotome.com.ar\\\/#\\\/schema\\\/logo\\\/image\\\/\",\"url\":\"https:\\\/\\\/digitalsantotome.com.ar\\\/wp-content\\\/uploads\\\/2023\\\/01\\\/facebook.jpg\",\"contentUrl\":\"https:\\\/\\\/digitalsantotome.com.ar\\\/wp-content\\\/uploads\\\/2023\\\/01\\\/facebook.jpg\",\"width\":512,\"height\":376,\"caption\":\"Digital Santo Tom\u00e9\"},\"image\":{\"@id\":\"https:\\\/\\\/digitalsantotome.com.ar\\\/#\\\/schema\\\/logo\\\/image\\\/\"}},{\"@type\":\"Person\",\"@id\":\"https:\\\/\\\/digitalsantotome.com.ar\\\/#\\\/schema\\\/person\\\/8991d8822886fedd92ce7f03817e1bdf\",\"name\":\"Jose Carlos Machado\",\"url\":\"https:\\\/\\\/digitalsantotome.com.ar\\\/?author=2\"}]}<\/script>\n<!-- \/ Yoast SEO plugin. -->","yoast_head_json":{"title":"Se present\u00f3 oficialmente en Santo Tom\u00e9 la Diplomatura Universitaria en Gesti\u00f3n Tur\u00edstica y Cultural - Digital Santo Tom\u00e9","robots":{"index":"index","follow":"follow","max-snippet":"max-snippet:-1","max-image-preview":"max-image-preview:large","max-video-preview":"max-video-preview:-1"},"canonical":"https:\/\/digitalsantotome.com.ar\/?p=10670","og_locale":"es_ES","og_type":"article","og_title":"Se present\u00f3 oficialmente en Santo Tom\u00e9 la Diplomatura Universitaria en Gesti\u00f3n Tur\u00edstica y Cultural - Digital Santo Tom\u00e9","og_description":"SANTO TOME. Con el intendente Augusto Suaid como anfitri\u00f3n, y la presencia de las autoridades de la Facultad de Artes, Dise\u00f1o y Ciencias de la Cultura de la Universidad Nacional del Nordeste, se lanz\u00f3 este viernes formalmente la Diplomatura Universitaria en Gesti\u00f3n Tur\u00edstica y Cultural en el Aula Magna de la Extensi\u00f3n \u00c1ulica de la...","og_url":"https:\/\/digitalsantotome.com.ar\/?p=10670","og_site_name":"Digital Santo Tom\u00e9","article_published_time":"2025-04-05T13:53:58+00:00","article_modified_time":"2025-04-06T22:22:19+00:00","og_image":[{"width":2560,"height":1706,"url":"https:\/\/digitalsantotome.com.ar\/wp-content\/uploads\/2025\/04\/IMG-20250404-WA0081-3.jpg","type":"image\/jpeg"}],"author":"Jose Carlos Machado","twitter_card":"summary_large_image","twitter_misc":{"Escrito por":"Jose Carlos Machado","Tiempo de lectura":"5 minutos"},"schema":{"@context":"https:\/\/schema.org","@graph":[{"@type":"Article","@id":"https:\/\/digitalsantotome.com.ar\/?p=10670#article","isPartOf":{"@id":"https:\/\/digitalsantotome.com.ar\/?p=10670"},"author":{"name":"Jose Carlos Machado","@id":"https:\/\/digitalsantotome.com.ar\/#\/schema\/person\/8991d8822886fedd92ce7f03817e1bdf"},"headline":"Se present\u00f3 oficialmente en Santo Tom\u00e9 la Diplomatura Universitaria en Gesti\u00f3n Tur\u00edstica y Cultural","datePublished":"2025-04-05T13:53:58+00:00","dateModified":"2025-04-06T22:22:19+00:00","mainEntityOfPage":{"@id":"https:\/\/digitalsantotome.com.ar\/?p=10670"},"wordCount":1018,"publisher":{"@id":"https:\/\/digitalsantotome.com.ar\/#organization"},"image":{"@id":"https:\/\/digitalsantotome.com.ar\/?p=10670#primaryimage"},"thumbnailUrl":"https:\/\/digitalsantotome.com.ar\/wp-content\/uploads\/2025\/04\/IMG-20250404-WA0081-3.jpg","articleSection":["Locales","Noticias breves"],"inLanguage":"es"},{"@type":"WebPage","@id":"https:\/\/digitalsantotome.com.ar\/?p=10670","url":"https:\/\/digitalsantotome.com.ar\/?p=10670","name":"Se present\u00f3 oficialmente en Santo Tom\u00e9 la Diplomatura Universitaria en Gesti\u00f3n Tur\u00edstica y Cultural - Digital Santo Tom\u00e9","isPartOf":{"@id":"https:\/\/digitalsantotome.com.ar\/#website"},"primaryImageOfPage":{"@id":"https:\/\/digitalsantotome.com.ar\/?p=10670#primaryimage"},"image":{"@id":"https:\/\/digitalsantotome.com.ar\/?p=10670#primaryimage"},"thumbnailUrl":"https:\/\/digitalsantotome.com.ar\/wp-content\/uploads\/2025\/04\/IMG-20250404-WA0081-3.jpg","datePublished":"2025-04-05T13:53:58+00:00","dateModified":"2025-04-06T22:22:19+00:00","breadcrumb":{"@id":"https:\/\/digitalsantotome.com.ar\/?p=10670#breadcrumb"},"inLanguage":"es","potentialAction":[{"@type":"ReadAction","target":["https:\/\/digitalsantotome.com.ar\/?p=10670"]}]},{"@type":"ImageObject","inLanguage":"es","@id":"https:\/\/digitalsantotome.com.ar\/?p=10670#primaryimage","url":"https:\/\/digitalsantotome.com.ar\/wp-content\/uploads\/2025\/04\/IMG-20250404-WA0081-3.jpg","contentUrl":"https:\/\/digitalsantotome.com.ar\/wp-content\/uploads\/2025\/04\/IMG-20250404-WA0081-3.jpg","width":2560,"height":1706},{"@type":"BreadcrumbList","@id":"https:\/\/digitalsantotome.com.ar\/?p=10670#breadcrumb","itemListElement":[{"@type":"ListItem","position":1,"name":"Portada","item":"https:\/\/digitalsantotome.com.ar\/"},{"@type":"ListItem","position":2,"name":"Se present\u00f3 oficialmente en Santo Tom\u00e9 la Diplomatura Universitaria en Gesti\u00f3n Tur\u00edstica y Cultural"}]},{"@type":"WebSite","@id":"https:\/\/digitalsantotome.com.ar\/#website","url":"https:\/\/digitalsantotome.com.ar\/","name":"Digital Santo Tom\u00e9","description":"Noticias desde Santo Tom\u00e9 al Mundo \u2013 La informacion que decide","publisher":{"@id":"https:\/\/digitalsantotome.com.ar\/#organization"},"potentialAction":[{"@type":"SearchAction","target":{"@type":"EntryPoint","urlTemplate":"https:\/\/digitalsantotome.com.ar\/?s={search_term_string}"},"query-input":{"@type":"PropertyValueSpecification","valueRequired":true,"valueName":"search_term_string"}}],"inLanguage":"es"},{"@type":"Organization","@id":"https:\/\/digitalsantotome.com.ar\/#organization","name":"Digital Santo Tom\u00e9","url":"https:\/\/digitalsantotome.com.ar\/","logo":{"@type":"ImageObject","inLanguage":"es","@id":"https:\/\/digitalsantotome.com.ar\/#\/schema\/logo\/image\/","url":"https:\/\/digitalsantotome.com.ar\/wp-content\/uploads\/2023\/01\/facebook.jpg","contentUrl":"https:\/\/digitalsantotome.com.ar\/wp-content\/uploads\/2023\/01\/facebook.jpg","width":512,"height":376,"caption":"Digital Santo Tom\u00e9"},"image":{"@id":"https:\/\/digitalsantotome.com.ar\/#\/schema\/logo\/image\/"}},{"@type":"Person","@id":"https:\/\/digitalsantotome.com.ar\/#\/schema\/person\/8991d8822886fedd92ce7f03817e1bdf","name":"Jose Carlos Machado","url":"https:\/\/digitalsantotome.com.ar\/?author=2"}]}},"_links":{"self":[{"href":"https:\/\/digitalsantotome.com.ar\/index.php?rest_route=\/wp\/v2\/posts\/10670","targetHints":{"allow":["GET"]}}],"collection":[{"href":"https:\/\/digitalsantotome.com.ar\/index.php?rest_route=\/wp\/v2\/posts"}],"about":[{"href":"https:\/\/digitalsantotome.com.ar\/index.php?rest_route=\/wp\/v2\/types\/post"}],"author":[{"embeddable":true,"href":"https:\/\/digitalsantotome.com.ar\/index.php?rest_route=\/wp\/v2\/users\/2"}],"replies":[{"embeddable":true,"href":"https:\/\/digitalsantotome.com.ar\/index.php?rest_route=%2Fwp%2Fv2%2Fcomments&post=10670"}],"version-history":[{"count":1,"href":"https:\/\/digitalsantotome.com.ar\/index.php?rest_route=\/wp\/v2\/posts\/10670\/revisions"}],"predecessor-version":[{"id":10673,"href":"https:\/\/digitalsantotome.com.ar\/index.php?rest_route=\/wp\/v2\/posts\/10670\/revisions\/10673"}],"wp:featuredmedia":[{"embeddable":true,"href":"https:\/\/digitalsantotome.com.ar\/index.php?rest_route=\/wp\/v2\/media\/10671"}],"wp:attachment":[{"href":"https:\/\/digitalsantotome.com.ar\/index.php?rest_route=%2Fwp%2Fv2%2Fmedia&parent=10670"}],"wp:term":[{"taxonomy":"category","embeddable":true,"href":"https:\/\/digitalsantotome.com.ar\/index.php?rest_route=%2Fwp%2Fv2%2Fcategories&post=10670"},{"taxonomy":"post_tag","embeddable":true,"href":"https:\/\/digitalsantotome.com.ar\/index.php?rest_route=%2Fwp%2Fv2%2Ftags&post=10670"}],"curies":[{"name":"wp","href":"https:\/\/api.w.org\/{rel}","templated":true}]}}