{"id":10702,"date":"2025-04-10T07:57:29","date_gmt":"2025-04-10T10:57:29","guid":{"rendered":"https:\/\/digitalsantotome.com.ar\/?p=10702"},"modified":"2025-04-10T08:07:22","modified_gmt":"2025-04-10T11:07:22","slug":"valdes-advirtio-que-el-estado-nacional-no-manda-recursos","status":"publish","type":"post","link":"https:\/\/digitalsantotome.com.ar\/?p=10702","title":{"rendered":"Vald\u00e9s advirti\u00f3 que \u201cel Estado nacional no manda recursos\u201d"},"content":{"rendered":"<p>CORRIENTES. El gobernador de Corrientes, Gustavo Vald\u00e9s, visit\u00f3 este martes la localidad de Pago de los Deseos para encabezar el acto de entrega de 10 viviendas construidas a trav\u00e9s del Programa O\u00f1ondiv\u00e9, desarrollado por el Instituto de Viviendas de Corrientes (INVICO). En ese marco, se firm\u00f3 un convenio con la intendenta local, Sintia Magaldi, para avanzar en la edificaci\u00f3n de 15 nuevas unidades habitacionales, lo que permitir\u00e1 cubrir la totalidad de la demanda actual en el municipio.<\/p>\n<p>Durante la ceremonia, que inici\u00f3 con la bendici\u00f3n de llaves y carpetas por parte del p\u00e1rroco Mart\u00edn Gonz\u00e1lez, el mandatario provincial enfatiz\u00f3 el valor de las pol\u00edticas p\u00fablicas destinadas a resolver el d\u00e9ficit habitacional en peque\u00f1as comunidades. \u201cUna de las principales problem\u00e1ticas que se tiene en las localidades chiquitas es la falta de viviendas, porque es muy dif\u00edcil para un pueblo poder juntar o ahorrar la plata para una casa\u201d, afirm\u00f3 Vald\u00e9s.<\/p>\n<p>El gobernador explic\u00f3 que, ante la falta de aportes por parte del Estado nacional, el Gobierno provincial decidi\u00f3 asumir el compromiso de construir viviendas junto a los municipios. \u201cTomamos el desaf\u00edo de trabajar con los intendentes respecto a esta necesidad\u201d, expres\u00f3, y record\u00f3 que al principio \u201cnos dec\u00edan que no \u00edbamos a poder\u201d, pero que el INVICO contaba con el equipo t\u00e9cnico y los municipios, con terrenos y recursos.<\/p>\n<p><strong>POL\u00cdTICAS P\u00daBLICAS Y COORDINACI\u00d3N INSTITUCIONAL<\/strong><\/p>\n<p>Vald\u00e9s repas\u00f3 la evoluci\u00f3n del programa, destacando que comenzaron con viviendas de 42 metros cuadrados y actualmente entregan unidades de 55 metros, completamente equipadas con mobiliario producido a partir de madera local. \u201cLes brindamos la unidad habitacional totalmente nueva, con cama, colch\u00f3n, cocina, heladera, termotanque, entre otros\u201d, detall\u00f3. A su vez, destac\u00f3 la importancia de este tipo de pol\u00edticas para frenar la migraci\u00f3n interna: \u201cSi no ten\u00e9s ninguna posibilidad de acceder a tu propia casa, te ten\u00e9s que mudar a otro lugar donde s\u00ed haya posibilidad\u201d.<\/p>\n<p>El convenio firmado contempla que las 15 nuevas viviendas ser\u00e1n construidas mediante el Programa de Esfuerzo Propio y Ayuda Mutua (EPAM), financiado en su totalidad con fondos provinciales. \u201cLa Provincia pondr\u00e1 el 100% de los recursos\u201d, asegur\u00f3 el gobernador. De esta manera, la localidad sumar\u00e1 un total de 35 casas construidas con apoyo del Estado correntino.<\/p>\n<p>En el mismo sentido, el interventor del INVICO, Lizardo Gonz\u00e1lez, destac\u00f3 la coordinaci\u00f3n entre distintas \u00e1reas gubernamentales para concretar estas obras. \u201cEstamos haciendo realidad el sue\u00f1o de 10 familias\u201d, expres\u00f3, y llam\u00f3 a los beneficiarios a \u201ccuidar las viviendas otorgadas\u201d.<\/p>\n<p>El ministro de Desarrollo Social, Ad\u00e1n Gaya, tambi\u00e9n tom\u00f3 la palabra y se\u00f1al\u00f3 que su cartera trabaj\u00f3 para amueblar las viviendas entregadas, al tiempo que acompa\u00f1aron a las familias en distintas gestiones. \u201cOjal\u00e1 tantas familias como en Pago de los Deseos en el resto de la Provincia puedan tener sus viviendas\u201d, manifest\u00f3.<\/p>\n<p>Por su parte, la intendenta Magaldi agradeci\u00f3 al Gobernador por su compromiso con la localidad, y valor\u00f3 el acompa\u00f1amiento recibido para la concreci\u00f3n de las primeras 10 viviendas. El acto culmin\u00f3 con la entrega formal de llaves y carpetas a las familias adjudicatarias, seguido por el corte de cintas y una recorrida por una de las viviendas inauguradas.<\/p>\n<p>Momarandu.com<\/p>\n","protected":false},"excerpt":{"rendered":"<p>CORRIENTES. El gobernador de Corrientes, Gustavo Vald\u00e9s, visit\u00f3 este martes la localidad de Pago de los Deseos para encabezar el acto de entrega de 10 viviendas construidas a trav\u00e9s del Programa O\u00f1ondiv\u00e9, desarrollado por el Instituto de Viviendas de Corrientes (INVICO). En ese marco, se firm\u00f3 un convenio con la intendenta local, Sintia Magaldi, para&#8230;<\/p>\n","protected":false},"author":2,"featured_media":10703,"comment_status":"closed","ping_status":"closed","sticky":false,"template":"","format":"standard","meta":{"_kad_post_transparent":"default","_kad_post_title":"default","_kad_post_layout":"default","_kad_post_sidebar_id":"","_kad_post_content_style":"default","_kad_post_vertical_padding":"default","_kad_post_feature":"","_kad_post_feature_position":"","_kad_post_header":false,"_kad_post_footer":false,"_kad_post_classname":"","footnotes":""},"categories":[2],"tags":[],"class_list":["post-10702","post","type-post","status-publish","format-standard","has-post-thumbnail","hentry","category-provinciales"],"a3_pvc":{"activated":false,"total_views":0,"today_views":0},"yoast_head":"<!-- This site is optimized with the Yoast SEO plugin v27.5 - https:\/\/yoast.com\/product\/yoast-seo-wordpress\/ -->\n<title>Vald\u00e9s advirti\u00f3 que \u201cel Estado nacional no manda recursos\u201d - Digital Santo Tom\u00e9<\/title>\n<meta name=\"robots\" content=\"index, follow, max-snippet:-1, max-image-preview:large, max-video-preview:-1\" \/>\n<link rel=\"canonical\" href=\"https:\/\/digitalsantotome.com.ar\/?p=10702\" \/>\n<meta property=\"og:locale\" content=\"es_ES\" \/>\n<meta property=\"og:type\" content=\"article\" \/>\n<meta property=\"og:title\" content=\"Vald\u00e9s advirti\u00f3 que \u201cel Estado nacional no manda recursos\u201d - Digital Santo Tom\u00e9\" \/>\n<meta property=\"og:description\" content=\"CORRIENTES. El gobernador de Corrientes, Gustavo Vald\u00e9s, visit\u00f3 este martes la localidad de Pago de los Deseos para encabezar el acto de entrega de 10 viviendas construidas a trav\u00e9s del Programa O\u00f1ondiv\u00e9, desarrollado por el Instituto de Viviendas de Corrientes (INVICO). En ese marco, se firm\u00f3 un convenio con la intendenta local, Sintia Magaldi, para...\" \/>\n<meta property=\"og:url\" content=\"https:\/\/digitalsantotome.com.ar\/?p=10702\" \/>\n<meta property=\"og:site_name\" content=\"Digital Santo Tom\u00e9\" \/>\n<meta property=\"article:published_time\" content=\"2025-04-10T10:57:29+00:00\" \/>\n<meta property=\"article:modified_time\" content=\"2025-04-10T11:07:22+00:00\" \/>\n<meta property=\"og:image\" content=\"https:\/\/digitalsantotome.com.ar\/wp-content\/uploads\/2025\/04\/milei-valdesjpg.webp\" \/>\n\t<meta property=\"og:image:width\" content=\"1200\" \/>\n\t<meta property=\"og:image:height\" content=\"675\" \/>\n\t<meta property=\"og:image:type\" content=\"image\/webp\" \/>\n<meta name=\"author\" content=\"Jose Carlos Machado\" \/>\n<meta name=\"twitter:card\" content=\"summary_large_image\" \/>\n<meta name=\"twitter:label1\" content=\"Escrito por\" \/>\n\t<meta name=\"twitter:data1\" content=\"Jose Carlos Machado\" \/>\n\t<meta name=\"twitter:label2\" content=\"Tiempo de lectura\" \/>\n\t<meta name=\"twitter:data2\" content=\"3 minutos\" \/>\n<script type=\"application\/ld+json\" class=\"yoast-schema-graph\">{\"@context\":\"https:\\\/\\\/schema.org\",\"@graph\":[{\"@type\":\"Article\",\"@id\":\"https:\\\/\\\/digitalsantotome.com.ar\\\/?p=10702#article\",\"isPartOf\":{\"@id\":\"https:\\\/\\\/digitalsantotome.com.ar\\\/?p=10702\"},\"author\":{\"name\":\"Jose Carlos Machado\",\"@id\":\"https:\\\/\\\/digitalsantotome.com.ar\\\/#\\\/schema\\\/person\\\/8991d8822886fedd92ce7f03817e1bdf\"},\"headline\":\"Vald\u00e9s advirti\u00f3 que \u201cel Estado nacional no manda recursos\u201d\",\"datePublished\":\"2025-04-10T10:57:29+00:00\",\"dateModified\":\"2025-04-10T11:07:22+00:00\",\"mainEntityOfPage\":{\"@id\":\"https:\\\/\\\/digitalsantotome.com.ar\\\/?p=10702\"},\"wordCount\":556,\"publisher\":{\"@id\":\"https:\\\/\\\/digitalsantotome.com.ar\\\/#organization\"},\"image\":{\"@id\":\"https:\\\/\\\/digitalsantotome.com.ar\\\/?p=10702#primaryimage\"},\"thumbnailUrl\":\"https:\\\/\\\/digitalsantotome.com.ar\\\/wp-content\\\/uploads\\\/2025\\\/04\\\/milei-valdesjpg.webp\",\"articleSection\":[\"Provinciales\"],\"inLanguage\":\"es\"},{\"@type\":\"WebPage\",\"@id\":\"https:\\\/\\\/digitalsantotome.com.ar\\\/?p=10702\",\"url\":\"https:\\\/\\\/digitalsantotome.com.ar\\\/?p=10702\",\"name\":\"Vald\u00e9s advirti\u00f3 que \u201cel Estado nacional no manda recursos\u201d - Digital Santo Tom\u00e9\",\"isPartOf\":{\"@id\":\"https:\\\/\\\/digitalsantotome.com.ar\\\/#website\"},\"primaryImageOfPage\":{\"@id\":\"https:\\\/\\\/digitalsantotome.com.ar\\\/?p=10702#primaryimage\"},\"image\":{\"@id\":\"https:\\\/\\\/digitalsantotome.com.ar\\\/?p=10702#primaryimage\"},\"thumbnailUrl\":\"https:\\\/\\\/digitalsantotome.com.ar\\\/wp-content\\\/uploads\\\/2025\\\/04\\\/milei-valdesjpg.webp\",\"datePublished\":\"2025-04-10T10:57:29+00:00\",\"dateModified\":\"2025-04-10T11:07:22+00:00\",\"breadcrumb\":{\"@id\":\"https:\\\/\\\/digitalsantotome.com.ar\\\/?p=10702#breadcrumb\"},\"inLanguage\":\"es\",\"potentialAction\":[{\"@type\":\"ReadAction\",\"target\":[\"https:\\\/\\\/digitalsantotome.com.ar\\\/?p=10702\"]}]},{\"@type\":\"ImageObject\",\"inLanguage\":\"es\",\"@id\":\"https:\\\/\\\/digitalsantotome.com.ar\\\/?p=10702#primaryimage\",\"url\":\"https:\\\/\\\/digitalsantotome.com.ar\\\/wp-content\\\/uploads\\\/2025\\\/04\\\/milei-valdesjpg.webp\",\"contentUrl\":\"https:\\\/\\\/digitalsantotome.com.ar\\\/wp-content\\\/uploads\\\/2025\\\/04\\\/milei-valdesjpg.webp\",\"width\":1200,\"height\":675},{\"@type\":\"BreadcrumbList\",\"@id\":\"https:\\\/\\\/digitalsantotome.com.ar\\\/?p=10702#breadcrumb\",\"itemListElement\":[{\"@type\":\"ListItem\",\"position\":1,\"name\":\"Portada\",\"item\":\"https:\\\/\\\/digitalsantotome.com.ar\\\/\"},{\"@type\":\"ListItem\",\"position\":2,\"name\":\"Vald\u00e9s advirti\u00f3 que \u201cel Estado nacional no manda recursos\u201d\"}]},{\"@type\":\"WebSite\",\"@id\":\"https:\\\/\\\/digitalsantotome.com.ar\\\/#website\",\"url\":\"https:\\\/\\\/digitalsantotome.com.ar\\\/\",\"name\":\"Digital Santo Tom\u00e9\",\"description\":\"Noticias desde Santo Tom\u00e9 al Mundo \u2013 La informacion que decide\",\"publisher\":{\"@id\":\"https:\\\/\\\/digitalsantotome.com.ar\\\/#organization\"},\"potentialAction\":[{\"@type\":\"SearchAction\",\"target\":{\"@type\":\"EntryPoint\",\"urlTemplate\":\"https:\\\/\\\/digitalsantotome.com.ar\\\/?s={search_term_string}\"},\"query-input\":{\"@type\":\"PropertyValueSpecification\",\"valueRequired\":true,\"valueName\":\"search_term_string\"}}],\"inLanguage\":\"es\"},{\"@type\":\"Organization\",\"@id\":\"https:\\\/\\\/digitalsantotome.com.ar\\\/#organization\",\"name\":\"Digital Santo Tom\u00e9\",\"url\":\"https:\\\/\\\/digitalsantotome.com.ar\\\/\",\"logo\":{\"@type\":\"ImageObject\",\"inLanguage\":\"es\",\"@id\":\"https:\\\/\\\/digitalsantotome.com.ar\\\/#\\\/schema\\\/logo\\\/image\\\/\",\"url\":\"https:\\\/\\\/digitalsantotome.com.ar\\\/wp-content\\\/uploads\\\/2023\\\/01\\\/facebook.jpg\",\"contentUrl\":\"https:\\\/\\\/digitalsantotome.com.ar\\\/wp-content\\\/uploads\\\/2023\\\/01\\\/facebook.jpg\",\"width\":512,\"height\":376,\"caption\":\"Digital Santo Tom\u00e9\"},\"image\":{\"@id\":\"https:\\\/\\\/digitalsantotome.com.ar\\\/#\\\/schema\\\/logo\\\/image\\\/\"}},{\"@type\":\"Person\",\"@id\":\"https:\\\/\\\/digitalsantotome.com.ar\\\/#\\\/schema\\\/person\\\/8991d8822886fedd92ce7f03817e1bdf\",\"name\":\"Jose Carlos Machado\",\"url\":\"https:\\\/\\\/digitalsantotome.com.ar\\\/?author=2\"}]}<\/script>\n<!-- \/ Yoast SEO plugin. -->","yoast_head_json":{"title":"Vald\u00e9s advirti\u00f3 que \u201cel Estado nacional no manda recursos\u201d - Digital Santo Tom\u00e9","robots":{"index":"index","follow":"follow","max-snippet":"max-snippet:-1","max-image-preview":"max-image-preview:large","max-video-preview":"max-video-preview:-1"},"canonical":"https:\/\/digitalsantotome.com.ar\/?p=10702","og_locale":"es_ES","og_type":"article","og_title":"Vald\u00e9s advirti\u00f3 que \u201cel Estado nacional no manda recursos\u201d - Digital Santo Tom\u00e9","og_description":"CORRIENTES. El gobernador de Corrientes, Gustavo Vald\u00e9s, visit\u00f3 este martes la localidad de Pago de los Deseos para encabezar el acto de entrega de 10 viviendas construidas a trav\u00e9s del Programa O\u00f1ondiv\u00e9, desarrollado por el Instituto de Viviendas de Corrientes (INVICO). En ese marco, se firm\u00f3 un convenio con la intendenta local, Sintia Magaldi, para...","og_url":"https:\/\/digitalsantotome.com.ar\/?p=10702","og_site_name":"Digital Santo Tom\u00e9","article_published_time":"2025-04-10T10:57:29+00:00","article_modified_time":"2025-04-10T11:07:22+00:00","og_image":[{"width":1200,"height":675,"url":"https:\/\/digitalsantotome.com.ar\/wp-content\/uploads\/2025\/04\/milei-valdesjpg.webp","type":"image\/webp"}],"author":"Jose Carlos Machado","twitter_card":"summary_large_image","twitter_misc":{"Escrito por":"Jose Carlos Machado","Tiempo de lectura":"3 minutos"},"schema":{"@context":"https:\/\/schema.org","@graph":[{"@type":"Article","@id":"https:\/\/digitalsantotome.com.ar\/?p=10702#article","isPartOf":{"@id":"https:\/\/digitalsantotome.com.ar\/?p=10702"},"author":{"name":"Jose Carlos Machado","@id":"https:\/\/digitalsantotome.com.ar\/#\/schema\/person\/8991d8822886fedd92ce7f03817e1bdf"},"headline":"Vald\u00e9s advirti\u00f3 que \u201cel Estado nacional no manda recursos\u201d","datePublished":"2025-04-10T10:57:29+00:00","dateModified":"2025-04-10T11:07:22+00:00","mainEntityOfPage":{"@id":"https:\/\/digitalsantotome.com.ar\/?p=10702"},"wordCount":556,"publisher":{"@id":"https:\/\/digitalsantotome.com.ar\/#organization"},"image":{"@id":"https:\/\/digitalsantotome.com.ar\/?p=10702#primaryimage"},"thumbnailUrl":"https:\/\/digitalsantotome.com.ar\/wp-content\/uploads\/2025\/04\/milei-valdesjpg.webp","articleSection":["Provinciales"],"inLanguage":"es"},{"@type":"WebPage","@id":"https:\/\/digitalsantotome.com.ar\/?p=10702","url":"https:\/\/digitalsantotome.com.ar\/?p=10702","name":"Vald\u00e9s advirti\u00f3 que \u201cel Estado nacional no manda recursos\u201d - Digital Santo Tom\u00e9","isPartOf":{"@id":"https:\/\/digitalsantotome.com.ar\/#website"},"primaryImageOfPage":{"@id":"https:\/\/digitalsantotome.com.ar\/?p=10702#primaryimage"},"image":{"@id":"https:\/\/digitalsantotome.com.ar\/?p=10702#primaryimage"},"thumbnailUrl":"https:\/\/digitalsantotome.com.ar\/wp-content\/uploads\/2025\/04\/milei-valdesjpg.webp","datePublished":"2025-04-10T10:57:29+00:00","dateModified":"2025-04-10T11:07:22+00:00","breadcrumb":{"@id":"https:\/\/digitalsantotome.com.ar\/?p=10702#breadcrumb"},"inLanguage":"es","potentialAction":[{"@type":"ReadAction","target":["https:\/\/digitalsantotome.com.ar\/?p=10702"]}]},{"@type":"ImageObject","inLanguage":"es","@id":"https:\/\/digitalsantotome.com.ar\/?p=10702#primaryimage","url":"https:\/\/digitalsantotome.com.ar\/wp-content\/uploads\/2025\/04\/milei-valdesjpg.webp","contentUrl":"https:\/\/digitalsantotome.com.ar\/wp-content\/uploads\/2025\/04\/milei-valdesjpg.webp","width":1200,"height":675},{"@type":"BreadcrumbList","@id":"https:\/\/digitalsantotome.com.ar\/?p=10702#breadcrumb","itemListElement":[{"@type":"ListItem","position":1,"name":"Portada","item":"https:\/\/digitalsantotome.com.ar\/"},{"@type":"ListItem","position":2,"name":"Vald\u00e9s advirti\u00f3 que \u201cel Estado nacional no manda recursos\u201d"}]},{"@type":"WebSite","@id":"https:\/\/digitalsantotome.com.ar\/#website","url":"https:\/\/digitalsantotome.com.ar\/","name":"Digital Santo Tom\u00e9","description":"Noticias desde Santo Tom\u00e9 al Mundo \u2013 La informacion que decide","publisher":{"@id":"https:\/\/digitalsantotome.com.ar\/#organization"},"potentialAction":[{"@type":"SearchAction","target":{"@type":"EntryPoint","urlTemplate":"https:\/\/digitalsantotome.com.ar\/?s={search_term_string}"},"query-input":{"@type":"PropertyValueSpecification","valueRequired":true,"valueName":"search_term_string"}}],"inLanguage":"es"},{"@type":"Organization","@id":"https:\/\/digitalsantotome.com.ar\/#organization","name":"Digital Santo Tom\u00e9","url":"https:\/\/digitalsantotome.com.ar\/","logo":{"@type":"ImageObject","inLanguage":"es","@id":"https:\/\/digitalsantotome.com.ar\/#\/schema\/logo\/image\/","url":"https:\/\/digitalsantotome.com.ar\/wp-content\/uploads\/2023\/01\/facebook.jpg","contentUrl":"https:\/\/digitalsantotome.com.ar\/wp-content\/uploads\/2023\/01\/facebook.jpg","width":512,"height":376,"caption":"Digital Santo Tom\u00e9"},"image":{"@id":"https:\/\/digitalsantotome.com.ar\/#\/schema\/logo\/image\/"}},{"@type":"Person","@id":"https:\/\/digitalsantotome.com.ar\/#\/schema\/person\/8991d8822886fedd92ce7f03817e1bdf","name":"Jose Carlos Machado","url":"https:\/\/digitalsantotome.com.ar\/?author=2"}]}},"_links":{"self":[{"href":"https:\/\/digitalsantotome.com.ar\/index.php?rest_route=\/wp\/v2\/posts\/10702","targetHints":{"allow":["GET"]}}],"collection":[{"href":"https:\/\/digitalsantotome.com.ar\/index.php?rest_route=\/wp\/v2\/posts"}],"about":[{"href":"https:\/\/digitalsantotome.com.ar\/index.php?rest_route=\/wp\/v2\/types\/post"}],"author":[{"embeddable":true,"href":"https:\/\/digitalsantotome.com.ar\/index.php?rest_route=\/wp\/v2\/users\/2"}],"replies":[{"embeddable":true,"href":"https:\/\/digitalsantotome.com.ar\/index.php?rest_route=%2Fwp%2Fv2%2Fcomments&post=10702"}],"version-history":[{"count":1,"href":"https:\/\/digitalsantotome.com.ar\/index.php?rest_route=\/wp\/v2\/posts\/10702\/revisions"}],"predecessor-version":[{"id":10704,"href":"https:\/\/digitalsantotome.com.ar\/index.php?rest_route=\/wp\/v2\/posts\/10702\/revisions\/10704"}],"wp:featuredmedia":[{"embeddable":true,"href":"https:\/\/digitalsantotome.com.ar\/index.php?rest_route=\/wp\/v2\/media\/10703"}],"wp:attachment":[{"href":"https:\/\/digitalsantotome.com.ar\/index.php?rest_route=%2Fwp%2Fv2%2Fmedia&parent=10702"}],"wp:term":[{"taxonomy":"category","embeddable":true,"href":"https:\/\/digitalsantotome.com.ar\/index.php?rest_route=%2Fwp%2Fv2%2Fcategories&post=10702"},{"taxonomy":"post_tag","embeddable":true,"href":"https:\/\/digitalsantotome.com.ar\/index.php?rest_route=%2Fwp%2Fv2%2Ftags&post=10702"}],"curies":[{"name":"wp","href":"https:\/\/api.w.org\/{rel}","templated":true}]}}