{"id":10912,"date":"2025-05-06T18:05:28","date_gmt":"2025-05-06T21:05:28","guid":{"rendered":"https:\/\/digitalsantotome.com.ar\/?p=10912"},"modified":"2025-05-07T15:25:32","modified_gmt":"2025-05-07T18:25:32","slug":"fajardo-hace-una-evaluacion-de-su-funcion-en-el-gabinete-pero-tambien-prendio-el-ventilador","status":"publish","type":"post","link":"https:\/\/digitalsantotome.com.ar\/?p=10912","title":{"rendered":"Fajardo hace una evaluaci\u00f3n de su funci\u00f3n en el gabinete  pero tambi\u00e9n prendi\u00f3 \u201cel ventilador\u201d"},"content":{"rendered":"<p>SANTO TOME. <strong>Gustavo Fajardo<\/strong> en su rol de<strong> Coordinador del Gabinete Municipal<\/strong>, a casi cuatro a\u00f1os de la actual gesti\u00f3n, hizo una especie de balance de lo que viene siendo su tarea en el actual esquema comunal. Entre otras cosas, reconoci\u00f3 <strong>la existencia de diferencias o desencuentros con el intendente y viceintendente<\/strong>, especialmente con <strong>Carlos Farizano<\/strong> y con otros funcionarios, pero valor\u00f3 el hecho de que esa situaci\u00f3n no tome estado p\u00fablico,<strong> \u201cson problemas dom\u00e9sticos\u201d,<\/strong> afirm\u00f3. Tambi\u00e9n neg\u00f3 que haya superposici\u00f3n de funciones en el actual organigrama municipal, y descart\u00f3 que vaya a integrar alguna lista de concejal, al igual que alguna comisi\u00f3n como las de comparsas. <strong>\u201cYa estoy pensando m\u00e1s en jubilarme\u201d<\/strong>, sostuvo el odont\u00f3logo devenido en funcionario municipal.<\/p>\n<p><strong>PRIMERAS IMPRESIONES<\/strong><\/p>\n<p>En este sentido el funcionario expres\u00f3 que <strong>\u201cefectivamente, van a ser cuatro a\u00f1os en Diciembre de una gesti\u00f3n con altibajos en lo que respecta a mi funci\u00f3n. Primeramente, voy\u00a0 hacer referencia al equipo de trabajo que yo conformo junto con el intendente Jos\u00e9 Augusto Suaid, con el vice Carlos Farizano y con el Secretario de Gobierno Juan Pablo Arroniz, es un equipo con el que estoy muy conforme y orgulloso de pertenecer, o mejor dicho de haber integrado, porque los tiempos se van terminando, pero en fin, es un equipo que siempre tir\u00f3 hacia adelante como dice nuestro eslogan y que no ha tenido rencillas expuestas a pesar de que siempre tenemos diferencias porque todos somos personas adultas, mayores, tenemos puntos de vistas distintos pero eso queda como \u201cun problema dom\u00e9stico\u201d dir\u00eda el intendente Suaid, diferencias que siempre de alguna u otra forma lo resolvemos internamente a diferencia de lo que pasaba en otras gestiones donde el intendente se peleaba con el viceintendente, eso hoy no ocurre o por lo menos no toma estado p\u00fablico, no es un problema del que todos los santotome\u00f1os hablen, y en realidad no se habla o no se ve porque no existe, lo que s\u00ed existen son diferencias, yo mismo tengo diferencias con el intendente y otras muchas con el vice intendente al igual que con otros funcionarios, pero no hacemos de esto un show porque el pueblo no tiene porqu\u00e9 estar pendiente de esas cuestiones; nosotros tenemos que mostrar para afuera madurez pol\u00edtica a pesar de que a m\u00ed me cuesta decir que soy pol\u00edtico hasta el d\u00eda de hoy porque yo en realidad toda la vida viv\u00ed de mi actividad privada; en fin, lo que quer\u00eda decir, es que la gente estaba cansada de otras gestiones donde ten\u00eda que tomar partido por el intendente o por el gobernador y hoy no existe eso y gracias a eso hoy vamos bien, conformamos un equipo s\u00f3lido\u201d,<\/strong> asegur\u00f3.<\/p>\n<p><strong>SUPERPOSICION DE FUNCIONES<\/strong><\/p>\n<p>En relaci\u00f3n a la funci\u00f3n creada hace un tiempo atr\u00e1s donde se le asign\u00f3 al Sr.<strong> Carlos Molina<\/strong> funciones que se superponen a la suya en la coordinaci\u00f3n de gabinete, y hasta inclusive con la del secretario de gobierno <strong>Pablo Arroniz (el compadre)<\/strong>, se\u00f1al\u00f3: <strong>\u201cNo, tenemos funciones distintas y, en algunos casos, hasta contrarias; yo soy coordinador de gabinete y yo coordino el gabinete entre secretarios, mientras que Carlos Molina realiza control y gesti\u00f3n, \u00e9l controla y gestiona movimientos de todo tipo como ser maquinarias, inmuebles y otros bienes, y aunque tambi\u00e9n de personal, yo coordino otras \u00e1reas como por ejemplo las de salud, de acci\u00f3n social, o donde sea necesario siempre estoy trabajando en conjunto esa es mi dedicaci\u00f3n y no tiene nada que ver con lo que hace Molina, y mucho menos con la tarea que realiza Arroniz en la Secretar\u00eda de Gobierno que es un puesto mucho m\u00e1s importante, el tercero en jerarqu\u00eda despu\u00e9s del intendente y el vice de acuerdo al organigrama municipal, pero m\u00e1s all\u00e1 de eso, siempre nos estamos dando una mano y actuando en conjunto\u201d,<\/strong> aclar\u00f3.<\/p>\n<p><strong>CREO UN PARTIDO POR ESTAR CANSADO DEL PERONISMO<\/strong><\/p>\n<p>Consultado qu\u00e9 pas\u00f3 con su partido pol\u00edtico <strong>\u201cConvergencia Vecinal Santotome\u00f1a\u201d espacio donde \u00e9l se hab\u00eda presentado como candidato a intendente en el a\u00f1o 2017 y era muy cr\u00edtico a los otros sectores dominantes como el PJ y la UCR, y si volver\u00eda a utilizar dicha estructura para lanzarse nuevamente como candidato, Fajardo sostuvo: \u201cPasa que fui candidato y no llegamos, hay que recordar que en esa oportunidad tampoco lleg\u00f3 Suaid ni Farizano, fue electo en esa oportunidad el escribano Mariano Garay, pero m\u00e1s all\u00e1 de las diferencias con Suaid y Farizano yo no segu\u00ed conforme con mi pueblo como estaba, yo quer\u00eda un cambio, ya estaba cansado del peronismo, por lo que nos juntamos, unimos fuerzas y ya estamos hace casi cuatro a\u00f1os en el poder\u201d,<\/strong> enfatiz\u00f3.<\/p>\n<p>Preguntado si podr\u00eda ser concejal, opin\u00f3: <strong>\u201cYo tengo muy poca experiencia en la parte legislativa, es una tarea muy delicada y de mucha responsabilidad porque son los que hacen las leyes (las ordenanzas en este caso)\u201d<\/strong>.<\/p>\n<p><strong>DESENCUENTROS CON FARIZANO<\/strong><\/p>\n<p>En cuanto a c\u00f3mo se lleva con el viceintendente Carlos Farizano, desliz\u00f3:<strong> \u201cTenemos algunos desencuentros, bastantes desencuentros en realidad, sobre todo por la diferencia de edad importante que tenemos y en consecuencia la diferencia de experiencia, pero dentro de todo nos llevamos bien. \u00c9l, sin dudas, esta preparado para ocupar la funci\u00f3n que ocupa y los hechos lo demuestran\u201d,<\/strong> reconoci\u00f3.<\/p>\n<p><strong>ESPACIO DE DERECHA, CENTRO O DE CENTRO IZQUIERDA<\/strong><\/p>\n<p>Volviendo a lo que fue el partido Convergencia Vecinal Santotome\u00f1a que fuera creado por \u00e9l junto con otros vecinos se le pregunt\u00f3 si era un espacio m\u00e1s de centro derecha o una l\u00ednea del radicalismo o m\u00e1s identificado con las ideas de centro izquierda, se\u00f1al\u00f3:<strong> \u201cEs dif\u00edcil darle un perfil de ese tipo a Convergencia Vecinal porque estaba integrado por personas de diferentes ideolog\u00edas pol\u00edticas, hab\u00eda realmente all\u00ed gente de todos los espacios y de pensamientos muy distintos. Yo particularmente creo que es \u201cmuy antiguo\u201d hablar de centro derecha o de centro izquierda, porque eso en vez de permitirnos avanzar nos lleva para atr\u00e1s. Yo creo que somos todos lo mismo\u201d,<\/strong> opin\u00f3.<\/p>\n<p>Para finalizar, tambi\u00e9n habl\u00f3 en relaci\u00f3n al Carnaval y descart\u00f3 de plano volver a integrar las comisiones de comparsas, como la de Fon Fon, como lo supo hacer en su momento.<\/p>\n<p><strong>\u201cNo, bajo ning\u00fan punto de vista volver\u00eda a integrar ninguna comisi\u00f3n de comparsa, para m\u00ed eso ya es cosa pasada; yo ya colabor\u00e9 en su momento con el carnaval, fui presidente de Fon Fon en los 50 y 51 a\u00f1os de la comparsa, dej\u00e9 todo lo que ten\u00eda como lo hago siempre, y que es lo que en esta funci\u00f3n me hace chocar con las paredes porque la ansiedad me gana y esa es una de las cosas que genera discusiones sobre todo con el intendente, porque yo quiero llevar a cabo cosas que para \u00e9l no son prioridad o que no es el momento de implementar\u201d,<\/strong> resalt\u00f3<\/p>\n<p><strong>MAS INFORMACION A LA COMUNIDAD<\/strong><\/p>\n<p>Adem\u00e1s, dej\u00f3 entrever que falta m\u00e1s informaci\u00f3n respecto al quehacer del municipio:<strong> \u201cSe deber\u00eda informar m\u00e1s a la poblaci\u00f3n, no solamente de las actividades, las obras y dem\u00e1s, sino tambi\u00e9n de qu\u00e9 rol cumple cada funcionario en el esquema municipal porque este es un gabinete muy ampliado. Particularmente, yo estoy muy satisfecho con mi funci\u00f3n, estoy de maravillas, y estoy orgulloso de ser pol\u00edtico. Mi paso por la pol\u00edtica que creo que va a ser fugaz tambi\u00e9n, aprend\u00ed que ser pol\u00edtico no es una mala palabra como la gente cree, pero hoy ya estoy pensando m\u00e1s en jubilarme y volver con mis perros a mi chacra a vivir en paz\u2026\u201d,<\/strong> finaliz\u00f3.<\/p>\n<p><strong>De la redacci\u00f3n de www.digitalsantotome.com.ar<\/strong><\/p>\n","protected":false},"excerpt":{"rendered":"<p>SANTO TOME. Gustavo Fajardo en su rol de Coordinador del Gabinete Municipal, a casi cuatro a\u00f1os de la actual gesti\u00f3n, hizo una especie de balance de lo que viene siendo su tarea en el actual esquema comunal. Entre otras cosas, reconoci\u00f3 la existencia de diferencias o desencuentros con el intendente y viceintendente, especialmente con Carlos&#8230;<\/p>\n","protected":false},"author":2,"featured_media":10913,"comment_status":"closed","ping_status":"closed","sticky":false,"template":"","format":"standard","meta":{"_kad_post_transparent":"default","_kad_post_title":"default","_kad_post_layout":"default","_kad_post_sidebar_id":"","_kad_post_content_style":"default","_kad_post_vertical_padding":"default","_kad_post_feature":"","_kad_post_feature_position":"","_kad_post_header":false,"_kad_post_footer":false,"_kad_post_classname":"","footnotes":""},"categories":[1],"tags":[],"class_list":["post-10912","post","type-post","status-publish","format-standard","has-post-thumbnail","hentry","category-locales"],"a3_pvc":{"activated":false,"total_views":0,"today_views":0},"yoast_head":"<!-- This site is optimized with the Yoast SEO plugin v27.5 - https:\/\/yoast.com\/product\/yoast-seo-wordpress\/ -->\n<title>Fajardo hace una evaluaci\u00f3n de su funci\u00f3n en el gabinete pero tambi\u00e9n prendi\u00f3 \u201cel ventilador\u201d - Digital Santo Tom\u00e9<\/title>\n<meta name=\"robots\" content=\"index, follow, max-snippet:-1, max-image-preview:large, max-video-preview:-1\" \/>\n<link rel=\"canonical\" href=\"https:\/\/digitalsantotome.com.ar\/?p=10912\" \/>\n<meta property=\"og:locale\" content=\"es_ES\" \/>\n<meta property=\"og:type\" content=\"article\" \/>\n<meta property=\"og:title\" content=\"Fajardo hace una evaluaci\u00f3n de su funci\u00f3n en el gabinete pero tambi\u00e9n prendi\u00f3 \u201cel ventilador\u201d - Digital Santo Tom\u00e9\" \/>\n<meta property=\"og:description\" content=\"SANTO TOME. Gustavo Fajardo en su rol de Coordinador del Gabinete Municipal, a casi cuatro a\u00f1os de la actual gesti\u00f3n, hizo una especie de balance de lo que viene siendo su tarea en el actual esquema comunal. Entre otras cosas, reconoci\u00f3 la existencia de diferencias o desencuentros con el intendente y viceintendente, especialmente con Carlos...\" \/>\n<meta property=\"og:url\" content=\"https:\/\/digitalsantotome.com.ar\/?p=10912\" \/>\n<meta property=\"og:site_name\" content=\"Digital Santo Tom\u00e9\" \/>\n<meta property=\"article:published_time\" content=\"2025-05-06T21:05:28+00:00\" \/>\n<meta property=\"article:modified_time\" content=\"2025-05-07T18:25:32+00:00\" \/>\n<meta property=\"og:image\" content=\"https:\/\/digitalsantotome.com.ar\/wp-content\/uploads\/2025\/05\/fajardo2.jpg\" \/>\n\t<meta property=\"og:image:width\" content=\"1920\" \/>\n\t<meta property=\"og:image:height\" content=\"1080\" \/>\n\t<meta property=\"og:image:type\" content=\"image\/jpeg\" \/>\n<meta name=\"author\" content=\"Jose Carlos Machado\" \/>\n<meta name=\"twitter:card\" content=\"summary_large_image\" \/>\n<meta name=\"twitter:label1\" content=\"Escrito por\" \/>\n\t<meta name=\"twitter:data1\" content=\"Jose Carlos Machado\" \/>\n\t<meta name=\"twitter:label2\" content=\"Tiempo de lectura\" \/>\n\t<meta name=\"twitter:data2\" content=\"6 minutos\" \/>\n<script type=\"application\/ld+json\" class=\"yoast-schema-graph\">{\"@context\":\"https:\\\/\\\/schema.org\",\"@graph\":[{\"@type\":\"Article\",\"@id\":\"https:\\\/\\\/digitalsantotome.com.ar\\\/?p=10912#article\",\"isPartOf\":{\"@id\":\"https:\\\/\\\/digitalsantotome.com.ar\\\/?p=10912\"},\"author\":{\"name\":\"Jose Carlos Machado\",\"@id\":\"https:\\\/\\\/digitalsantotome.com.ar\\\/#\\\/schema\\\/person\\\/8991d8822886fedd92ce7f03817e1bdf\"},\"headline\":\"Fajardo hace una evaluaci\u00f3n de su funci\u00f3n en el gabinete pero tambi\u00e9n prendi\u00f3 \u201cel ventilador\u201d\",\"datePublished\":\"2025-05-06T21:05:28+00:00\",\"dateModified\":\"2025-05-07T18:25:32+00:00\",\"mainEntityOfPage\":{\"@id\":\"https:\\\/\\\/digitalsantotome.com.ar\\\/?p=10912\"},\"wordCount\":1345,\"publisher\":{\"@id\":\"https:\\\/\\\/digitalsantotome.com.ar\\\/#organization\"},\"image\":{\"@id\":\"https:\\\/\\\/digitalsantotome.com.ar\\\/?p=10912#primaryimage\"},\"thumbnailUrl\":\"https:\\\/\\\/digitalsantotome.com.ar\\\/wp-content\\\/uploads\\\/2025\\\/05\\\/fajardo2.jpg\",\"articleSection\":[\"Locales\"],\"inLanguage\":\"es\"},{\"@type\":\"WebPage\",\"@id\":\"https:\\\/\\\/digitalsantotome.com.ar\\\/?p=10912\",\"url\":\"https:\\\/\\\/digitalsantotome.com.ar\\\/?p=10912\",\"name\":\"Fajardo hace una evaluaci\u00f3n de su funci\u00f3n en el gabinete pero tambi\u00e9n prendi\u00f3 \u201cel ventilador\u201d - Digital Santo Tom\u00e9\",\"isPartOf\":{\"@id\":\"https:\\\/\\\/digitalsantotome.com.ar\\\/#website\"},\"primaryImageOfPage\":{\"@id\":\"https:\\\/\\\/digitalsantotome.com.ar\\\/?p=10912#primaryimage\"},\"image\":{\"@id\":\"https:\\\/\\\/digitalsantotome.com.ar\\\/?p=10912#primaryimage\"},\"thumbnailUrl\":\"https:\\\/\\\/digitalsantotome.com.ar\\\/wp-content\\\/uploads\\\/2025\\\/05\\\/fajardo2.jpg\",\"datePublished\":\"2025-05-06T21:05:28+00:00\",\"dateModified\":\"2025-05-07T18:25:32+00:00\",\"breadcrumb\":{\"@id\":\"https:\\\/\\\/digitalsantotome.com.ar\\\/?p=10912#breadcrumb\"},\"inLanguage\":\"es\",\"potentialAction\":[{\"@type\":\"ReadAction\",\"target\":[\"https:\\\/\\\/digitalsantotome.com.ar\\\/?p=10912\"]}]},{\"@type\":\"ImageObject\",\"inLanguage\":\"es\",\"@id\":\"https:\\\/\\\/digitalsantotome.com.ar\\\/?p=10912#primaryimage\",\"url\":\"https:\\\/\\\/digitalsantotome.com.ar\\\/wp-content\\\/uploads\\\/2025\\\/05\\\/fajardo2.jpg\",\"contentUrl\":\"https:\\\/\\\/digitalsantotome.com.ar\\\/wp-content\\\/uploads\\\/2025\\\/05\\\/fajardo2.jpg\",\"width\":1920,\"height\":1080},{\"@type\":\"BreadcrumbList\",\"@id\":\"https:\\\/\\\/digitalsantotome.com.ar\\\/?p=10912#breadcrumb\",\"itemListElement\":[{\"@type\":\"ListItem\",\"position\":1,\"name\":\"Portada\",\"item\":\"https:\\\/\\\/digitalsantotome.com.ar\\\/\"},{\"@type\":\"ListItem\",\"position\":2,\"name\":\"Fajardo hace una evaluaci\u00f3n de su funci\u00f3n en el gabinete pero tambi\u00e9n prendi\u00f3 \u201cel ventilador\u201d\"}]},{\"@type\":\"WebSite\",\"@id\":\"https:\\\/\\\/digitalsantotome.com.ar\\\/#website\",\"url\":\"https:\\\/\\\/digitalsantotome.com.ar\\\/\",\"name\":\"Digital Santo Tom\u00e9\",\"description\":\"Noticias desde Santo Tom\u00e9 al Mundo \u2013 La informacion que decide\",\"publisher\":{\"@id\":\"https:\\\/\\\/digitalsantotome.com.ar\\\/#organization\"},\"potentialAction\":[{\"@type\":\"SearchAction\",\"target\":{\"@type\":\"EntryPoint\",\"urlTemplate\":\"https:\\\/\\\/digitalsantotome.com.ar\\\/?s={search_term_string}\"},\"query-input\":{\"@type\":\"PropertyValueSpecification\",\"valueRequired\":true,\"valueName\":\"search_term_string\"}}],\"inLanguage\":\"es\"},{\"@type\":\"Organization\",\"@id\":\"https:\\\/\\\/digitalsantotome.com.ar\\\/#organization\",\"name\":\"Digital Santo Tom\u00e9\",\"url\":\"https:\\\/\\\/digitalsantotome.com.ar\\\/\",\"logo\":{\"@type\":\"ImageObject\",\"inLanguage\":\"es\",\"@id\":\"https:\\\/\\\/digitalsantotome.com.ar\\\/#\\\/schema\\\/logo\\\/image\\\/\",\"url\":\"https:\\\/\\\/digitalsantotome.com.ar\\\/wp-content\\\/uploads\\\/2023\\\/01\\\/facebook.jpg\",\"contentUrl\":\"https:\\\/\\\/digitalsantotome.com.ar\\\/wp-content\\\/uploads\\\/2023\\\/01\\\/facebook.jpg\",\"width\":512,\"height\":376,\"caption\":\"Digital Santo Tom\u00e9\"},\"image\":{\"@id\":\"https:\\\/\\\/digitalsantotome.com.ar\\\/#\\\/schema\\\/logo\\\/image\\\/\"}},{\"@type\":\"Person\",\"@id\":\"https:\\\/\\\/digitalsantotome.com.ar\\\/#\\\/schema\\\/person\\\/8991d8822886fedd92ce7f03817e1bdf\",\"name\":\"Jose Carlos Machado\",\"url\":\"https:\\\/\\\/digitalsantotome.com.ar\\\/?author=2\"}]}<\/script>\n<!-- \/ Yoast SEO plugin. -->","yoast_head_json":{"title":"Fajardo hace una evaluaci\u00f3n de su funci\u00f3n en el gabinete pero tambi\u00e9n prendi\u00f3 \u201cel ventilador\u201d - Digital Santo Tom\u00e9","robots":{"index":"index","follow":"follow","max-snippet":"max-snippet:-1","max-image-preview":"max-image-preview:large","max-video-preview":"max-video-preview:-1"},"canonical":"https:\/\/digitalsantotome.com.ar\/?p=10912","og_locale":"es_ES","og_type":"article","og_title":"Fajardo hace una evaluaci\u00f3n de su funci\u00f3n en el gabinete pero tambi\u00e9n prendi\u00f3 \u201cel ventilador\u201d - Digital Santo Tom\u00e9","og_description":"SANTO TOME. Gustavo Fajardo en su rol de Coordinador del Gabinete Municipal, a casi cuatro a\u00f1os de la actual gesti\u00f3n, hizo una especie de balance de lo que viene siendo su tarea en el actual esquema comunal. Entre otras cosas, reconoci\u00f3 la existencia de diferencias o desencuentros con el intendente y viceintendente, especialmente con Carlos...","og_url":"https:\/\/digitalsantotome.com.ar\/?p=10912","og_site_name":"Digital Santo Tom\u00e9","article_published_time":"2025-05-06T21:05:28+00:00","article_modified_time":"2025-05-07T18:25:32+00:00","og_image":[{"width":1920,"height":1080,"url":"https:\/\/digitalsantotome.com.ar\/wp-content\/uploads\/2025\/05\/fajardo2.jpg","type":"image\/jpeg"}],"author":"Jose Carlos Machado","twitter_card":"summary_large_image","twitter_misc":{"Escrito por":"Jose Carlos Machado","Tiempo de lectura":"6 minutos"},"schema":{"@context":"https:\/\/schema.org","@graph":[{"@type":"Article","@id":"https:\/\/digitalsantotome.com.ar\/?p=10912#article","isPartOf":{"@id":"https:\/\/digitalsantotome.com.ar\/?p=10912"},"author":{"name":"Jose Carlos Machado","@id":"https:\/\/digitalsantotome.com.ar\/#\/schema\/person\/8991d8822886fedd92ce7f03817e1bdf"},"headline":"Fajardo hace una evaluaci\u00f3n de su funci\u00f3n en el gabinete pero tambi\u00e9n prendi\u00f3 \u201cel ventilador\u201d","datePublished":"2025-05-06T21:05:28+00:00","dateModified":"2025-05-07T18:25:32+00:00","mainEntityOfPage":{"@id":"https:\/\/digitalsantotome.com.ar\/?p=10912"},"wordCount":1345,"publisher":{"@id":"https:\/\/digitalsantotome.com.ar\/#organization"},"image":{"@id":"https:\/\/digitalsantotome.com.ar\/?p=10912#primaryimage"},"thumbnailUrl":"https:\/\/digitalsantotome.com.ar\/wp-content\/uploads\/2025\/05\/fajardo2.jpg","articleSection":["Locales"],"inLanguage":"es"},{"@type":"WebPage","@id":"https:\/\/digitalsantotome.com.ar\/?p=10912","url":"https:\/\/digitalsantotome.com.ar\/?p=10912","name":"Fajardo hace una evaluaci\u00f3n de su funci\u00f3n en el gabinete pero tambi\u00e9n prendi\u00f3 \u201cel ventilador\u201d - Digital Santo Tom\u00e9","isPartOf":{"@id":"https:\/\/digitalsantotome.com.ar\/#website"},"primaryImageOfPage":{"@id":"https:\/\/digitalsantotome.com.ar\/?p=10912#primaryimage"},"image":{"@id":"https:\/\/digitalsantotome.com.ar\/?p=10912#primaryimage"},"thumbnailUrl":"https:\/\/digitalsantotome.com.ar\/wp-content\/uploads\/2025\/05\/fajardo2.jpg","datePublished":"2025-05-06T21:05:28+00:00","dateModified":"2025-05-07T18:25:32+00:00","breadcrumb":{"@id":"https:\/\/digitalsantotome.com.ar\/?p=10912#breadcrumb"},"inLanguage":"es","potentialAction":[{"@type":"ReadAction","target":["https:\/\/digitalsantotome.com.ar\/?p=10912"]}]},{"@type":"ImageObject","inLanguage":"es","@id":"https:\/\/digitalsantotome.com.ar\/?p=10912#primaryimage","url":"https:\/\/digitalsantotome.com.ar\/wp-content\/uploads\/2025\/05\/fajardo2.jpg","contentUrl":"https:\/\/digitalsantotome.com.ar\/wp-content\/uploads\/2025\/05\/fajardo2.jpg","width":1920,"height":1080},{"@type":"BreadcrumbList","@id":"https:\/\/digitalsantotome.com.ar\/?p=10912#breadcrumb","itemListElement":[{"@type":"ListItem","position":1,"name":"Portada","item":"https:\/\/digitalsantotome.com.ar\/"},{"@type":"ListItem","position":2,"name":"Fajardo hace una evaluaci\u00f3n de su funci\u00f3n en el gabinete pero tambi\u00e9n prendi\u00f3 \u201cel ventilador\u201d"}]},{"@type":"WebSite","@id":"https:\/\/digitalsantotome.com.ar\/#website","url":"https:\/\/digitalsantotome.com.ar\/","name":"Digital Santo Tom\u00e9","description":"Noticias desde Santo Tom\u00e9 al Mundo \u2013 La informacion que decide","publisher":{"@id":"https:\/\/digitalsantotome.com.ar\/#organization"},"potentialAction":[{"@type":"SearchAction","target":{"@type":"EntryPoint","urlTemplate":"https:\/\/digitalsantotome.com.ar\/?s={search_term_string}"},"query-input":{"@type":"PropertyValueSpecification","valueRequired":true,"valueName":"search_term_string"}}],"inLanguage":"es"},{"@type":"Organization","@id":"https:\/\/digitalsantotome.com.ar\/#organization","name":"Digital Santo Tom\u00e9","url":"https:\/\/digitalsantotome.com.ar\/","logo":{"@type":"ImageObject","inLanguage":"es","@id":"https:\/\/digitalsantotome.com.ar\/#\/schema\/logo\/image\/","url":"https:\/\/digitalsantotome.com.ar\/wp-content\/uploads\/2023\/01\/facebook.jpg","contentUrl":"https:\/\/digitalsantotome.com.ar\/wp-content\/uploads\/2023\/01\/facebook.jpg","width":512,"height":376,"caption":"Digital Santo Tom\u00e9"},"image":{"@id":"https:\/\/digitalsantotome.com.ar\/#\/schema\/logo\/image\/"}},{"@type":"Person","@id":"https:\/\/digitalsantotome.com.ar\/#\/schema\/person\/8991d8822886fedd92ce7f03817e1bdf","name":"Jose Carlos Machado","url":"https:\/\/digitalsantotome.com.ar\/?author=2"}]}},"_links":{"self":[{"href":"https:\/\/digitalsantotome.com.ar\/index.php?rest_route=\/wp\/v2\/posts\/10912","targetHints":{"allow":["GET"]}}],"collection":[{"href":"https:\/\/digitalsantotome.com.ar\/index.php?rest_route=\/wp\/v2\/posts"}],"about":[{"href":"https:\/\/digitalsantotome.com.ar\/index.php?rest_route=\/wp\/v2\/types\/post"}],"author":[{"embeddable":true,"href":"https:\/\/digitalsantotome.com.ar\/index.php?rest_route=\/wp\/v2\/users\/2"}],"replies":[{"embeddable":true,"href":"https:\/\/digitalsantotome.com.ar\/index.php?rest_route=%2Fwp%2Fv2%2Fcomments&post=10912"}],"version-history":[{"count":1,"href":"https:\/\/digitalsantotome.com.ar\/index.php?rest_route=\/wp\/v2\/posts\/10912\/revisions"}],"predecessor-version":[{"id":10914,"href":"https:\/\/digitalsantotome.com.ar\/index.php?rest_route=\/wp\/v2\/posts\/10912\/revisions\/10914"}],"wp:featuredmedia":[{"embeddable":true,"href":"https:\/\/digitalsantotome.com.ar\/index.php?rest_route=\/wp\/v2\/media\/10913"}],"wp:attachment":[{"href":"https:\/\/digitalsantotome.com.ar\/index.php?rest_route=%2Fwp%2Fv2%2Fmedia&parent=10912"}],"wp:term":[{"taxonomy":"category","embeddable":true,"href":"https:\/\/digitalsantotome.com.ar\/index.php?rest_route=%2Fwp%2Fv2%2Fcategories&post=10912"},{"taxonomy":"post_tag","embeddable":true,"href":"https:\/\/digitalsantotome.com.ar\/index.php?rest_route=%2Fwp%2Fv2%2Ftags&post=10912"}],"curies":[{"name":"wp","href":"https:\/\/api.w.org\/{rel}","templated":true}]}}