{"id":10953,"date":"2025-05-09T08:22:03","date_gmt":"2025-05-09T11:22:03","guid":{"rendered":"https:\/\/digitalsantotome.com.ar\/?p=10953"},"modified":"2025-05-11T20:14:35","modified_gmt":"2025-05-11T23:14:35","slug":"pronostico-que-se-cumple-comienza-a-derrumbarse-la-actividad-madera-en-santo-tome","status":"publish","type":"post","link":"https:\/\/digitalsantotome.com.ar\/?p=10953","title":{"rendered":"Pron\u00f3stico que se cumple: Comienza a derrumbarse la actividad industrial maderera en Santo Tom\u00e9"},"content":{"rendered":"<p>SANTO TOME. Tal como se ven\u00eda anticipando desde este sitio de noticias acerca de la cr\u00edtica situaci\u00f3n que se viene atravesando en el sector maderero de Santo Tom\u00e9; este lunes se conoci\u00f3 la noticia que uno de los m\u00e1s importantes aserraderos que opera en esta ciudad; ha presentado ante la secretaria de Trabajo el Procedimiento Preventivo de Crisis, lo que a criterio de algunos conocedores de la situaci\u00f3n planteada, no es m\u00e1s que la antesala del cierre definitivo del aserradero que est\u00e1 ubicado en Ruta Nacional 14, km 686. La planta industrial tiene hasta ahora 32 operarios. Su futuro es incierto.<\/p>\n<p>Con una serie de argumentos basados mayormente en cuestiones de la situaci\u00f3n econ\u00f3mica actual; la presentaci\u00f3n realizada no hace m\u00e1s que poner blanco sobre negro una situaci\u00f3n que se ve\u00eda venir desde hace ya m\u00e1s de un a\u00f1o a esta parte. La paralizaci\u00f3n de la obra p\u00fablica a nivel nacional dispuesto por el gobierno de Javier Milei, la imposibilidad de exportar debido a un d\u00f3lar planchado; la asfixia econ\u00f3mica a ra\u00edz de las presiones impositivas, un mercado interno saturado, el elevado costo de la energ\u00eda el\u00e9ctrica y otras tantas cuestiones; forman un combo que impacta negativamente \u00a0de lleno en la actividad foresto-industrial con consecuencias a la vista de todos. En este caso puntual de la firma Forestal Santo Tom\u00e9, treinta y dos familias pr\u00e1cticamente quedar\u00edan en la calle con todo lo que ello implica.<\/p>\n<p>Seg\u00fan pudo establecer este portal, uno de los argumentos que se esgrime en la presentaci\u00f3n efectuada ante la delegaci\u00f3n Santo Tom\u00e9 de la Secretaria de Trabajo de la Provincia;\u00a0 es que la firma Forestal Santo Tom\u00e9 \u201cse ve financiera y econ\u00f3micamente impedida de poder continuar operando en el mercado y con ello la imposibilidad de hacer frente al cumplimiento de los salarios de sus trabajadores, entre otras erogaciones de vital importancia para continuar funcionando\u201d.\u00a0 La planta actualmente se encuentra paralizada.<\/p>\n<p>En este marco, no solo la firma antes mencionada se encuentra en una situaci\u00f3n casi terminal; si no que hay al menos otros dos aserraderos que correr\u00edan la misma suerte en d\u00edas m\u00e1s y m\u00e1s empleados quedar\u00edan en la calle con todo lo que eso significa. Fuentes confiables se\u00f1alaron a este portal que \u00a0se est\u00e1 trabajando a un treinta por ciento de su capacidad de producci\u00f3n, solo \u201cpara no cerrar\u201d por qu\u00e9 si eso sucediese, ya no se volver\u00eda a reactivar y se cerrar\u00eda definitivamente.<\/p>\n<p>En Santo Tom\u00e9, hay 13 aserraderos nucleados en la Asociaci\u00f3n de Industriales Maderos y Afines de esta ciudad, la industrializaci\u00f3n de la madera es hasta hoy al menos una de las actividades m\u00e1s importantes de la ciudad, pero a la luz de los acontecimientos el futuro es por dem\u00e1s incierto. El inicio del Procedimiento de Crisis por parte de Forestal Santo Tom\u00e9 puede terminar generando un efecto domin\u00f3 en la actividad. Finalmente, este portal intent\u00f3 obtener declaraciones del propietario del aserradero, Ra\u00fal Falero, pero este\u00a0 se\u00f1al\u00f3 que por el momento no realizaria declaraciones a los medios de prensa.<\/p>\n<p>&nbsp;<\/p>\n","protected":false},"excerpt":{"rendered":"<p>SANTO TOME. Tal como se ven\u00eda anticipando desde este sitio de noticias acerca de la cr\u00edtica situaci\u00f3n que se viene atravesando en el sector maderero de Santo Tom\u00e9; este lunes se conoci\u00f3 la noticia que uno de los m\u00e1s importantes aserraderos que opera en esta ciudad; ha presentado ante la secretaria de Trabajo el Procedimiento&#8230;<\/p>\n","protected":false},"author":2,"featured_media":10954,"comment_status":"closed","ping_status":"closed","sticky":false,"template":"","format":"standard","meta":{"_kad_post_transparent":"default","_kad_post_title":"default","_kad_post_layout":"default","_kad_post_sidebar_id":"","_kad_post_content_style":"default","_kad_post_vertical_padding":"default","_kad_post_feature":"","_kad_post_feature_position":"","_kad_post_header":false,"_kad_post_footer":false,"_kad_post_classname":"","footnotes":""},"categories":[1],"tags":[],"class_list":["post-10953","post","type-post","status-publish","format-standard","has-post-thumbnail","hentry","category-locales"],"a3_pvc":{"activated":false,"total_views":0,"today_views":0},"yoast_head":"<!-- This site is optimized with the Yoast SEO plugin v27.5 - https:\/\/yoast.com\/product\/yoast-seo-wordpress\/ -->\n<title>Pron\u00f3stico que se cumple: Comienza a derrumbarse la actividad industrial maderera en Santo Tom\u00e9 - Digital Santo Tom\u00e9<\/title>\n<meta name=\"robots\" content=\"index, follow, max-snippet:-1, max-image-preview:large, max-video-preview:-1\" \/>\n<link rel=\"canonical\" href=\"https:\/\/digitalsantotome.com.ar\/?p=10953\" \/>\n<meta property=\"og:locale\" content=\"es_ES\" \/>\n<meta property=\"og:type\" content=\"article\" \/>\n<meta property=\"og:title\" content=\"Pron\u00f3stico que se cumple: Comienza a derrumbarse la actividad industrial maderera en Santo Tom\u00e9 - Digital Santo Tom\u00e9\" \/>\n<meta property=\"og:description\" content=\"SANTO TOME. Tal como se ven\u00eda anticipando desde este sitio de noticias acerca de la cr\u00edtica situaci\u00f3n que se viene atravesando en el sector maderero de Santo Tom\u00e9; este lunes se conoci\u00f3 la noticia que uno de los m\u00e1s importantes aserraderos que opera en esta ciudad; ha presentado ante la secretaria de Trabajo el Procedimiento...\" \/>\n<meta property=\"og:url\" content=\"https:\/\/digitalsantotome.com.ar\/?p=10953\" \/>\n<meta property=\"og:site_name\" content=\"Digital Santo Tom\u00e9\" \/>\n<meta property=\"article:published_time\" content=\"2025-05-09T11:22:03+00:00\" \/>\n<meta property=\"article:modified_time\" content=\"2025-05-11T23:14:35+00:00\" \/>\n<meta property=\"og:image\" content=\"https:\/\/digitalsantotome.com.ar\/wp-content\/uploads\/2025\/05\/FALERO4.jpg\" \/>\n\t<meta property=\"og:image:width\" content=\"1920\" \/>\n\t<meta property=\"og:image:height\" content=\"1080\" \/>\n\t<meta property=\"og:image:type\" content=\"image\/jpeg\" \/>\n<meta name=\"author\" content=\"Jose Carlos Machado\" \/>\n<meta name=\"twitter:card\" content=\"summary_large_image\" \/>\n<meta name=\"twitter:label1\" content=\"Escrito por\" \/>\n\t<meta name=\"twitter:data1\" content=\"Jose Carlos Machado\" \/>\n\t<meta name=\"twitter:label2\" content=\"Tiempo de lectura\" \/>\n\t<meta name=\"twitter:data2\" content=\"3 minutos\" \/>\n<script type=\"application\/ld+json\" class=\"yoast-schema-graph\">{\"@context\":\"https:\\\/\\\/schema.org\",\"@graph\":[{\"@type\":\"Article\",\"@id\":\"https:\\\/\\\/digitalsantotome.com.ar\\\/?p=10953#article\",\"isPartOf\":{\"@id\":\"https:\\\/\\\/digitalsantotome.com.ar\\\/?p=10953\"},\"author\":{\"name\":\"Jose Carlos Machado\",\"@id\":\"https:\\\/\\\/digitalsantotome.com.ar\\\/#\\\/schema\\\/person\\\/8991d8822886fedd92ce7f03817e1bdf\"},\"headline\":\"Pron\u00f3stico que se cumple: Comienza a derrumbarse la actividad industrial maderera en Santo Tom\u00e9\",\"datePublished\":\"2025-05-09T11:22:03+00:00\",\"dateModified\":\"2025-05-11T23:14:35+00:00\",\"mainEntityOfPage\":{\"@id\":\"https:\\\/\\\/digitalsantotome.com.ar\\\/?p=10953\"},\"wordCount\":553,\"publisher\":{\"@id\":\"https:\\\/\\\/digitalsantotome.com.ar\\\/#organization\"},\"image\":{\"@id\":\"https:\\\/\\\/digitalsantotome.com.ar\\\/?p=10953#primaryimage\"},\"thumbnailUrl\":\"https:\\\/\\\/digitalsantotome.com.ar\\\/wp-content\\\/uploads\\\/2025\\\/05\\\/FALERO4.jpg\",\"articleSection\":[\"Locales\"],\"inLanguage\":\"es\"},{\"@type\":\"WebPage\",\"@id\":\"https:\\\/\\\/digitalsantotome.com.ar\\\/?p=10953\",\"url\":\"https:\\\/\\\/digitalsantotome.com.ar\\\/?p=10953\",\"name\":\"Pron\u00f3stico que se cumple: Comienza a derrumbarse la actividad industrial maderera en Santo Tom\u00e9 - Digital Santo Tom\u00e9\",\"isPartOf\":{\"@id\":\"https:\\\/\\\/digitalsantotome.com.ar\\\/#website\"},\"primaryImageOfPage\":{\"@id\":\"https:\\\/\\\/digitalsantotome.com.ar\\\/?p=10953#primaryimage\"},\"image\":{\"@id\":\"https:\\\/\\\/digitalsantotome.com.ar\\\/?p=10953#primaryimage\"},\"thumbnailUrl\":\"https:\\\/\\\/digitalsantotome.com.ar\\\/wp-content\\\/uploads\\\/2025\\\/05\\\/FALERO4.jpg\",\"datePublished\":\"2025-05-09T11:22:03+00:00\",\"dateModified\":\"2025-05-11T23:14:35+00:00\",\"breadcrumb\":{\"@id\":\"https:\\\/\\\/digitalsantotome.com.ar\\\/?p=10953#breadcrumb\"},\"inLanguage\":\"es\",\"potentialAction\":[{\"@type\":\"ReadAction\",\"target\":[\"https:\\\/\\\/digitalsantotome.com.ar\\\/?p=10953\"]}]},{\"@type\":\"ImageObject\",\"inLanguage\":\"es\",\"@id\":\"https:\\\/\\\/digitalsantotome.com.ar\\\/?p=10953#primaryimage\",\"url\":\"https:\\\/\\\/digitalsantotome.com.ar\\\/wp-content\\\/uploads\\\/2025\\\/05\\\/FALERO4.jpg\",\"contentUrl\":\"https:\\\/\\\/digitalsantotome.com.ar\\\/wp-content\\\/uploads\\\/2025\\\/05\\\/FALERO4.jpg\",\"width\":1920,\"height\":1080},{\"@type\":\"BreadcrumbList\",\"@id\":\"https:\\\/\\\/digitalsantotome.com.ar\\\/?p=10953#breadcrumb\",\"itemListElement\":[{\"@type\":\"ListItem\",\"position\":1,\"name\":\"Portada\",\"item\":\"https:\\\/\\\/digitalsantotome.com.ar\\\/\"},{\"@type\":\"ListItem\",\"position\":2,\"name\":\"Pron\u00f3stico que se cumple: Comienza a derrumbarse la actividad industrial maderera en Santo Tom\u00e9\"}]},{\"@type\":\"WebSite\",\"@id\":\"https:\\\/\\\/digitalsantotome.com.ar\\\/#website\",\"url\":\"https:\\\/\\\/digitalsantotome.com.ar\\\/\",\"name\":\"Digital Santo Tom\u00e9\",\"description\":\"Noticias desde Santo Tom\u00e9 al Mundo \u2013 La informacion que decide\",\"publisher\":{\"@id\":\"https:\\\/\\\/digitalsantotome.com.ar\\\/#organization\"},\"potentialAction\":[{\"@type\":\"SearchAction\",\"target\":{\"@type\":\"EntryPoint\",\"urlTemplate\":\"https:\\\/\\\/digitalsantotome.com.ar\\\/?s={search_term_string}\"},\"query-input\":{\"@type\":\"PropertyValueSpecification\",\"valueRequired\":true,\"valueName\":\"search_term_string\"}}],\"inLanguage\":\"es\"},{\"@type\":\"Organization\",\"@id\":\"https:\\\/\\\/digitalsantotome.com.ar\\\/#organization\",\"name\":\"Digital Santo Tom\u00e9\",\"url\":\"https:\\\/\\\/digitalsantotome.com.ar\\\/\",\"logo\":{\"@type\":\"ImageObject\",\"inLanguage\":\"es\",\"@id\":\"https:\\\/\\\/digitalsantotome.com.ar\\\/#\\\/schema\\\/logo\\\/image\\\/\",\"url\":\"https:\\\/\\\/digitalsantotome.com.ar\\\/wp-content\\\/uploads\\\/2023\\\/01\\\/facebook.jpg\",\"contentUrl\":\"https:\\\/\\\/digitalsantotome.com.ar\\\/wp-content\\\/uploads\\\/2023\\\/01\\\/facebook.jpg\",\"width\":512,\"height\":376,\"caption\":\"Digital Santo Tom\u00e9\"},\"image\":{\"@id\":\"https:\\\/\\\/digitalsantotome.com.ar\\\/#\\\/schema\\\/logo\\\/image\\\/\"}},{\"@type\":\"Person\",\"@id\":\"https:\\\/\\\/digitalsantotome.com.ar\\\/#\\\/schema\\\/person\\\/8991d8822886fedd92ce7f03817e1bdf\",\"name\":\"Jose Carlos Machado\",\"url\":\"https:\\\/\\\/digitalsantotome.com.ar\\\/?author=2\"}]}<\/script>\n<!-- \/ Yoast SEO plugin. -->","yoast_head_json":{"title":"Pron\u00f3stico que se cumple: Comienza a derrumbarse la actividad industrial maderera en Santo Tom\u00e9 - Digital Santo Tom\u00e9","robots":{"index":"index","follow":"follow","max-snippet":"max-snippet:-1","max-image-preview":"max-image-preview:large","max-video-preview":"max-video-preview:-1"},"canonical":"https:\/\/digitalsantotome.com.ar\/?p=10953","og_locale":"es_ES","og_type":"article","og_title":"Pron\u00f3stico que se cumple: Comienza a derrumbarse la actividad industrial maderera en Santo Tom\u00e9 - Digital Santo Tom\u00e9","og_description":"SANTO TOME. Tal como se ven\u00eda anticipando desde este sitio de noticias acerca de la cr\u00edtica situaci\u00f3n que se viene atravesando en el sector maderero de Santo Tom\u00e9; este lunes se conoci\u00f3 la noticia que uno de los m\u00e1s importantes aserraderos que opera en esta ciudad; ha presentado ante la secretaria de Trabajo el Procedimiento...","og_url":"https:\/\/digitalsantotome.com.ar\/?p=10953","og_site_name":"Digital Santo Tom\u00e9","article_published_time":"2025-05-09T11:22:03+00:00","article_modified_time":"2025-05-11T23:14:35+00:00","og_image":[{"width":1920,"height":1080,"url":"https:\/\/digitalsantotome.com.ar\/wp-content\/uploads\/2025\/05\/FALERO4.jpg","type":"image\/jpeg"}],"author":"Jose Carlos Machado","twitter_card":"summary_large_image","twitter_misc":{"Escrito por":"Jose Carlos Machado","Tiempo de lectura":"3 minutos"},"schema":{"@context":"https:\/\/schema.org","@graph":[{"@type":"Article","@id":"https:\/\/digitalsantotome.com.ar\/?p=10953#article","isPartOf":{"@id":"https:\/\/digitalsantotome.com.ar\/?p=10953"},"author":{"name":"Jose Carlos Machado","@id":"https:\/\/digitalsantotome.com.ar\/#\/schema\/person\/8991d8822886fedd92ce7f03817e1bdf"},"headline":"Pron\u00f3stico que se cumple: Comienza a derrumbarse la actividad industrial maderera en Santo Tom\u00e9","datePublished":"2025-05-09T11:22:03+00:00","dateModified":"2025-05-11T23:14:35+00:00","mainEntityOfPage":{"@id":"https:\/\/digitalsantotome.com.ar\/?p=10953"},"wordCount":553,"publisher":{"@id":"https:\/\/digitalsantotome.com.ar\/#organization"},"image":{"@id":"https:\/\/digitalsantotome.com.ar\/?p=10953#primaryimage"},"thumbnailUrl":"https:\/\/digitalsantotome.com.ar\/wp-content\/uploads\/2025\/05\/FALERO4.jpg","articleSection":["Locales"],"inLanguage":"es"},{"@type":"WebPage","@id":"https:\/\/digitalsantotome.com.ar\/?p=10953","url":"https:\/\/digitalsantotome.com.ar\/?p=10953","name":"Pron\u00f3stico que se cumple: Comienza a derrumbarse la actividad industrial maderera en Santo Tom\u00e9 - Digital Santo Tom\u00e9","isPartOf":{"@id":"https:\/\/digitalsantotome.com.ar\/#website"},"primaryImageOfPage":{"@id":"https:\/\/digitalsantotome.com.ar\/?p=10953#primaryimage"},"image":{"@id":"https:\/\/digitalsantotome.com.ar\/?p=10953#primaryimage"},"thumbnailUrl":"https:\/\/digitalsantotome.com.ar\/wp-content\/uploads\/2025\/05\/FALERO4.jpg","datePublished":"2025-05-09T11:22:03+00:00","dateModified":"2025-05-11T23:14:35+00:00","breadcrumb":{"@id":"https:\/\/digitalsantotome.com.ar\/?p=10953#breadcrumb"},"inLanguage":"es","potentialAction":[{"@type":"ReadAction","target":["https:\/\/digitalsantotome.com.ar\/?p=10953"]}]},{"@type":"ImageObject","inLanguage":"es","@id":"https:\/\/digitalsantotome.com.ar\/?p=10953#primaryimage","url":"https:\/\/digitalsantotome.com.ar\/wp-content\/uploads\/2025\/05\/FALERO4.jpg","contentUrl":"https:\/\/digitalsantotome.com.ar\/wp-content\/uploads\/2025\/05\/FALERO4.jpg","width":1920,"height":1080},{"@type":"BreadcrumbList","@id":"https:\/\/digitalsantotome.com.ar\/?p=10953#breadcrumb","itemListElement":[{"@type":"ListItem","position":1,"name":"Portada","item":"https:\/\/digitalsantotome.com.ar\/"},{"@type":"ListItem","position":2,"name":"Pron\u00f3stico que se cumple: Comienza a derrumbarse la actividad industrial maderera en Santo Tom\u00e9"}]},{"@type":"WebSite","@id":"https:\/\/digitalsantotome.com.ar\/#website","url":"https:\/\/digitalsantotome.com.ar\/","name":"Digital Santo Tom\u00e9","description":"Noticias desde Santo Tom\u00e9 al Mundo \u2013 La informacion que decide","publisher":{"@id":"https:\/\/digitalsantotome.com.ar\/#organization"},"potentialAction":[{"@type":"SearchAction","target":{"@type":"EntryPoint","urlTemplate":"https:\/\/digitalsantotome.com.ar\/?s={search_term_string}"},"query-input":{"@type":"PropertyValueSpecification","valueRequired":true,"valueName":"search_term_string"}}],"inLanguage":"es"},{"@type":"Organization","@id":"https:\/\/digitalsantotome.com.ar\/#organization","name":"Digital Santo Tom\u00e9","url":"https:\/\/digitalsantotome.com.ar\/","logo":{"@type":"ImageObject","inLanguage":"es","@id":"https:\/\/digitalsantotome.com.ar\/#\/schema\/logo\/image\/","url":"https:\/\/digitalsantotome.com.ar\/wp-content\/uploads\/2023\/01\/facebook.jpg","contentUrl":"https:\/\/digitalsantotome.com.ar\/wp-content\/uploads\/2023\/01\/facebook.jpg","width":512,"height":376,"caption":"Digital Santo Tom\u00e9"},"image":{"@id":"https:\/\/digitalsantotome.com.ar\/#\/schema\/logo\/image\/"}},{"@type":"Person","@id":"https:\/\/digitalsantotome.com.ar\/#\/schema\/person\/8991d8822886fedd92ce7f03817e1bdf","name":"Jose Carlos Machado","url":"https:\/\/digitalsantotome.com.ar\/?author=2"}]}},"_links":{"self":[{"href":"https:\/\/digitalsantotome.com.ar\/index.php?rest_route=\/wp\/v2\/posts\/10953","targetHints":{"allow":["GET"]}}],"collection":[{"href":"https:\/\/digitalsantotome.com.ar\/index.php?rest_route=\/wp\/v2\/posts"}],"about":[{"href":"https:\/\/digitalsantotome.com.ar\/index.php?rest_route=\/wp\/v2\/types\/post"}],"author":[{"embeddable":true,"href":"https:\/\/digitalsantotome.com.ar\/index.php?rest_route=\/wp\/v2\/users\/2"}],"replies":[{"embeddable":true,"href":"https:\/\/digitalsantotome.com.ar\/index.php?rest_route=%2Fwp%2Fv2%2Fcomments&post=10953"}],"version-history":[{"count":2,"href":"https:\/\/digitalsantotome.com.ar\/index.php?rest_route=\/wp\/v2\/posts\/10953\/revisions"}],"predecessor-version":[{"id":10956,"href":"https:\/\/digitalsantotome.com.ar\/index.php?rest_route=\/wp\/v2\/posts\/10953\/revisions\/10956"}],"wp:featuredmedia":[{"embeddable":true,"href":"https:\/\/digitalsantotome.com.ar\/index.php?rest_route=\/wp\/v2\/media\/10954"}],"wp:attachment":[{"href":"https:\/\/digitalsantotome.com.ar\/index.php?rest_route=%2Fwp%2Fv2%2Fmedia&parent=10953"}],"wp:term":[{"taxonomy":"category","embeddable":true,"href":"https:\/\/digitalsantotome.com.ar\/index.php?rest_route=%2Fwp%2Fv2%2Fcategories&post=10953"},{"taxonomy":"post_tag","embeddable":true,"href":"https:\/\/digitalsantotome.com.ar\/index.php?rest_route=%2Fwp%2Fv2%2Ftags&post=10953"}],"curies":[{"name":"wp","href":"https:\/\/api.w.org\/{rel}","templated":true}]}}