{"id":11067,"date":"2025-05-24T18:47:41","date_gmt":"2025-05-24T21:47:41","guid":{"rendered":"https:\/\/digitalsantotome.com.ar\/?p=11067"},"modified":"2025-05-25T19:41:38","modified_gmt":"2025-05-25T22:41:38","slug":"forestadora-tapebicua-suspenderia-200-empleados-a-partir-del-1-de-junio","status":"publish","type":"post","link":"https:\/\/digitalsantotome.com.ar\/?p=11067","title":{"rendered":"Forestadora Tapebicu\u00e1 suspender\u00eda 200 empleados a partir del 1 de Junio"},"content":{"rendered":"<p>GDOR VIRASORO. La empresa Forestadora Tapebicu\u00e1 SA que tiene su planta en esta ciudad, se apresta a suspender a m\u00e1s de 200 empleados de la misma, medida que se estima que entrar\u00eda en vigencia a partir del 1 de junio del presente a\u00f1o. As\u00ed se desprende de la informaci\u00f3n que surge del Proceso Preventivo de Crisis presentado el d\u00eda 14 de mayo ante la Secretaria de Trabajo de la Provincia de Corrientes y en donde argumentan en l\u00edneas generales cuestiones de la macroeconom\u00eda argentina para ejecutar las medidas que como punto principal es la suspensi\u00f3n por tres meses de 200 obreros y que durante ese lapso de tiempo solo se pretende abonarles el 20 por ciento de su salario. Solo falta la aprobaci\u00f3n del organismo provincial para que las suspensiones entren en vigencia.<\/p>\n<p>La documentaci\u00f3n presentada por la empresa en el Proceso Preventivo de Crisis que consta de 183 fojas, en uno de sus puntos iniciales hace menci\u00f3n a las supuestas razones que llevaron a que se inicie el proceso en cuesti\u00f3n, que en esta primera tanda son 200 obreros que quedan sin su sustento diario y que a partir del 01 de junio comenzar\u00e1n a evaluarse nuevas medidas a aplicar, es decir nuevas suspensiones hasta llegar a los despidos masivos con el pago de la mitad de las indemnizaciones en cuotas, seg\u00fan trascendi\u00f3 de fuentes calificadas consultadas por este portal de noticias.<\/p>\n<p><a href=\"https:\/\/digitalsantotome.com.ar\/wp-content\/uploads\/2025\/05\/Expte-183-06088-2025-Forestadora-Tapebicua-S.A.U-1.pdf\">Expte 183-06088-2025 Forestadora Tapebicua S.A.U (1)<\/a><\/p>\n<p>&nbsp;<\/p>\n","protected":false},"excerpt":{"rendered":"<p>GDOR VIRASORO. La empresa Forestadora Tapebicu\u00e1 SA que tiene su planta en esta ciudad, se apresta a suspender a m\u00e1s de 200 empleados de la misma, medida que se estima que entrar\u00eda en vigencia a partir del 1 de junio del presente a\u00f1o. As\u00ed se desprende de la informaci\u00f3n que surge del Proceso Preventivo de&#8230;<\/p>\n","protected":false},"author":2,"featured_media":11068,"comment_status":"closed","ping_status":"closed","sticky":false,"template":"","format":"standard","meta":{"_kad_post_transparent":"default","_kad_post_title":"default","_kad_post_layout":"default","_kad_post_sidebar_id":"","_kad_post_content_style":"default","_kad_post_vertical_padding":"default","_kad_post_feature":"","_kad_post_feature_position":"","_kad_post_header":false,"_kad_post_footer":false,"_kad_post_classname":"","footnotes":""},"categories":[1],"tags":[],"class_list":["post-11067","post","type-post","status-publish","format-standard","has-post-thumbnail","hentry","category-locales"],"a3_pvc":{"activated":false,"total_views":0,"today_views":0},"yoast_head":"<!-- This site is optimized with the Yoast SEO plugin v27.5 - https:\/\/yoast.com\/product\/yoast-seo-wordpress\/ -->\n<title>Forestadora Tapebicu\u00e1 suspender\u00eda 200 empleados a partir del 1 de Junio - Digital Santo Tom\u00e9<\/title>\n<meta name=\"robots\" content=\"index, follow, max-snippet:-1, max-image-preview:large, max-video-preview:-1\" \/>\n<link rel=\"canonical\" href=\"https:\/\/digitalsantotome.com.ar\/?p=11067\" \/>\n<meta property=\"og:locale\" content=\"es_ES\" \/>\n<meta property=\"og:type\" content=\"article\" \/>\n<meta property=\"og:title\" content=\"Forestadora Tapebicu\u00e1 suspender\u00eda 200 empleados a partir del 1 de Junio - Digital Santo Tom\u00e9\" \/>\n<meta property=\"og:description\" content=\"GDOR VIRASORO. La empresa Forestadora Tapebicu\u00e1 SA que tiene su planta en esta ciudad, se apresta a suspender a m\u00e1s de 200 empleados de la misma, medida que se estima que entrar\u00eda en vigencia a partir del 1 de junio del presente a\u00f1o. As\u00ed se desprende de la informaci\u00f3n que surge del Proceso Preventivo de...\" \/>\n<meta property=\"og:url\" content=\"https:\/\/digitalsantotome.com.ar\/?p=11067\" \/>\n<meta property=\"og:site_name\" content=\"Digital Santo Tom\u00e9\" \/>\n<meta property=\"article:published_time\" content=\"2025-05-24T21:47:41+00:00\" \/>\n<meta property=\"article:modified_time\" content=\"2025-05-25T22:41:38+00:00\" \/>\n<meta property=\"og:image\" content=\"https:\/\/digitalsantotome.com.ar\/wp-content\/uploads\/2025\/05\/IMG-20250524-WA0018.jpg\" \/>\n\t<meta property=\"og:image:width\" content=\"278\" \/>\n\t<meta property=\"og:image:height\" content=\"181\" \/>\n\t<meta property=\"og:image:type\" content=\"image\/jpeg\" \/>\n<meta name=\"author\" content=\"Jose Carlos Machado\" \/>\n<meta name=\"twitter:card\" content=\"summary_large_image\" \/>\n<meta name=\"twitter:label1\" content=\"Escrito por\" \/>\n\t<meta name=\"twitter:data1\" content=\"Jose Carlos Machado\" \/>\n\t<meta name=\"twitter:label2\" content=\"Tiempo de lectura\" \/>\n\t<meta name=\"twitter:data2\" content=\"2 minutos\" \/>\n<script type=\"application\/ld+json\" class=\"yoast-schema-graph\">{\"@context\":\"https:\\\/\\\/schema.org\",\"@graph\":[{\"@type\":\"Article\",\"@id\":\"https:\\\/\\\/digitalsantotome.com.ar\\\/?p=11067#article\",\"isPartOf\":{\"@id\":\"https:\\\/\\\/digitalsantotome.com.ar\\\/?p=11067\"},\"author\":{\"name\":\"Jose Carlos Machado\",\"@id\":\"https:\\\/\\\/digitalsantotome.com.ar\\\/#\\\/schema\\\/person\\\/8991d8822886fedd92ce7f03817e1bdf\"},\"headline\":\"Forestadora Tapebicu\u00e1 suspender\u00eda 200 empleados a partir del 1 de Junio\",\"datePublished\":\"2025-05-24T21:47:41+00:00\",\"dateModified\":\"2025-05-25T22:41:38+00:00\",\"mainEntityOfPage\":{\"@id\":\"https:\\\/\\\/digitalsantotome.com.ar\\\/?p=11067\"},\"wordCount\":258,\"publisher\":{\"@id\":\"https:\\\/\\\/digitalsantotome.com.ar\\\/#organization\"},\"image\":{\"@id\":\"https:\\\/\\\/digitalsantotome.com.ar\\\/?p=11067#primaryimage\"},\"thumbnailUrl\":\"https:\\\/\\\/digitalsantotome.com.ar\\\/wp-content\\\/uploads\\\/2025\\\/05\\\/IMG-20250524-WA0018.jpg\",\"articleSection\":[\"Locales\"],\"inLanguage\":\"es\"},{\"@type\":\"WebPage\",\"@id\":\"https:\\\/\\\/digitalsantotome.com.ar\\\/?p=11067\",\"url\":\"https:\\\/\\\/digitalsantotome.com.ar\\\/?p=11067\",\"name\":\"Forestadora Tapebicu\u00e1 suspender\u00eda 200 empleados a partir del 1 de Junio - Digital Santo Tom\u00e9\",\"isPartOf\":{\"@id\":\"https:\\\/\\\/digitalsantotome.com.ar\\\/#website\"},\"primaryImageOfPage\":{\"@id\":\"https:\\\/\\\/digitalsantotome.com.ar\\\/?p=11067#primaryimage\"},\"image\":{\"@id\":\"https:\\\/\\\/digitalsantotome.com.ar\\\/?p=11067#primaryimage\"},\"thumbnailUrl\":\"https:\\\/\\\/digitalsantotome.com.ar\\\/wp-content\\\/uploads\\\/2025\\\/05\\\/IMG-20250524-WA0018.jpg\",\"datePublished\":\"2025-05-24T21:47:41+00:00\",\"dateModified\":\"2025-05-25T22:41:38+00:00\",\"breadcrumb\":{\"@id\":\"https:\\\/\\\/digitalsantotome.com.ar\\\/?p=11067#breadcrumb\"},\"inLanguage\":\"es\",\"potentialAction\":[{\"@type\":\"ReadAction\",\"target\":[\"https:\\\/\\\/digitalsantotome.com.ar\\\/?p=11067\"]}]},{\"@type\":\"ImageObject\",\"inLanguage\":\"es\",\"@id\":\"https:\\\/\\\/digitalsantotome.com.ar\\\/?p=11067#primaryimage\",\"url\":\"https:\\\/\\\/digitalsantotome.com.ar\\\/wp-content\\\/uploads\\\/2025\\\/05\\\/IMG-20250524-WA0018.jpg\",\"contentUrl\":\"https:\\\/\\\/digitalsantotome.com.ar\\\/wp-content\\\/uploads\\\/2025\\\/05\\\/IMG-20250524-WA0018.jpg\",\"width\":278,\"height\":181},{\"@type\":\"BreadcrumbList\",\"@id\":\"https:\\\/\\\/digitalsantotome.com.ar\\\/?p=11067#breadcrumb\",\"itemListElement\":[{\"@type\":\"ListItem\",\"position\":1,\"name\":\"Portada\",\"item\":\"https:\\\/\\\/digitalsantotome.com.ar\\\/\"},{\"@type\":\"ListItem\",\"position\":2,\"name\":\"Forestadora Tapebicu\u00e1 suspender\u00eda 200 empleados a partir del 1 de Junio\"}]},{\"@type\":\"WebSite\",\"@id\":\"https:\\\/\\\/digitalsantotome.com.ar\\\/#website\",\"url\":\"https:\\\/\\\/digitalsantotome.com.ar\\\/\",\"name\":\"Digital Santo Tom\u00e9\",\"description\":\"Noticias desde Santo Tom\u00e9 al Mundo \u2013 La informacion que decide\",\"publisher\":{\"@id\":\"https:\\\/\\\/digitalsantotome.com.ar\\\/#organization\"},\"potentialAction\":[{\"@type\":\"SearchAction\",\"target\":{\"@type\":\"EntryPoint\",\"urlTemplate\":\"https:\\\/\\\/digitalsantotome.com.ar\\\/?s={search_term_string}\"},\"query-input\":{\"@type\":\"PropertyValueSpecification\",\"valueRequired\":true,\"valueName\":\"search_term_string\"}}],\"inLanguage\":\"es\"},{\"@type\":\"Organization\",\"@id\":\"https:\\\/\\\/digitalsantotome.com.ar\\\/#organization\",\"name\":\"Digital Santo Tom\u00e9\",\"url\":\"https:\\\/\\\/digitalsantotome.com.ar\\\/\",\"logo\":{\"@type\":\"ImageObject\",\"inLanguage\":\"es\",\"@id\":\"https:\\\/\\\/digitalsantotome.com.ar\\\/#\\\/schema\\\/logo\\\/image\\\/\",\"url\":\"https:\\\/\\\/digitalsantotome.com.ar\\\/wp-content\\\/uploads\\\/2023\\\/01\\\/facebook.jpg\",\"contentUrl\":\"https:\\\/\\\/digitalsantotome.com.ar\\\/wp-content\\\/uploads\\\/2023\\\/01\\\/facebook.jpg\",\"width\":512,\"height\":376,\"caption\":\"Digital Santo Tom\u00e9\"},\"image\":{\"@id\":\"https:\\\/\\\/digitalsantotome.com.ar\\\/#\\\/schema\\\/logo\\\/image\\\/\"}},{\"@type\":\"Person\",\"@id\":\"https:\\\/\\\/digitalsantotome.com.ar\\\/#\\\/schema\\\/person\\\/8991d8822886fedd92ce7f03817e1bdf\",\"name\":\"Jose Carlos Machado\",\"url\":\"https:\\\/\\\/digitalsantotome.com.ar\\\/?author=2\"}]}<\/script>\n<!-- \/ Yoast SEO plugin. -->","yoast_head_json":{"title":"Forestadora Tapebicu\u00e1 suspender\u00eda 200 empleados a partir del 1 de Junio - Digital Santo Tom\u00e9","robots":{"index":"index","follow":"follow","max-snippet":"max-snippet:-1","max-image-preview":"max-image-preview:large","max-video-preview":"max-video-preview:-1"},"canonical":"https:\/\/digitalsantotome.com.ar\/?p=11067","og_locale":"es_ES","og_type":"article","og_title":"Forestadora Tapebicu\u00e1 suspender\u00eda 200 empleados a partir del 1 de Junio - Digital Santo Tom\u00e9","og_description":"GDOR VIRASORO. La empresa Forestadora Tapebicu\u00e1 SA que tiene su planta en esta ciudad, se apresta a suspender a m\u00e1s de 200 empleados de la misma, medida que se estima que entrar\u00eda en vigencia a partir del 1 de junio del presente a\u00f1o. As\u00ed se desprende de la informaci\u00f3n que surge del Proceso Preventivo de...","og_url":"https:\/\/digitalsantotome.com.ar\/?p=11067","og_site_name":"Digital Santo Tom\u00e9","article_published_time":"2025-05-24T21:47:41+00:00","article_modified_time":"2025-05-25T22:41:38+00:00","og_image":[{"width":278,"height":181,"url":"https:\/\/digitalsantotome.com.ar\/wp-content\/uploads\/2025\/05\/IMG-20250524-WA0018.jpg","type":"image\/jpeg"}],"author":"Jose Carlos Machado","twitter_card":"summary_large_image","twitter_misc":{"Escrito por":"Jose Carlos Machado","Tiempo de lectura":"2 minutos"},"schema":{"@context":"https:\/\/schema.org","@graph":[{"@type":"Article","@id":"https:\/\/digitalsantotome.com.ar\/?p=11067#article","isPartOf":{"@id":"https:\/\/digitalsantotome.com.ar\/?p=11067"},"author":{"name":"Jose Carlos Machado","@id":"https:\/\/digitalsantotome.com.ar\/#\/schema\/person\/8991d8822886fedd92ce7f03817e1bdf"},"headline":"Forestadora Tapebicu\u00e1 suspender\u00eda 200 empleados a partir del 1 de Junio","datePublished":"2025-05-24T21:47:41+00:00","dateModified":"2025-05-25T22:41:38+00:00","mainEntityOfPage":{"@id":"https:\/\/digitalsantotome.com.ar\/?p=11067"},"wordCount":258,"publisher":{"@id":"https:\/\/digitalsantotome.com.ar\/#organization"},"image":{"@id":"https:\/\/digitalsantotome.com.ar\/?p=11067#primaryimage"},"thumbnailUrl":"https:\/\/digitalsantotome.com.ar\/wp-content\/uploads\/2025\/05\/IMG-20250524-WA0018.jpg","articleSection":["Locales"],"inLanguage":"es"},{"@type":"WebPage","@id":"https:\/\/digitalsantotome.com.ar\/?p=11067","url":"https:\/\/digitalsantotome.com.ar\/?p=11067","name":"Forestadora Tapebicu\u00e1 suspender\u00eda 200 empleados a partir del 1 de Junio - Digital Santo Tom\u00e9","isPartOf":{"@id":"https:\/\/digitalsantotome.com.ar\/#website"},"primaryImageOfPage":{"@id":"https:\/\/digitalsantotome.com.ar\/?p=11067#primaryimage"},"image":{"@id":"https:\/\/digitalsantotome.com.ar\/?p=11067#primaryimage"},"thumbnailUrl":"https:\/\/digitalsantotome.com.ar\/wp-content\/uploads\/2025\/05\/IMG-20250524-WA0018.jpg","datePublished":"2025-05-24T21:47:41+00:00","dateModified":"2025-05-25T22:41:38+00:00","breadcrumb":{"@id":"https:\/\/digitalsantotome.com.ar\/?p=11067#breadcrumb"},"inLanguage":"es","potentialAction":[{"@type":"ReadAction","target":["https:\/\/digitalsantotome.com.ar\/?p=11067"]}]},{"@type":"ImageObject","inLanguage":"es","@id":"https:\/\/digitalsantotome.com.ar\/?p=11067#primaryimage","url":"https:\/\/digitalsantotome.com.ar\/wp-content\/uploads\/2025\/05\/IMG-20250524-WA0018.jpg","contentUrl":"https:\/\/digitalsantotome.com.ar\/wp-content\/uploads\/2025\/05\/IMG-20250524-WA0018.jpg","width":278,"height":181},{"@type":"BreadcrumbList","@id":"https:\/\/digitalsantotome.com.ar\/?p=11067#breadcrumb","itemListElement":[{"@type":"ListItem","position":1,"name":"Portada","item":"https:\/\/digitalsantotome.com.ar\/"},{"@type":"ListItem","position":2,"name":"Forestadora Tapebicu\u00e1 suspender\u00eda 200 empleados a partir del 1 de Junio"}]},{"@type":"WebSite","@id":"https:\/\/digitalsantotome.com.ar\/#website","url":"https:\/\/digitalsantotome.com.ar\/","name":"Digital Santo Tom\u00e9","description":"Noticias desde Santo Tom\u00e9 al Mundo \u2013 La informacion que decide","publisher":{"@id":"https:\/\/digitalsantotome.com.ar\/#organization"},"potentialAction":[{"@type":"SearchAction","target":{"@type":"EntryPoint","urlTemplate":"https:\/\/digitalsantotome.com.ar\/?s={search_term_string}"},"query-input":{"@type":"PropertyValueSpecification","valueRequired":true,"valueName":"search_term_string"}}],"inLanguage":"es"},{"@type":"Organization","@id":"https:\/\/digitalsantotome.com.ar\/#organization","name":"Digital Santo Tom\u00e9","url":"https:\/\/digitalsantotome.com.ar\/","logo":{"@type":"ImageObject","inLanguage":"es","@id":"https:\/\/digitalsantotome.com.ar\/#\/schema\/logo\/image\/","url":"https:\/\/digitalsantotome.com.ar\/wp-content\/uploads\/2023\/01\/facebook.jpg","contentUrl":"https:\/\/digitalsantotome.com.ar\/wp-content\/uploads\/2023\/01\/facebook.jpg","width":512,"height":376,"caption":"Digital Santo Tom\u00e9"},"image":{"@id":"https:\/\/digitalsantotome.com.ar\/#\/schema\/logo\/image\/"}},{"@type":"Person","@id":"https:\/\/digitalsantotome.com.ar\/#\/schema\/person\/8991d8822886fedd92ce7f03817e1bdf","name":"Jose Carlos Machado","url":"https:\/\/digitalsantotome.com.ar\/?author=2"}]}},"_links":{"self":[{"href":"https:\/\/digitalsantotome.com.ar\/index.php?rest_route=\/wp\/v2\/posts\/11067","targetHints":{"allow":["GET"]}}],"collection":[{"href":"https:\/\/digitalsantotome.com.ar\/index.php?rest_route=\/wp\/v2\/posts"}],"about":[{"href":"https:\/\/digitalsantotome.com.ar\/index.php?rest_route=\/wp\/v2\/types\/post"}],"author":[{"embeddable":true,"href":"https:\/\/digitalsantotome.com.ar\/index.php?rest_route=\/wp\/v2\/users\/2"}],"replies":[{"embeddable":true,"href":"https:\/\/digitalsantotome.com.ar\/index.php?rest_route=%2Fwp%2Fv2%2Fcomments&post=11067"}],"version-history":[{"count":1,"href":"https:\/\/digitalsantotome.com.ar\/index.php?rest_route=\/wp\/v2\/posts\/11067\/revisions"}],"predecessor-version":[{"id":11070,"href":"https:\/\/digitalsantotome.com.ar\/index.php?rest_route=\/wp\/v2\/posts\/11067\/revisions\/11070"}],"wp:featuredmedia":[{"embeddable":true,"href":"https:\/\/digitalsantotome.com.ar\/index.php?rest_route=\/wp\/v2\/media\/11068"}],"wp:attachment":[{"href":"https:\/\/digitalsantotome.com.ar\/index.php?rest_route=%2Fwp%2Fv2%2Fmedia&parent=11067"}],"wp:term":[{"taxonomy":"category","embeddable":true,"href":"https:\/\/digitalsantotome.com.ar\/index.php?rest_route=%2Fwp%2Fv2%2Fcategories&post=11067"},{"taxonomy":"post_tag","embeddable":true,"href":"https:\/\/digitalsantotome.com.ar\/index.php?rest_route=%2Fwp%2Fv2%2Ftags&post=11067"}],"curies":[{"name":"wp","href":"https:\/\/api.w.org\/{rel}","templated":true}]}}