{"id":11274,"date":"2025-06-04T07:33:11","date_gmt":"2025-06-04T10:33:11","guid":{"rendered":"https:\/\/digitalsantotome.com.ar\/?p=11274"},"modified":"2025-06-04T07:33:11","modified_gmt":"2025-06-04T10:33:11","slug":"gobernadores-pediran-un-nuevo-pacto-fiscal-para-compensar-la-caida-de-ingresos-y-obra-publica","status":"publish","type":"post","link":"https:\/\/digitalsantotome.com.ar\/?p=11274","title":{"rendered":"Gobernadores pedir\u00e1n un nuevo pacto fiscal para compensar la ca\u00edda de ingresos y obra p\u00fablica"},"content":{"rendered":"<p>BUENOS AIRES. Sin la participaci\u00f3n del gobernador correntino\u00a0 \u00a0mandatarios\u00a0 del peronismo, la UCR y el PRO se reunieron en el Consejo Federal de Inversiones (CFI) molestos\u00a0 por la baja en la Coparticipaci\u00f3n y la ca\u00edda en las transferencias autom\u00e1ticas<\/p>\n<p>Seg\u00fan informaron los mandatarios que participaron del encuentro, \u201cprim\u00f3 la posibilidad de sentarse con el gobierno nacional sosteniendo el equilibrio fiscal\u201d, pero se habl\u00f3 de \u201cavanzar en un pacto fiscal que ordene tanto lo impositivo, lo fiscal y las obligaciones de orden federal y provincial\u201d.<\/p>\n<p>En el centro aparee\u00a0la ca\u00edda de recaudaci\u00f3n y su impacto negativo en la coparticipaci\u00f3n y cuentas p\u00fablicas provinciales. Entre el 2024 y este a\u00f1o, la merma prevista en las transferencias autom\u00e1ticas a las provincias, que se componen del r\u00e9gimen de coparticipaci\u00f3n general y los reg\u00edmenes especiales, es del -4,2%, seg\u00fan estimaciones de la Comisi\u00f3n Federal de Impuestos.<\/p>\n<p>De\u00f1 encuentro participaron &#8211; de manera presencial &#8211; Axel Kicillof (Buenos Aires), Jorge Macri (CABA), Leandro Zdero (Chaco), Ignacio Torres (Chubut), Mart\u00edn Llaryora (C\u00f3rdoba), Rogelio Frigerio (Entre R\u00edos), Gildo Isfr\u00e1n (Formosa), Carlos Sadir (Jujuy), Sergio Ziliotto (La Pampa), Ricardo Quintela (La Rioja), Rolando Figueroa (Neuqu\u00e9n), Alberto Weretilneck (R\u00edo Negro), Gustavo S\u00e1enz (Salta), Marcelo Orrego (San Juan), Claudio Poggi (San Luis), Maximiliano Pullaro (Santa Fe), Gerardo Zamora (Santiago del Estero), Gustavo Melella (Tierra del Fuego, Ant\u00e1rtida e Islas del Atl\u00e1ntico Sur).<\/p>\n<p>Por su parte, Alfredo Cornejo (Mendoza), Hugo Passalacqua (Misiones), Osvaldo Jaldo (Tucum\u00e1n) y Ra\u00fal Jalil (Catamarca) dijeron presentes de manera virtual. Tambi\u00e9n el titular del CFI Ignacio Lamothe fue de la partida.<\/p>\n","protected":false},"excerpt":{"rendered":"<p>BUENOS AIRES. Sin la participaci\u00f3n del gobernador correntino\u00a0 \u00a0mandatarios\u00a0 del peronismo, la UCR y el PRO se reunieron en el Consejo Federal de Inversiones (CFI) molestos\u00a0 por la baja en la Coparticipaci\u00f3n y la ca\u00edda en las transferencias autom\u00e1ticas Seg\u00fan informaron los mandatarios que participaron del encuentro, \u201cprim\u00f3 la posibilidad de sentarse con el gobierno&#8230;<\/p>\n","protected":false},"author":2,"featured_media":11275,"comment_status":"closed","ping_status":"closed","sticky":false,"template":"","format":"standard","meta":{"_kad_post_transparent":"default","_kad_post_title":"default","_kad_post_layout":"default","_kad_post_sidebar_id":"","_kad_post_content_style":"default","_kad_post_vertical_padding":"default","_kad_post_feature":"","_kad_post_feature_position":"","_kad_post_header":false,"_kad_post_footer":false,"_kad_post_classname":"","footnotes":""},"categories":[3],"tags":[],"class_list":["post-11274","post","type-post","status-publish","format-standard","has-post-thumbnail","hentry","category-noticias-breves"],"a3_pvc":{"activated":false,"total_views":0,"today_views":0},"yoast_head":"<!-- This site is optimized with the Yoast SEO plugin v27.5 - https:\/\/yoast.com\/product\/yoast-seo-wordpress\/ -->\n<title>Gobernadores pedir\u00e1n un nuevo pacto fiscal para compensar la ca\u00edda de ingresos y obra p\u00fablica - Digital Santo Tom\u00e9<\/title>\n<meta name=\"robots\" content=\"index, follow, max-snippet:-1, max-image-preview:large, max-video-preview:-1\" \/>\n<link rel=\"canonical\" href=\"https:\/\/digitalsantotome.com.ar\/?p=11274\" \/>\n<meta property=\"og:locale\" content=\"es_ES\" \/>\n<meta property=\"og:type\" content=\"article\" \/>\n<meta property=\"og:title\" content=\"Gobernadores pedir\u00e1n un nuevo pacto fiscal para compensar la ca\u00edda de ingresos y obra p\u00fablica - Digital Santo Tom\u00e9\" \/>\n<meta property=\"og:description\" content=\"BUENOS AIRES. Sin la participaci\u00f3n del gobernador correntino\u00a0 \u00a0mandatarios\u00a0 del peronismo, la UCR y el PRO se reunieron en el Consejo Federal de Inversiones (CFI) molestos\u00a0 por la baja en la Coparticipaci\u00f3n y la ca\u00edda en las transferencias autom\u00e1ticas Seg\u00fan informaron los mandatarios que participaron del encuentro, \u201cprim\u00f3 la posibilidad de sentarse con el gobierno...\" \/>\n<meta property=\"og:url\" content=\"https:\/\/digitalsantotome.com.ar\/?p=11274\" \/>\n<meta property=\"og:site_name\" content=\"Digital Santo Tom\u00e9\" \/>\n<meta property=\"article:published_time\" content=\"2025-06-04T10:33:11+00:00\" \/>\n<meta property=\"og:image\" content=\"https:\/\/digitalsantotome.com.ar\/wp-content\/uploads\/2025\/06\/212367_grande.jpg\" \/>\n\t<meta property=\"og:image:width\" content=\"900\" \/>\n\t<meta property=\"og:image:height\" content=\"461\" \/>\n\t<meta property=\"og:image:type\" content=\"image\/jpeg\" \/>\n<meta name=\"author\" content=\"Jose Carlos Machado\" \/>\n<meta name=\"twitter:card\" content=\"summary_large_image\" \/>\n<meta name=\"twitter:label1\" content=\"Escrito por\" \/>\n\t<meta name=\"twitter:data1\" content=\"Jose Carlos Machado\" \/>\n\t<meta name=\"twitter:label2\" content=\"Tiempo de lectura\" \/>\n\t<meta name=\"twitter:data2\" content=\"2 minutos\" \/>\n<script type=\"application\/ld+json\" class=\"yoast-schema-graph\">{\"@context\":\"https:\\\/\\\/schema.org\",\"@graph\":[{\"@type\":\"Article\",\"@id\":\"https:\\\/\\\/digitalsantotome.com.ar\\\/?p=11274#article\",\"isPartOf\":{\"@id\":\"https:\\\/\\\/digitalsantotome.com.ar\\\/?p=11274\"},\"author\":{\"name\":\"Jose Carlos Machado\",\"@id\":\"https:\\\/\\\/digitalsantotome.com.ar\\\/#\\\/schema\\\/person\\\/8991d8822886fedd92ce7f03817e1bdf\"},\"headline\":\"Gobernadores pedir\u00e1n un nuevo pacto fiscal para compensar la ca\u00edda de ingresos y obra p\u00fablica\",\"datePublished\":\"2025-06-04T10:33:11+00:00\",\"mainEntityOfPage\":{\"@id\":\"https:\\\/\\\/digitalsantotome.com.ar\\\/?p=11274\"},\"wordCount\":299,\"publisher\":{\"@id\":\"https:\\\/\\\/digitalsantotome.com.ar\\\/#organization\"},\"image\":{\"@id\":\"https:\\\/\\\/digitalsantotome.com.ar\\\/?p=11274#primaryimage\"},\"thumbnailUrl\":\"https:\\\/\\\/digitalsantotome.com.ar\\\/wp-content\\\/uploads\\\/2025\\\/06\\\/212367_grande.jpg\",\"articleSection\":[\"Noticias breves\"],\"inLanguage\":\"es\"},{\"@type\":\"WebPage\",\"@id\":\"https:\\\/\\\/digitalsantotome.com.ar\\\/?p=11274\",\"url\":\"https:\\\/\\\/digitalsantotome.com.ar\\\/?p=11274\",\"name\":\"Gobernadores pedir\u00e1n un nuevo pacto fiscal para compensar la ca\u00edda de ingresos y obra p\u00fablica - Digital Santo Tom\u00e9\",\"isPartOf\":{\"@id\":\"https:\\\/\\\/digitalsantotome.com.ar\\\/#website\"},\"primaryImageOfPage\":{\"@id\":\"https:\\\/\\\/digitalsantotome.com.ar\\\/?p=11274#primaryimage\"},\"image\":{\"@id\":\"https:\\\/\\\/digitalsantotome.com.ar\\\/?p=11274#primaryimage\"},\"thumbnailUrl\":\"https:\\\/\\\/digitalsantotome.com.ar\\\/wp-content\\\/uploads\\\/2025\\\/06\\\/212367_grande.jpg\",\"datePublished\":\"2025-06-04T10:33:11+00:00\",\"breadcrumb\":{\"@id\":\"https:\\\/\\\/digitalsantotome.com.ar\\\/?p=11274#breadcrumb\"},\"inLanguage\":\"es\",\"potentialAction\":[{\"@type\":\"ReadAction\",\"target\":[\"https:\\\/\\\/digitalsantotome.com.ar\\\/?p=11274\"]}]},{\"@type\":\"ImageObject\",\"inLanguage\":\"es\",\"@id\":\"https:\\\/\\\/digitalsantotome.com.ar\\\/?p=11274#primaryimage\",\"url\":\"https:\\\/\\\/digitalsantotome.com.ar\\\/wp-content\\\/uploads\\\/2025\\\/06\\\/212367_grande.jpg\",\"contentUrl\":\"https:\\\/\\\/digitalsantotome.com.ar\\\/wp-content\\\/uploads\\\/2025\\\/06\\\/212367_grande.jpg\",\"width\":900,\"height\":461},{\"@type\":\"BreadcrumbList\",\"@id\":\"https:\\\/\\\/digitalsantotome.com.ar\\\/?p=11274#breadcrumb\",\"itemListElement\":[{\"@type\":\"ListItem\",\"position\":1,\"name\":\"Portada\",\"item\":\"https:\\\/\\\/digitalsantotome.com.ar\\\/\"},{\"@type\":\"ListItem\",\"position\":2,\"name\":\"Gobernadores pedir\u00e1n un nuevo pacto fiscal para compensar la ca\u00edda de ingresos y obra p\u00fablica\"}]},{\"@type\":\"WebSite\",\"@id\":\"https:\\\/\\\/digitalsantotome.com.ar\\\/#website\",\"url\":\"https:\\\/\\\/digitalsantotome.com.ar\\\/\",\"name\":\"Digital Santo Tom\u00e9\",\"description\":\"Noticias desde Santo Tom\u00e9 al Mundo \u2013 La informacion que decide\",\"publisher\":{\"@id\":\"https:\\\/\\\/digitalsantotome.com.ar\\\/#organization\"},\"potentialAction\":[{\"@type\":\"SearchAction\",\"target\":{\"@type\":\"EntryPoint\",\"urlTemplate\":\"https:\\\/\\\/digitalsantotome.com.ar\\\/?s={search_term_string}\"},\"query-input\":{\"@type\":\"PropertyValueSpecification\",\"valueRequired\":true,\"valueName\":\"search_term_string\"}}],\"inLanguage\":\"es\"},{\"@type\":\"Organization\",\"@id\":\"https:\\\/\\\/digitalsantotome.com.ar\\\/#organization\",\"name\":\"Digital Santo Tom\u00e9\",\"url\":\"https:\\\/\\\/digitalsantotome.com.ar\\\/\",\"logo\":{\"@type\":\"ImageObject\",\"inLanguage\":\"es\",\"@id\":\"https:\\\/\\\/digitalsantotome.com.ar\\\/#\\\/schema\\\/logo\\\/image\\\/\",\"url\":\"https:\\\/\\\/digitalsantotome.com.ar\\\/wp-content\\\/uploads\\\/2023\\\/01\\\/facebook.jpg\",\"contentUrl\":\"https:\\\/\\\/digitalsantotome.com.ar\\\/wp-content\\\/uploads\\\/2023\\\/01\\\/facebook.jpg\",\"width\":512,\"height\":376,\"caption\":\"Digital Santo Tom\u00e9\"},\"image\":{\"@id\":\"https:\\\/\\\/digitalsantotome.com.ar\\\/#\\\/schema\\\/logo\\\/image\\\/\"}},{\"@type\":\"Person\",\"@id\":\"https:\\\/\\\/digitalsantotome.com.ar\\\/#\\\/schema\\\/person\\\/8991d8822886fedd92ce7f03817e1bdf\",\"name\":\"Jose Carlos Machado\",\"url\":\"https:\\\/\\\/digitalsantotome.com.ar\\\/?author=2\"}]}<\/script>\n<!-- \/ Yoast SEO plugin. -->","yoast_head_json":{"title":"Gobernadores pedir\u00e1n un nuevo pacto fiscal para compensar la ca\u00edda de ingresos y obra p\u00fablica - Digital Santo Tom\u00e9","robots":{"index":"index","follow":"follow","max-snippet":"max-snippet:-1","max-image-preview":"max-image-preview:large","max-video-preview":"max-video-preview:-1"},"canonical":"https:\/\/digitalsantotome.com.ar\/?p=11274","og_locale":"es_ES","og_type":"article","og_title":"Gobernadores pedir\u00e1n un nuevo pacto fiscal para compensar la ca\u00edda de ingresos y obra p\u00fablica - Digital Santo Tom\u00e9","og_description":"BUENOS AIRES. Sin la participaci\u00f3n del gobernador correntino\u00a0 \u00a0mandatarios\u00a0 del peronismo, la UCR y el PRO se reunieron en el Consejo Federal de Inversiones (CFI) molestos\u00a0 por la baja en la Coparticipaci\u00f3n y la ca\u00edda en las transferencias autom\u00e1ticas Seg\u00fan informaron los mandatarios que participaron del encuentro, \u201cprim\u00f3 la posibilidad de sentarse con el gobierno...","og_url":"https:\/\/digitalsantotome.com.ar\/?p=11274","og_site_name":"Digital Santo Tom\u00e9","article_published_time":"2025-06-04T10:33:11+00:00","og_image":[{"width":900,"height":461,"url":"https:\/\/digitalsantotome.com.ar\/wp-content\/uploads\/2025\/06\/212367_grande.jpg","type":"image\/jpeg"}],"author":"Jose Carlos Machado","twitter_card":"summary_large_image","twitter_misc":{"Escrito por":"Jose Carlos Machado","Tiempo de lectura":"2 minutos"},"schema":{"@context":"https:\/\/schema.org","@graph":[{"@type":"Article","@id":"https:\/\/digitalsantotome.com.ar\/?p=11274#article","isPartOf":{"@id":"https:\/\/digitalsantotome.com.ar\/?p=11274"},"author":{"name":"Jose Carlos Machado","@id":"https:\/\/digitalsantotome.com.ar\/#\/schema\/person\/8991d8822886fedd92ce7f03817e1bdf"},"headline":"Gobernadores pedir\u00e1n un nuevo pacto fiscal para compensar la ca\u00edda de ingresos y obra p\u00fablica","datePublished":"2025-06-04T10:33:11+00:00","mainEntityOfPage":{"@id":"https:\/\/digitalsantotome.com.ar\/?p=11274"},"wordCount":299,"publisher":{"@id":"https:\/\/digitalsantotome.com.ar\/#organization"},"image":{"@id":"https:\/\/digitalsantotome.com.ar\/?p=11274#primaryimage"},"thumbnailUrl":"https:\/\/digitalsantotome.com.ar\/wp-content\/uploads\/2025\/06\/212367_grande.jpg","articleSection":["Noticias breves"],"inLanguage":"es"},{"@type":"WebPage","@id":"https:\/\/digitalsantotome.com.ar\/?p=11274","url":"https:\/\/digitalsantotome.com.ar\/?p=11274","name":"Gobernadores pedir\u00e1n un nuevo pacto fiscal para compensar la ca\u00edda de ingresos y obra p\u00fablica - Digital Santo Tom\u00e9","isPartOf":{"@id":"https:\/\/digitalsantotome.com.ar\/#website"},"primaryImageOfPage":{"@id":"https:\/\/digitalsantotome.com.ar\/?p=11274#primaryimage"},"image":{"@id":"https:\/\/digitalsantotome.com.ar\/?p=11274#primaryimage"},"thumbnailUrl":"https:\/\/digitalsantotome.com.ar\/wp-content\/uploads\/2025\/06\/212367_grande.jpg","datePublished":"2025-06-04T10:33:11+00:00","breadcrumb":{"@id":"https:\/\/digitalsantotome.com.ar\/?p=11274#breadcrumb"},"inLanguage":"es","potentialAction":[{"@type":"ReadAction","target":["https:\/\/digitalsantotome.com.ar\/?p=11274"]}]},{"@type":"ImageObject","inLanguage":"es","@id":"https:\/\/digitalsantotome.com.ar\/?p=11274#primaryimage","url":"https:\/\/digitalsantotome.com.ar\/wp-content\/uploads\/2025\/06\/212367_grande.jpg","contentUrl":"https:\/\/digitalsantotome.com.ar\/wp-content\/uploads\/2025\/06\/212367_grande.jpg","width":900,"height":461},{"@type":"BreadcrumbList","@id":"https:\/\/digitalsantotome.com.ar\/?p=11274#breadcrumb","itemListElement":[{"@type":"ListItem","position":1,"name":"Portada","item":"https:\/\/digitalsantotome.com.ar\/"},{"@type":"ListItem","position":2,"name":"Gobernadores pedir\u00e1n un nuevo pacto fiscal para compensar la ca\u00edda de ingresos y obra p\u00fablica"}]},{"@type":"WebSite","@id":"https:\/\/digitalsantotome.com.ar\/#website","url":"https:\/\/digitalsantotome.com.ar\/","name":"Digital Santo Tom\u00e9","description":"Noticias desde Santo Tom\u00e9 al Mundo \u2013 La informacion que decide","publisher":{"@id":"https:\/\/digitalsantotome.com.ar\/#organization"},"potentialAction":[{"@type":"SearchAction","target":{"@type":"EntryPoint","urlTemplate":"https:\/\/digitalsantotome.com.ar\/?s={search_term_string}"},"query-input":{"@type":"PropertyValueSpecification","valueRequired":true,"valueName":"search_term_string"}}],"inLanguage":"es"},{"@type":"Organization","@id":"https:\/\/digitalsantotome.com.ar\/#organization","name":"Digital Santo Tom\u00e9","url":"https:\/\/digitalsantotome.com.ar\/","logo":{"@type":"ImageObject","inLanguage":"es","@id":"https:\/\/digitalsantotome.com.ar\/#\/schema\/logo\/image\/","url":"https:\/\/digitalsantotome.com.ar\/wp-content\/uploads\/2023\/01\/facebook.jpg","contentUrl":"https:\/\/digitalsantotome.com.ar\/wp-content\/uploads\/2023\/01\/facebook.jpg","width":512,"height":376,"caption":"Digital Santo Tom\u00e9"},"image":{"@id":"https:\/\/digitalsantotome.com.ar\/#\/schema\/logo\/image\/"}},{"@type":"Person","@id":"https:\/\/digitalsantotome.com.ar\/#\/schema\/person\/8991d8822886fedd92ce7f03817e1bdf","name":"Jose Carlos Machado","url":"https:\/\/digitalsantotome.com.ar\/?author=2"}]}},"_links":{"self":[{"href":"https:\/\/digitalsantotome.com.ar\/index.php?rest_route=\/wp\/v2\/posts\/11274","targetHints":{"allow":["GET"]}}],"collection":[{"href":"https:\/\/digitalsantotome.com.ar\/index.php?rest_route=\/wp\/v2\/posts"}],"about":[{"href":"https:\/\/digitalsantotome.com.ar\/index.php?rest_route=\/wp\/v2\/types\/post"}],"author":[{"embeddable":true,"href":"https:\/\/digitalsantotome.com.ar\/index.php?rest_route=\/wp\/v2\/users\/2"}],"replies":[{"embeddable":true,"href":"https:\/\/digitalsantotome.com.ar\/index.php?rest_route=%2Fwp%2Fv2%2Fcomments&post=11274"}],"version-history":[{"count":1,"href":"https:\/\/digitalsantotome.com.ar\/index.php?rest_route=\/wp\/v2\/posts\/11274\/revisions"}],"predecessor-version":[{"id":11276,"href":"https:\/\/digitalsantotome.com.ar\/index.php?rest_route=\/wp\/v2\/posts\/11274\/revisions\/11276"}],"wp:featuredmedia":[{"embeddable":true,"href":"https:\/\/digitalsantotome.com.ar\/index.php?rest_route=\/wp\/v2\/media\/11275"}],"wp:attachment":[{"href":"https:\/\/digitalsantotome.com.ar\/index.php?rest_route=%2Fwp%2Fv2%2Fmedia&parent=11274"}],"wp:term":[{"taxonomy":"category","embeddable":true,"href":"https:\/\/digitalsantotome.com.ar\/index.php?rest_route=%2Fwp%2Fv2%2Fcategories&post=11274"},{"taxonomy":"post_tag","embeddable":true,"href":"https:\/\/digitalsantotome.com.ar\/index.php?rest_route=%2Fwp%2Fv2%2Ftags&post=11274"}],"curies":[{"name":"wp","href":"https:\/\/api.w.org\/{rel}","templated":true}]}}