{"id":11307,"date":"2025-06-06T07:55:51","date_gmt":"2025-06-06T10:55:51","guid":{"rendered":"https:\/\/digitalsantotome.com.ar\/?p=11307"},"modified":"2025-06-06T07:56:02","modified_gmt":"2025-06-06T10:56:02","slug":"plantaron-400-arboles-para-celebrar-el-dia-del-ambiente-junto-a-estudiantes-secundarios","status":"publish","type":"post","link":"https:\/\/digitalsantotome.com.ar\/?p=11307","title":{"rendered":"Plantaron 400 \u00e1rboles para celebrar el D\u00eda del Ambiente junto a estudiantes secundarios"},"content":{"rendered":"<p>SANTO TOME. En el marco del D\u00eda Mundial del Ambiente, el Municipio de Santo Tom\u00e9, junto a estudiantes de los \u00faltimos a\u00f1os del nivel secundario, inici\u00f3 la plantaci\u00f3n de 400 \u00e1rboles en el predio del Complejo Polideportivo Romeo Maciel y en los bulevares recientemente construidos. La actividad forma parte de una acci\u00f3n replicadora que busca integrar a los j\u00f3venes en el compromiso con el cuidado del medio ambiente, seg\u00fan lo se\u00f1ala un parte de prensa divulgado por la comuna santotome\u00f1a.<\/p>\n<p>Durante la apertura de la jornada, el intendente Augusto Suaid expres\u00f3:<br \/>\n\u201cEstamos muy contentos por celebrar el D\u00eda del Ambiente con los agentes replicadores, en este caso todos los alumnos de los colegios secundarios que egresan este a\u00f1o, que son 400. Vamos a estar plantando 400 \u00e1rboles en este predio y alrededores, justamente para conmemorar el d\u00eda del ambiente; y ense\u00f1ar el legado que nos dej\u00f3 el Papa Francisco del cuidado de la casa com\u00fan. Como siempre decimos, la casa que nos engloba a todos, donde los cambios clim\u00e1ticos cada vez nos est\u00e1n afectando m\u00e1s, y nosotros tenemos la obligaci\u00f3n como humanos de seguir preservando no solamente para nuestro presente sino para las generaciones futuras. Y qu\u00e9 mejor que hacerlo con los chicos del secundario, que van a plantar, como dec\u00eda el Papa, con la mente, con el coraz\u00f3n y con el esp\u00edritu\u201d.<\/p>\n<p>Adem\u00e1s, Suaid destac\u00f3 la participaci\u00f3n de diversas instituciones educativas y organizaciones locales: \u201cQueremos agradecer a la Universidad del Salvador, que don\u00f3 una importante cantidad de \u00e1rboles nativos, a las Colinas, al Instituto Borges, al Instituto Irup\u00e9, y a todos los colegios secundarios por sumarse y ayudarnos a visibilizar esta gran jornada que nos compromete como ciudadanos a cuidar nuestra casa com\u00fan\u201d.<\/p>\n<p>El intendente record\u00f3 que la propuesta surgi\u00f3 por iniciativa de los concejales Saucedo y Farizano, destacando la importancia de incluir a los j\u00f3venes en actividades de conciencia ambiental: \u201cLes dec\u00eda a los chicos que el d\u00eda de ma\u00f1ana quiz\u00e1s paseen por este lugar con sus hijos o nietos, y ver\u00e1n el fruto de lo que plantaron hoy\u201d.<br \/>\nEn total, se plantaron 400 \u00e1rboles, en la zona del Complejo Polideportivo Romeo Maciel, en los bulevares y zonas aleda\u00f1as a diferentes escuelas. Entre las especies utilizadas se destac\u00f3 el lapacho rosado, una especie nativa que, seg\u00fan Suaid, \u201cdar\u00e1 mucha jerarqu\u00eda a este lugar\u201d.<\/p>\n<p>Participaron estudiantes de las siguientes instituciones de Santo Tom\u00e9:<br \/>\nCentro de Formaci\u00f3n Profesional Rector Vicente Fidel L\u00f3pez, Escuela T\u00e9cnica, Escuela Normal Prof. V\u00edctor Mercante, CESPA N\u00b03, Colegio Secundario Isidro Bonifacio C\u00e1ceres, Colegio Sargento Cabral, Centro de Formaci\u00f3n Rural Las Colinas, Colegio Siglo XXI, Colegio Mainumby, Colegio Secundario Santo Tom\u00e9 (ex Anexo de la Escuela Normal).<\/p>\n","protected":false},"excerpt":{"rendered":"<p>SANTO TOME. En el marco del D\u00eda Mundial del Ambiente, el Municipio de Santo Tom\u00e9, junto a estudiantes de los \u00faltimos a\u00f1os del nivel secundario, inici\u00f3 la plantaci\u00f3n de 400 \u00e1rboles en el predio del Complejo Polideportivo Romeo Maciel y en los bulevares recientemente construidos. La actividad forma parte de una acci\u00f3n replicadora que busca&#8230;<\/p>\n","protected":false},"author":2,"featured_media":11308,"comment_status":"closed","ping_status":"closed","sticky":false,"template":"","format":"standard","meta":{"_kad_post_transparent":"default","_kad_post_title":"default","_kad_post_layout":"default","_kad_post_sidebar_id":"","_kad_post_content_style":"default","_kad_post_vertical_padding":"default","_kad_post_feature":"","_kad_post_feature_position":"","_kad_post_header":false,"_kad_post_footer":false,"_kad_post_classname":"","footnotes":""},"categories":[1],"tags":[],"class_list":["post-11307","post","type-post","status-publish","format-standard","has-post-thumbnail","hentry","category-locales"],"a3_pvc":{"activated":false,"total_views":0,"today_views":0},"yoast_head":"<!-- This site is optimized with the Yoast SEO plugin v27.5 - https:\/\/yoast.com\/product\/yoast-seo-wordpress\/ -->\n<title>Plantaron 400 \u00e1rboles para celebrar el D\u00eda del Ambiente junto a estudiantes secundarios - Digital Santo Tom\u00e9<\/title>\n<meta name=\"robots\" content=\"index, follow, max-snippet:-1, max-image-preview:large, max-video-preview:-1\" \/>\n<link rel=\"canonical\" href=\"https:\/\/digitalsantotome.com.ar\/?p=11307\" \/>\n<meta property=\"og:locale\" content=\"es_ES\" \/>\n<meta property=\"og:type\" content=\"article\" \/>\n<meta property=\"og:title\" content=\"Plantaron 400 \u00e1rboles para celebrar el D\u00eda del Ambiente junto a estudiantes secundarios - Digital Santo Tom\u00e9\" \/>\n<meta property=\"og:description\" content=\"SANTO TOME. En el marco del D\u00eda Mundial del Ambiente, el Municipio de Santo Tom\u00e9, junto a estudiantes de los \u00faltimos a\u00f1os del nivel secundario, inici\u00f3 la plantaci\u00f3n de 400 \u00e1rboles en el predio del Complejo Polideportivo Romeo Maciel y en los bulevares recientemente construidos. La actividad forma parte de una acci\u00f3n replicadora que busca...\" \/>\n<meta property=\"og:url\" content=\"https:\/\/digitalsantotome.com.ar\/?p=11307\" \/>\n<meta property=\"og:site_name\" content=\"Digital Santo Tom\u00e9\" \/>\n<meta property=\"article:published_time\" content=\"2025-06-06T10:55:51+00:00\" \/>\n<meta property=\"article:modified_time\" content=\"2025-06-06T10:56:02+00:00\" \/>\n<meta property=\"og:image\" content=\"https:\/\/digitalsantotome.com.ar\/wp-content\/uploads\/2025\/06\/IMG-20250605-WA0038-scaled.jpg\" \/>\n\t<meta property=\"og:image:width\" content=\"2560\" \/>\n\t<meta property=\"og:image:height\" content=\"1707\" \/>\n\t<meta property=\"og:image:type\" content=\"image\/jpeg\" \/>\n<meta name=\"author\" content=\"Jose Carlos Machado\" \/>\n<meta name=\"twitter:card\" content=\"summary_large_image\" \/>\n<meta name=\"twitter:label1\" content=\"Escrito por\" \/>\n\t<meta name=\"twitter:data1\" content=\"Jose Carlos Machado\" \/>\n\t<meta name=\"twitter:label2\" content=\"Tiempo de lectura\" \/>\n\t<meta name=\"twitter:data2\" content=\"3 minutos\" \/>\n<script type=\"application\/ld+json\" class=\"yoast-schema-graph\">{\"@context\":\"https:\\\/\\\/schema.org\",\"@graph\":[{\"@type\":\"Article\",\"@id\":\"https:\\\/\\\/digitalsantotome.com.ar\\\/?p=11307#article\",\"isPartOf\":{\"@id\":\"https:\\\/\\\/digitalsantotome.com.ar\\\/?p=11307\"},\"author\":{\"name\":\"Jose Carlos Machado\",\"@id\":\"https:\\\/\\\/digitalsantotome.com.ar\\\/#\\\/schema\\\/person\\\/8991d8822886fedd92ce7f03817e1bdf\"},\"headline\":\"Plantaron 400 \u00e1rboles para celebrar el D\u00eda del Ambiente junto a estudiantes secundarios\",\"datePublished\":\"2025-06-06T10:55:51+00:00\",\"dateModified\":\"2025-06-06T10:56:02+00:00\",\"mainEntityOfPage\":{\"@id\":\"https:\\\/\\\/digitalsantotome.com.ar\\\/?p=11307\"},\"wordCount\":487,\"publisher\":{\"@id\":\"https:\\\/\\\/digitalsantotome.com.ar\\\/#organization\"},\"image\":{\"@id\":\"https:\\\/\\\/digitalsantotome.com.ar\\\/?p=11307#primaryimage\"},\"thumbnailUrl\":\"https:\\\/\\\/digitalsantotome.com.ar\\\/wp-content\\\/uploads\\\/2025\\\/06\\\/IMG-20250605-WA0038-scaled.jpg\",\"articleSection\":[\"Locales\"],\"inLanguage\":\"es\"},{\"@type\":\"WebPage\",\"@id\":\"https:\\\/\\\/digitalsantotome.com.ar\\\/?p=11307\",\"url\":\"https:\\\/\\\/digitalsantotome.com.ar\\\/?p=11307\",\"name\":\"Plantaron 400 \u00e1rboles para celebrar el D\u00eda del Ambiente junto a estudiantes secundarios - Digital Santo Tom\u00e9\",\"isPartOf\":{\"@id\":\"https:\\\/\\\/digitalsantotome.com.ar\\\/#website\"},\"primaryImageOfPage\":{\"@id\":\"https:\\\/\\\/digitalsantotome.com.ar\\\/?p=11307#primaryimage\"},\"image\":{\"@id\":\"https:\\\/\\\/digitalsantotome.com.ar\\\/?p=11307#primaryimage\"},\"thumbnailUrl\":\"https:\\\/\\\/digitalsantotome.com.ar\\\/wp-content\\\/uploads\\\/2025\\\/06\\\/IMG-20250605-WA0038-scaled.jpg\",\"datePublished\":\"2025-06-06T10:55:51+00:00\",\"dateModified\":\"2025-06-06T10:56:02+00:00\",\"breadcrumb\":{\"@id\":\"https:\\\/\\\/digitalsantotome.com.ar\\\/?p=11307#breadcrumb\"},\"inLanguage\":\"es\",\"potentialAction\":[{\"@type\":\"ReadAction\",\"target\":[\"https:\\\/\\\/digitalsantotome.com.ar\\\/?p=11307\"]}]},{\"@type\":\"ImageObject\",\"inLanguage\":\"es\",\"@id\":\"https:\\\/\\\/digitalsantotome.com.ar\\\/?p=11307#primaryimage\",\"url\":\"https:\\\/\\\/digitalsantotome.com.ar\\\/wp-content\\\/uploads\\\/2025\\\/06\\\/IMG-20250605-WA0038-scaled.jpg\",\"contentUrl\":\"https:\\\/\\\/digitalsantotome.com.ar\\\/wp-content\\\/uploads\\\/2025\\\/06\\\/IMG-20250605-WA0038-scaled.jpg\",\"width\":2560,\"height\":1707},{\"@type\":\"BreadcrumbList\",\"@id\":\"https:\\\/\\\/digitalsantotome.com.ar\\\/?p=11307#breadcrumb\",\"itemListElement\":[{\"@type\":\"ListItem\",\"position\":1,\"name\":\"Portada\",\"item\":\"https:\\\/\\\/digitalsantotome.com.ar\\\/\"},{\"@type\":\"ListItem\",\"position\":2,\"name\":\"Plantaron 400 \u00e1rboles para celebrar el D\u00eda del Ambiente junto a estudiantes secundarios\"}]},{\"@type\":\"WebSite\",\"@id\":\"https:\\\/\\\/digitalsantotome.com.ar\\\/#website\",\"url\":\"https:\\\/\\\/digitalsantotome.com.ar\\\/\",\"name\":\"Digital Santo Tom\u00e9\",\"description\":\"Noticias desde Santo Tom\u00e9 al Mundo \u2013 La informacion que decide\",\"publisher\":{\"@id\":\"https:\\\/\\\/digitalsantotome.com.ar\\\/#organization\"},\"potentialAction\":[{\"@type\":\"SearchAction\",\"target\":{\"@type\":\"EntryPoint\",\"urlTemplate\":\"https:\\\/\\\/digitalsantotome.com.ar\\\/?s={search_term_string}\"},\"query-input\":{\"@type\":\"PropertyValueSpecification\",\"valueRequired\":true,\"valueName\":\"search_term_string\"}}],\"inLanguage\":\"es\"},{\"@type\":\"Organization\",\"@id\":\"https:\\\/\\\/digitalsantotome.com.ar\\\/#organization\",\"name\":\"Digital Santo Tom\u00e9\",\"url\":\"https:\\\/\\\/digitalsantotome.com.ar\\\/\",\"logo\":{\"@type\":\"ImageObject\",\"inLanguage\":\"es\",\"@id\":\"https:\\\/\\\/digitalsantotome.com.ar\\\/#\\\/schema\\\/logo\\\/image\\\/\",\"url\":\"https:\\\/\\\/digitalsantotome.com.ar\\\/wp-content\\\/uploads\\\/2023\\\/01\\\/facebook.jpg\",\"contentUrl\":\"https:\\\/\\\/digitalsantotome.com.ar\\\/wp-content\\\/uploads\\\/2023\\\/01\\\/facebook.jpg\",\"width\":512,\"height\":376,\"caption\":\"Digital Santo Tom\u00e9\"},\"image\":{\"@id\":\"https:\\\/\\\/digitalsantotome.com.ar\\\/#\\\/schema\\\/logo\\\/image\\\/\"}},{\"@type\":\"Person\",\"@id\":\"https:\\\/\\\/digitalsantotome.com.ar\\\/#\\\/schema\\\/person\\\/8991d8822886fedd92ce7f03817e1bdf\",\"name\":\"Jose Carlos Machado\",\"url\":\"https:\\\/\\\/digitalsantotome.com.ar\\\/?author=2\"}]}<\/script>\n<!-- \/ Yoast SEO plugin. -->","yoast_head_json":{"title":"Plantaron 400 \u00e1rboles para celebrar el D\u00eda del Ambiente junto a estudiantes secundarios - Digital Santo Tom\u00e9","robots":{"index":"index","follow":"follow","max-snippet":"max-snippet:-1","max-image-preview":"max-image-preview:large","max-video-preview":"max-video-preview:-1"},"canonical":"https:\/\/digitalsantotome.com.ar\/?p=11307","og_locale":"es_ES","og_type":"article","og_title":"Plantaron 400 \u00e1rboles para celebrar el D\u00eda del Ambiente junto a estudiantes secundarios - Digital Santo Tom\u00e9","og_description":"SANTO TOME. En el marco del D\u00eda Mundial del Ambiente, el Municipio de Santo Tom\u00e9, junto a estudiantes de los \u00faltimos a\u00f1os del nivel secundario, inici\u00f3 la plantaci\u00f3n de 400 \u00e1rboles en el predio del Complejo Polideportivo Romeo Maciel y en los bulevares recientemente construidos. La actividad forma parte de una acci\u00f3n replicadora que busca...","og_url":"https:\/\/digitalsantotome.com.ar\/?p=11307","og_site_name":"Digital Santo Tom\u00e9","article_published_time":"2025-06-06T10:55:51+00:00","article_modified_time":"2025-06-06T10:56:02+00:00","og_image":[{"width":2560,"height":1707,"url":"https:\/\/digitalsantotome.com.ar\/wp-content\/uploads\/2025\/06\/IMG-20250605-WA0038-scaled.jpg","type":"image\/jpeg"}],"author":"Jose Carlos Machado","twitter_card":"summary_large_image","twitter_misc":{"Escrito por":"Jose Carlos Machado","Tiempo de lectura":"3 minutos"},"schema":{"@context":"https:\/\/schema.org","@graph":[{"@type":"Article","@id":"https:\/\/digitalsantotome.com.ar\/?p=11307#article","isPartOf":{"@id":"https:\/\/digitalsantotome.com.ar\/?p=11307"},"author":{"name":"Jose Carlos Machado","@id":"https:\/\/digitalsantotome.com.ar\/#\/schema\/person\/8991d8822886fedd92ce7f03817e1bdf"},"headline":"Plantaron 400 \u00e1rboles para celebrar el D\u00eda del Ambiente junto a estudiantes secundarios","datePublished":"2025-06-06T10:55:51+00:00","dateModified":"2025-06-06T10:56:02+00:00","mainEntityOfPage":{"@id":"https:\/\/digitalsantotome.com.ar\/?p=11307"},"wordCount":487,"publisher":{"@id":"https:\/\/digitalsantotome.com.ar\/#organization"},"image":{"@id":"https:\/\/digitalsantotome.com.ar\/?p=11307#primaryimage"},"thumbnailUrl":"https:\/\/digitalsantotome.com.ar\/wp-content\/uploads\/2025\/06\/IMG-20250605-WA0038-scaled.jpg","articleSection":["Locales"],"inLanguage":"es"},{"@type":"WebPage","@id":"https:\/\/digitalsantotome.com.ar\/?p=11307","url":"https:\/\/digitalsantotome.com.ar\/?p=11307","name":"Plantaron 400 \u00e1rboles para celebrar el D\u00eda del Ambiente junto a estudiantes secundarios - Digital Santo Tom\u00e9","isPartOf":{"@id":"https:\/\/digitalsantotome.com.ar\/#website"},"primaryImageOfPage":{"@id":"https:\/\/digitalsantotome.com.ar\/?p=11307#primaryimage"},"image":{"@id":"https:\/\/digitalsantotome.com.ar\/?p=11307#primaryimage"},"thumbnailUrl":"https:\/\/digitalsantotome.com.ar\/wp-content\/uploads\/2025\/06\/IMG-20250605-WA0038-scaled.jpg","datePublished":"2025-06-06T10:55:51+00:00","dateModified":"2025-06-06T10:56:02+00:00","breadcrumb":{"@id":"https:\/\/digitalsantotome.com.ar\/?p=11307#breadcrumb"},"inLanguage":"es","potentialAction":[{"@type":"ReadAction","target":["https:\/\/digitalsantotome.com.ar\/?p=11307"]}]},{"@type":"ImageObject","inLanguage":"es","@id":"https:\/\/digitalsantotome.com.ar\/?p=11307#primaryimage","url":"https:\/\/digitalsantotome.com.ar\/wp-content\/uploads\/2025\/06\/IMG-20250605-WA0038-scaled.jpg","contentUrl":"https:\/\/digitalsantotome.com.ar\/wp-content\/uploads\/2025\/06\/IMG-20250605-WA0038-scaled.jpg","width":2560,"height":1707},{"@type":"BreadcrumbList","@id":"https:\/\/digitalsantotome.com.ar\/?p=11307#breadcrumb","itemListElement":[{"@type":"ListItem","position":1,"name":"Portada","item":"https:\/\/digitalsantotome.com.ar\/"},{"@type":"ListItem","position":2,"name":"Plantaron 400 \u00e1rboles para celebrar el D\u00eda del Ambiente junto a estudiantes secundarios"}]},{"@type":"WebSite","@id":"https:\/\/digitalsantotome.com.ar\/#website","url":"https:\/\/digitalsantotome.com.ar\/","name":"Digital Santo Tom\u00e9","description":"Noticias desde Santo Tom\u00e9 al Mundo \u2013 La informacion que decide","publisher":{"@id":"https:\/\/digitalsantotome.com.ar\/#organization"},"potentialAction":[{"@type":"SearchAction","target":{"@type":"EntryPoint","urlTemplate":"https:\/\/digitalsantotome.com.ar\/?s={search_term_string}"},"query-input":{"@type":"PropertyValueSpecification","valueRequired":true,"valueName":"search_term_string"}}],"inLanguage":"es"},{"@type":"Organization","@id":"https:\/\/digitalsantotome.com.ar\/#organization","name":"Digital Santo Tom\u00e9","url":"https:\/\/digitalsantotome.com.ar\/","logo":{"@type":"ImageObject","inLanguage":"es","@id":"https:\/\/digitalsantotome.com.ar\/#\/schema\/logo\/image\/","url":"https:\/\/digitalsantotome.com.ar\/wp-content\/uploads\/2023\/01\/facebook.jpg","contentUrl":"https:\/\/digitalsantotome.com.ar\/wp-content\/uploads\/2023\/01\/facebook.jpg","width":512,"height":376,"caption":"Digital Santo Tom\u00e9"},"image":{"@id":"https:\/\/digitalsantotome.com.ar\/#\/schema\/logo\/image\/"}},{"@type":"Person","@id":"https:\/\/digitalsantotome.com.ar\/#\/schema\/person\/8991d8822886fedd92ce7f03817e1bdf","name":"Jose Carlos Machado","url":"https:\/\/digitalsantotome.com.ar\/?author=2"}]}},"_links":{"self":[{"href":"https:\/\/digitalsantotome.com.ar\/index.php?rest_route=\/wp\/v2\/posts\/11307","targetHints":{"allow":["GET"]}}],"collection":[{"href":"https:\/\/digitalsantotome.com.ar\/index.php?rest_route=\/wp\/v2\/posts"}],"about":[{"href":"https:\/\/digitalsantotome.com.ar\/index.php?rest_route=\/wp\/v2\/types\/post"}],"author":[{"embeddable":true,"href":"https:\/\/digitalsantotome.com.ar\/index.php?rest_route=\/wp\/v2\/users\/2"}],"replies":[{"embeddable":true,"href":"https:\/\/digitalsantotome.com.ar\/index.php?rest_route=%2Fwp%2Fv2%2Fcomments&post=11307"}],"version-history":[{"count":1,"href":"https:\/\/digitalsantotome.com.ar\/index.php?rest_route=\/wp\/v2\/posts\/11307\/revisions"}],"predecessor-version":[{"id":11309,"href":"https:\/\/digitalsantotome.com.ar\/index.php?rest_route=\/wp\/v2\/posts\/11307\/revisions\/11309"}],"wp:featuredmedia":[{"embeddable":true,"href":"https:\/\/digitalsantotome.com.ar\/index.php?rest_route=\/wp\/v2\/media\/11308"}],"wp:attachment":[{"href":"https:\/\/digitalsantotome.com.ar\/index.php?rest_route=%2Fwp%2Fv2%2Fmedia&parent=11307"}],"wp:term":[{"taxonomy":"category","embeddable":true,"href":"https:\/\/digitalsantotome.com.ar\/index.php?rest_route=%2Fwp%2Fv2%2Fcategories&post=11307"},{"taxonomy":"post_tag","embeddable":true,"href":"https:\/\/digitalsantotome.com.ar\/index.php?rest_route=%2Fwp%2Fv2%2Ftags&post=11307"}],"curies":[{"name":"wp","href":"https:\/\/api.w.org\/{rel}","templated":true}]}}