{"id":11490,"date":"2025-06-23T21:56:46","date_gmt":"2025-06-24T00:56:46","guid":{"rendered":"https:\/\/digitalsantotome.com.ar\/?p=11490"},"modified":"2025-06-25T20:00:06","modified_gmt":"2025-06-25T23:00:06","slug":"turma-do-fon-fon-ya-tiene-a-su-reina-para-el-carnaval-2026","status":"publish","type":"post","link":"https:\/\/digitalsantotome.com.ar\/?p=11490","title":{"rendered":"Exclusivo: Turma do Fon Fon ya tiene a su reina para el carnaval 2026"},"content":{"rendered":"<p><strong>SANTO TOME<\/strong>. Aun en medio de la tremenda crisis econ\u00f3mica que se est\u00e1 atravesando y donde todav\u00eda subyacen dudas acerca del futuro del carnaval santotome\u00f1o para el a\u00f1o pr\u00f3ximo; en los \u00faltimos d\u00edas se conoci\u00f3 la informaci\u00f3n acerca que la <strong>Comparsa Turma do Fon Fon<\/strong> ya eligi\u00f3 quien ser\u00e1 su reina para la fiesta de momo del a\u00f1o venidero \u2013 si es que se llegase a realizar -. Se trata de <strong>Florencia Schneider,<\/strong> quien ya ven\u00eda participando en los cuerpos de baile de la comparsa decana del carnaval santotome\u00f1o.<\/p>\n<p>La noticia se filtr\u00f3 muy a pesar\u00a0 que quienes hoy conducen de manera provisoria a la Fon Fon, pretend\u00edan tener guardado bajo siete llaves el nombre de quien ser\u00e1 su soberana en el corso 2026. Pero \u201ccomo las paredes hoyen y ven\u201d y los medios siempre cuentan con fuentes de primera mano, el nombre de <strong>Florencia Schneider<\/strong> termin\u00f3 confirm\u00e1ndose a pesar del cerrado hermetismo de sus dirigentes. <strong>Se espera que para la semana que viene se haga la presentaci\u00f3n oficial de las figuras destaques de Fon Fon.<\/strong><\/p>\n<p>Otra de las figuras que se supo est\u00e1 confirmada, es la de <strong>Xiomara Silva<\/strong> quien ser\u00e1 la <strong>bastonera,<\/strong> acaso uno de los puestos m\u00e1s codiciados por las bailarinas de la \u201cturma\u201d. En ese marco de incertidumbre, la dirigencia fonfonera que se hizo cargo de las riendas de la comparsa hasta tanto se realice el llamado a asamblea para elegir a las nuevas autoridades; van eligiendo de a poco a las figuras que ser\u00e1n quienes formen parte de la misma.<\/p>\n<p><img fetchpriority=\"high\" decoding=\"async\" class=\"alignnone size-full wp-image-11492\" src=\"https:\/\/digitalsantotome.com.ar\/wp-content\/uploads\/2025\/06\/IMG-20250623-WA0097.jpg\" alt=\"\" width=\"1154\" height=\"1426\" srcset=\"https:\/\/digitalsantotome.com.ar\/wp-content\/uploads\/2025\/06\/IMG-20250623-WA0097.jpg 1154w, https:\/\/digitalsantotome.com.ar\/wp-content\/uploads\/2025\/06\/IMG-20250623-WA0097-243x300.jpg 243w, https:\/\/digitalsantotome.com.ar\/wp-content\/uploads\/2025\/06\/IMG-20250623-WA0097-829x1024.jpg 829w, https:\/\/digitalsantotome.com.ar\/wp-content\/uploads\/2025\/06\/IMG-20250623-WA0097-768x949.jpg 768w\" sizes=\"(max-width: 1154px) 100vw, 1154px\" \/><\/p>\n<p>El grupo <strong>\u201cCoraz\u00f3n Fonfonero\u201d<\/strong> que hasta ahora comandan provisoriamente los destinos de la Fon Fon, hasta que se realice la asamblea tal como manda la ley de Personas Jur\u00eddicas; navega en aguas turbulentas al no saber a ciencia cierta cuando ser\u00e1n las autoridades legalmente constituidas. Por ahora, hay que seguir esperando, una espera que genera nerviosismo en m\u00e1s de un fonfonero.<\/p>\n<p><strong>CUANTO HABRA DE PLATA PARA LAS COMPARSAS<\/strong><\/p>\n<p>Y si de carnaval se trata, <strong>Fon Fon<\/strong> es una de las tres comparsas que junto a <strong>Marab\u00fa e Ipanema<\/strong> esperan ansiosas que la comuna haga un ofrecimiento econ\u00f3mico tentador a cada una de las agrupaciones carnestolendas para poder empezar a hacer proyecciones de gastos y con qu\u00e9 cantidad de dinero contar\u00e1n de ac\u00e1 hasta enero cuando en la Avenida Parque Cors\u00f3dromo vuelva a ser el escenario de la fiesta m\u00e1s convocante que tiene Santo Tom\u00e9. Fuentes de primer nivel se\u00f1alaron a este portal es que las comparsas pretenden por lo menos recibir un ciento por ciento m\u00e1s de lo que percibieron para el corso del a\u00f1o 2025. Pero en la comuna santotome\u00f1a, por ahora se muestran reacios a acceder a lo que pretenden los comparseros. Hoy por hoy, ser\u00edan unos <strong>50 millones de pesos para cada comparsa<\/strong>. Como dice el refr\u00e1n popular, \u201cla taba est\u00e1 en el aire\u201d y habr\u00e1 que ver como cae.<\/p>\n","protected":false},"excerpt":{"rendered":"<p>SANTO TOME. Aun en medio de la tremenda crisis econ\u00f3mica que se est\u00e1 atravesando y donde todav\u00eda subyacen dudas acerca del futuro del carnaval santotome\u00f1o para el a\u00f1o pr\u00f3ximo; en los \u00faltimos d\u00edas se conoci\u00f3 la informaci\u00f3n acerca que la Comparsa Turma do Fon Fon ya eligi\u00f3 quien ser\u00e1 su reina para la fiesta de&#8230;<\/p>\n","protected":false},"author":2,"featured_media":11491,"comment_status":"closed","ping_status":"closed","sticky":false,"template":"","format":"standard","meta":{"_kad_post_transparent":"default","_kad_post_title":"default","_kad_post_layout":"default","_kad_post_sidebar_id":"","_kad_post_content_style":"default","_kad_post_vertical_padding":"default","_kad_post_feature":"","_kad_post_feature_position":"","_kad_post_header":false,"_kad_post_footer":false,"_kad_post_classname":"","footnotes":""},"categories":[1],"tags":[],"class_list":["post-11490","post","type-post","status-publish","format-standard","has-post-thumbnail","hentry","category-locales"],"a3_pvc":{"activated":false,"total_views":0,"today_views":0},"yoast_head":"<!-- This site is optimized with the Yoast SEO plugin v27.5 - https:\/\/yoast.com\/product\/yoast-seo-wordpress\/ -->\n<title>Exclusivo: Turma do Fon Fon ya tiene a su reina para el carnaval 2026 - Digital Santo Tom\u00e9<\/title>\n<meta name=\"robots\" content=\"index, follow, max-snippet:-1, max-image-preview:large, max-video-preview:-1\" \/>\n<link rel=\"canonical\" href=\"https:\/\/digitalsantotome.com.ar\/?p=11490\" \/>\n<meta property=\"og:locale\" content=\"es_ES\" \/>\n<meta property=\"og:type\" content=\"article\" \/>\n<meta property=\"og:title\" content=\"Exclusivo: Turma do Fon Fon ya tiene a su reina para el carnaval 2026 - Digital Santo Tom\u00e9\" \/>\n<meta property=\"og:description\" content=\"SANTO TOME. Aun en medio de la tremenda crisis econ\u00f3mica que se est\u00e1 atravesando y donde todav\u00eda subyacen dudas acerca del futuro del carnaval santotome\u00f1o para el a\u00f1o pr\u00f3ximo; en los \u00faltimos d\u00edas se conoci\u00f3 la informaci\u00f3n acerca que la Comparsa Turma do Fon Fon ya eligi\u00f3 quien ser\u00e1 su reina para la fiesta de...\" \/>\n<meta property=\"og:url\" content=\"https:\/\/digitalsantotome.com.ar\/?p=11490\" \/>\n<meta property=\"og:site_name\" content=\"Digital Santo Tom\u00e9\" \/>\n<meta property=\"article:published_time\" content=\"2025-06-24T00:56:46+00:00\" \/>\n<meta property=\"article:modified_time\" content=\"2025-06-25T23:00:06+00:00\" \/>\n<meta property=\"og:image\" content=\"https:\/\/digitalsantotome.com.ar\/wp-content\/uploads\/2025\/06\/reinadefonfon-copia.jpg\" \/>\n\t<meta property=\"og:image:width\" content=\"1365\" \/>\n\t<meta property=\"og:image:height\" content=\"905\" \/>\n\t<meta property=\"og:image:type\" content=\"image\/jpeg\" \/>\n<meta name=\"author\" content=\"Jose Carlos Machado\" \/>\n<meta name=\"twitter:card\" content=\"summary_large_image\" \/>\n<meta name=\"twitter:label1\" content=\"Escrito por\" \/>\n\t<meta name=\"twitter:data1\" content=\"Jose Carlos Machado\" \/>\n\t<meta name=\"twitter:label2\" content=\"Tiempo de lectura\" \/>\n\t<meta name=\"twitter:data2\" content=\"3 minutos\" \/>\n<script type=\"application\/ld+json\" class=\"yoast-schema-graph\">{\"@context\":\"https:\\\/\\\/schema.org\",\"@graph\":[{\"@type\":\"Article\",\"@id\":\"https:\\\/\\\/digitalsantotome.com.ar\\\/?p=11490#article\",\"isPartOf\":{\"@id\":\"https:\\\/\\\/digitalsantotome.com.ar\\\/?p=11490\"},\"author\":{\"name\":\"Jose Carlos Machado\",\"@id\":\"https:\\\/\\\/digitalsantotome.com.ar\\\/#\\\/schema\\\/person\\\/8991d8822886fedd92ce7f03817e1bdf\"},\"headline\":\"Exclusivo: Turma do Fon Fon ya tiene a su reina para el carnaval 2026\",\"datePublished\":\"2025-06-24T00:56:46+00:00\",\"dateModified\":\"2025-06-25T23:00:06+00:00\",\"mainEntityOfPage\":{\"@id\":\"https:\\\/\\\/digitalsantotome.com.ar\\\/?p=11490\"},\"wordCount\":516,\"publisher\":{\"@id\":\"https:\\\/\\\/digitalsantotome.com.ar\\\/#organization\"},\"image\":{\"@id\":\"https:\\\/\\\/digitalsantotome.com.ar\\\/?p=11490#primaryimage\"},\"thumbnailUrl\":\"https:\\\/\\\/digitalsantotome.com.ar\\\/wp-content\\\/uploads\\\/2025\\\/06\\\/reinadefonfon-copia.jpg\",\"articleSection\":[\"Locales\"],\"inLanguage\":\"es\"},{\"@type\":\"WebPage\",\"@id\":\"https:\\\/\\\/digitalsantotome.com.ar\\\/?p=11490\",\"url\":\"https:\\\/\\\/digitalsantotome.com.ar\\\/?p=11490\",\"name\":\"Exclusivo: Turma do Fon Fon ya tiene a su reina para el carnaval 2026 - Digital Santo Tom\u00e9\",\"isPartOf\":{\"@id\":\"https:\\\/\\\/digitalsantotome.com.ar\\\/#website\"},\"primaryImageOfPage\":{\"@id\":\"https:\\\/\\\/digitalsantotome.com.ar\\\/?p=11490#primaryimage\"},\"image\":{\"@id\":\"https:\\\/\\\/digitalsantotome.com.ar\\\/?p=11490#primaryimage\"},\"thumbnailUrl\":\"https:\\\/\\\/digitalsantotome.com.ar\\\/wp-content\\\/uploads\\\/2025\\\/06\\\/reinadefonfon-copia.jpg\",\"datePublished\":\"2025-06-24T00:56:46+00:00\",\"dateModified\":\"2025-06-25T23:00:06+00:00\",\"breadcrumb\":{\"@id\":\"https:\\\/\\\/digitalsantotome.com.ar\\\/?p=11490#breadcrumb\"},\"inLanguage\":\"es\",\"potentialAction\":[{\"@type\":\"ReadAction\",\"target\":[\"https:\\\/\\\/digitalsantotome.com.ar\\\/?p=11490\"]}]},{\"@type\":\"ImageObject\",\"inLanguage\":\"es\",\"@id\":\"https:\\\/\\\/digitalsantotome.com.ar\\\/?p=11490#primaryimage\",\"url\":\"https:\\\/\\\/digitalsantotome.com.ar\\\/wp-content\\\/uploads\\\/2025\\\/06\\\/reinadefonfon-copia.jpg\",\"contentUrl\":\"https:\\\/\\\/digitalsantotome.com.ar\\\/wp-content\\\/uploads\\\/2025\\\/06\\\/reinadefonfon-copia.jpg\",\"width\":1365,\"height\":905},{\"@type\":\"BreadcrumbList\",\"@id\":\"https:\\\/\\\/digitalsantotome.com.ar\\\/?p=11490#breadcrumb\",\"itemListElement\":[{\"@type\":\"ListItem\",\"position\":1,\"name\":\"Portada\",\"item\":\"https:\\\/\\\/digitalsantotome.com.ar\\\/\"},{\"@type\":\"ListItem\",\"position\":2,\"name\":\"Exclusivo: Turma do Fon Fon ya tiene a su reina para el carnaval 2026\"}]},{\"@type\":\"WebSite\",\"@id\":\"https:\\\/\\\/digitalsantotome.com.ar\\\/#website\",\"url\":\"https:\\\/\\\/digitalsantotome.com.ar\\\/\",\"name\":\"Digital Santo Tom\u00e9\",\"description\":\"Noticias desde Santo Tom\u00e9 al Mundo \u2013 La informacion que decide\",\"publisher\":{\"@id\":\"https:\\\/\\\/digitalsantotome.com.ar\\\/#organization\"},\"potentialAction\":[{\"@type\":\"SearchAction\",\"target\":{\"@type\":\"EntryPoint\",\"urlTemplate\":\"https:\\\/\\\/digitalsantotome.com.ar\\\/?s={search_term_string}\"},\"query-input\":{\"@type\":\"PropertyValueSpecification\",\"valueRequired\":true,\"valueName\":\"search_term_string\"}}],\"inLanguage\":\"es\"},{\"@type\":\"Organization\",\"@id\":\"https:\\\/\\\/digitalsantotome.com.ar\\\/#organization\",\"name\":\"Digital Santo Tom\u00e9\",\"url\":\"https:\\\/\\\/digitalsantotome.com.ar\\\/\",\"logo\":{\"@type\":\"ImageObject\",\"inLanguage\":\"es\",\"@id\":\"https:\\\/\\\/digitalsantotome.com.ar\\\/#\\\/schema\\\/logo\\\/image\\\/\",\"url\":\"https:\\\/\\\/digitalsantotome.com.ar\\\/wp-content\\\/uploads\\\/2023\\\/01\\\/facebook.jpg\",\"contentUrl\":\"https:\\\/\\\/digitalsantotome.com.ar\\\/wp-content\\\/uploads\\\/2023\\\/01\\\/facebook.jpg\",\"width\":512,\"height\":376,\"caption\":\"Digital Santo Tom\u00e9\"},\"image\":{\"@id\":\"https:\\\/\\\/digitalsantotome.com.ar\\\/#\\\/schema\\\/logo\\\/image\\\/\"}},{\"@type\":\"Person\",\"@id\":\"https:\\\/\\\/digitalsantotome.com.ar\\\/#\\\/schema\\\/person\\\/8991d8822886fedd92ce7f03817e1bdf\",\"name\":\"Jose Carlos Machado\",\"url\":\"https:\\\/\\\/digitalsantotome.com.ar\\\/?author=2\"}]}<\/script>\n<!-- \/ Yoast SEO plugin. -->","yoast_head_json":{"title":"Exclusivo: Turma do Fon Fon ya tiene a su reina para el carnaval 2026 - Digital Santo Tom\u00e9","robots":{"index":"index","follow":"follow","max-snippet":"max-snippet:-1","max-image-preview":"max-image-preview:large","max-video-preview":"max-video-preview:-1"},"canonical":"https:\/\/digitalsantotome.com.ar\/?p=11490","og_locale":"es_ES","og_type":"article","og_title":"Exclusivo: Turma do Fon Fon ya tiene a su reina para el carnaval 2026 - Digital Santo Tom\u00e9","og_description":"SANTO TOME. Aun en medio de la tremenda crisis econ\u00f3mica que se est\u00e1 atravesando y donde todav\u00eda subyacen dudas acerca del futuro del carnaval santotome\u00f1o para el a\u00f1o pr\u00f3ximo; en los \u00faltimos d\u00edas se conoci\u00f3 la informaci\u00f3n acerca que la Comparsa Turma do Fon Fon ya eligi\u00f3 quien ser\u00e1 su reina para la fiesta de...","og_url":"https:\/\/digitalsantotome.com.ar\/?p=11490","og_site_name":"Digital Santo Tom\u00e9","article_published_time":"2025-06-24T00:56:46+00:00","article_modified_time":"2025-06-25T23:00:06+00:00","og_image":[{"width":1365,"height":905,"url":"https:\/\/digitalsantotome.com.ar\/wp-content\/uploads\/2025\/06\/reinadefonfon-copia.jpg","type":"image\/jpeg"}],"author":"Jose Carlos Machado","twitter_card":"summary_large_image","twitter_misc":{"Escrito por":"Jose Carlos Machado","Tiempo de lectura":"3 minutos"},"schema":{"@context":"https:\/\/schema.org","@graph":[{"@type":"Article","@id":"https:\/\/digitalsantotome.com.ar\/?p=11490#article","isPartOf":{"@id":"https:\/\/digitalsantotome.com.ar\/?p=11490"},"author":{"name":"Jose Carlos Machado","@id":"https:\/\/digitalsantotome.com.ar\/#\/schema\/person\/8991d8822886fedd92ce7f03817e1bdf"},"headline":"Exclusivo: Turma do Fon Fon ya tiene a su reina para el carnaval 2026","datePublished":"2025-06-24T00:56:46+00:00","dateModified":"2025-06-25T23:00:06+00:00","mainEntityOfPage":{"@id":"https:\/\/digitalsantotome.com.ar\/?p=11490"},"wordCount":516,"publisher":{"@id":"https:\/\/digitalsantotome.com.ar\/#organization"},"image":{"@id":"https:\/\/digitalsantotome.com.ar\/?p=11490#primaryimage"},"thumbnailUrl":"https:\/\/digitalsantotome.com.ar\/wp-content\/uploads\/2025\/06\/reinadefonfon-copia.jpg","articleSection":["Locales"],"inLanguage":"es"},{"@type":"WebPage","@id":"https:\/\/digitalsantotome.com.ar\/?p=11490","url":"https:\/\/digitalsantotome.com.ar\/?p=11490","name":"Exclusivo: Turma do Fon Fon ya tiene a su reina para el carnaval 2026 - Digital Santo Tom\u00e9","isPartOf":{"@id":"https:\/\/digitalsantotome.com.ar\/#website"},"primaryImageOfPage":{"@id":"https:\/\/digitalsantotome.com.ar\/?p=11490#primaryimage"},"image":{"@id":"https:\/\/digitalsantotome.com.ar\/?p=11490#primaryimage"},"thumbnailUrl":"https:\/\/digitalsantotome.com.ar\/wp-content\/uploads\/2025\/06\/reinadefonfon-copia.jpg","datePublished":"2025-06-24T00:56:46+00:00","dateModified":"2025-06-25T23:00:06+00:00","breadcrumb":{"@id":"https:\/\/digitalsantotome.com.ar\/?p=11490#breadcrumb"},"inLanguage":"es","potentialAction":[{"@type":"ReadAction","target":["https:\/\/digitalsantotome.com.ar\/?p=11490"]}]},{"@type":"ImageObject","inLanguage":"es","@id":"https:\/\/digitalsantotome.com.ar\/?p=11490#primaryimage","url":"https:\/\/digitalsantotome.com.ar\/wp-content\/uploads\/2025\/06\/reinadefonfon-copia.jpg","contentUrl":"https:\/\/digitalsantotome.com.ar\/wp-content\/uploads\/2025\/06\/reinadefonfon-copia.jpg","width":1365,"height":905},{"@type":"BreadcrumbList","@id":"https:\/\/digitalsantotome.com.ar\/?p=11490#breadcrumb","itemListElement":[{"@type":"ListItem","position":1,"name":"Portada","item":"https:\/\/digitalsantotome.com.ar\/"},{"@type":"ListItem","position":2,"name":"Exclusivo: Turma do Fon Fon ya tiene a su reina para el carnaval 2026"}]},{"@type":"WebSite","@id":"https:\/\/digitalsantotome.com.ar\/#website","url":"https:\/\/digitalsantotome.com.ar\/","name":"Digital Santo Tom\u00e9","description":"Noticias desde Santo Tom\u00e9 al Mundo \u2013 La informacion que decide","publisher":{"@id":"https:\/\/digitalsantotome.com.ar\/#organization"},"potentialAction":[{"@type":"SearchAction","target":{"@type":"EntryPoint","urlTemplate":"https:\/\/digitalsantotome.com.ar\/?s={search_term_string}"},"query-input":{"@type":"PropertyValueSpecification","valueRequired":true,"valueName":"search_term_string"}}],"inLanguage":"es"},{"@type":"Organization","@id":"https:\/\/digitalsantotome.com.ar\/#organization","name":"Digital Santo Tom\u00e9","url":"https:\/\/digitalsantotome.com.ar\/","logo":{"@type":"ImageObject","inLanguage":"es","@id":"https:\/\/digitalsantotome.com.ar\/#\/schema\/logo\/image\/","url":"https:\/\/digitalsantotome.com.ar\/wp-content\/uploads\/2023\/01\/facebook.jpg","contentUrl":"https:\/\/digitalsantotome.com.ar\/wp-content\/uploads\/2023\/01\/facebook.jpg","width":512,"height":376,"caption":"Digital Santo Tom\u00e9"},"image":{"@id":"https:\/\/digitalsantotome.com.ar\/#\/schema\/logo\/image\/"}},{"@type":"Person","@id":"https:\/\/digitalsantotome.com.ar\/#\/schema\/person\/8991d8822886fedd92ce7f03817e1bdf","name":"Jose Carlos Machado","url":"https:\/\/digitalsantotome.com.ar\/?author=2"}]}},"_links":{"self":[{"href":"https:\/\/digitalsantotome.com.ar\/index.php?rest_route=\/wp\/v2\/posts\/11490","targetHints":{"allow":["GET"]}}],"collection":[{"href":"https:\/\/digitalsantotome.com.ar\/index.php?rest_route=\/wp\/v2\/posts"}],"about":[{"href":"https:\/\/digitalsantotome.com.ar\/index.php?rest_route=\/wp\/v2\/types\/post"}],"author":[{"embeddable":true,"href":"https:\/\/digitalsantotome.com.ar\/index.php?rest_route=\/wp\/v2\/users\/2"}],"replies":[{"embeddable":true,"href":"https:\/\/digitalsantotome.com.ar\/index.php?rest_route=%2Fwp%2Fv2%2Fcomments&post=11490"}],"version-history":[{"count":2,"href":"https:\/\/digitalsantotome.com.ar\/index.php?rest_route=\/wp\/v2\/posts\/11490\/revisions"}],"predecessor-version":[{"id":11494,"href":"https:\/\/digitalsantotome.com.ar\/index.php?rest_route=\/wp\/v2\/posts\/11490\/revisions\/11494"}],"wp:featuredmedia":[{"embeddable":true,"href":"https:\/\/digitalsantotome.com.ar\/index.php?rest_route=\/wp\/v2\/media\/11491"}],"wp:attachment":[{"href":"https:\/\/digitalsantotome.com.ar\/index.php?rest_route=%2Fwp%2Fv2%2Fmedia&parent=11490"}],"wp:term":[{"taxonomy":"category","embeddable":true,"href":"https:\/\/digitalsantotome.com.ar\/index.php?rest_route=%2Fwp%2Fv2%2Fcategories&post=11490"},{"taxonomy":"post_tag","embeddable":true,"href":"https:\/\/digitalsantotome.com.ar\/index.php?rest_route=%2Fwp%2Fv2%2Ftags&post=11490"}],"curies":[{"name":"wp","href":"https:\/\/api.w.org\/{rel}","templated":true}]}}