{"id":11538,"date":"2025-06-28T23:27:39","date_gmt":"2025-06-29T02:27:39","guid":{"rendered":"https:\/\/digitalsantotome.com.ar\/?p=11538"},"modified":"2025-06-30T16:41:11","modified_gmt":"2025-06-30T19:41:11","slug":"independiente-realizo-su-asamblea-y-eligio-a-su-nueva-comision-directiva","status":"publish","type":"post","link":"https:\/\/digitalsantotome.com.ar\/?p=11538","title":{"rendered":"Independiente realiz\u00f3 su Asamblea y eligi\u00f3 a su nueva Comisi\u00f3n Directiva"},"content":{"rendered":"<p>SANTO TOME. Este s\u00e1bado en horas de la noche, se llevo a cabo la asamblea ordinaria del Club Atl\u00e9tico Independiente, donse se eligieron a sus nuevas autoridades, recayendo la presidencia en Sebasti\u00e1n Avalos, quien adem\u00e1s de ser jugador de la primera divisi\u00f3n, ahora ejercer\u00e1 tambien el m\u00e1ximo cargo de la instituci\u00f3n \u00abRoja\u00bb santotome\u00f1a. A esta instancia, se lleg\u00f3 luego de un proceso un tanto traum\u00e1tico, lleno de indefiniciones y algunas desavenencias entre un par de grupos que tambi\u00e9n ten\u00edan pretensiones de presentarse a la elecci\u00f3n. En ese marco, aparecieron normativas que establecian que nadie que no fuera socio no pod\u00eda aspirar a presentarse en la asamblea. Tambien en su momento se dijo que hasta los jugadores podr\u00edan votar, pero eso finalmente fue desestimado. De esa manera, el mandato de Juan Lovato como presidente, lleg\u00f3 a su fin.<\/p>\n<p>Asi las cosas, este s\u00e1bado, se llevo a cabo la asamblea donde la nueva Comisi\u00f3n Directiva qued\u00f3 integrada de la siguiente manera:<\/p>\n<p><strong>*Comisi\u00f3n Directiva*<\/strong><br \/>\n<strong>*Presidente*<\/strong> : \u00c1valos Sebasti\u00e1n<br \/>\n<strong>*Vice*<\/strong> : Ram\u00edrez Fabi\u00e1n<br \/>\n<strong>*Secretario*<\/strong> : C\u00e1ceres Antonio<br \/>\n<strong>*Secretario de actas :*<\/strong> Viera Mateo<br \/>\n<strong>*Prosecretario<\/strong>* : Acevedo Luis Fernando<br \/>\n<strong>*Tesorero*<\/strong> : M\u00e9ndez Ester<br \/>\n<strong>*Protesorero*<\/strong> : Cabral Miguel \u00c1ngel<br \/>\n<strong>*Vocales titulares*<\/strong> : Ram\u00edrez Mar\u00eda , Viera Jos\u00e9 Mar\u00eda , Da Rosa Ram\u00f3n<br \/>\n<strong>*Vocales suplentes<\/strong>* : Cabral \u00e1ngel , Ferreira Florencia , ifran Carlos .<br \/>\n<strong>*Revisores de cuenta*<\/strong> : Gaona Jos\u00e9 Alberto y Belmonte Teresa<\/p>\n","protected":false},"excerpt":{"rendered":"<p>SANTO TOME. Este s\u00e1bado en horas de la noche, se llevo a cabo la asamblea ordinaria del Club Atl\u00e9tico Independiente, donse se eligieron a sus nuevas autoridades, recayendo la presidencia en Sebasti\u00e1n Avalos, quien adem\u00e1s de ser jugador de la primera divisi\u00f3n, ahora ejercer\u00e1 tambien el m\u00e1ximo cargo de la instituci\u00f3n \u00abRoja\u00bb santotome\u00f1a. A esta&#8230;<\/p>\n","protected":false},"author":2,"featured_media":11539,"comment_status":"closed","ping_status":"closed","sticky":false,"template":"","format":"standard","meta":{"_kad_post_transparent":"default","_kad_post_title":"default","_kad_post_layout":"default","_kad_post_sidebar_id":"","_kad_post_content_style":"default","_kad_post_vertical_padding":"default","_kad_post_feature":"","_kad_post_feature_position":"","_kad_post_header":false,"_kad_post_footer":false,"_kad_post_classname":"","footnotes":""},"categories":[1],"tags":[],"class_list":["post-11538","post","type-post","status-publish","format-standard","has-post-thumbnail","hentry","category-locales"],"a3_pvc":{"activated":false,"total_views":0,"today_views":0},"yoast_head":"<!-- This site is optimized with the Yoast SEO plugin v27.5 - https:\/\/yoast.com\/product\/yoast-seo-wordpress\/ -->\n<title>Independiente realiz\u00f3 su Asamblea y eligi\u00f3 a su nueva Comisi\u00f3n Directiva - Digital Santo Tom\u00e9<\/title>\n<meta name=\"robots\" content=\"index, follow, max-snippet:-1, max-image-preview:large, max-video-preview:-1\" \/>\n<link rel=\"canonical\" href=\"https:\/\/digitalsantotome.com.ar\/?p=11538\" \/>\n<meta property=\"og:locale\" content=\"es_ES\" \/>\n<meta property=\"og:type\" content=\"article\" \/>\n<meta property=\"og:title\" content=\"Independiente realiz\u00f3 su Asamblea y eligi\u00f3 a su nueva Comisi\u00f3n Directiva - Digital Santo Tom\u00e9\" \/>\n<meta property=\"og:description\" content=\"SANTO TOME. Este s\u00e1bado en horas de la noche, se llevo a cabo la asamblea ordinaria del Club Atl\u00e9tico Independiente, donse se eligieron a sus nuevas autoridades, recayendo la presidencia en Sebasti\u00e1n Avalos, quien adem\u00e1s de ser jugador de la primera divisi\u00f3n, ahora ejercer\u00e1 tambien el m\u00e1ximo cargo de la instituci\u00f3n \u00abRoja\u00bb santotome\u00f1a. A esta...\" \/>\n<meta property=\"og:url\" content=\"https:\/\/digitalsantotome.com.ar\/?p=11538\" \/>\n<meta property=\"og:site_name\" content=\"Digital Santo Tom\u00e9\" \/>\n<meta property=\"article:published_time\" content=\"2025-06-29T02:27:39+00:00\" \/>\n<meta property=\"article:modified_time\" content=\"2025-06-30T19:41:11+00:00\" \/>\n<meta property=\"og:image\" content=\"https:\/\/digitalsantotome.com.ar\/wp-content\/uploads\/2025\/06\/IMG-20250628-WA0066.jpg\" \/>\n\t<meta property=\"og:image:width\" content=\"1280\" \/>\n\t<meta property=\"og:image:height\" content=\"720\" \/>\n\t<meta property=\"og:image:type\" content=\"image\/jpeg\" \/>\n<meta name=\"author\" content=\"Jose Carlos Machado\" \/>\n<meta name=\"twitter:card\" content=\"summary_large_image\" \/>\n<meta name=\"twitter:label1\" content=\"Escrito por\" \/>\n\t<meta name=\"twitter:data1\" content=\"Jose Carlos Machado\" \/>\n\t<meta name=\"twitter:label2\" content=\"Tiempo de lectura\" \/>\n\t<meta name=\"twitter:data2\" content=\"2 minutos\" \/>\n<script type=\"application\/ld+json\" class=\"yoast-schema-graph\">{\"@context\":\"https:\\\/\\\/schema.org\",\"@graph\":[{\"@type\":\"Article\",\"@id\":\"https:\\\/\\\/digitalsantotome.com.ar\\\/?p=11538#article\",\"isPartOf\":{\"@id\":\"https:\\\/\\\/digitalsantotome.com.ar\\\/?p=11538\"},\"author\":{\"name\":\"Jose Carlos Machado\",\"@id\":\"https:\\\/\\\/digitalsantotome.com.ar\\\/#\\\/schema\\\/person\\\/8991d8822886fedd92ce7f03817e1bdf\"},\"headline\":\"Independiente realiz\u00f3 su Asamblea y eligi\u00f3 a su nueva Comisi\u00f3n Directiva\",\"datePublished\":\"2025-06-29T02:27:39+00:00\",\"dateModified\":\"2025-06-30T19:41:11+00:00\",\"mainEntityOfPage\":{\"@id\":\"https:\\\/\\\/digitalsantotome.com.ar\\\/?p=11538\"},\"wordCount\":251,\"publisher\":{\"@id\":\"https:\\\/\\\/digitalsantotome.com.ar\\\/#organization\"},\"image\":{\"@id\":\"https:\\\/\\\/digitalsantotome.com.ar\\\/?p=11538#primaryimage\"},\"thumbnailUrl\":\"https:\\\/\\\/digitalsantotome.com.ar\\\/wp-content\\\/uploads\\\/2025\\\/06\\\/IMG-20250628-WA0066.jpg\",\"articleSection\":[\"Locales\"],\"inLanguage\":\"es\"},{\"@type\":\"WebPage\",\"@id\":\"https:\\\/\\\/digitalsantotome.com.ar\\\/?p=11538\",\"url\":\"https:\\\/\\\/digitalsantotome.com.ar\\\/?p=11538\",\"name\":\"Independiente realiz\u00f3 su Asamblea y eligi\u00f3 a su nueva Comisi\u00f3n Directiva - Digital Santo Tom\u00e9\",\"isPartOf\":{\"@id\":\"https:\\\/\\\/digitalsantotome.com.ar\\\/#website\"},\"primaryImageOfPage\":{\"@id\":\"https:\\\/\\\/digitalsantotome.com.ar\\\/?p=11538#primaryimage\"},\"image\":{\"@id\":\"https:\\\/\\\/digitalsantotome.com.ar\\\/?p=11538#primaryimage\"},\"thumbnailUrl\":\"https:\\\/\\\/digitalsantotome.com.ar\\\/wp-content\\\/uploads\\\/2025\\\/06\\\/IMG-20250628-WA0066.jpg\",\"datePublished\":\"2025-06-29T02:27:39+00:00\",\"dateModified\":\"2025-06-30T19:41:11+00:00\",\"breadcrumb\":{\"@id\":\"https:\\\/\\\/digitalsantotome.com.ar\\\/?p=11538#breadcrumb\"},\"inLanguage\":\"es\",\"potentialAction\":[{\"@type\":\"ReadAction\",\"target\":[\"https:\\\/\\\/digitalsantotome.com.ar\\\/?p=11538\"]}]},{\"@type\":\"ImageObject\",\"inLanguage\":\"es\",\"@id\":\"https:\\\/\\\/digitalsantotome.com.ar\\\/?p=11538#primaryimage\",\"url\":\"https:\\\/\\\/digitalsantotome.com.ar\\\/wp-content\\\/uploads\\\/2025\\\/06\\\/IMG-20250628-WA0066.jpg\",\"contentUrl\":\"https:\\\/\\\/digitalsantotome.com.ar\\\/wp-content\\\/uploads\\\/2025\\\/06\\\/IMG-20250628-WA0066.jpg\",\"width\":1280,\"height\":720},{\"@type\":\"BreadcrumbList\",\"@id\":\"https:\\\/\\\/digitalsantotome.com.ar\\\/?p=11538#breadcrumb\",\"itemListElement\":[{\"@type\":\"ListItem\",\"position\":1,\"name\":\"Portada\",\"item\":\"https:\\\/\\\/digitalsantotome.com.ar\\\/\"},{\"@type\":\"ListItem\",\"position\":2,\"name\":\"Independiente realiz\u00f3 su Asamblea y eligi\u00f3 a su nueva Comisi\u00f3n Directiva\"}]},{\"@type\":\"WebSite\",\"@id\":\"https:\\\/\\\/digitalsantotome.com.ar\\\/#website\",\"url\":\"https:\\\/\\\/digitalsantotome.com.ar\\\/\",\"name\":\"Digital Santo Tom\u00e9\",\"description\":\"Noticias desde Santo Tom\u00e9 al Mundo \u2013 La informacion que decide\",\"publisher\":{\"@id\":\"https:\\\/\\\/digitalsantotome.com.ar\\\/#organization\"},\"potentialAction\":[{\"@type\":\"SearchAction\",\"target\":{\"@type\":\"EntryPoint\",\"urlTemplate\":\"https:\\\/\\\/digitalsantotome.com.ar\\\/?s={search_term_string}\"},\"query-input\":{\"@type\":\"PropertyValueSpecification\",\"valueRequired\":true,\"valueName\":\"search_term_string\"}}],\"inLanguage\":\"es\"},{\"@type\":\"Organization\",\"@id\":\"https:\\\/\\\/digitalsantotome.com.ar\\\/#organization\",\"name\":\"Digital Santo Tom\u00e9\",\"url\":\"https:\\\/\\\/digitalsantotome.com.ar\\\/\",\"logo\":{\"@type\":\"ImageObject\",\"inLanguage\":\"es\",\"@id\":\"https:\\\/\\\/digitalsantotome.com.ar\\\/#\\\/schema\\\/logo\\\/image\\\/\",\"url\":\"https:\\\/\\\/digitalsantotome.com.ar\\\/wp-content\\\/uploads\\\/2023\\\/01\\\/facebook.jpg\",\"contentUrl\":\"https:\\\/\\\/digitalsantotome.com.ar\\\/wp-content\\\/uploads\\\/2023\\\/01\\\/facebook.jpg\",\"width\":512,\"height\":376,\"caption\":\"Digital Santo Tom\u00e9\"},\"image\":{\"@id\":\"https:\\\/\\\/digitalsantotome.com.ar\\\/#\\\/schema\\\/logo\\\/image\\\/\"}},{\"@type\":\"Person\",\"@id\":\"https:\\\/\\\/digitalsantotome.com.ar\\\/#\\\/schema\\\/person\\\/8991d8822886fedd92ce7f03817e1bdf\",\"name\":\"Jose Carlos Machado\",\"url\":\"https:\\\/\\\/digitalsantotome.com.ar\\\/?author=2\"}]}<\/script>\n<!-- \/ Yoast SEO plugin. -->","yoast_head_json":{"title":"Independiente realiz\u00f3 su Asamblea y eligi\u00f3 a su nueva Comisi\u00f3n Directiva - Digital Santo Tom\u00e9","robots":{"index":"index","follow":"follow","max-snippet":"max-snippet:-1","max-image-preview":"max-image-preview:large","max-video-preview":"max-video-preview:-1"},"canonical":"https:\/\/digitalsantotome.com.ar\/?p=11538","og_locale":"es_ES","og_type":"article","og_title":"Independiente realiz\u00f3 su Asamblea y eligi\u00f3 a su nueva Comisi\u00f3n Directiva - Digital Santo Tom\u00e9","og_description":"SANTO TOME. Este s\u00e1bado en horas de la noche, se llevo a cabo la asamblea ordinaria del Club Atl\u00e9tico Independiente, donse se eligieron a sus nuevas autoridades, recayendo la presidencia en Sebasti\u00e1n Avalos, quien adem\u00e1s de ser jugador de la primera divisi\u00f3n, ahora ejercer\u00e1 tambien el m\u00e1ximo cargo de la instituci\u00f3n \u00abRoja\u00bb santotome\u00f1a. A esta...","og_url":"https:\/\/digitalsantotome.com.ar\/?p=11538","og_site_name":"Digital Santo Tom\u00e9","article_published_time":"2025-06-29T02:27:39+00:00","article_modified_time":"2025-06-30T19:41:11+00:00","og_image":[{"width":1280,"height":720,"url":"https:\/\/digitalsantotome.com.ar\/wp-content\/uploads\/2025\/06\/IMG-20250628-WA0066.jpg","type":"image\/jpeg"}],"author":"Jose Carlos Machado","twitter_card":"summary_large_image","twitter_misc":{"Escrito por":"Jose Carlos Machado","Tiempo de lectura":"2 minutos"},"schema":{"@context":"https:\/\/schema.org","@graph":[{"@type":"Article","@id":"https:\/\/digitalsantotome.com.ar\/?p=11538#article","isPartOf":{"@id":"https:\/\/digitalsantotome.com.ar\/?p=11538"},"author":{"name":"Jose Carlos Machado","@id":"https:\/\/digitalsantotome.com.ar\/#\/schema\/person\/8991d8822886fedd92ce7f03817e1bdf"},"headline":"Independiente realiz\u00f3 su Asamblea y eligi\u00f3 a su nueva Comisi\u00f3n Directiva","datePublished":"2025-06-29T02:27:39+00:00","dateModified":"2025-06-30T19:41:11+00:00","mainEntityOfPage":{"@id":"https:\/\/digitalsantotome.com.ar\/?p=11538"},"wordCount":251,"publisher":{"@id":"https:\/\/digitalsantotome.com.ar\/#organization"},"image":{"@id":"https:\/\/digitalsantotome.com.ar\/?p=11538#primaryimage"},"thumbnailUrl":"https:\/\/digitalsantotome.com.ar\/wp-content\/uploads\/2025\/06\/IMG-20250628-WA0066.jpg","articleSection":["Locales"],"inLanguage":"es"},{"@type":"WebPage","@id":"https:\/\/digitalsantotome.com.ar\/?p=11538","url":"https:\/\/digitalsantotome.com.ar\/?p=11538","name":"Independiente realiz\u00f3 su Asamblea y eligi\u00f3 a su nueva Comisi\u00f3n Directiva - Digital Santo Tom\u00e9","isPartOf":{"@id":"https:\/\/digitalsantotome.com.ar\/#website"},"primaryImageOfPage":{"@id":"https:\/\/digitalsantotome.com.ar\/?p=11538#primaryimage"},"image":{"@id":"https:\/\/digitalsantotome.com.ar\/?p=11538#primaryimage"},"thumbnailUrl":"https:\/\/digitalsantotome.com.ar\/wp-content\/uploads\/2025\/06\/IMG-20250628-WA0066.jpg","datePublished":"2025-06-29T02:27:39+00:00","dateModified":"2025-06-30T19:41:11+00:00","breadcrumb":{"@id":"https:\/\/digitalsantotome.com.ar\/?p=11538#breadcrumb"},"inLanguage":"es","potentialAction":[{"@type":"ReadAction","target":["https:\/\/digitalsantotome.com.ar\/?p=11538"]}]},{"@type":"ImageObject","inLanguage":"es","@id":"https:\/\/digitalsantotome.com.ar\/?p=11538#primaryimage","url":"https:\/\/digitalsantotome.com.ar\/wp-content\/uploads\/2025\/06\/IMG-20250628-WA0066.jpg","contentUrl":"https:\/\/digitalsantotome.com.ar\/wp-content\/uploads\/2025\/06\/IMG-20250628-WA0066.jpg","width":1280,"height":720},{"@type":"BreadcrumbList","@id":"https:\/\/digitalsantotome.com.ar\/?p=11538#breadcrumb","itemListElement":[{"@type":"ListItem","position":1,"name":"Portada","item":"https:\/\/digitalsantotome.com.ar\/"},{"@type":"ListItem","position":2,"name":"Independiente realiz\u00f3 su Asamblea y eligi\u00f3 a su nueva Comisi\u00f3n Directiva"}]},{"@type":"WebSite","@id":"https:\/\/digitalsantotome.com.ar\/#website","url":"https:\/\/digitalsantotome.com.ar\/","name":"Digital Santo Tom\u00e9","description":"Noticias desde Santo Tom\u00e9 al Mundo \u2013 La informacion que decide","publisher":{"@id":"https:\/\/digitalsantotome.com.ar\/#organization"},"potentialAction":[{"@type":"SearchAction","target":{"@type":"EntryPoint","urlTemplate":"https:\/\/digitalsantotome.com.ar\/?s={search_term_string}"},"query-input":{"@type":"PropertyValueSpecification","valueRequired":true,"valueName":"search_term_string"}}],"inLanguage":"es"},{"@type":"Organization","@id":"https:\/\/digitalsantotome.com.ar\/#organization","name":"Digital Santo Tom\u00e9","url":"https:\/\/digitalsantotome.com.ar\/","logo":{"@type":"ImageObject","inLanguage":"es","@id":"https:\/\/digitalsantotome.com.ar\/#\/schema\/logo\/image\/","url":"https:\/\/digitalsantotome.com.ar\/wp-content\/uploads\/2023\/01\/facebook.jpg","contentUrl":"https:\/\/digitalsantotome.com.ar\/wp-content\/uploads\/2023\/01\/facebook.jpg","width":512,"height":376,"caption":"Digital Santo Tom\u00e9"},"image":{"@id":"https:\/\/digitalsantotome.com.ar\/#\/schema\/logo\/image\/"}},{"@type":"Person","@id":"https:\/\/digitalsantotome.com.ar\/#\/schema\/person\/8991d8822886fedd92ce7f03817e1bdf","name":"Jose Carlos Machado","url":"https:\/\/digitalsantotome.com.ar\/?author=2"}]}},"_links":{"self":[{"href":"https:\/\/digitalsantotome.com.ar\/index.php?rest_route=\/wp\/v2\/posts\/11538","targetHints":{"allow":["GET"]}}],"collection":[{"href":"https:\/\/digitalsantotome.com.ar\/index.php?rest_route=\/wp\/v2\/posts"}],"about":[{"href":"https:\/\/digitalsantotome.com.ar\/index.php?rest_route=\/wp\/v2\/types\/post"}],"author":[{"embeddable":true,"href":"https:\/\/digitalsantotome.com.ar\/index.php?rest_route=\/wp\/v2\/users\/2"}],"replies":[{"embeddable":true,"href":"https:\/\/digitalsantotome.com.ar\/index.php?rest_route=%2Fwp%2Fv2%2Fcomments&post=11538"}],"version-history":[{"count":2,"href":"https:\/\/digitalsantotome.com.ar\/index.php?rest_route=\/wp\/v2\/posts\/11538\/revisions"}],"predecessor-version":[{"id":11541,"href":"https:\/\/digitalsantotome.com.ar\/index.php?rest_route=\/wp\/v2\/posts\/11538\/revisions\/11541"}],"wp:featuredmedia":[{"embeddable":true,"href":"https:\/\/digitalsantotome.com.ar\/index.php?rest_route=\/wp\/v2\/media\/11539"}],"wp:attachment":[{"href":"https:\/\/digitalsantotome.com.ar\/index.php?rest_route=%2Fwp%2Fv2%2Fmedia&parent=11538"}],"wp:term":[{"taxonomy":"category","embeddable":true,"href":"https:\/\/digitalsantotome.com.ar\/index.php?rest_route=%2Fwp%2Fv2%2Fcategories&post=11538"},{"taxonomy":"post_tag","embeddable":true,"href":"https:\/\/digitalsantotome.com.ar\/index.php?rest_route=%2Fwp%2Fv2%2Ftags&post=11538"}],"curies":[{"name":"wp","href":"https:\/\/api.w.org\/{rel}","templated":true}]}}