{"id":11553,"date":"2025-06-30T19:16:19","date_gmt":"2025-06-30T22:16:19","guid":{"rendered":"https:\/\/digitalsantotome.com.ar\/?p=11553"},"modified":"2025-07-01T19:17:59","modified_gmt":"2025-07-01T22:17:59","slug":"conformaran-un-frente-parlamentario-para-tratar-la-concesion-del-puente-entre-santo-tome-y-sao-borja","status":"publish","type":"post","link":"https:\/\/digitalsantotome.com.ar\/?p=11553","title":{"rendered":"Conformar\u00e1n un frente parlamentario para tratar la concesi\u00f3n del Puente entre Santo Tom\u00e9 y Sao Borja"},"content":{"rendered":"<p>SAO BORJA y SANTO TOME. Los tiempos de la apertura de sobres del tercer llamado a licitaci\u00f3n para la explotaci\u00f3n del Centro Unificado de Frontera, corre contra reloj habida cuenta que la entrega de ofertas de las posibles empresas interesadas en participar de la compulsa, ser\u00e1 el d\u00eda 14 de julio y dos d\u00edas despu\u00e9s ser\u00e1 la apertura de los mismos con las ofertas econ\u00f3micas que realicen. Los tiempos apremian y en ese contexto, se conoci\u00f3 este lunes por la ma\u00f1ana que este jueves 3 de Junio, est\u00e1 previsto la realizaci\u00f3n de una asamblea legislativa con legisladores del estado de Rio Grande Do Sul y muy posiblemente algunos de la provincia de Corrientes. La posibilidad que el tercer llamado a licitaci\u00f3n quede desierta una vez m\u00e1s, es motivo de preocupaci\u00f3n en la cadena del transporte internacional, en organismos brasile\u00f1os como la misma Receita Federal y en menor medida la preocupaci\u00f3n tambi\u00e9n surge en las comunas de <strong>Santo Tom\u00e9 y Sao Borja. Si hay empresas interesadas o no en participar de la licitaci\u00f3n, es la gran inc\u00f3gnita que hoy por hoy se plantea, algunas fuentes del mas alto nivel sostienen que las exigencias econ\u00f3micas de ambos gobiernos son consideradas bastante leoninas y que terminan por auyentar a posibles inversores. Ya hubieron dos pr\u00f3rrogas en favor de la actual consecionaria, y ante la posibilidad un tanto remota que aparezca en escena un \u00abbueno desconocido\u00bb, lo mejor es optar por \u00abun malo conocido\u00bb\u00b7<\/strong><\/p>\n<p>Seg\u00fan la informaci\u00f3n a la que accedi\u00f3 <a href=\"http:\/\/www.digitalsantotome.com.ar\">www.digitalsantotome.com.ar<\/a>, el presidente de la Asamblea Legislativa de Rio Grande do Sul (ALRS), diputado Pepe Vargas, confirm\u00f3 su presencia en S\u00e3o Borja el pr\u00f3ximo jueves 3 de julio. A propuesta del diputado oriundo de Sao Borja <strong>Tiago Cad\u00f3 (PDT)<\/strong>, el Frente Parlamentario para la Concesi\u00f3n y Operaci\u00f3n del Puente Internacional S\u00e3o Borja (BR) \/ Santo Tom\u00e9 (AR) y la Construcci\u00f3n del Puente Internacional Itaqui (BR) \/ Alvear (AR) se instalar\u00e1 en una ceremonia oficial del Parlamento de Rio Grande do Sul, a las 10:00 h, en la sede del Centro Unificado de Frontera, junto al Puente Internacional de La Integraci\u00f3n, ubicado en la BR285, km 551, Sala 83.<\/p>\n<p><strong>AUDIENCIA P\u00daBLICA Y ALERTA<\/strong><\/p>\n<p>La informaci\u00f3n tambi\u00e9n se\u00f1ala que \u201cel proceso de licitaci\u00f3n para el nuevo contrato de concesi\u00f3n del Puente Internacional \u201cDe La Integraci\u00f3n\u201d entre S\u00e3o Borja (BR) y Santo Tom\u00e9 (AR) ya fue objeto recientemente de una audiencia p\u00fablica en la Comisi\u00f3n de Econom\u00eda, Desarrollo Sostenible y Turismo de la ALRS, iniciada por el diputado Tiago Cad\u00f3. El debate con las autoridades, el 11 de junio, alert\u00f3 a las autoridades sobre la posible interrupci\u00f3n del flujo aduanero en el Centro Unificado de Frontera si el tercer proceso de licitaci\u00f3n \u2014con subasta programada para el 16 de julio\u2014 no encuentra interesados, como ocurri\u00f3 en el segundo intento. Cad\u00f3 tambi\u00e9n destac\u00f3 que el primer proceso, llevado a cabo por el Ministerio de Transporte, a trav\u00e9s de la Secretar\u00eda Nacional de Transporte por Carretera, fue cancelado por decisi\u00f3n del Tribunal de Cuentas de la Uni\u00f3n.<\/p>\n<p>En esa l\u00ednea, el diputado estadual se\u00f1al\u00f3 que en relaci\u00f3n al Centro Unificado de Frontera, \u201ccontamos con un complejo log\u00edstico que mueve miles de millones de d\u00f3lares, una operaci\u00f3n importante para la econom\u00eda de Rio Grande do Sul y Brasil. Cerca de 11.000 camiones que realizan tr\u00e1mites aduaneros entre los pa\u00edses del Mercosur circulan por S\u00e3o Borja cada mes. Esto implica un impacto en cientos de empleos directos y muchos otros indirectos que impactan la econom\u00eda local\u201d, destac\u00f3 Tiago Cad\u00f3.<\/p>\n<p>En la ocasi\u00f3n de la audiencia p\u00fablica, el superintendente de la Receita Federal en Rio Grande do Sul, el auditor fiscal Altemir Linhares de Melo, tambi\u00e9n expres\u00f3 la preocupaci\u00f3n de la instituci\u00f3n ante este hecho, es decir que en el tercer llamado a licitaci\u00f3n el mismo quede desierto. \u201cLa Divisi\u00f3n de Control de la Receita Federal en S\u00e3o Borja est\u00e1 desarrollando planes para minimizar los efectos de una posible interrupci\u00f3n. El proceso de licitaci\u00f3n tiene un plazo ajustado. S\u00e3o Borja es actualmente el segundo punto de comercio terrestre con Argentina, con un flujo de 32.000 millones de d\u00f3lares el a\u00f1o pasado. En otras palabras, tenemos un gran volumen de mercanc\u00edas que transitan por ese punto. Cualquier discontinuidad impactar\u00e1 gravemente la estructura de los dem\u00e1s puntos de comercio exterior\u201d, enfatiz\u00f3 Melo.<\/p>\n<p>AUDIENCIA PUBLICA<\/p>\n<p>El proceso de licitaci\u00f3n para el nuevo contrato de concesi\u00f3n del Puente de Integraci\u00f3n Internacional entre S\u00e3o Borja (BR) y Santo Tom\u00e9 (AR) ya fue objeto de una audiencia p\u00fablica en la Comisi\u00f3n de Econom\u00eda, Desarrollo Sostenible y Turismo de la ALRS, iniciada por el diputado Tiago Cad\u00f3. El debate con las autoridades, el 11 de junio, alert\u00f3 a las autoridades sobre la posible interrupci\u00f3n del flujo aduanero en el Centro Unificado de Frontera si el tercer proceso de licitaci\u00f3n \u2014con subasta programada para el 16 de julio\u2014 no encuentra interesados, como ocurri\u00f3 en el segundo intento. Cad\u00f3 tambi\u00e9n destac\u00f3 que el primer proceso, llevado a cabo por el Ministerio de Transporte, a trav\u00e9s de la Secretar\u00eda Nacional de Transporte por Carretera, fue cancelado por decisi\u00f3n del Tribunal de Cuentas de la Uni\u00f3n.<\/p>\n<p>\u201cContamos con un complejo log\u00edstico que mueve miles de millones de d\u00f3lares, una operaci\u00f3n importante para la econom\u00eda de Rio Grande do Sul y Brasil. Cerca de 11.000 camiones que realizan tr\u00e1mites aduaneros entre los pa\u00edses del Mercosur circulan por S\u00e3o Borja cada mes. Esto implica un impacto en cientos de empleos directos y muchos otros indirectos que impactan la econom\u00eda local\u201d, destac\u00f3 Tiago Cad\u00f3.<\/p>\n<p>En la ocasi\u00f3n, el superintendente de la Receita Federal en Rio Grande do Sul, el auditor fiscal Altemir Linhares de Melo, tambi\u00e9n expres\u00f3 la preocupaci\u00f3n de la instituci\u00f3n ante este hecho. \u201cLa Divisi\u00f3n de Control de la Receita Federal en S\u00e3o Borja est\u00e1 desarrollando planes para minimizar los efectos de una posible interrupci\u00f3n. El proceso de licitaci\u00f3n tiene un plazo ajustado. S\u00e3o Borja es actualmente el segundo punto de comercio terrestre con Argentina, con un flujo de 32.000 millones de d\u00f3lares el a\u00f1o pasado. En otras palabras, tenemos un gran volumen de mercanc\u00edas que transitan por ese punto. Cualquier discontinuidad impactar\u00e1 gravemente la estructura de los dem\u00e1s puntos de comercio exterior\u201d, enfatiz\u00f3 Melo.<\/p>\n<p>Con datos de: Irineu Fontela Filho (MTE 17.690)*<\/p>\n","protected":false},"excerpt":{"rendered":"<p>SAO BORJA y SANTO TOME. Los tiempos de la apertura de sobres del tercer llamado a licitaci\u00f3n para la explotaci\u00f3n del Centro Unificado de Frontera, corre contra reloj habida cuenta que la entrega de ofertas de las posibles empresas interesadas en participar de la compulsa, ser\u00e1 el d\u00eda 14 de julio y dos d\u00edas despu\u00e9s&#8230;<\/p>\n","protected":false},"author":2,"featured_media":11554,"comment_status":"closed","ping_status":"closed","sticky":false,"template":"","format":"standard","meta":{"_kad_post_transparent":"default","_kad_post_title":"default","_kad_post_layout":"default","_kad_post_sidebar_id":"","_kad_post_content_style":"default","_kad_post_vertical_padding":"default","_kad_post_feature":"","_kad_post_feature_position":"","_kad_post_header":false,"_kad_post_footer":false,"_kad_post_classname":"","footnotes":""},"categories":[1],"tags":[],"class_list":["post-11553","post","type-post","status-publish","format-standard","has-post-thumbnail","hentry","category-locales"],"a3_pvc":{"activated":false,"total_views":0,"today_views":0},"yoast_head":"<!-- This site is optimized with the Yoast SEO plugin v27.5 - https:\/\/yoast.com\/product\/yoast-seo-wordpress\/ -->\n<title>Conformar\u00e1n un frente parlamentario para tratar la concesi\u00f3n del Puente entre Santo Tom\u00e9 y Sao Borja - Digital Santo Tom\u00e9<\/title>\n<meta name=\"robots\" content=\"index, follow, max-snippet:-1, max-image-preview:large, max-video-preview:-1\" \/>\n<link rel=\"canonical\" href=\"https:\/\/digitalsantotome.com.ar\/?p=11553\" \/>\n<meta property=\"og:locale\" content=\"es_ES\" \/>\n<meta property=\"og:type\" content=\"article\" \/>\n<meta property=\"og:title\" content=\"Conformar\u00e1n un frente parlamentario para tratar la concesi\u00f3n del Puente entre Santo Tom\u00e9 y Sao Borja - Digital Santo Tom\u00e9\" \/>\n<meta property=\"og:description\" content=\"SAO BORJA y SANTO TOME. Los tiempos de la apertura de sobres del tercer llamado a licitaci\u00f3n para la explotaci\u00f3n del Centro Unificado de Frontera, corre contra reloj habida cuenta que la entrega de ofertas de las posibles empresas interesadas en participar de la compulsa, ser\u00e1 el d\u00eda 14 de julio y dos d\u00edas despu\u00e9s...\" \/>\n<meta property=\"og:url\" content=\"https:\/\/digitalsantotome.com.ar\/?p=11553\" \/>\n<meta property=\"og:site_name\" content=\"Digital Santo Tom\u00e9\" \/>\n<meta property=\"article:published_time\" content=\"2025-06-30T22:16:19+00:00\" \/>\n<meta property=\"article:modified_time\" content=\"2025-07-01T22:17:59+00:00\" \/>\n<meta property=\"og:image\" content=\"https:\/\/digitalsantotome.com.ar\/wp-content\/uploads\/2025\/06\/IMG-20250630-WA0055.jpg\" \/>\n\t<meta property=\"og:image:width\" content=\"2560\" \/>\n\t<meta property=\"og:image:height\" content=\"1706\" \/>\n\t<meta property=\"og:image:type\" content=\"image\/jpeg\" \/>\n<meta name=\"author\" content=\"Jose Carlos Machado\" \/>\n<meta name=\"twitter:card\" content=\"summary_large_image\" \/>\n<meta name=\"twitter:label1\" content=\"Escrito por\" \/>\n\t<meta name=\"twitter:data1\" content=\"Jose Carlos Machado\" \/>\n\t<meta name=\"twitter:label2\" content=\"Tiempo de lectura\" \/>\n\t<meta name=\"twitter:data2\" content=\"5 minutos\" \/>\n<script type=\"application\/ld+json\" class=\"yoast-schema-graph\">{\"@context\":\"https:\\\/\\\/schema.org\",\"@graph\":[{\"@type\":\"Article\",\"@id\":\"https:\\\/\\\/digitalsantotome.com.ar\\\/?p=11553#article\",\"isPartOf\":{\"@id\":\"https:\\\/\\\/digitalsantotome.com.ar\\\/?p=11553\"},\"author\":{\"name\":\"Jose Carlos Machado\",\"@id\":\"https:\\\/\\\/digitalsantotome.com.ar\\\/#\\\/schema\\\/person\\\/8991d8822886fedd92ce7f03817e1bdf\"},\"headline\":\"Conformar\u00e1n un frente parlamentario para tratar la concesi\u00f3n del Puente entre Santo Tom\u00e9 y Sao Borja\",\"datePublished\":\"2025-06-30T22:16:19+00:00\",\"dateModified\":\"2025-07-01T22:17:59+00:00\",\"mainEntityOfPage\":{\"@id\":\"https:\\\/\\\/digitalsantotome.com.ar\\\/?p=11553\"},\"wordCount\":1140,\"publisher\":{\"@id\":\"https:\\\/\\\/digitalsantotome.com.ar\\\/#organization\"},\"image\":{\"@id\":\"https:\\\/\\\/digitalsantotome.com.ar\\\/?p=11553#primaryimage\"},\"thumbnailUrl\":\"https:\\\/\\\/digitalsantotome.com.ar\\\/wp-content\\\/uploads\\\/2025\\\/06\\\/IMG-20250630-WA0055.jpg\",\"articleSection\":[\"Locales\"],\"inLanguage\":\"es\"},{\"@type\":\"WebPage\",\"@id\":\"https:\\\/\\\/digitalsantotome.com.ar\\\/?p=11553\",\"url\":\"https:\\\/\\\/digitalsantotome.com.ar\\\/?p=11553\",\"name\":\"Conformar\u00e1n un frente parlamentario para tratar la concesi\u00f3n del Puente entre Santo Tom\u00e9 y Sao Borja - Digital Santo Tom\u00e9\",\"isPartOf\":{\"@id\":\"https:\\\/\\\/digitalsantotome.com.ar\\\/#website\"},\"primaryImageOfPage\":{\"@id\":\"https:\\\/\\\/digitalsantotome.com.ar\\\/?p=11553#primaryimage\"},\"image\":{\"@id\":\"https:\\\/\\\/digitalsantotome.com.ar\\\/?p=11553#primaryimage\"},\"thumbnailUrl\":\"https:\\\/\\\/digitalsantotome.com.ar\\\/wp-content\\\/uploads\\\/2025\\\/06\\\/IMG-20250630-WA0055.jpg\",\"datePublished\":\"2025-06-30T22:16:19+00:00\",\"dateModified\":\"2025-07-01T22:17:59+00:00\",\"breadcrumb\":{\"@id\":\"https:\\\/\\\/digitalsantotome.com.ar\\\/?p=11553#breadcrumb\"},\"inLanguage\":\"es\",\"potentialAction\":[{\"@type\":\"ReadAction\",\"target\":[\"https:\\\/\\\/digitalsantotome.com.ar\\\/?p=11553\"]}]},{\"@type\":\"ImageObject\",\"inLanguage\":\"es\",\"@id\":\"https:\\\/\\\/digitalsantotome.com.ar\\\/?p=11553#primaryimage\",\"url\":\"https:\\\/\\\/digitalsantotome.com.ar\\\/wp-content\\\/uploads\\\/2025\\\/06\\\/IMG-20250630-WA0055.jpg\",\"contentUrl\":\"https:\\\/\\\/digitalsantotome.com.ar\\\/wp-content\\\/uploads\\\/2025\\\/06\\\/IMG-20250630-WA0055.jpg\",\"width\":2560,\"height\":1706},{\"@type\":\"BreadcrumbList\",\"@id\":\"https:\\\/\\\/digitalsantotome.com.ar\\\/?p=11553#breadcrumb\",\"itemListElement\":[{\"@type\":\"ListItem\",\"position\":1,\"name\":\"Portada\",\"item\":\"https:\\\/\\\/digitalsantotome.com.ar\\\/\"},{\"@type\":\"ListItem\",\"position\":2,\"name\":\"Conformar\u00e1n un frente parlamentario para tratar la concesi\u00f3n del Puente entre Santo Tom\u00e9 y Sao Borja\"}]},{\"@type\":\"WebSite\",\"@id\":\"https:\\\/\\\/digitalsantotome.com.ar\\\/#website\",\"url\":\"https:\\\/\\\/digitalsantotome.com.ar\\\/\",\"name\":\"Digital Santo Tom\u00e9\",\"description\":\"Noticias desde Santo Tom\u00e9 al Mundo \u2013 La informacion que decide\",\"publisher\":{\"@id\":\"https:\\\/\\\/digitalsantotome.com.ar\\\/#organization\"},\"potentialAction\":[{\"@type\":\"SearchAction\",\"target\":{\"@type\":\"EntryPoint\",\"urlTemplate\":\"https:\\\/\\\/digitalsantotome.com.ar\\\/?s={search_term_string}\"},\"query-input\":{\"@type\":\"PropertyValueSpecification\",\"valueRequired\":true,\"valueName\":\"search_term_string\"}}],\"inLanguage\":\"es\"},{\"@type\":\"Organization\",\"@id\":\"https:\\\/\\\/digitalsantotome.com.ar\\\/#organization\",\"name\":\"Digital Santo Tom\u00e9\",\"url\":\"https:\\\/\\\/digitalsantotome.com.ar\\\/\",\"logo\":{\"@type\":\"ImageObject\",\"inLanguage\":\"es\",\"@id\":\"https:\\\/\\\/digitalsantotome.com.ar\\\/#\\\/schema\\\/logo\\\/image\\\/\",\"url\":\"https:\\\/\\\/digitalsantotome.com.ar\\\/wp-content\\\/uploads\\\/2023\\\/01\\\/facebook.jpg\",\"contentUrl\":\"https:\\\/\\\/digitalsantotome.com.ar\\\/wp-content\\\/uploads\\\/2023\\\/01\\\/facebook.jpg\",\"width\":512,\"height\":376,\"caption\":\"Digital Santo Tom\u00e9\"},\"image\":{\"@id\":\"https:\\\/\\\/digitalsantotome.com.ar\\\/#\\\/schema\\\/logo\\\/image\\\/\"}},{\"@type\":\"Person\",\"@id\":\"https:\\\/\\\/digitalsantotome.com.ar\\\/#\\\/schema\\\/person\\\/8991d8822886fedd92ce7f03817e1bdf\",\"name\":\"Jose Carlos Machado\",\"url\":\"https:\\\/\\\/digitalsantotome.com.ar\\\/?author=2\"}]}<\/script>\n<!-- \/ Yoast SEO plugin. -->","yoast_head_json":{"title":"Conformar\u00e1n un frente parlamentario para tratar la concesi\u00f3n del Puente entre Santo Tom\u00e9 y Sao Borja - Digital Santo Tom\u00e9","robots":{"index":"index","follow":"follow","max-snippet":"max-snippet:-1","max-image-preview":"max-image-preview:large","max-video-preview":"max-video-preview:-1"},"canonical":"https:\/\/digitalsantotome.com.ar\/?p=11553","og_locale":"es_ES","og_type":"article","og_title":"Conformar\u00e1n un frente parlamentario para tratar la concesi\u00f3n del Puente entre Santo Tom\u00e9 y Sao Borja - Digital Santo Tom\u00e9","og_description":"SAO BORJA y SANTO TOME. Los tiempos de la apertura de sobres del tercer llamado a licitaci\u00f3n para la explotaci\u00f3n del Centro Unificado de Frontera, corre contra reloj habida cuenta que la entrega de ofertas de las posibles empresas interesadas en participar de la compulsa, ser\u00e1 el d\u00eda 14 de julio y dos d\u00edas despu\u00e9s...","og_url":"https:\/\/digitalsantotome.com.ar\/?p=11553","og_site_name":"Digital Santo Tom\u00e9","article_published_time":"2025-06-30T22:16:19+00:00","article_modified_time":"2025-07-01T22:17:59+00:00","og_image":[{"width":2560,"height":1706,"url":"https:\/\/digitalsantotome.com.ar\/wp-content\/uploads\/2025\/06\/IMG-20250630-WA0055.jpg","type":"image\/jpeg"}],"author":"Jose Carlos Machado","twitter_card":"summary_large_image","twitter_misc":{"Escrito por":"Jose Carlos Machado","Tiempo de lectura":"5 minutos"},"schema":{"@context":"https:\/\/schema.org","@graph":[{"@type":"Article","@id":"https:\/\/digitalsantotome.com.ar\/?p=11553#article","isPartOf":{"@id":"https:\/\/digitalsantotome.com.ar\/?p=11553"},"author":{"name":"Jose Carlos Machado","@id":"https:\/\/digitalsantotome.com.ar\/#\/schema\/person\/8991d8822886fedd92ce7f03817e1bdf"},"headline":"Conformar\u00e1n un frente parlamentario para tratar la concesi\u00f3n del Puente entre Santo Tom\u00e9 y Sao Borja","datePublished":"2025-06-30T22:16:19+00:00","dateModified":"2025-07-01T22:17:59+00:00","mainEntityOfPage":{"@id":"https:\/\/digitalsantotome.com.ar\/?p=11553"},"wordCount":1140,"publisher":{"@id":"https:\/\/digitalsantotome.com.ar\/#organization"},"image":{"@id":"https:\/\/digitalsantotome.com.ar\/?p=11553#primaryimage"},"thumbnailUrl":"https:\/\/digitalsantotome.com.ar\/wp-content\/uploads\/2025\/06\/IMG-20250630-WA0055.jpg","articleSection":["Locales"],"inLanguage":"es"},{"@type":"WebPage","@id":"https:\/\/digitalsantotome.com.ar\/?p=11553","url":"https:\/\/digitalsantotome.com.ar\/?p=11553","name":"Conformar\u00e1n un frente parlamentario para tratar la concesi\u00f3n del Puente entre Santo Tom\u00e9 y Sao Borja - Digital Santo Tom\u00e9","isPartOf":{"@id":"https:\/\/digitalsantotome.com.ar\/#website"},"primaryImageOfPage":{"@id":"https:\/\/digitalsantotome.com.ar\/?p=11553#primaryimage"},"image":{"@id":"https:\/\/digitalsantotome.com.ar\/?p=11553#primaryimage"},"thumbnailUrl":"https:\/\/digitalsantotome.com.ar\/wp-content\/uploads\/2025\/06\/IMG-20250630-WA0055.jpg","datePublished":"2025-06-30T22:16:19+00:00","dateModified":"2025-07-01T22:17:59+00:00","breadcrumb":{"@id":"https:\/\/digitalsantotome.com.ar\/?p=11553#breadcrumb"},"inLanguage":"es","potentialAction":[{"@type":"ReadAction","target":["https:\/\/digitalsantotome.com.ar\/?p=11553"]}]},{"@type":"ImageObject","inLanguage":"es","@id":"https:\/\/digitalsantotome.com.ar\/?p=11553#primaryimage","url":"https:\/\/digitalsantotome.com.ar\/wp-content\/uploads\/2025\/06\/IMG-20250630-WA0055.jpg","contentUrl":"https:\/\/digitalsantotome.com.ar\/wp-content\/uploads\/2025\/06\/IMG-20250630-WA0055.jpg","width":2560,"height":1706},{"@type":"BreadcrumbList","@id":"https:\/\/digitalsantotome.com.ar\/?p=11553#breadcrumb","itemListElement":[{"@type":"ListItem","position":1,"name":"Portada","item":"https:\/\/digitalsantotome.com.ar\/"},{"@type":"ListItem","position":2,"name":"Conformar\u00e1n un frente parlamentario para tratar la concesi\u00f3n del Puente entre Santo Tom\u00e9 y Sao Borja"}]},{"@type":"WebSite","@id":"https:\/\/digitalsantotome.com.ar\/#website","url":"https:\/\/digitalsantotome.com.ar\/","name":"Digital Santo Tom\u00e9","description":"Noticias desde Santo Tom\u00e9 al Mundo \u2013 La informacion que decide","publisher":{"@id":"https:\/\/digitalsantotome.com.ar\/#organization"},"potentialAction":[{"@type":"SearchAction","target":{"@type":"EntryPoint","urlTemplate":"https:\/\/digitalsantotome.com.ar\/?s={search_term_string}"},"query-input":{"@type":"PropertyValueSpecification","valueRequired":true,"valueName":"search_term_string"}}],"inLanguage":"es"},{"@type":"Organization","@id":"https:\/\/digitalsantotome.com.ar\/#organization","name":"Digital Santo Tom\u00e9","url":"https:\/\/digitalsantotome.com.ar\/","logo":{"@type":"ImageObject","inLanguage":"es","@id":"https:\/\/digitalsantotome.com.ar\/#\/schema\/logo\/image\/","url":"https:\/\/digitalsantotome.com.ar\/wp-content\/uploads\/2023\/01\/facebook.jpg","contentUrl":"https:\/\/digitalsantotome.com.ar\/wp-content\/uploads\/2023\/01\/facebook.jpg","width":512,"height":376,"caption":"Digital Santo Tom\u00e9"},"image":{"@id":"https:\/\/digitalsantotome.com.ar\/#\/schema\/logo\/image\/"}},{"@type":"Person","@id":"https:\/\/digitalsantotome.com.ar\/#\/schema\/person\/8991d8822886fedd92ce7f03817e1bdf","name":"Jose Carlos Machado","url":"https:\/\/digitalsantotome.com.ar\/?author=2"}]}},"_links":{"self":[{"href":"https:\/\/digitalsantotome.com.ar\/index.php?rest_route=\/wp\/v2\/posts\/11553","targetHints":{"allow":["GET"]}}],"collection":[{"href":"https:\/\/digitalsantotome.com.ar\/index.php?rest_route=\/wp\/v2\/posts"}],"about":[{"href":"https:\/\/digitalsantotome.com.ar\/index.php?rest_route=\/wp\/v2\/types\/post"}],"author":[{"embeddable":true,"href":"https:\/\/digitalsantotome.com.ar\/index.php?rest_route=\/wp\/v2\/users\/2"}],"replies":[{"embeddable":true,"href":"https:\/\/digitalsantotome.com.ar\/index.php?rest_route=%2Fwp%2Fv2%2Fcomments&post=11553"}],"version-history":[{"count":2,"href":"https:\/\/digitalsantotome.com.ar\/index.php?rest_route=\/wp\/v2\/posts\/11553\/revisions"}],"predecessor-version":[{"id":11556,"href":"https:\/\/digitalsantotome.com.ar\/index.php?rest_route=\/wp\/v2\/posts\/11553\/revisions\/11556"}],"wp:featuredmedia":[{"embeddable":true,"href":"https:\/\/digitalsantotome.com.ar\/index.php?rest_route=\/wp\/v2\/media\/11554"}],"wp:attachment":[{"href":"https:\/\/digitalsantotome.com.ar\/index.php?rest_route=%2Fwp%2Fv2%2Fmedia&parent=11553"}],"wp:term":[{"taxonomy":"category","embeddable":true,"href":"https:\/\/digitalsantotome.com.ar\/index.php?rest_route=%2Fwp%2Fv2%2Fcategories&post=11553"},{"taxonomy":"post_tag","embeddable":true,"href":"https:\/\/digitalsantotome.com.ar\/index.php?rest_route=%2Fwp%2Fv2%2Ftags&post=11553"}],"curies":[{"name":"wp","href":"https:\/\/api.w.org\/{rel}","templated":true}]}}