{"id":11767,"date":"2025-07-18T08:28:32","date_gmt":"2025-07-18T11:28:32","guid":{"rendered":"https:\/\/digitalsantotome.com.ar\/?p=11767"},"modified":"2025-07-18T14:59:20","modified_gmt":"2025-07-18T17:59:20","slug":"lisandro-almiron-paso-por-santo-tome-y-repartio-criticas-para-todos-lados","status":"publish","type":"post","link":"https:\/\/digitalsantotome.com.ar\/?p=11767","title":{"rendered":"Lisandro Almir\u00f3n pas\u00f3 por Santo Tom\u00e9 y reparti\u00f3 cr\u00edticas para todos lados"},"content":{"rendered":"<p style=\"text-align: justify; background: white; margin: 0cm 0cm 7.15pt 0cm;\"><strong><span style=\"font-size: 10.5pt; font-family: 'Helvetica','sans-serif'; color: #444444;\">SANTO TOME. En el marco de una gira proselitista que viene realizando por varias localidades del interior de la Provincia promocionando su candidatura a gobernador y la de quienes integran las listas de diputados y senadores, al igual que intendente y vice y concejales de cada ciudad que visita; el candidato a gobernador por La Libertad Avanza Lisandro Almir\u00f3n junto a su compa\u00f1era de f\u00f3rmula <span style=\"background: white;\">Evelyn Karsten<\/span>, fueron los oradores principales de un acto realizado en la nueva sede partidaria ubicada en la zona c\u00e9ntrica de Santo Tom\u00e9.<\/span><\/strong><\/p>\n<p style=\"text-align: justify; background: white; margin: 0cm 0cm 7.15pt 0cm;\"><strong><span style=\"font-size: 10.5pt; font-family: 'Helvetica','sans-serif'; color: #444444; background: white;\">Se puede decir que Almir\u00f3n ensay\u00f3 un \u00abdiscurso de barricada\u00bb donde reparti\u00f3 cr\u00edticas para todos aquellos que no comulgan la las ideas de La Libertad Avanza. Habl\u00f3 de feudos, de la necesidad de achicar el estado y fomentar la actividad privada, el tema del abigeato en esta parte de la provincia fue parte de su discurso donde desliz\u00f3 una frase que puede levantar polvareda diciendo que en muchos casos hay complicidades en las fuerzas de seguridad y en la pol\u00edtica misma para con este tipo de delitos.<\/span><\/strong><\/p>\n<p><strong>La lista de oradores tambi\u00e9n incluyeron al candidato a intendente de Santo Tom\u00e9, Germ\u00e1n Zapata; al candidato a vice Jos\u00e9 Berecoechea; los candidatos a concejales Manlio Escobar y Silvana Villanueva; los candidatos a legisladores provinciales David Moulin; Marina Villafa\u00f1e; Carmen Perez y Guillermo Harvey.<\/strong><\/p>\n<div class=\"entry-content-asset videofit\"><iframe title=\"Candidatos de  La Libertad Avanza estuvieron en Santo Tom\u00e9\" width=\"720\" height=\"405\" src=\"https:\/\/www.youtube.com\/embed\/3GQbhhUjRE4?start=32&#038;feature=oembed\" frameborder=\"0\" allow=\"accelerometer; autoplay; clipboard-write; encrypted-media; gyroscope; picture-in-picture; web-share\" referrerpolicy=\"strict-origin-when-cross-origin\" allowfullscreen><\/iframe><\/div>\n<p>&nbsp;<\/p>\n","protected":false},"excerpt":{"rendered":"<p>SANTO TOME. En el marco de una gira proselitista que viene realizando por varias localidades del interior de la Provincia promocionando su candidatura a gobernador y la de quienes integran las listas de diputados y senadores, al igual que intendente y vice y concejales de cada ciudad que visita; el candidato a gobernador por La&#8230;<\/p>\n","protected":false},"author":2,"featured_media":11768,"comment_status":"closed","ping_status":"closed","sticky":false,"template":"","format":"standard","meta":{"_kad_post_transparent":"default","_kad_post_title":"default","_kad_post_layout":"default","_kad_post_sidebar_id":"","_kad_post_content_style":"default","_kad_post_vertical_padding":"default","_kad_post_feature":"","_kad_post_feature_position":"","_kad_post_header":false,"_kad_post_footer":false,"_kad_post_classname":"","footnotes":""},"categories":[1],"tags":[],"class_list":["post-11767","post","type-post","status-publish","format-standard","has-post-thumbnail","hentry","category-locales"],"a3_pvc":{"activated":false,"total_views":0,"today_views":0},"yoast_head":"<!-- This site is optimized with the Yoast SEO plugin v27.5 - https:\/\/yoast.com\/product\/yoast-seo-wordpress\/ -->\n<title>Lisandro Almir\u00f3n pas\u00f3 por Santo Tom\u00e9 y reparti\u00f3 cr\u00edticas para todos lados - Digital Santo Tom\u00e9<\/title>\n<meta name=\"robots\" content=\"index, follow, max-snippet:-1, max-image-preview:large, max-video-preview:-1\" \/>\n<link rel=\"canonical\" href=\"https:\/\/digitalsantotome.com.ar\/?p=11767\" \/>\n<meta property=\"og:locale\" content=\"es_ES\" \/>\n<meta property=\"og:type\" content=\"article\" \/>\n<meta property=\"og:title\" content=\"Lisandro Almir\u00f3n pas\u00f3 por Santo Tom\u00e9 y reparti\u00f3 cr\u00edticas para todos lados - Digital Santo Tom\u00e9\" \/>\n<meta property=\"og:description\" content=\"SANTO TOME. En el marco de una gira proselitista que viene realizando por varias localidades del interior de la Provincia promocionando su candidatura a gobernador y la de quienes integran las listas de diputados y senadores, al igual que intendente y vice y concejales de cada ciudad que visita; el candidato a gobernador por La...\" \/>\n<meta property=\"og:url\" content=\"https:\/\/digitalsantotome.com.ar\/?p=11767\" \/>\n<meta property=\"og:site_name\" content=\"Digital Santo Tom\u00e9\" \/>\n<meta property=\"article:published_time\" content=\"2025-07-18T11:28:32+00:00\" \/>\n<meta property=\"article:modified_time\" content=\"2025-07-18T17:59:20+00:00\" \/>\n<meta property=\"og:image\" content=\"https:\/\/digitalsantotome.com.ar\/wp-content\/uploads\/2025\/07\/almironlla-scaled.jpg\" \/>\n\t<meta property=\"og:image:width\" content=\"2560\" \/>\n\t<meta property=\"og:image:height\" content=\"1702\" \/>\n\t<meta property=\"og:image:type\" content=\"image\/jpeg\" \/>\n<meta name=\"author\" content=\"Jose Carlos Machado\" \/>\n<meta name=\"twitter:card\" content=\"summary_large_image\" \/>\n<meta name=\"twitter:label1\" content=\"Escrito por\" \/>\n\t<meta name=\"twitter:data1\" content=\"Jose Carlos Machado\" \/>\n\t<meta name=\"twitter:label2\" content=\"Tiempo de lectura\" \/>\n\t<meta name=\"twitter:data2\" content=\"2 minutos\" \/>\n<script type=\"application\/ld+json\" class=\"yoast-schema-graph\">{\"@context\":\"https:\\\/\\\/schema.org\",\"@graph\":[{\"@type\":\"Article\",\"@id\":\"https:\\\/\\\/digitalsantotome.com.ar\\\/?p=11767#article\",\"isPartOf\":{\"@id\":\"https:\\\/\\\/digitalsantotome.com.ar\\\/?p=11767\"},\"author\":{\"name\":\"Jose Carlos Machado\",\"@id\":\"https:\\\/\\\/digitalsantotome.com.ar\\\/#\\\/schema\\\/person\\\/8991d8822886fedd92ce7f03817e1bdf\"},\"headline\":\"Lisandro Almir\u00f3n pas\u00f3 por Santo Tom\u00e9 y reparti\u00f3 cr\u00edticas para todos lados\",\"datePublished\":\"2025-07-18T11:28:32+00:00\",\"dateModified\":\"2025-07-18T17:59:20+00:00\",\"mainEntityOfPage\":{\"@id\":\"https:\\\/\\\/digitalsantotome.com.ar\\\/?p=11767\"},\"wordCount\":254,\"publisher\":{\"@id\":\"https:\\\/\\\/digitalsantotome.com.ar\\\/#organization\"},\"image\":{\"@id\":\"https:\\\/\\\/digitalsantotome.com.ar\\\/?p=11767#primaryimage\"},\"thumbnailUrl\":\"https:\\\/\\\/digitalsantotome.com.ar\\\/wp-content\\\/uploads\\\/2025\\\/07\\\/almironlla-scaled.jpg\",\"articleSection\":[\"Locales\"],\"inLanguage\":\"es\"},{\"@type\":\"WebPage\",\"@id\":\"https:\\\/\\\/digitalsantotome.com.ar\\\/?p=11767\",\"url\":\"https:\\\/\\\/digitalsantotome.com.ar\\\/?p=11767\",\"name\":\"Lisandro Almir\u00f3n pas\u00f3 por Santo Tom\u00e9 y reparti\u00f3 cr\u00edticas para todos lados - Digital Santo Tom\u00e9\",\"isPartOf\":{\"@id\":\"https:\\\/\\\/digitalsantotome.com.ar\\\/#website\"},\"primaryImageOfPage\":{\"@id\":\"https:\\\/\\\/digitalsantotome.com.ar\\\/?p=11767#primaryimage\"},\"image\":{\"@id\":\"https:\\\/\\\/digitalsantotome.com.ar\\\/?p=11767#primaryimage\"},\"thumbnailUrl\":\"https:\\\/\\\/digitalsantotome.com.ar\\\/wp-content\\\/uploads\\\/2025\\\/07\\\/almironlla-scaled.jpg\",\"datePublished\":\"2025-07-18T11:28:32+00:00\",\"dateModified\":\"2025-07-18T17:59:20+00:00\",\"breadcrumb\":{\"@id\":\"https:\\\/\\\/digitalsantotome.com.ar\\\/?p=11767#breadcrumb\"},\"inLanguage\":\"es\",\"potentialAction\":[{\"@type\":\"ReadAction\",\"target\":[\"https:\\\/\\\/digitalsantotome.com.ar\\\/?p=11767\"]}]},{\"@type\":\"ImageObject\",\"inLanguage\":\"es\",\"@id\":\"https:\\\/\\\/digitalsantotome.com.ar\\\/?p=11767#primaryimage\",\"url\":\"https:\\\/\\\/digitalsantotome.com.ar\\\/wp-content\\\/uploads\\\/2025\\\/07\\\/almironlla-scaled.jpg\",\"contentUrl\":\"https:\\\/\\\/digitalsantotome.com.ar\\\/wp-content\\\/uploads\\\/2025\\\/07\\\/almironlla-scaled.jpg\",\"width\":2560,\"height\":1702,\"caption\":\"????????????????????????????????????\"},{\"@type\":\"BreadcrumbList\",\"@id\":\"https:\\\/\\\/digitalsantotome.com.ar\\\/?p=11767#breadcrumb\",\"itemListElement\":[{\"@type\":\"ListItem\",\"position\":1,\"name\":\"Portada\",\"item\":\"https:\\\/\\\/digitalsantotome.com.ar\\\/\"},{\"@type\":\"ListItem\",\"position\":2,\"name\":\"Lisandro Almir\u00f3n pas\u00f3 por Santo Tom\u00e9 y reparti\u00f3 cr\u00edticas para todos lados\"}]},{\"@type\":\"WebSite\",\"@id\":\"https:\\\/\\\/digitalsantotome.com.ar\\\/#website\",\"url\":\"https:\\\/\\\/digitalsantotome.com.ar\\\/\",\"name\":\"Digital Santo Tom\u00e9\",\"description\":\"Noticias desde Santo Tom\u00e9 al Mundo \u2013 La informacion que decide\",\"publisher\":{\"@id\":\"https:\\\/\\\/digitalsantotome.com.ar\\\/#organization\"},\"potentialAction\":[{\"@type\":\"SearchAction\",\"target\":{\"@type\":\"EntryPoint\",\"urlTemplate\":\"https:\\\/\\\/digitalsantotome.com.ar\\\/?s={search_term_string}\"},\"query-input\":{\"@type\":\"PropertyValueSpecification\",\"valueRequired\":true,\"valueName\":\"search_term_string\"}}],\"inLanguage\":\"es\"},{\"@type\":\"Organization\",\"@id\":\"https:\\\/\\\/digitalsantotome.com.ar\\\/#organization\",\"name\":\"Digital Santo Tom\u00e9\",\"url\":\"https:\\\/\\\/digitalsantotome.com.ar\\\/\",\"logo\":{\"@type\":\"ImageObject\",\"inLanguage\":\"es\",\"@id\":\"https:\\\/\\\/digitalsantotome.com.ar\\\/#\\\/schema\\\/logo\\\/image\\\/\",\"url\":\"https:\\\/\\\/digitalsantotome.com.ar\\\/wp-content\\\/uploads\\\/2023\\\/01\\\/facebook.jpg\",\"contentUrl\":\"https:\\\/\\\/digitalsantotome.com.ar\\\/wp-content\\\/uploads\\\/2023\\\/01\\\/facebook.jpg\",\"width\":512,\"height\":376,\"caption\":\"Digital Santo Tom\u00e9\"},\"image\":{\"@id\":\"https:\\\/\\\/digitalsantotome.com.ar\\\/#\\\/schema\\\/logo\\\/image\\\/\"}},{\"@type\":\"Person\",\"@id\":\"https:\\\/\\\/digitalsantotome.com.ar\\\/#\\\/schema\\\/person\\\/8991d8822886fedd92ce7f03817e1bdf\",\"name\":\"Jose Carlos Machado\",\"url\":\"https:\\\/\\\/digitalsantotome.com.ar\\\/?author=2\"}]}<\/script>\n<!-- \/ Yoast SEO plugin. -->","yoast_head_json":{"title":"Lisandro Almir\u00f3n pas\u00f3 por Santo Tom\u00e9 y reparti\u00f3 cr\u00edticas para todos lados - Digital Santo Tom\u00e9","robots":{"index":"index","follow":"follow","max-snippet":"max-snippet:-1","max-image-preview":"max-image-preview:large","max-video-preview":"max-video-preview:-1"},"canonical":"https:\/\/digitalsantotome.com.ar\/?p=11767","og_locale":"es_ES","og_type":"article","og_title":"Lisandro Almir\u00f3n pas\u00f3 por Santo Tom\u00e9 y reparti\u00f3 cr\u00edticas para todos lados - Digital Santo Tom\u00e9","og_description":"SANTO TOME. En el marco de una gira proselitista que viene realizando por varias localidades del interior de la Provincia promocionando su candidatura a gobernador y la de quienes integran las listas de diputados y senadores, al igual que intendente y vice y concejales de cada ciudad que visita; el candidato a gobernador por La...","og_url":"https:\/\/digitalsantotome.com.ar\/?p=11767","og_site_name":"Digital Santo Tom\u00e9","article_published_time":"2025-07-18T11:28:32+00:00","article_modified_time":"2025-07-18T17:59:20+00:00","og_image":[{"width":2560,"height":1702,"url":"https:\/\/digitalsantotome.com.ar\/wp-content\/uploads\/2025\/07\/almironlla-scaled.jpg","type":"image\/jpeg"}],"author":"Jose Carlos Machado","twitter_card":"summary_large_image","twitter_misc":{"Escrito por":"Jose Carlos Machado","Tiempo de lectura":"2 minutos"},"schema":{"@context":"https:\/\/schema.org","@graph":[{"@type":"Article","@id":"https:\/\/digitalsantotome.com.ar\/?p=11767#article","isPartOf":{"@id":"https:\/\/digitalsantotome.com.ar\/?p=11767"},"author":{"name":"Jose Carlos Machado","@id":"https:\/\/digitalsantotome.com.ar\/#\/schema\/person\/8991d8822886fedd92ce7f03817e1bdf"},"headline":"Lisandro Almir\u00f3n pas\u00f3 por Santo Tom\u00e9 y reparti\u00f3 cr\u00edticas para todos lados","datePublished":"2025-07-18T11:28:32+00:00","dateModified":"2025-07-18T17:59:20+00:00","mainEntityOfPage":{"@id":"https:\/\/digitalsantotome.com.ar\/?p=11767"},"wordCount":254,"publisher":{"@id":"https:\/\/digitalsantotome.com.ar\/#organization"},"image":{"@id":"https:\/\/digitalsantotome.com.ar\/?p=11767#primaryimage"},"thumbnailUrl":"https:\/\/digitalsantotome.com.ar\/wp-content\/uploads\/2025\/07\/almironlla-scaled.jpg","articleSection":["Locales"],"inLanguage":"es"},{"@type":"WebPage","@id":"https:\/\/digitalsantotome.com.ar\/?p=11767","url":"https:\/\/digitalsantotome.com.ar\/?p=11767","name":"Lisandro Almir\u00f3n pas\u00f3 por Santo Tom\u00e9 y reparti\u00f3 cr\u00edticas para todos lados - Digital Santo Tom\u00e9","isPartOf":{"@id":"https:\/\/digitalsantotome.com.ar\/#website"},"primaryImageOfPage":{"@id":"https:\/\/digitalsantotome.com.ar\/?p=11767#primaryimage"},"image":{"@id":"https:\/\/digitalsantotome.com.ar\/?p=11767#primaryimage"},"thumbnailUrl":"https:\/\/digitalsantotome.com.ar\/wp-content\/uploads\/2025\/07\/almironlla-scaled.jpg","datePublished":"2025-07-18T11:28:32+00:00","dateModified":"2025-07-18T17:59:20+00:00","breadcrumb":{"@id":"https:\/\/digitalsantotome.com.ar\/?p=11767#breadcrumb"},"inLanguage":"es","potentialAction":[{"@type":"ReadAction","target":["https:\/\/digitalsantotome.com.ar\/?p=11767"]}]},{"@type":"ImageObject","inLanguage":"es","@id":"https:\/\/digitalsantotome.com.ar\/?p=11767#primaryimage","url":"https:\/\/digitalsantotome.com.ar\/wp-content\/uploads\/2025\/07\/almironlla-scaled.jpg","contentUrl":"https:\/\/digitalsantotome.com.ar\/wp-content\/uploads\/2025\/07\/almironlla-scaled.jpg","width":2560,"height":1702,"caption":"????????????????????????????????????"},{"@type":"BreadcrumbList","@id":"https:\/\/digitalsantotome.com.ar\/?p=11767#breadcrumb","itemListElement":[{"@type":"ListItem","position":1,"name":"Portada","item":"https:\/\/digitalsantotome.com.ar\/"},{"@type":"ListItem","position":2,"name":"Lisandro Almir\u00f3n pas\u00f3 por Santo Tom\u00e9 y reparti\u00f3 cr\u00edticas para todos lados"}]},{"@type":"WebSite","@id":"https:\/\/digitalsantotome.com.ar\/#website","url":"https:\/\/digitalsantotome.com.ar\/","name":"Digital Santo Tom\u00e9","description":"Noticias desde Santo Tom\u00e9 al Mundo \u2013 La informacion que decide","publisher":{"@id":"https:\/\/digitalsantotome.com.ar\/#organization"},"potentialAction":[{"@type":"SearchAction","target":{"@type":"EntryPoint","urlTemplate":"https:\/\/digitalsantotome.com.ar\/?s={search_term_string}"},"query-input":{"@type":"PropertyValueSpecification","valueRequired":true,"valueName":"search_term_string"}}],"inLanguage":"es"},{"@type":"Organization","@id":"https:\/\/digitalsantotome.com.ar\/#organization","name":"Digital Santo Tom\u00e9","url":"https:\/\/digitalsantotome.com.ar\/","logo":{"@type":"ImageObject","inLanguage":"es","@id":"https:\/\/digitalsantotome.com.ar\/#\/schema\/logo\/image\/","url":"https:\/\/digitalsantotome.com.ar\/wp-content\/uploads\/2023\/01\/facebook.jpg","contentUrl":"https:\/\/digitalsantotome.com.ar\/wp-content\/uploads\/2023\/01\/facebook.jpg","width":512,"height":376,"caption":"Digital Santo Tom\u00e9"},"image":{"@id":"https:\/\/digitalsantotome.com.ar\/#\/schema\/logo\/image\/"}},{"@type":"Person","@id":"https:\/\/digitalsantotome.com.ar\/#\/schema\/person\/8991d8822886fedd92ce7f03817e1bdf","name":"Jose Carlos Machado","url":"https:\/\/digitalsantotome.com.ar\/?author=2"}]}},"_links":{"self":[{"href":"https:\/\/digitalsantotome.com.ar\/index.php?rest_route=\/wp\/v2\/posts\/11767","targetHints":{"allow":["GET"]}}],"collection":[{"href":"https:\/\/digitalsantotome.com.ar\/index.php?rest_route=\/wp\/v2\/posts"}],"about":[{"href":"https:\/\/digitalsantotome.com.ar\/index.php?rest_route=\/wp\/v2\/types\/post"}],"author":[{"embeddable":true,"href":"https:\/\/digitalsantotome.com.ar\/index.php?rest_route=\/wp\/v2\/users\/2"}],"replies":[{"embeddable":true,"href":"https:\/\/digitalsantotome.com.ar\/index.php?rest_route=%2Fwp%2Fv2%2Fcomments&post=11767"}],"version-history":[{"count":1,"href":"https:\/\/digitalsantotome.com.ar\/index.php?rest_route=\/wp\/v2\/posts\/11767\/revisions"}],"predecessor-version":[{"id":11769,"href":"https:\/\/digitalsantotome.com.ar\/index.php?rest_route=\/wp\/v2\/posts\/11767\/revisions\/11769"}],"wp:featuredmedia":[{"embeddable":true,"href":"https:\/\/digitalsantotome.com.ar\/index.php?rest_route=\/wp\/v2\/media\/11768"}],"wp:attachment":[{"href":"https:\/\/digitalsantotome.com.ar\/index.php?rest_route=%2Fwp%2Fv2%2Fmedia&parent=11767"}],"wp:term":[{"taxonomy":"category","embeddable":true,"href":"https:\/\/digitalsantotome.com.ar\/index.php?rest_route=%2Fwp%2Fv2%2Fcategories&post=11767"},{"taxonomy":"post_tag","embeddable":true,"href":"https:\/\/digitalsantotome.com.ar\/index.php?rest_route=%2Fwp%2Fv2%2Ftags&post=11767"}],"curies":[{"name":"wp","href":"https:\/\/api.w.org\/{rel}","templated":true}]}}