{"id":11783,"date":"2025-07-19T09:33:48","date_gmt":"2025-07-19T12:33:48","guid":{"rendered":"https:\/\/digitalsantotome.com.ar\/?p=11783"},"modified":"2025-07-19T09:33:53","modified_gmt":"2025-07-19T12:33:53","slug":"corrientes-se-prepara-para-celebrar-el-25-encuentro-provincial-de-ferias-francas","status":"publish","type":"post","link":"https:\/\/digitalsantotome.com.ar\/?p=11783","title":{"rendered":"Corrientes se prepara para celebrar el 25\u00b0 Encuentro Provincial de Ferias Francas"},"content":{"rendered":"<div class=\"row\">\n<div id=\"conte\" class=\"span6 base\">\n<p>CORRIENTES. La ciudad de Corrientes vivir\u00e1 una verdadera \u201cfiesta de los sentidos\u201d el s\u00e1bado 26 y domingo 27 de julio, cuando el Parque Mitre se llene de colores, sabores y m\u00fasica para recibir el 25\u00b0 Encuentro Provincial de Ferias Francas.<\/p>\n<p>El lanzamiento oficial de este importante evento se realizar\u00e1 el lunes 21 de julio, en el Sal\u00f3n Verde de Casa de Gobierno. Estar\u00e1n presentes representantes de la Asociaci\u00f3n Provincial de Ferias Francas, junto a instituciones que acompa\u00f1an su organizaci\u00f3n como INCUPO, CARITAS, INTA, el Municipio de Corrientes, IDERCOR y la Direcci\u00f3n de Comercializaci\u00f3n del Ministerio de Desarrollo Social.<\/p>\n<p>Seg\u00fan inform\u00f3 Antonia B\u00e1ez, presidenta de la Asociaci\u00f3n de Ferias \u201cya confirmaron su participaci\u00f3n cerca de 400 feriantes y emprendedores no solo de Corrientes, sino tambi\u00e9n de otras provincias vecinas\u201d. Durante los dos d\u00edas del encuentro, se ofrecer\u00e1n alimentos frescos y naturales a precios promocionales, adem\u00e1s de productos artesanales y comidas t\u00edpicas.<\/p>\n<p>\u201cSer\u00e1 una gran fiesta del encuentro entre familias del campo y la ciudad, para compartir lo mejor de nuestra cultura: alimentos saludables, tradiciones, m\u00fasica y espect\u00e1culos en vivo\u201d, expres\u00f3 B\u00e1ez.<\/p>\n<p>Adem\u00e1s, durante el acto de presentaci\u00f3n se anunciar\u00e1 una noticia muy esperada: la pr\u00f3xima inauguraci\u00f3n de la Sede propia de la Asociaci\u00f3n Provincial de Ferias, ubicada en el Barrio 17 de Agosto. Un espacio pensado para fortalecer el trabajo de las y los feriantes, que contar\u00e1 con sal\u00f3n de reuniones, local de ventas y cocina comunitaria.<\/p>\n<p>Con 25 a\u00f1os de historia, las Ferias Francas siguen siendo un s\u00edmbolo de producci\u00f3n local, econom\u00eda popular y lazos comunitarios que crecen con ra\u00edces bien firmes.<\/p>\n<\/div>\n<div><\/div>\n<\/div>\n<div>Momarandu.com<\/div>\n","protected":false},"excerpt":{"rendered":"<p>CORRIENTES. La ciudad de Corrientes vivir\u00e1 una verdadera \u201cfiesta de los sentidos\u201d el s\u00e1bado 26 y domingo 27 de julio, cuando el Parque Mitre se llene de colores, sabores y m\u00fasica para recibir el 25\u00b0 Encuentro Provincial de Ferias Francas. El lanzamiento oficial de este importante evento se realizar\u00e1 el lunes 21 de julio, en&#8230;<\/p>\n","protected":false},"author":2,"featured_media":11784,"comment_status":"closed","ping_status":"closed","sticky":false,"template":"","format":"standard","meta":{"_kad_post_transparent":"default","_kad_post_title":"default","_kad_post_layout":"default","_kad_post_sidebar_id":"","_kad_post_content_style":"default","_kad_post_vertical_padding":"default","_kad_post_feature":"","_kad_post_feature_position":"","_kad_post_header":false,"_kad_post_footer":false,"_kad_post_classname":"","footnotes":""},"categories":[3],"tags":[],"class_list":["post-11783","post","type-post","status-publish","format-standard","has-post-thumbnail","hentry","category-noticias-breves"],"a3_pvc":{"activated":false,"total_views":0,"today_views":0},"yoast_head":"<!-- This site is optimized with the Yoast SEO plugin v27.5 - https:\/\/yoast.com\/product\/yoast-seo-wordpress\/ -->\n<title>Corrientes se prepara para celebrar el 25\u00b0 Encuentro Provincial de Ferias Francas - Digital Santo Tom\u00e9<\/title>\n<meta name=\"robots\" content=\"index, follow, max-snippet:-1, max-image-preview:large, max-video-preview:-1\" \/>\n<link rel=\"canonical\" href=\"https:\/\/digitalsantotome.com.ar\/?p=11783\" \/>\n<meta property=\"og:locale\" content=\"es_ES\" \/>\n<meta property=\"og:type\" content=\"article\" \/>\n<meta property=\"og:title\" content=\"Corrientes se prepara para celebrar el 25\u00b0 Encuentro Provincial de Ferias Francas - Digital Santo Tom\u00e9\" \/>\n<meta property=\"og:description\" content=\"CORRIENTES. La ciudad de Corrientes vivir\u00e1 una verdadera \u201cfiesta de los sentidos\u201d el s\u00e1bado 26 y domingo 27 de julio, cuando el Parque Mitre se llene de colores, sabores y m\u00fasica para recibir el 25\u00b0 Encuentro Provincial de Ferias Francas. El lanzamiento oficial de este importante evento se realizar\u00e1 el lunes 21 de julio, en...\" \/>\n<meta property=\"og:url\" content=\"https:\/\/digitalsantotome.com.ar\/?p=11783\" \/>\n<meta property=\"og:site_name\" content=\"Digital Santo Tom\u00e9\" \/>\n<meta property=\"article:published_time\" content=\"2025-07-19T12:33:48+00:00\" \/>\n<meta property=\"article:modified_time\" content=\"2025-07-19T12:33:53+00:00\" \/>\n<meta property=\"og:image\" content=\"https:\/\/digitalsantotome.com.ar\/wp-content\/uploads\/2025\/07\/358631_grande.jpg\" \/>\n\t<meta property=\"og:image:width\" content=\"900\" \/>\n\t<meta property=\"og:image:height\" content=\"539\" \/>\n\t<meta property=\"og:image:type\" content=\"image\/jpeg\" \/>\n<meta name=\"author\" content=\"Jose Carlos Machado\" \/>\n<meta name=\"twitter:card\" content=\"summary_large_image\" \/>\n<meta name=\"twitter:label1\" content=\"Escrito por\" \/>\n\t<meta name=\"twitter:data1\" content=\"Jose Carlos Machado\" \/>\n\t<meta name=\"twitter:label2\" content=\"Tiempo de lectura\" \/>\n\t<meta name=\"twitter:data2\" content=\"2 minutos\" \/>\n<script type=\"application\/ld+json\" class=\"yoast-schema-graph\">{\"@context\":\"https:\\\/\\\/schema.org\",\"@graph\":[{\"@type\":\"Article\",\"@id\":\"https:\\\/\\\/digitalsantotome.com.ar\\\/?p=11783#article\",\"isPartOf\":{\"@id\":\"https:\\\/\\\/digitalsantotome.com.ar\\\/?p=11783\"},\"author\":{\"name\":\"Jose Carlos Machado\",\"@id\":\"https:\\\/\\\/digitalsantotome.com.ar\\\/#\\\/schema\\\/person\\\/8991d8822886fedd92ce7f03817e1bdf\"},\"headline\":\"Corrientes se prepara para celebrar el 25\u00b0 Encuentro Provincial de Ferias Francas\",\"datePublished\":\"2025-07-19T12:33:48+00:00\",\"dateModified\":\"2025-07-19T12:33:53+00:00\",\"mainEntityOfPage\":{\"@id\":\"https:\\\/\\\/digitalsantotome.com.ar\\\/?p=11783\"},\"wordCount\":300,\"publisher\":{\"@id\":\"https:\\\/\\\/digitalsantotome.com.ar\\\/#organization\"},\"image\":{\"@id\":\"https:\\\/\\\/digitalsantotome.com.ar\\\/?p=11783#primaryimage\"},\"thumbnailUrl\":\"https:\\\/\\\/digitalsantotome.com.ar\\\/wp-content\\\/uploads\\\/2025\\\/07\\\/358631_grande.jpg\",\"articleSection\":[\"Noticias breves\"],\"inLanguage\":\"es\"},{\"@type\":\"WebPage\",\"@id\":\"https:\\\/\\\/digitalsantotome.com.ar\\\/?p=11783\",\"url\":\"https:\\\/\\\/digitalsantotome.com.ar\\\/?p=11783\",\"name\":\"Corrientes se prepara para celebrar el 25\u00b0 Encuentro Provincial de Ferias Francas - Digital Santo Tom\u00e9\",\"isPartOf\":{\"@id\":\"https:\\\/\\\/digitalsantotome.com.ar\\\/#website\"},\"primaryImageOfPage\":{\"@id\":\"https:\\\/\\\/digitalsantotome.com.ar\\\/?p=11783#primaryimage\"},\"image\":{\"@id\":\"https:\\\/\\\/digitalsantotome.com.ar\\\/?p=11783#primaryimage\"},\"thumbnailUrl\":\"https:\\\/\\\/digitalsantotome.com.ar\\\/wp-content\\\/uploads\\\/2025\\\/07\\\/358631_grande.jpg\",\"datePublished\":\"2025-07-19T12:33:48+00:00\",\"dateModified\":\"2025-07-19T12:33:53+00:00\",\"breadcrumb\":{\"@id\":\"https:\\\/\\\/digitalsantotome.com.ar\\\/?p=11783#breadcrumb\"},\"inLanguage\":\"es\",\"potentialAction\":[{\"@type\":\"ReadAction\",\"target\":[\"https:\\\/\\\/digitalsantotome.com.ar\\\/?p=11783\"]}]},{\"@type\":\"ImageObject\",\"inLanguage\":\"es\",\"@id\":\"https:\\\/\\\/digitalsantotome.com.ar\\\/?p=11783#primaryimage\",\"url\":\"https:\\\/\\\/digitalsantotome.com.ar\\\/wp-content\\\/uploads\\\/2025\\\/07\\\/358631_grande.jpg\",\"contentUrl\":\"https:\\\/\\\/digitalsantotome.com.ar\\\/wp-content\\\/uploads\\\/2025\\\/07\\\/358631_grande.jpg\",\"width\":900,\"height\":539},{\"@type\":\"BreadcrumbList\",\"@id\":\"https:\\\/\\\/digitalsantotome.com.ar\\\/?p=11783#breadcrumb\",\"itemListElement\":[{\"@type\":\"ListItem\",\"position\":1,\"name\":\"Portada\",\"item\":\"https:\\\/\\\/digitalsantotome.com.ar\\\/\"},{\"@type\":\"ListItem\",\"position\":2,\"name\":\"Corrientes se prepara para celebrar el 25\u00b0 Encuentro Provincial de Ferias Francas\"}]},{\"@type\":\"WebSite\",\"@id\":\"https:\\\/\\\/digitalsantotome.com.ar\\\/#website\",\"url\":\"https:\\\/\\\/digitalsantotome.com.ar\\\/\",\"name\":\"Digital Santo Tom\u00e9\",\"description\":\"Noticias desde Santo Tom\u00e9 al Mundo \u2013 La informacion que decide\",\"publisher\":{\"@id\":\"https:\\\/\\\/digitalsantotome.com.ar\\\/#organization\"},\"potentialAction\":[{\"@type\":\"SearchAction\",\"target\":{\"@type\":\"EntryPoint\",\"urlTemplate\":\"https:\\\/\\\/digitalsantotome.com.ar\\\/?s={search_term_string}\"},\"query-input\":{\"@type\":\"PropertyValueSpecification\",\"valueRequired\":true,\"valueName\":\"search_term_string\"}}],\"inLanguage\":\"es\"},{\"@type\":\"Organization\",\"@id\":\"https:\\\/\\\/digitalsantotome.com.ar\\\/#organization\",\"name\":\"Digital Santo Tom\u00e9\",\"url\":\"https:\\\/\\\/digitalsantotome.com.ar\\\/\",\"logo\":{\"@type\":\"ImageObject\",\"inLanguage\":\"es\",\"@id\":\"https:\\\/\\\/digitalsantotome.com.ar\\\/#\\\/schema\\\/logo\\\/image\\\/\",\"url\":\"https:\\\/\\\/digitalsantotome.com.ar\\\/wp-content\\\/uploads\\\/2023\\\/01\\\/facebook.jpg\",\"contentUrl\":\"https:\\\/\\\/digitalsantotome.com.ar\\\/wp-content\\\/uploads\\\/2023\\\/01\\\/facebook.jpg\",\"width\":512,\"height\":376,\"caption\":\"Digital Santo Tom\u00e9\"},\"image\":{\"@id\":\"https:\\\/\\\/digitalsantotome.com.ar\\\/#\\\/schema\\\/logo\\\/image\\\/\"}},{\"@type\":\"Person\",\"@id\":\"https:\\\/\\\/digitalsantotome.com.ar\\\/#\\\/schema\\\/person\\\/8991d8822886fedd92ce7f03817e1bdf\",\"name\":\"Jose Carlos Machado\",\"url\":\"https:\\\/\\\/digitalsantotome.com.ar\\\/?author=2\"}]}<\/script>\n<!-- \/ Yoast SEO plugin. -->","yoast_head_json":{"title":"Corrientes se prepara para celebrar el 25\u00b0 Encuentro Provincial de Ferias Francas - Digital Santo Tom\u00e9","robots":{"index":"index","follow":"follow","max-snippet":"max-snippet:-1","max-image-preview":"max-image-preview:large","max-video-preview":"max-video-preview:-1"},"canonical":"https:\/\/digitalsantotome.com.ar\/?p=11783","og_locale":"es_ES","og_type":"article","og_title":"Corrientes se prepara para celebrar el 25\u00b0 Encuentro Provincial de Ferias Francas - Digital Santo Tom\u00e9","og_description":"CORRIENTES. La ciudad de Corrientes vivir\u00e1 una verdadera \u201cfiesta de los sentidos\u201d el s\u00e1bado 26 y domingo 27 de julio, cuando el Parque Mitre se llene de colores, sabores y m\u00fasica para recibir el 25\u00b0 Encuentro Provincial de Ferias Francas. El lanzamiento oficial de este importante evento se realizar\u00e1 el lunes 21 de julio, en...","og_url":"https:\/\/digitalsantotome.com.ar\/?p=11783","og_site_name":"Digital Santo Tom\u00e9","article_published_time":"2025-07-19T12:33:48+00:00","article_modified_time":"2025-07-19T12:33:53+00:00","og_image":[{"width":900,"height":539,"url":"https:\/\/digitalsantotome.com.ar\/wp-content\/uploads\/2025\/07\/358631_grande.jpg","type":"image\/jpeg"}],"author":"Jose Carlos Machado","twitter_card":"summary_large_image","twitter_misc":{"Escrito por":"Jose Carlos Machado","Tiempo de lectura":"2 minutos"},"schema":{"@context":"https:\/\/schema.org","@graph":[{"@type":"Article","@id":"https:\/\/digitalsantotome.com.ar\/?p=11783#article","isPartOf":{"@id":"https:\/\/digitalsantotome.com.ar\/?p=11783"},"author":{"name":"Jose Carlos Machado","@id":"https:\/\/digitalsantotome.com.ar\/#\/schema\/person\/8991d8822886fedd92ce7f03817e1bdf"},"headline":"Corrientes se prepara para celebrar el 25\u00b0 Encuentro Provincial de Ferias Francas","datePublished":"2025-07-19T12:33:48+00:00","dateModified":"2025-07-19T12:33:53+00:00","mainEntityOfPage":{"@id":"https:\/\/digitalsantotome.com.ar\/?p=11783"},"wordCount":300,"publisher":{"@id":"https:\/\/digitalsantotome.com.ar\/#organization"},"image":{"@id":"https:\/\/digitalsantotome.com.ar\/?p=11783#primaryimage"},"thumbnailUrl":"https:\/\/digitalsantotome.com.ar\/wp-content\/uploads\/2025\/07\/358631_grande.jpg","articleSection":["Noticias breves"],"inLanguage":"es"},{"@type":"WebPage","@id":"https:\/\/digitalsantotome.com.ar\/?p=11783","url":"https:\/\/digitalsantotome.com.ar\/?p=11783","name":"Corrientes se prepara para celebrar el 25\u00b0 Encuentro Provincial de Ferias Francas - Digital Santo Tom\u00e9","isPartOf":{"@id":"https:\/\/digitalsantotome.com.ar\/#website"},"primaryImageOfPage":{"@id":"https:\/\/digitalsantotome.com.ar\/?p=11783#primaryimage"},"image":{"@id":"https:\/\/digitalsantotome.com.ar\/?p=11783#primaryimage"},"thumbnailUrl":"https:\/\/digitalsantotome.com.ar\/wp-content\/uploads\/2025\/07\/358631_grande.jpg","datePublished":"2025-07-19T12:33:48+00:00","dateModified":"2025-07-19T12:33:53+00:00","breadcrumb":{"@id":"https:\/\/digitalsantotome.com.ar\/?p=11783#breadcrumb"},"inLanguage":"es","potentialAction":[{"@type":"ReadAction","target":["https:\/\/digitalsantotome.com.ar\/?p=11783"]}]},{"@type":"ImageObject","inLanguage":"es","@id":"https:\/\/digitalsantotome.com.ar\/?p=11783#primaryimage","url":"https:\/\/digitalsantotome.com.ar\/wp-content\/uploads\/2025\/07\/358631_grande.jpg","contentUrl":"https:\/\/digitalsantotome.com.ar\/wp-content\/uploads\/2025\/07\/358631_grande.jpg","width":900,"height":539},{"@type":"BreadcrumbList","@id":"https:\/\/digitalsantotome.com.ar\/?p=11783#breadcrumb","itemListElement":[{"@type":"ListItem","position":1,"name":"Portada","item":"https:\/\/digitalsantotome.com.ar\/"},{"@type":"ListItem","position":2,"name":"Corrientes se prepara para celebrar el 25\u00b0 Encuentro Provincial de Ferias Francas"}]},{"@type":"WebSite","@id":"https:\/\/digitalsantotome.com.ar\/#website","url":"https:\/\/digitalsantotome.com.ar\/","name":"Digital Santo Tom\u00e9","description":"Noticias desde Santo Tom\u00e9 al Mundo \u2013 La informacion que decide","publisher":{"@id":"https:\/\/digitalsantotome.com.ar\/#organization"},"potentialAction":[{"@type":"SearchAction","target":{"@type":"EntryPoint","urlTemplate":"https:\/\/digitalsantotome.com.ar\/?s={search_term_string}"},"query-input":{"@type":"PropertyValueSpecification","valueRequired":true,"valueName":"search_term_string"}}],"inLanguage":"es"},{"@type":"Organization","@id":"https:\/\/digitalsantotome.com.ar\/#organization","name":"Digital Santo Tom\u00e9","url":"https:\/\/digitalsantotome.com.ar\/","logo":{"@type":"ImageObject","inLanguage":"es","@id":"https:\/\/digitalsantotome.com.ar\/#\/schema\/logo\/image\/","url":"https:\/\/digitalsantotome.com.ar\/wp-content\/uploads\/2023\/01\/facebook.jpg","contentUrl":"https:\/\/digitalsantotome.com.ar\/wp-content\/uploads\/2023\/01\/facebook.jpg","width":512,"height":376,"caption":"Digital Santo Tom\u00e9"},"image":{"@id":"https:\/\/digitalsantotome.com.ar\/#\/schema\/logo\/image\/"}},{"@type":"Person","@id":"https:\/\/digitalsantotome.com.ar\/#\/schema\/person\/8991d8822886fedd92ce7f03817e1bdf","name":"Jose Carlos Machado","url":"https:\/\/digitalsantotome.com.ar\/?author=2"}]}},"_links":{"self":[{"href":"https:\/\/digitalsantotome.com.ar\/index.php?rest_route=\/wp\/v2\/posts\/11783","targetHints":{"allow":["GET"]}}],"collection":[{"href":"https:\/\/digitalsantotome.com.ar\/index.php?rest_route=\/wp\/v2\/posts"}],"about":[{"href":"https:\/\/digitalsantotome.com.ar\/index.php?rest_route=\/wp\/v2\/types\/post"}],"author":[{"embeddable":true,"href":"https:\/\/digitalsantotome.com.ar\/index.php?rest_route=\/wp\/v2\/users\/2"}],"replies":[{"embeddable":true,"href":"https:\/\/digitalsantotome.com.ar\/index.php?rest_route=%2Fwp%2Fv2%2Fcomments&post=11783"}],"version-history":[{"count":2,"href":"https:\/\/digitalsantotome.com.ar\/index.php?rest_route=\/wp\/v2\/posts\/11783\/revisions"}],"predecessor-version":[{"id":11786,"href":"https:\/\/digitalsantotome.com.ar\/index.php?rest_route=\/wp\/v2\/posts\/11783\/revisions\/11786"}],"wp:featuredmedia":[{"embeddable":true,"href":"https:\/\/digitalsantotome.com.ar\/index.php?rest_route=\/wp\/v2\/media\/11784"}],"wp:attachment":[{"href":"https:\/\/digitalsantotome.com.ar\/index.php?rest_route=%2Fwp%2Fv2%2Fmedia&parent=11783"}],"wp:term":[{"taxonomy":"category","embeddable":true,"href":"https:\/\/digitalsantotome.com.ar\/index.php?rest_route=%2Fwp%2Fv2%2Fcategories&post=11783"},{"taxonomy":"post_tag","embeddable":true,"href":"https:\/\/digitalsantotome.com.ar\/index.php?rest_route=%2Fwp%2Fv2%2Ftags&post=11783"}],"curies":[{"name":"wp","href":"https:\/\/api.w.org\/{rel}","templated":true}]}}