{"id":11917,"date":"2025-07-25T14:14:34","date_gmt":"2025-07-25T17:14:34","guid":{"rendered":"https:\/\/digitalsantotome.com.ar\/?p=11917"},"modified":"2025-07-25T14:14:34","modified_gmt":"2025-07-25T17:14:34","slug":"la-federacion-economica-exige-de-manera-urgente-mantenimiento-en-rutas-nacionales-clave","status":"publish","type":"post","link":"https:\/\/digitalsantotome.com.ar\/?p=11917","title":{"rendered":"La Federaci\u00f3n Economica exige de manera urgente mantenimiento en rutas nacionales clave"},"content":{"rendered":"<p>CORRIENTES. La Federaci\u00f3n Econ\u00f3mica de Corrientes (FEC) expres\u00f3 su \u201cprofunda preocupaci\u00f3n\u201d ante la reciente decisi\u00f3n de postergar hasta el 8 de septiembre de 2025 el llamado a licitaci\u00f3n p\u00fablica nacional e internacional para concesionar la denominada \u201cRuta del Mercosur\u201d. Se trata de un corredor estrat\u00e9gico que integra tramos claves de rutas nacionales fundamentales para el desarrollo econ\u00f3mico regional y nacional.<\/p>\n<p>La entidad cuestion\u00f3 la falta de previsi\u00f3n ante el retraso, argumentando que la dilaci\u00f3n, motivada en \u201csupuestas modificaciones a las condiciones del concurso licitatorio\u201d, deja sin garant\u00eda de mantenimiento adecuado a v\u00edas esenciales para la circulaci\u00f3n de bienes y personas. \u201cProlongar el proceso sin asegurar un adecuado mantenimiento provoca un riesgo directo sobre el estado de transitabilidad de estas rutas esenciales\u201d, alertaron.<\/p>\n<p>En ese marco, la FEC remarc\u00f3 que las consecuencias de esta situaci\u00f3n podr\u00edan ser graves tanto para la seguridad vial como para la competitividad del transporte y la log\u00edstica. La falta de intervenci\u00f3n oportuna impacta directamente en la vida diaria de conductores, pasajeros y trabajadores del transporte de carga, sectores que ya enfrentan condiciones dif\u00edciles.<\/p>\n<p><strong>TRAMOS EN ESTADO CR\u00cdTICO<\/strong><\/p>\n<p>El comunicado difundido por la FEC identific\u00f3 como especialmente cr\u00edticos dos tramos: la Ruta Nacional 14, entre Paso de los Libres y San Jos\u00e9, y la Ruta Nacional 123, desde su intersecci\u00f3n con la RN 14 hasta la ciudad de Mercedes. Seg\u00fan detallaron, ambos sectores presentan \u201ccondiciones inaceptables\u201d, con severos deterioros en la calzada, se\u00f1alizaci\u00f3n deficiente y ausencia total de mantenimiento preventivo.<\/p>\n<p>Estas deficiencias, se\u00f1al\u00f3 la entidad, agravan los riesgos de siniestros viales y afectan de forma directa la integridad f\u00edsica de quienes transitan por all\u00ed. Adem\u00e1s, la situaci\u00f3n compromete la eficiencia log\u00edstica en una regi\u00f3n clave para las exportaciones y el transporte internacional de cargas, particularmente en el marco de la vinculaci\u00f3n con Brasil y Uruguay.<\/p>\n<p>\u201cEste contexto representa un serio peligro para la integridad f\u00edsica y la vida de conductores, pasajeros y trabajadores del transporte\u201d, indicaron desde la Federaci\u00f3n, en un llamado enf\u00e1tico a las autoridades responsables de la infraestructura vial nacional.<\/p>\n<p><strong>RECLAMO DE MEDIDAS INMEDIATAS<\/strong><\/p>\n<p>Desde la Federaci\u00f3n Econ\u00f3mica de Corrientes demandaron que, aun mientras se define el proceso licitatorio, el Gobierno Nacional implemente acciones concretas de manera urgente. En particular, pidieron que se garantice la seguridad y la transitabilidad efectiva de los corredores se\u00f1alados, mediante obras de mantenimiento y refuerzo de infraestructura vial.<\/p>\n<p>La entidad record\u00f3 que la promoci\u00f3n de la competitividad y el desarrollo log\u00edstico han sido enunciados permanentes por parte del Gobierno Nacional en sus discursos p\u00fablicos. En ese sentido, instaron a que estos objetivos se traduzcan en acciones pr\u00e1cticas que aseguren rutas en condiciones, en especial en zonas productivas y de tr\u00e1nsito internacional.<\/p>\n<p>\u201cSolicitamos de forma urgente a las autoridades nacionales correspondientes que se adopten medidas inmediatas para garantizar la seguridad y transitabilidad efectiva de estos corredores estrat\u00e9gicos\u201d, concluye el comunicado oficial de la FEC.<\/p>\n<p><strong>Momarandu.com<\/strong><\/p>\n","protected":false},"excerpt":{"rendered":"<p>CORRIENTES. La Federaci\u00f3n Econ\u00f3mica de Corrientes (FEC) expres\u00f3 su \u201cprofunda preocupaci\u00f3n\u201d ante la reciente decisi\u00f3n de postergar hasta el 8 de septiembre de 2025 el llamado a licitaci\u00f3n p\u00fablica nacional e internacional para concesionar la denominada \u201cRuta del Mercosur\u201d. Se trata de un corredor estrat\u00e9gico que integra tramos claves de rutas nacionales fundamentales para el&#8230;<\/p>\n","protected":false},"author":2,"featured_media":11918,"comment_status":"closed","ping_status":"closed","sticky":false,"template":"","format":"standard","meta":{"_kad_post_transparent":"default","_kad_post_title":"default","_kad_post_layout":"default","_kad_post_sidebar_id":"","_kad_post_content_style":"default","_kad_post_vertical_padding":"default","_kad_post_feature":"","_kad_post_feature_position":"","_kad_post_header":false,"_kad_post_footer":false,"_kad_post_classname":"","footnotes":""},"categories":[2],"tags":[],"class_list":["post-11917","post","type-post","status-publish","format-standard","has-post-thumbnail","hentry","category-provinciales"],"a3_pvc":{"activated":false,"total_views":0,"today_views":0},"yoast_head":"<!-- This site is optimized with the Yoast SEO plugin v27.5 - https:\/\/yoast.com\/product\/yoast-seo-wordpress\/ -->\n<title>La Federaci\u00f3n Economica exige de manera urgente mantenimiento en rutas nacionales clave - Digital Santo Tom\u00e9<\/title>\n<meta name=\"robots\" content=\"index, follow, max-snippet:-1, max-image-preview:large, max-video-preview:-1\" \/>\n<link rel=\"canonical\" href=\"https:\/\/digitalsantotome.com.ar\/?p=11917\" \/>\n<meta property=\"og:locale\" content=\"es_ES\" \/>\n<meta property=\"og:type\" content=\"article\" \/>\n<meta property=\"og:title\" content=\"La Federaci\u00f3n Economica exige de manera urgente mantenimiento en rutas nacionales clave - Digital Santo Tom\u00e9\" \/>\n<meta property=\"og:description\" content=\"CORRIENTES. La Federaci\u00f3n Econ\u00f3mica de Corrientes (FEC) expres\u00f3 su \u201cprofunda preocupaci\u00f3n\u201d ante la reciente decisi\u00f3n de postergar hasta el 8 de septiembre de 2025 el llamado a licitaci\u00f3n p\u00fablica nacional e internacional para concesionar la denominada \u201cRuta del Mercosur\u201d. Se trata de un corredor estrat\u00e9gico que integra tramos claves de rutas nacionales fundamentales para el...\" \/>\n<meta property=\"og:url\" content=\"https:\/\/digitalsantotome.com.ar\/?p=11917\" \/>\n<meta property=\"og:site_name\" content=\"Digital Santo Tom\u00e9\" \/>\n<meta property=\"article:published_time\" content=\"2025-07-25T17:14:34+00:00\" \/>\n<meta property=\"og:image\" content=\"https:\/\/digitalsantotome.com.ar\/wp-content\/uploads\/2025\/07\/ruta14.jpeg\" \/>\n\t<meta property=\"og:image:width\" content=\"900\" \/>\n\t<meta property=\"og:image:height\" content=\"600\" \/>\n\t<meta property=\"og:image:type\" content=\"image\/jpeg\" \/>\n<meta name=\"author\" content=\"Jose Carlos Machado\" \/>\n<meta name=\"twitter:card\" content=\"summary_large_image\" \/>\n<meta name=\"twitter:label1\" content=\"Escrito por\" \/>\n\t<meta name=\"twitter:data1\" content=\"Jose Carlos Machado\" \/>\n\t<meta name=\"twitter:label2\" content=\"Tiempo de lectura\" \/>\n\t<meta name=\"twitter:data2\" content=\"3 minutos\" \/>\n<script type=\"application\/ld+json\" class=\"yoast-schema-graph\">{\"@context\":\"https:\\\/\\\/schema.org\",\"@graph\":[{\"@type\":\"Article\",\"@id\":\"https:\\\/\\\/digitalsantotome.com.ar\\\/?p=11917#article\",\"isPartOf\":{\"@id\":\"https:\\\/\\\/digitalsantotome.com.ar\\\/?p=11917\"},\"author\":{\"name\":\"Jose Carlos Machado\",\"@id\":\"https:\\\/\\\/digitalsantotome.com.ar\\\/#\\\/schema\\\/person\\\/8991d8822886fedd92ce7f03817e1bdf\"},\"headline\":\"La Federaci\u00f3n Economica exige de manera urgente mantenimiento en rutas nacionales clave\",\"datePublished\":\"2025-07-25T17:14:34+00:00\",\"mainEntityOfPage\":{\"@id\":\"https:\\\/\\\/digitalsantotome.com.ar\\\/?p=11917\"},\"wordCount\":526,\"publisher\":{\"@id\":\"https:\\\/\\\/digitalsantotome.com.ar\\\/#organization\"},\"image\":{\"@id\":\"https:\\\/\\\/digitalsantotome.com.ar\\\/?p=11917#primaryimage\"},\"thumbnailUrl\":\"https:\\\/\\\/digitalsantotome.com.ar\\\/wp-content\\\/uploads\\\/2025\\\/07\\\/ruta14.jpeg\",\"articleSection\":[\"Provinciales\"],\"inLanguage\":\"es\"},{\"@type\":\"WebPage\",\"@id\":\"https:\\\/\\\/digitalsantotome.com.ar\\\/?p=11917\",\"url\":\"https:\\\/\\\/digitalsantotome.com.ar\\\/?p=11917\",\"name\":\"La Federaci\u00f3n Economica exige de manera urgente mantenimiento en rutas nacionales clave - Digital Santo Tom\u00e9\",\"isPartOf\":{\"@id\":\"https:\\\/\\\/digitalsantotome.com.ar\\\/#website\"},\"primaryImageOfPage\":{\"@id\":\"https:\\\/\\\/digitalsantotome.com.ar\\\/?p=11917#primaryimage\"},\"image\":{\"@id\":\"https:\\\/\\\/digitalsantotome.com.ar\\\/?p=11917#primaryimage\"},\"thumbnailUrl\":\"https:\\\/\\\/digitalsantotome.com.ar\\\/wp-content\\\/uploads\\\/2025\\\/07\\\/ruta14.jpeg\",\"datePublished\":\"2025-07-25T17:14:34+00:00\",\"breadcrumb\":{\"@id\":\"https:\\\/\\\/digitalsantotome.com.ar\\\/?p=11917#breadcrumb\"},\"inLanguage\":\"es\",\"potentialAction\":[{\"@type\":\"ReadAction\",\"target\":[\"https:\\\/\\\/digitalsantotome.com.ar\\\/?p=11917\"]}]},{\"@type\":\"ImageObject\",\"inLanguage\":\"es\",\"@id\":\"https:\\\/\\\/digitalsantotome.com.ar\\\/?p=11917#primaryimage\",\"url\":\"https:\\\/\\\/digitalsantotome.com.ar\\\/wp-content\\\/uploads\\\/2025\\\/07\\\/ruta14.jpeg\",\"contentUrl\":\"https:\\\/\\\/digitalsantotome.com.ar\\\/wp-content\\\/uploads\\\/2025\\\/07\\\/ruta14.jpeg\",\"width\":900,\"height\":600},{\"@type\":\"BreadcrumbList\",\"@id\":\"https:\\\/\\\/digitalsantotome.com.ar\\\/?p=11917#breadcrumb\",\"itemListElement\":[{\"@type\":\"ListItem\",\"position\":1,\"name\":\"Portada\",\"item\":\"https:\\\/\\\/digitalsantotome.com.ar\\\/\"},{\"@type\":\"ListItem\",\"position\":2,\"name\":\"La Federaci\u00f3n Economica exige de manera urgente mantenimiento en rutas nacionales clave\"}]},{\"@type\":\"WebSite\",\"@id\":\"https:\\\/\\\/digitalsantotome.com.ar\\\/#website\",\"url\":\"https:\\\/\\\/digitalsantotome.com.ar\\\/\",\"name\":\"Digital Santo Tom\u00e9\",\"description\":\"Noticias desde Santo Tom\u00e9 al Mundo \u2013 La informacion que decide\",\"publisher\":{\"@id\":\"https:\\\/\\\/digitalsantotome.com.ar\\\/#organization\"},\"potentialAction\":[{\"@type\":\"SearchAction\",\"target\":{\"@type\":\"EntryPoint\",\"urlTemplate\":\"https:\\\/\\\/digitalsantotome.com.ar\\\/?s={search_term_string}\"},\"query-input\":{\"@type\":\"PropertyValueSpecification\",\"valueRequired\":true,\"valueName\":\"search_term_string\"}}],\"inLanguage\":\"es\"},{\"@type\":\"Organization\",\"@id\":\"https:\\\/\\\/digitalsantotome.com.ar\\\/#organization\",\"name\":\"Digital Santo Tom\u00e9\",\"url\":\"https:\\\/\\\/digitalsantotome.com.ar\\\/\",\"logo\":{\"@type\":\"ImageObject\",\"inLanguage\":\"es\",\"@id\":\"https:\\\/\\\/digitalsantotome.com.ar\\\/#\\\/schema\\\/logo\\\/image\\\/\",\"url\":\"https:\\\/\\\/digitalsantotome.com.ar\\\/wp-content\\\/uploads\\\/2023\\\/01\\\/facebook.jpg\",\"contentUrl\":\"https:\\\/\\\/digitalsantotome.com.ar\\\/wp-content\\\/uploads\\\/2023\\\/01\\\/facebook.jpg\",\"width\":512,\"height\":376,\"caption\":\"Digital Santo Tom\u00e9\"},\"image\":{\"@id\":\"https:\\\/\\\/digitalsantotome.com.ar\\\/#\\\/schema\\\/logo\\\/image\\\/\"}},{\"@type\":\"Person\",\"@id\":\"https:\\\/\\\/digitalsantotome.com.ar\\\/#\\\/schema\\\/person\\\/8991d8822886fedd92ce7f03817e1bdf\",\"name\":\"Jose Carlos Machado\",\"url\":\"https:\\\/\\\/digitalsantotome.com.ar\\\/?author=2\"}]}<\/script>\n<!-- \/ Yoast SEO plugin. -->","yoast_head_json":{"title":"La Federaci\u00f3n Economica exige de manera urgente mantenimiento en rutas nacionales clave - Digital Santo Tom\u00e9","robots":{"index":"index","follow":"follow","max-snippet":"max-snippet:-1","max-image-preview":"max-image-preview:large","max-video-preview":"max-video-preview:-1"},"canonical":"https:\/\/digitalsantotome.com.ar\/?p=11917","og_locale":"es_ES","og_type":"article","og_title":"La Federaci\u00f3n Economica exige de manera urgente mantenimiento en rutas nacionales clave - Digital Santo Tom\u00e9","og_description":"CORRIENTES. La Federaci\u00f3n Econ\u00f3mica de Corrientes (FEC) expres\u00f3 su \u201cprofunda preocupaci\u00f3n\u201d ante la reciente decisi\u00f3n de postergar hasta el 8 de septiembre de 2025 el llamado a licitaci\u00f3n p\u00fablica nacional e internacional para concesionar la denominada \u201cRuta del Mercosur\u201d. Se trata de un corredor estrat\u00e9gico que integra tramos claves de rutas nacionales fundamentales para el...","og_url":"https:\/\/digitalsantotome.com.ar\/?p=11917","og_site_name":"Digital Santo Tom\u00e9","article_published_time":"2025-07-25T17:14:34+00:00","og_image":[{"width":900,"height":600,"url":"https:\/\/digitalsantotome.com.ar\/wp-content\/uploads\/2025\/07\/ruta14.jpeg","type":"image\/jpeg"}],"author":"Jose Carlos Machado","twitter_card":"summary_large_image","twitter_misc":{"Escrito por":"Jose Carlos Machado","Tiempo de lectura":"3 minutos"},"schema":{"@context":"https:\/\/schema.org","@graph":[{"@type":"Article","@id":"https:\/\/digitalsantotome.com.ar\/?p=11917#article","isPartOf":{"@id":"https:\/\/digitalsantotome.com.ar\/?p=11917"},"author":{"name":"Jose Carlos Machado","@id":"https:\/\/digitalsantotome.com.ar\/#\/schema\/person\/8991d8822886fedd92ce7f03817e1bdf"},"headline":"La Federaci\u00f3n Economica exige de manera urgente mantenimiento en rutas nacionales clave","datePublished":"2025-07-25T17:14:34+00:00","mainEntityOfPage":{"@id":"https:\/\/digitalsantotome.com.ar\/?p=11917"},"wordCount":526,"publisher":{"@id":"https:\/\/digitalsantotome.com.ar\/#organization"},"image":{"@id":"https:\/\/digitalsantotome.com.ar\/?p=11917#primaryimage"},"thumbnailUrl":"https:\/\/digitalsantotome.com.ar\/wp-content\/uploads\/2025\/07\/ruta14.jpeg","articleSection":["Provinciales"],"inLanguage":"es"},{"@type":"WebPage","@id":"https:\/\/digitalsantotome.com.ar\/?p=11917","url":"https:\/\/digitalsantotome.com.ar\/?p=11917","name":"La Federaci\u00f3n Economica exige de manera urgente mantenimiento en rutas nacionales clave - Digital Santo Tom\u00e9","isPartOf":{"@id":"https:\/\/digitalsantotome.com.ar\/#website"},"primaryImageOfPage":{"@id":"https:\/\/digitalsantotome.com.ar\/?p=11917#primaryimage"},"image":{"@id":"https:\/\/digitalsantotome.com.ar\/?p=11917#primaryimage"},"thumbnailUrl":"https:\/\/digitalsantotome.com.ar\/wp-content\/uploads\/2025\/07\/ruta14.jpeg","datePublished":"2025-07-25T17:14:34+00:00","breadcrumb":{"@id":"https:\/\/digitalsantotome.com.ar\/?p=11917#breadcrumb"},"inLanguage":"es","potentialAction":[{"@type":"ReadAction","target":["https:\/\/digitalsantotome.com.ar\/?p=11917"]}]},{"@type":"ImageObject","inLanguage":"es","@id":"https:\/\/digitalsantotome.com.ar\/?p=11917#primaryimage","url":"https:\/\/digitalsantotome.com.ar\/wp-content\/uploads\/2025\/07\/ruta14.jpeg","contentUrl":"https:\/\/digitalsantotome.com.ar\/wp-content\/uploads\/2025\/07\/ruta14.jpeg","width":900,"height":600},{"@type":"BreadcrumbList","@id":"https:\/\/digitalsantotome.com.ar\/?p=11917#breadcrumb","itemListElement":[{"@type":"ListItem","position":1,"name":"Portada","item":"https:\/\/digitalsantotome.com.ar\/"},{"@type":"ListItem","position":2,"name":"La Federaci\u00f3n Economica exige de manera urgente mantenimiento en rutas nacionales clave"}]},{"@type":"WebSite","@id":"https:\/\/digitalsantotome.com.ar\/#website","url":"https:\/\/digitalsantotome.com.ar\/","name":"Digital Santo Tom\u00e9","description":"Noticias desde Santo Tom\u00e9 al Mundo \u2013 La informacion que decide","publisher":{"@id":"https:\/\/digitalsantotome.com.ar\/#organization"},"potentialAction":[{"@type":"SearchAction","target":{"@type":"EntryPoint","urlTemplate":"https:\/\/digitalsantotome.com.ar\/?s={search_term_string}"},"query-input":{"@type":"PropertyValueSpecification","valueRequired":true,"valueName":"search_term_string"}}],"inLanguage":"es"},{"@type":"Organization","@id":"https:\/\/digitalsantotome.com.ar\/#organization","name":"Digital Santo Tom\u00e9","url":"https:\/\/digitalsantotome.com.ar\/","logo":{"@type":"ImageObject","inLanguage":"es","@id":"https:\/\/digitalsantotome.com.ar\/#\/schema\/logo\/image\/","url":"https:\/\/digitalsantotome.com.ar\/wp-content\/uploads\/2023\/01\/facebook.jpg","contentUrl":"https:\/\/digitalsantotome.com.ar\/wp-content\/uploads\/2023\/01\/facebook.jpg","width":512,"height":376,"caption":"Digital Santo Tom\u00e9"},"image":{"@id":"https:\/\/digitalsantotome.com.ar\/#\/schema\/logo\/image\/"}},{"@type":"Person","@id":"https:\/\/digitalsantotome.com.ar\/#\/schema\/person\/8991d8822886fedd92ce7f03817e1bdf","name":"Jose Carlos Machado","url":"https:\/\/digitalsantotome.com.ar\/?author=2"}]}},"_links":{"self":[{"href":"https:\/\/digitalsantotome.com.ar\/index.php?rest_route=\/wp\/v2\/posts\/11917","targetHints":{"allow":["GET"]}}],"collection":[{"href":"https:\/\/digitalsantotome.com.ar\/index.php?rest_route=\/wp\/v2\/posts"}],"about":[{"href":"https:\/\/digitalsantotome.com.ar\/index.php?rest_route=\/wp\/v2\/types\/post"}],"author":[{"embeddable":true,"href":"https:\/\/digitalsantotome.com.ar\/index.php?rest_route=\/wp\/v2\/users\/2"}],"replies":[{"embeddable":true,"href":"https:\/\/digitalsantotome.com.ar\/index.php?rest_route=%2Fwp%2Fv2%2Fcomments&post=11917"}],"version-history":[{"count":1,"href":"https:\/\/digitalsantotome.com.ar\/index.php?rest_route=\/wp\/v2\/posts\/11917\/revisions"}],"predecessor-version":[{"id":11919,"href":"https:\/\/digitalsantotome.com.ar\/index.php?rest_route=\/wp\/v2\/posts\/11917\/revisions\/11919"}],"wp:featuredmedia":[{"embeddable":true,"href":"https:\/\/digitalsantotome.com.ar\/index.php?rest_route=\/wp\/v2\/media\/11918"}],"wp:attachment":[{"href":"https:\/\/digitalsantotome.com.ar\/index.php?rest_route=%2Fwp%2Fv2%2Fmedia&parent=11917"}],"wp:term":[{"taxonomy":"category","embeddable":true,"href":"https:\/\/digitalsantotome.com.ar\/index.php?rest_route=%2Fwp%2Fv2%2Fcategories&post=11917"},{"taxonomy":"post_tag","embeddable":true,"href":"https:\/\/digitalsantotome.com.ar\/index.php?rest_route=%2Fwp%2Fv2%2Ftags&post=11917"}],"curies":[{"name":"wp","href":"https:\/\/api.w.org\/{rel}","templated":true}]}}