{"id":11920,"date":"2025-07-25T14:18:44","date_gmt":"2025-07-25T17:18:44","guid":{"rendered":"https:\/\/digitalsantotome.com.ar\/?p=11920"},"modified":"2025-07-25T14:18:44","modified_gmt":"2025-07-25T17:18:44","slug":"la-justicia-electoral-oficializo-alianzas-electorales-y-partidos-politicos","status":"publish","type":"post","link":"https:\/\/digitalsantotome.com.ar\/?p=11920","title":{"rendered":"La Justicia electoral oficializ\u00f3 alianzas electorales y partidos pol\u00edticos"},"content":{"rendered":"<p>CORRIENTES. El Juzgado Electoral de la provincia de Corrientes inform\u00f3 que se ha cumplido con la etapa de presentaci\u00f3n y oficializaci\u00f3n de alianzas electorales y partidos pol\u00edticos que participar\u00e1n en las elecciones provinciales y municipales del pr\u00f3ximo 31 de agosto de 2025.<\/p>\n<p>La jueza Electoral, doctora Mar\u00eda Eugenia Herrero destac\u00f3 el desempe\u00f1o del personal de su oficina que trabaj\u00f3 desde el 30 de junio en turno matutino y vespertino ya que en el marco del proceso electoral desde el 30 de junio a la fecha se iniciaron 443 expedientes y se dictaron 389 Resoluciones de reconocimiento de lista de candidatos.<\/p>\n<p>En esta instancia, conforme lo establece la legislaci\u00f3n electoral vigente, las agrupaciones pol\u00edticas interesadas en competir en los comicios provinciales debieron presentar ante el Juzgado Electoral sus alianzas, n\u00f3minas de partidos integrantes y documentaci\u00f3n respaldatoria en tiempo y forma. Tras la revisi\u00f3n correspondiente, se procedi\u00f3 a la oficializaci\u00f3n de los espacios que cumplieron con todos los requisitos legales.<\/p>\n<p>Las elecciones del 31 de agosto revisten especial importancia institucional, ya que en esta jornada se elegir\u00e1 gobernador y vicegobernador de la provincia, legisladores provinciales y autoridades municipales, incluyendo intendentes, viceintendentes y concejales en numerosos municipios del territorio correntino.<\/p>\n<p><strong>TRABAJO ESTAD\u00edSTICO<\/strong><\/p>\n<p>Desde el Poder Judicial se ha trabajado intensamente para garantizar que esta etapa del proceso electoral se desarrolle con total legalidad, transparencia y equidad. El Juzgado Electoral ha fiscalizado minuciosamente el cumplimiento de los requisitos formales y sustanciales exigidos por la normativa, incluyendo la validez de los acuerdos de alianzas, la documentaci\u00f3n de los partidos integrantes, y la observancia de los plazos del cronograma electoral.<\/p>\n<p>Los expedientes iniciados desde el 30 de junio fueron 443, 364 de alianzas y 79 de partidos pol\u00edticos.<br \/>\nSe dictaron 389 resoluciones de reconocimiento de lista de candidatos.<\/p>\n<p>En total, se oficializaron 9 alianzas que competir\u00e1n a nivel provincial, 7 para las categor\u00edas de gobernador, vicegobernador y senadores y dos solo para diputados.<\/p>\n<p>En lo que tiene que ver para las elecciones municipales de capital hay 12 alianzas, 8 para intendente, viceintendente y 4 solo para concejales.<\/p>\n<p>Competir\u00e1n en toda la provincia 61 partidos pol\u00edticos de alcance provincial y municipal. Las fuerzas pol\u00edticas que cumplieron con la normativa quedaron habilitadas para presentar candidaturas en los distintos niveles de gobierno que se renovar\u00e1n en los comicios.<\/p>\n<p>La doctora Mar\u00eda Eugenia Herrero, destac\u00f3 \u201cel compromiso institucional del Poder Judicial en garantizar que el proceso electoral se desarrolle dentro del marco legal previsto, respetando los principios de transparencia, participaci\u00f3n y legalidad que sustentan el sistema democr\u00e1tico\u201d.<\/p>\n<p>Momarandu.com<\/p>\n","protected":false},"excerpt":{"rendered":"<p>CORRIENTES. El Juzgado Electoral de la provincia de Corrientes inform\u00f3 que se ha cumplido con la etapa de presentaci\u00f3n y oficializaci\u00f3n de alianzas electorales y partidos pol\u00edticos que participar\u00e1n en las elecciones provinciales y municipales del pr\u00f3ximo 31 de agosto de 2025. La jueza Electoral, doctora Mar\u00eda Eugenia Herrero destac\u00f3 el desempe\u00f1o del personal de&#8230;<\/p>\n","protected":false},"author":2,"featured_media":11921,"comment_status":"closed","ping_status":"closed","sticky":false,"template":"","format":"standard","meta":{"_kad_post_transparent":"default","_kad_post_title":"default","_kad_post_layout":"default","_kad_post_sidebar_id":"","_kad_post_content_style":"default","_kad_post_vertical_padding":"default","_kad_post_feature":"","_kad_post_feature_position":"","_kad_post_header":false,"_kad_post_footer":false,"_kad_post_classname":"","footnotes":""},"categories":[3],"tags":[],"class_list":["post-11920","post","type-post","status-publish","format-standard","has-post-thumbnail","hentry","category-noticias-breves"],"a3_pvc":{"activated":false,"total_views":0,"today_views":0},"yoast_head":"<!-- This site is optimized with the Yoast SEO plugin v27.5 - https:\/\/yoast.com\/product\/yoast-seo-wordpress\/ -->\n<title>La Justicia electoral oficializ\u00f3 alianzas electorales y partidos pol\u00edticos - Digital Santo Tom\u00e9<\/title>\n<meta name=\"robots\" content=\"index, follow, max-snippet:-1, max-image-preview:large, max-video-preview:-1\" \/>\n<link rel=\"canonical\" href=\"https:\/\/digitalsantotome.com.ar\/?p=11920\" \/>\n<meta property=\"og:locale\" content=\"es_ES\" \/>\n<meta property=\"og:type\" content=\"article\" \/>\n<meta property=\"og:title\" content=\"La Justicia electoral oficializ\u00f3 alianzas electorales y partidos pol\u00edticos - Digital Santo Tom\u00e9\" \/>\n<meta property=\"og:description\" content=\"CORRIENTES. El Juzgado Electoral de la provincia de Corrientes inform\u00f3 que se ha cumplido con la etapa de presentaci\u00f3n y oficializaci\u00f3n de alianzas electorales y partidos pol\u00edticos que participar\u00e1n en las elecciones provinciales y municipales del pr\u00f3ximo 31 de agosto de 2025. La jueza Electoral, doctora Mar\u00eda Eugenia Herrero destac\u00f3 el desempe\u00f1o del personal de...\" \/>\n<meta property=\"og:url\" content=\"https:\/\/digitalsantotome.com.ar\/?p=11920\" \/>\n<meta property=\"og:site_name\" content=\"Digital Santo Tom\u00e9\" \/>\n<meta property=\"article:published_time\" content=\"2025-07-25T17:18:44+00:00\" \/>\n<meta property=\"og:image\" content=\"https:\/\/digitalsantotome.com.ar\/wp-content\/uploads\/2025\/07\/164051_grande.jpg\" \/>\n\t<meta property=\"og:image:width\" content=\"900\" \/>\n\t<meta property=\"og:image:height\" content=\"523\" \/>\n\t<meta property=\"og:image:type\" content=\"image\/jpeg\" \/>\n<meta name=\"author\" content=\"Jose Carlos Machado\" \/>\n<meta name=\"twitter:card\" content=\"summary_large_image\" \/>\n<meta name=\"twitter:label1\" content=\"Escrito por\" \/>\n\t<meta name=\"twitter:data1\" content=\"Jose Carlos Machado\" \/>\n\t<meta name=\"twitter:label2\" content=\"Tiempo de lectura\" \/>\n\t<meta name=\"twitter:data2\" content=\"3 minutos\" \/>\n<script type=\"application\/ld+json\" class=\"yoast-schema-graph\">{\"@context\":\"https:\\\/\\\/schema.org\",\"@graph\":[{\"@type\":\"Article\",\"@id\":\"https:\\\/\\\/digitalsantotome.com.ar\\\/?p=11920#article\",\"isPartOf\":{\"@id\":\"https:\\\/\\\/digitalsantotome.com.ar\\\/?p=11920\"},\"author\":{\"name\":\"Jose Carlos Machado\",\"@id\":\"https:\\\/\\\/digitalsantotome.com.ar\\\/#\\\/schema\\\/person\\\/8991d8822886fedd92ce7f03817e1bdf\"},\"headline\":\"La Justicia electoral oficializ\u00f3 alianzas electorales y partidos pol\u00edticos\",\"datePublished\":\"2025-07-25T17:18:44+00:00\",\"mainEntityOfPage\":{\"@id\":\"https:\\\/\\\/digitalsantotome.com.ar\\\/?p=11920\"},\"wordCount\":436,\"publisher\":{\"@id\":\"https:\\\/\\\/digitalsantotome.com.ar\\\/#organization\"},\"image\":{\"@id\":\"https:\\\/\\\/digitalsantotome.com.ar\\\/?p=11920#primaryimage\"},\"thumbnailUrl\":\"https:\\\/\\\/digitalsantotome.com.ar\\\/wp-content\\\/uploads\\\/2025\\\/07\\\/164051_grande.jpg\",\"articleSection\":[\"Noticias breves\"],\"inLanguage\":\"es\"},{\"@type\":\"WebPage\",\"@id\":\"https:\\\/\\\/digitalsantotome.com.ar\\\/?p=11920\",\"url\":\"https:\\\/\\\/digitalsantotome.com.ar\\\/?p=11920\",\"name\":\"La Justicia electoral oficializ\u00f3 alianzas electorales y partidos pol\u00edticos - Digital Santo Tom\u00e9\",\"isPartOf\":{\"@id\":\"https:\\\/\\\/digitalsantotome.com.ar\\\/#website\"},\"primaryImageOfPage\":{\"@id\":\"https:\\\/\\\/digitalsantotome.com.ar\\\/?p=11920#primaryimage\"},\"image\":{\"@id\":\"https:\\\/\\\/digitalsantotome.com.ar\\\/?p=11920#primaryimage\"},\"thumbnailUrl\":\"https:\\\/\\\/digitalsantotome.com.ar\\\/wp-content\\\/uploads\\\/2025\\\/07\\\/164051_grande.jpg\",\"datePublished\":\"2025-07-25T17:18:44+00:00\",\"breadcrumb\":{\"@id\":\"https:\\\/\\\/digitalsantotome.com.ar\\\/?p=11920#breadcrumb\"},\"inLanguage\":\"es\",\"potentialAction\":[{\"@type\":\"ReadAction\",\"target\":[\"https:\\\/\\\/digitalsantotome.com.ar\\\/?p=11920\"]}]},{\"@type\":\"ImageObject\",\"inLanguage\":\"es\",\"@id\":\"https:\\\/\\\/digitalsantotome.com.ar\\\/?p=11920#primaryimage\",\"url\":\"https:\\\/\\\/digitalsantotome.com.ar\\\/wp-content\\\/uploads\\\/2025\\\/07\\\/164051_grande.jpg\",\"contentUrl\":\"https:\\\/\\\/digitalsantotome.com.ar\\\/wp-content\\\/uploads\\\/2025\\\/07\\\/164051_grande.jpg\",\"width\":900,\"height\":523},{\"@type\":\"BreadcrumbList\",\"@id\":\"https:\\\/\\\/digitalsantotome.com.ar\\\/?p=11920#breadcrumb\",\"itemListElement\":[{\"@type\":\"ListItem\",\"position\":1,\"name\":\"Portada\",\"item\":\"https:\\\/\\\/digitalsantotome.com.ar\\\/\"},{\"@type\":\"ListItem\",\"position\":2,\"name\":\"La Justicia electoral oficializ\u00f3 alianzas electorales y partidos pol\u00edticos\"}]},{\"@type\":\"WebSite\",\"@id\":\"https:\\\/\\\/digitalsantotome.com.ar\\\/#website\",\"url\":\"https:\\\/\\\/digitalsantotome.com.ar\\\/\",\"name\":\"Digital Santo Tom\u00e9\",\"description\":\"Noticias desde Santo Tom\u00e9 al Mundo \u2013 La informacion que decide\",\"publisher\":{\"@id\":\"https:\\\/\\\/digitalsantotome.com.ar\\\/#organization\"},\"potentialAction\":[{\"@type\":\"SearchAction\",\"target\":{\"@type\":\"EntryPoint\",\"urlTemplate\":\"https:\\\/\\\/digitalsantotome.com.ar\\\/?s={search_term_string}\"},\"query-input\":{\"@type\":\"PropertyValueSpecification\",\"valueRequired\":true,\"valueName\":\"search_term_string\"}}],\"inLanguage\":\"es\"},{\"@type\":\"Organization\",\"@id\":\"https:\\\/\\\/digitalsantotome.com.ar\\\/#organization\",\"name\":\"Digital Santo Tom\u00e9\",\"url\":\"https:\\\/\\\/digitalsantotome.com.ar\\\/\",\"logo\":{\"@type\":\"ImageObject\",\"inLanguage\":\"es\",\"@id\":\"https:\\\/\\\/digitalsantotome.com.ar\\\/#\\\/schema\\\/logo\\\/image\\\/\",\"url\":\"https:\\\/\\\/digitalsantotome.com.ar\\\/wp-content\\\/uploads\\\/2023\\\/01\\\/facebook.jpg\",\"contentUrl\":\"https:\\\/\\\/digitalsantotome.com.ar\\\/wp-content\\\/uploads\\\/2023\\\/01\\\/facebook.jpg\",\"width\":512,\"height\":376,\"caption\":\"Digital Santo Tom\u00e9\"},\"image\":{\"@id\":\"https:\\\/\\\/digitalsantotome.com.ar\\\/#\\\/schema\\\/logo\\\/image\\\/\"}},{\"@type\":\"Person\",\"@id\":\"https:\\\/\\\/digitalsantotome.com.ar\\\/#\\\/schema\\\/person\\\/8991d8822886fedd92ce7f03817e1bdf\",\"name\":\"Jose Carlos Machado\",\"url\":\"https:\\\/\\\/digitalsantotome.com.ar\\\/?author=2\"}]}<\/script>\n<!-- \/ Yoast SEO plugin. -->","yoast_head_json":{"title":"La Justicia electoral oficializ\u00f3 alianzas electorales y partidos pol\u00edticos - Digital Santo Tom\u00e9","robots":{"index":"index","follow":"follow","max-snippet":"max-snippet:-1","max-image-preview":"max-image-preview:large","max-video-preview":"max-video-preview:-1"},"canonical":"https:\/\/digitalsantotome.com.ar\/?p=11920","og_locale":"es_ES","og_type":"article","og_title":"La Justicia electoral oficializ\u00f3 alianzas electorales y partidos pol\u00edticos - Digital Santo Tom\u00e9","og_description":"CORRIENTES. El Juzgado Electoral de la provincia de Corrientes inform\u00f3 que se ha cumplido con la etapa de presentaci\u00f3n y oficializaci\u00f3n de alianzas electorales y partidos pol\u00edticos que participar\u00e1n en las elecciones provinciales y municipales del pr\u00f3ximo 31 de agosto de 2025. La jueza Electoral, doctora Mar\u00eda Eugenia Herrero destac\u00f3 el desempe\u00f1o del personal de...","og_url":"https:\/\/digitalsantotome.com.ar\/?p=11920","og_site_name":"Digital Santo Tom\u00e9","article_published_time":"2025-07-25T17:18:44+00:00","og_image":[{"width":900,"height":523,"url":"https:\/\/digitalsantotome.com.ar\/wp-content\/uploads\/2025\/07\/164051_grande.jpg","type":"image\/jpeg"}],"author":"Jose Carlos Machado","twitter_card":"summary_large_image","twitter_misc":{"Escrito por":"Jose Carlos Machado","Tiempo de lectura":"3 minutos"},"schema":{"@context":"https:\/\/schema.org","@graph":[{"@type":"Article","@id":"https:\/\/digitalsantotome.com.ar\/?p=11920#article","isPartOf":{"@id":"https:\/\/digitalsantotome.com.ar\/?p=11920"},"author":{"name":"Jose Carlos Machado","@id":"https:\/\/digitalsantotome.com.ar\/#\/schema\/person\/8991d8822886fedd92ce7f03817e1bdf"},"headline":"La Justicia electoral oficializ\u00f3 alianzas electorales y partidos pol\u00edticos","datePublished":"2025-07-25T17:18:44+00:00","mainEntityOfPage":{"@id":"https:\/\/digitalsantotome.com.ar\/?p=11920"},"wordCount":436,"publisher":{"@id":"https:\/\/digitalsantotome.com.ar\/#organization"},"image":{"@id":"https:\/\/digitalsantotome.com.ar\/?p=11920#primaryimage"},"thumbnailUrl":"https:\/\/digitalsantotome.com.ar\/wp-content\/uploads\/2025\/07\/164051_grande.jpg","articleSection":["Noticias breves"],"inLanguage":"es"},{"@type":"WebPage","@id":"https:\/\/digitalsantotome.com.ar\/?p=11920","url":"https:\/\/digitalsantotome.com.ar\/?p=11920","name":"La Justicia electoral oficializ\u00f3 alianzas electorales y partidos pol\u00edticos - Digital Santo Tom\u00e9","isPartOf":{"@id":"https:\/\/digitalsantotome.com.ar\/#website"},"primaryImageOfPage":{"@id":"https:\/\/digitalsantotome.com.ar\/?p=11920#primaryimage"},"image":{"@id":"https:\/\/digitalsantotome.com.ar\/?p=11920#primaryimage"},"thumbnailUrl":"https:\/\/digitalsantotome.com.ar\/wp-content\/uploads\/2025\/07\/164051_grande.jpg","datePublished":"2025-07-25T17:18:44+00:00","breadcrumb":{"@id":"https:\/\/digitalsantotome.com.ar\/?p=11920#breadcrumb"},"inLanguage":"es","potentialAction":[{"@type":"ReadAction","target":["https:\/\/digitalsantotome.com.ar\/?p=11920"]}]},{"@type":"ImageObject","inLanguage":"es","@id":"https:\/\/digitalsantotome.com.ar\/?p=11920#primaryimage","url":"https:\/\/digitalsantotome.com.ar\/wp-content\/uploads\/2025\/07\/164051_grande.jpg","contentUrl":"https:\/\/digitalsantotome.com.ar\/wp-content\/uploads\/2025\/07\/164051_grande.jpg","width":900,"height":523},{"@type":"BreadcrumbList","@id":"https:\/\/digitalsantotome.com.ar\/?p=11920#breadcrumb","itemListElement":[{"@type":"ListItem","position":1,"name":"Portada","item":"https:\/\/digitalsantotome.com.ar\/"},{"@type":"ListItem","position":2,"name":"La Justicia electoral oficializ\u00f3 alianzas electorales y partidos pol\u00edticos"}]},{"@type":"WebSite","@id":"https:\/\/digitalsantotome.com.ar\/#website","url":"https:\/\/digitalsantotome.com.ar\/","name":"Digital Santo Tom\u00e9","description":"Noticias desde Santo Tom\u00e9 al Mundo \u2013 La informacion que decide","publisher":{"@id":"https:\/\/digitalsantotome.com.ar\/#organization"},"potentialAction":[{"@type":"SearchAction","target":{"@type":"EntryPoint","urlTemplate":"https:\/\/digitalsantotome.com.ar\/?s={search_term_string}"},"query-input":{"@type":"PropertyValueSpecification","valueRequired":true,"valueName":"search_term_string"}}],"inLanguage":"es"},{"@type":"Organization","@id":"https:\/\/digitalsantotome.com.ar\/#organization","name":"Digital Santo Tom\u00e9","url":"https:\/\/digitalsantotome.com.ar\/","logo":{"@type":"ImageObject","inLanguage":"es","@id":"https:\/\/digitalsantotome.com.ar\/#\/schema\/logo\/image\/","url":"https:\/\/digitalsantotome.com.ar\/wp-content\/uploads\/2023\/01\/facebook.jpg","contentUrl":"https:\/\/digitalsantotome.com.ar\/wp-content\/uploads\/2023\/01\/facebook.jpg","width":512,"height":376,"caption":"Digital Santo Tom\u00e9"},"image":{"@id":"https:\/\/digitalsantotome.com.ar\/#\/schema\/logo\/image\/"}},{"@type":"Person","@id":"https:\/\/digitalsantotome.com.ar\/#\/schema\/person\/8991d8822886fedd92ce7f03817e1bdf","name":"Jose Carlos Machado","url":"https:\/\/digitalsantotome.com.ar\/?author=2"}]}},"_links":{"self":[{"href":"https:\/\/digitalsantotome.com.ar\/index.php?rest_route=\/wp\/v2\/posts\/11920","targetHints":{"allow":["GET"]}}],"collection":[{"href":"https:\/\/digitalsantotome.com.ar\/index.php?rest_route=\/wp\/v2\/posts"}],"about":[{"href":"https:\/\/digitalsantotome.com.ar\/index.php?rest_route=\/wp\/v2\/types\/post"}],"author":[{"embeddable":true,"href":"https:\/\/digitalsantotome.com.ar\/index.php?rest_route=\/wp\/v2\/users\/2"}],"replies":[{"embeddable":true,"href":"https:\/\/digitalsantotome.com.ar\/index.php?rest_route=%2Fwp%2Fv2%2Fcomments&post=11920"}],"version-history":[{"count":1,"href":"https:\/\/digitalsantotome.com.ar\/index.php?rest_route=\/wp\/v2\/posts\/11920\/revisions"}],"predecessor-version":[{"id":11922,"href":"https:\/\/digitalsantotome.com.ar\/index.php?rest_route=\/wp\/v2\/posts\/11920\/revisions\/11922"}],"wp:featuredmedia":[{"embeddable":true,"href":"https:\/\/digitalsantotome.com.ar\/index.php?rest_route=\/wp\/v2\/media\/11921"}],"wp:attachment":[{"href":"https:\/\/digitalsantotome.com.ar\/index.php?rest_route=%2Fwp%2Fv2%2Fmedia&parent=11920"}],"wp:term":[{"taxonomy":"category","embeddable":true,"href":"https:\/\/digitalsantotome.com.ar\/index.php?rest_route=%2Fwp%2Fv2%2Fcategories&post=11920"},{"taxonomy":"post_tag","embeddable":true,"href":"https:\/\/digitalsantotome.com.ar\/index.php?rest_route=%2Fwp%2Fv2%2Ftags&post=11920"}],"curies":[{"name":"wp","href":"https:\/\/api.w.org\/{rel}","templated":true}]}}