{"id":12118,"date":"2025-08-18T09:00:33","date_gmt":"2025-08-18T12:00:33","guid":{"rendered":"https:\/\/digitalsantotome.com.ar\/?p=12118"},"modified":"2025-08-18T09:00:33","modified_gmt":"2025-08-18T12:00:33","slug":"fuerza-patria-apuesta-a-la-renovacion-generacional-en-corrientes","status":"publish","type":"post","link":"https:\/\/digitalsantotome.com.ar\/?p=12118","title":{"rendered":"Fuerza Patria apuesta a la renovaci\u00f3n generacional en Corrientes"},"content":{"rendered":"<div class=\"adn ads\" data-message-id=\"#msg-a:r-6904222876467164385\" data-legacy-message-id=\"198bce4c5309df4f\">\n<div class=\"gs\">\n<div class=\"\">\n<div id=\":qd\" class=\"ii gt\">\n<div id=\":qh\" class=\"a3s aiL \">\n<div dir=\"auto\">CORRIENTES. En la noche de este domingo, Fuerza Patria Corrientes \u2014el espacio que nuclea a sectores del peronismo y del campo nacional y popular\u2014 defini\u00f3 su lista de candidatos a diputados nacionales de cara a las elecciones de octubre. La n\u00f3mina se destaca por una clara impronta de renovaci\u00f3n generacional y una apuesta a nuevos liderazgos.<\/p>\n<p>La lista est\u00e1 encabezada por *Ra\u00fal \u201cRulo\u201d Hadad*, actual intendente de San Roque y dirigente con amplia trayectoria en el justicialismo correntino. Lo acompa\u00f1an los dirigentes capitalinos *Gisela Lezcano* y *Marcelo R\u00edos*.<\/p>\n<p>Como candidatos suplentes figuran Silvana Cabrera, Daniel Ayala y Dora Dolores Espinola, quienes completan una propuesta que busca ampliar la representaci\u00f3n pol\u00edtica y dar protagonismo a nuevas voces en la provincia.<\/p>\n<p>Desde el espacio destacaron que esta lista reafirma el camino de unidad dentro del justicialismo correntino, integrando a referentes de diversos sectores como La C\u00e1mpora, La Corriente de la Militancia, agrupaciones gremiales y movimientos barriales.<\/p><\/div>\n<div class=\"yj6qo\"><\/div>\n<div class=\"adL\"><\/div>\n<\/div>\n<\/div>\n<div class=\"WhmR8e\" data-hash=\"0\"><\/div>\n<\/div>\n<\/div>\n<div class=\"ajx\"><\/div>\n<\/div>\n<div class=\"gA gt acV\">\n<div class=\"gB xu\">\n<div class=\"mVCoBd\"><\/div>\n<div class=\"ip iq\">\n<div class=\"bJvOmf\">\n<table class=\"cf wS\" role=\"presentation\">\n<tbody>\n<tr>\n<td class=\"amq\"><img decoding=\"async\" id=\":nr_6\" class=\"ajn bofPge\" src=\"https:\/\/lh3.googleusercontent.com\/a\/ACg8ocJTuEoHY6-Z0eUJ-pP-rTh46sJdxR4kqk7BEiNsYzS1P3kL1A=s40-p-mo\" name=\":nr\" data-hovercard-id=\"digitalsantotome@gmail.com\" \/><\/td>\n<td class=\"amr\">\n<div class=\"nr wR\">\n<div class=\"amn\">\n<div class=\"wrsVRe\" data-position=\"dynamic\"><\/div>\n<\/div>\n<\/div>\n<\/td>\n<\/tr>\n<\/tbody>\n<\/table>\n<\/div>\n<\/div>\n<\/div>\n<\/div>\n","protected":false},"excerpt":{"rendered":"<p>CORRIENTES. En la noche de este domingo, Fuerza Patria Corrientes \u2014el espacio que nuclea a sectores del peronismo y del campo nacional y popular\u2014 defini\u00f3 su lista de candidatos a diputados nacionales de cara a las elecciones de octubre. La n\u00f3mina se destaca por una clara impronta de renovaci\u00f3n generacional y una apuesta a nuevos&#8230;<\/p>\n","protected":false},"author":2,"featured_media":12119,"comment_status":"closed","ping_status":"closed","sticky":false,"template":"","format":"standard","meta":{"_kad_post_transparent":"default","_kad_post_title":"default","_kad_post_layout":"default","_kad_post_sidebar_id":"","_kad_post_content_style":"default","_kad_post_vertical_padding":"default","_kad_post_feature":"","_kad_post_feature_position":"","_kad_post_header":false,"_kad_post_footer":false,"_kad_post_classname":"","footnotes":""},"categories":[2],"tags":[],"class_list":["post-12118","post","type-post","status-publish","format-standard","has-post-thumbnail","hentry","category-provinciales"],"a3_pvc":{"activated":false,"total_views":0,"today_views":0},"yoast_head":"<!-- This site is optimized with the Yoast SEO plugin v27.5 - https:\/\/yoast.com\/product\/yoast-seo-wordpress\/ -->\n<title>Fuerza Patria apuesta a la renovaci\u00f3n generacional en Corrientes - Digital Santo Tom\u00e9<\/title>\n<meta name=\"robots\" content=\"index, follow, max-snippet:-1, max-image-preview:large, max-video-preview:-1\" \/>\n<link rel=\"canonical\" href=\"https:\/\/digitalsantotome.com.ar\/?p=12118\" \/>\n<meta property=\"og:locale\" content=\"es_ES\" \/>\n<meta property=\"og:type\" content=\"article\" \/>\n<meta property=\"og:title\" content=\"Fuerza Patria apuesta a la renovaci\u00f3n generacional en Corrientes - Digital Santo Tom\u00e9\" \/>\n<meta property=\"og:description\" content=\"CORRIENTES. En la noche de este domingo, Fuerza Patria Corrientes \u2014el espacio que nuclea a sectores del peronismo y del campo nacional y popular\u2014 defini\u00f3 su lista de candidatos a diputados nacionales de cara a las elecciones de octubre. La n\u00f3mina se destaca por una clara impronta de renovaci\u00f3n generacional y una apuesta a nuevos...\" \/>\n<meta property=\"og:url\" content=\"https:\/\/digitalsantotome.com.ar\/?p=12118\" \/>\n<meta property=\"og:site_name\" content=\"Digital Santo Tom\u00e9\" \/>\n<meta property=\"article:published_time\" content=\"2025-08-18T12:00:33+00:00\" \/>\n<meta property=\"og:image\" content=\"https:\/\/digitalsantotome.com.ar\/wp-content\/uploads\/2025\/08\/IMG-20250817-WA0093.jpg\" \/>\n\t<meta property=\"og:image:width\" content=\"1389\" \/>\n\t<meta property=\"og:image:height\" content=\"974\" \/>\n\t<meta property=\"og:image:type\" content=\"image\/jpeg\" \/>\n<meta name=\"author\" content=\"Jose Carlos Machado\" \/>\n<meta name=\"twitter:card\" content=\"summary_large_image\" \/>\n<meta name=\"twitter:label1\" content=\"Escrito por\" \/>\n\t<meta name=\"twitter:data1\" content=\"Jose Carlos Machado\" \/>\n\t<meta name=\"twitter:label2\" content=\"Tiempo de lectura\" \/>\n\t<meta name=\"twitter:data2\" content=\"1 minuto\" \/>\n<script type=\"application\/ld+json\" class=\"yoast-schema-graph\">{\"@context\":\"https:\\\/\\\/schema.org\",\"@graph\":[{\"@type\":\"Article\",\"@id\":\"https:\\\/\\\/digitalsantotome.com.ar\\\/?p=12118#article\",\"isPartOf\":{\"@id\":\"https:\\\/\\\/digitalsantotome.com.ar\\\/?p=12118\"},\"author\":{\"name\":\"Jose Carlos Machado\",\"@id\":\"https:\\\/\\\/digitalsantotome.com.ar\\\/#\\\/schema\\\/person\\\/8991d8822886fedd92ce7f03817e1bdf\"},\"headline\":\"Fuerza Patria apuesta a la renovaci\u00f3n generacional en Corrientes\",\"datePublished\":\"2025-08-18T12:00:33+00:00\",\"mainEntityOfPage\":{\"@id\":\"https:\\\/\\\/digitalsantotome.com.ar\\\/?p=12118\"},\"wordCount\":172,\"publisher\":{\"@id\":\"https:\\\/\\\/digitalsantotome.com.ar\\\/#organization\"},\"image\":{\"@id\":\"https:\\\/\\\/digitalsantotome.com.ar\\\/?p=12118#primaryimage\"},\"thumbnailUrl\":\"https:\\\/\\\/digitalsantotome.com.ar\\\/wp-content\\\/uploads\\\/2025\\\/08\\\/IMG-20250817-WA0093.jpg\",\"articleSection\":[\"Provinciales\"],\"inLanguage\":\"es\"},{\"@type\":\"WebPage\",\"@id\":\"https:\\\/\\\/digitalsantotome.com.ar\\\/?p=12118\",\"url\":\"https:\\\/\\\/digitalsantotome.com.ar\\\/?p=12118\",\"name\":\"Fuerza Patria apuesta a la renovaci\u00f3n generacional en Corrientes - Digital Santo Tom\u00e9\",\"isPartOf\":{\"@id\":\"https:\\\/\\\/digitalsantotome.com.ar\\\/#website\"},\"primaryImageOfPage\":{\"@id\":\"https:\\\/\\\/digitalsantotome.com.ar\\\/?p=12118#primaryimage\"},\"image\":{\"@id\":\"https:\\\/\\\/digitalsantotome.com.ar\\\/?p=12118#primaryimage\"},\"thumbnailUrl\":\"https:\\\/\\\/digitalsantotome.com.ar\\\/wp-content\\\/uploads\\\/2025\\\/08\\\/IMG-20250817-WA0093.jpg\",\"datePublished\":\"2025-08-18T12:00:33+00:00\",\"breadcrumb\":{\"@id\":\"https:\\\/\\\/digitalsantotome.com.ar\\\/?p=12118#breadcrumb\"},\"inLanguage\":\"es\",\"potentialAction\":[{\"@type\":\"ReadAction\",\"target\":[\"https:\\\/\\\/digitalsantotome.com.ar\\\/?p=12118\"]}]},{\"@type\":\"ImageObject\",\"inLanguage\":\"es\",\"@id\":\"https:\\\/\\\/digitalsantotome.com.ar\\\/?p=12118#primaryimage\",\"url\":\"https:\\\/\\\/digitalsantotome.com.ar\\\/wp-content\\\/uploads\\\/2025\\\/08\\\/IMG-20250817-WA0093.jpg\",\"contentUrl\":\"https:\\\/\\\/digitalsantotome.com.ar\\\/wp-content\\\/uploads\\\/2025\\\/08\\\/IMG-20250817-WA0093.jpg\",\"width\":1389,\"height\":974},{\"@type\":\"BreadcrumbList\",\"@id\":\"https:\\\/\\\/digitalsantotome.com.ar\\\/?p=12118#breadcrumb\",\"itemListElement\":[{\"@type\":\"ListItem\",\"position\":1,\"name\":\"Portada\",\"item\":\"https:\\\/\\\/digitalsantotome.com.ar\\\/\"},{\"@type\":\"ListItem\",\"position\":2,\"name\":\"Fuerza Patria apuesta a la renovaci\u00f3n generacional en Corrientes\"}]},{\"@type\":\"WebSite\",\"@id\":\"https:\\\/\\\/digitalsantotome.com.ar\\\/#website\",\"url\":\"https:\\\/\\\/digitalsantotome.com.ar\\\/\",\"name\":\"Digital Santo Tom\u00e9\",\"description\":\"Noticias desde Santo Tom\u00e9 al Mundo \u2013 La informacion que decide\",\"publisher\":{\"@id\":\"https:\\\/\\\/digitalsantotome.com.ar\\\/#organization\"},\"potentialAction\":[{\"@type\":\"SearchAction\",\"target\":{\"@type\":\"EntryPoint\",\"urlTemplate\":\"https:\\\/\\\/digitalsantotome.com.ar\\\/?s={search_term_string}\"},\"query-input\":{\"@type\":\"PropertyValueSpecification\",\"valueRequired\":true,\"valueName\":\"search_term_string\"}}],\"inLanguage\":\"es\"},{\"@type\":\"Organization\",\"@id\":\"https:\\\/\\\/digitalsantotome.com.ar\\\/#organization\",\"name\":\"Digital Santo Tom\u00e9\",\"url\":\"https:\\\/\\\/digitalsantotome.com.ar\\\/\",\"logo\":{\"@type\":\"ImageObject\",\"inLanguage\":\"es\",\"@id\":\"https:\\\/\\\/digitalsantotome.com.ar\\\/#\\\/schema\\\/logo\\\/image\\\/\",\"url\":\"https:\\\/\\\/digitalsantotome.com.ar\\\/wp-content\\\/uploads\\\/2023\\\/01\\\/facebook.jpg\",\"contentUrl\":\"https:\\\/\\\/digitalsantotome.com.ar\\\/wp-content\\\/uploads\\\/2023\\\/01\\\/facebook.jpg\",\"width\":512,\"height\":376,\"caption\":\"Digital Santo Tom\u00e9\"},\"image\":{\"@id\":\"https:\\\/\\\/digitalsantotome.com.ar\\\/#\\\/schema\\\/logo\\\/image\\\/\"}},{\"@type\":\"Person\",\"@id\":\"https:\\\/\\\/digitalsantotome.com.ar\\\/#\\\/schema\\\/person\\\/8991d8822886fedd92ce7f03817e1bdf\",\"name\":\"Jose Carlos Machado\",\"url\":\"https:\\\/\\\/digitalsantotome.com.ar\\\/?author=2\"}]}<\/script>\n<!-- \/ Yoast SEO plugin. -->","yoast_head_json":{"title":"Fuerza Patria apuesta a la renovaci\u00f3n generacional en Corrientes - Digital Santo Tom\u00e9","robots":{"index":"index","follow":"follow","max-snippet":"max-snippet:-1","max-image-preview":"max-image-preview:large","max-video-preview":"max-video-preview:-1"},"canonical":"https:\/\/digitalsantotome.com.ar\/?p=12118","og_locale":"es_ES","og_type":"article","og_title":"Fuerza Patria apuesta a la renovaci\u00f3n generacional en Corrientes - Digital Santo Tom\u00e9","og_description":"CORRIENTES. En la noche de este domingo, Fuerza Patria Corrientes \u2014el espacio que nuclea a sectores del peronismo y del campo nacional y popular\u2014 defini\u00f3 su lista de candidatos a diputados nacionales de cara a las elecciones de octubre. La n\u00f3mina se destaca por una clara impronta de renovaci\u00f3n generacional y una apuesta a nuevos...","og_url":"https:\/\/digitalsantotome.com.ar\/?p=12118","og_site_name":"Digital Santo Tom\u00e9","article_published_time":"2025-08-18T12:00:33+00:00","og_image":[{"width":1389,"height":974,"url":"https:\/\/digitalsantotome.com.ar\/wp-content\/uploads\/2025\/08\/IMG-20250817-WA0093.jpg","type":"image\/jpeg"}],"author":"Jose Carlos Machado","twitter_card":"summary_large_image","twitter_misc":{"Escrito por":"Jose Carlos Machado","Tiempo de lectura":"1 minuto"},"schema":{"@context":"https:\/\/schema.org","@graph":[{"@type":"Article","@id":"https:\/\/digitalsantotome.com.ar\/?p=12118#article","isPartOf":{"@id":"https:\/\/digitalsantotome.com.ar\/?p=12118"},"author":{"name":"Jose Carlos Machado","@id":"https:\/\/digitalsantotome.com.ar\/#\/schema\/person\/8991d8822886fedd92ce7f03817e1bdf"},"headline":"Fuerza Patria apuesta a la renovaci\u00f3n generacional en Corrientes","datePublished":"2025-08-18T12:00:33+00:00","mainEntityOfPage":{"@id":"https:\/\/digitalsantotome.com.ar\/?p=12118"},"wordCount":172,"publisher":{"@id":"https:\/\/digitalsantotome.com.ar\/#organization"},"image":{"@id":"https:\/\/digitalsantotome.com.ar\/?p=12118#primaryimage"},"thumbnailUrl":"https:\/\/digitalsantotome.com.ar\/wp-content\/uploads\/2025\/08\/IMG-20250817-WA0093.jpg","articleSection":["Provinciales"],"inLanguage":"es"},{"@type":"WebPage","@id":"https:\/\/digitalsantotome.com.ar\/?p=12118","url":"https:\/\/digitalsantotome.com.ar\/?p=12118","name":"Fuerza Patria apuesta a la renovaci\u00f3n generacional en Corrientes - Digital Santo Tom\u00e9","isPartOf":{"@id":"https:\/\/digitalsantotome.com.ar\/#website"},"primaryImageOfPage":{"@id":"https:\/\/digitalsantotome.com.ar\/?p=12118#primaryimage"},"image":{"@id":"https:\/\/digitalsantotome.com.ar\/?p=12118#primaryimage"},"thumbnailUrl":"https:\/\/digitalsantotome.com.ar\/wp-content\/uploads\/2025\/08\/IMG-20250817-WA0093.jpg","datePublished":"2025-08-18T12:00:33+00:00","breadcrumb":{"@id":"https:\/\/digitalsantotome.com.ar\/?p=12118#breadcrumb"},"inLanguage":"es","potentialAction":[{"@type":"ReadAction","target":["https:\/\/digitalsantotome.com.ar\/?p=12118"]}]},{"@type":"ImageObject","inLanguage":"es","@id":"https:\/\/digitalsantotome.com.ar\/?p=12118#primaryimage","url":"https:\/\/digitalsantotome.com.ar\/wp-content\/uploads\/2025\/08\/IMG-20250817-WA0093.jpg","contentUrl":"https:\/\/digitalsantotome.com.ar\/wp-content\/uploads\/2025\/08\/IMG-20250817-WA0093.jpg","width":1389,"height":974},{"@type":"BreadcrumbList","@id":"https:\/\/digitalsantotome.com.ar\/?p=12118#breadcrumb","itemListElement":[{"@type":"ListItem","position":1,"name":"Portada","item":"https:\/\/digitalsantotome.com.ar\/"},{"@type":"ListItem","position":2,"name":"Fuerza Patria apuesta a la renovaci\u00f3n generacional en Corrientes"}]},{"@type":"WebSite","@id":"https:\/\/digitalsantotome.com.ar\/#website","url":"https:\/\/digitalsantotome.com.ar\/","name":"Digital Santo Tom\u00e9","description":"Noticias desde Santo Tom\u00e9 al Mundo \u2013 La informacion que decide","publisher":{"@id":"https:\/\/digitalsantotome.com.ar\/#organization"},"potentialAction":[{"@type":"SearchAction","target":{"@type":"EntryPoint","urlTemplate":"https:\/\/digitalsantotome.com.ar\/?s={search_term_string}"},"query-input":{"@type":"PropertyValueSpecification","valueRequired":true,"valueName":"search_term_string"}}],"inLanguage":"es"},{"@type":"Organization","@id":"https:\/\/digitalsantotome.com.ar\/#organization","name":"Digital Santo Tom\u00e9","url":"https:\/\/digitalsantotome.com.ar\/","logo":{"@type":"ImageObject","inLanguage":"es","@id":"https:\/\/digitalsantotome.com.ar\/#\/schema\/logo\/image\/","url":"https:\/\/digitalsantotome.com.ar\/wp-content\/uploads\/2023\/01\/facebook.jpg","contentUrl":"https:\/\/digitalsantotome.com.ar\/wp-content\/uploads\/2023\/01\/facebook.jpg","width":512,"height":376,"caption":"Digital Santo Tom\u00e9"},"image":{"@id":"https:\/\/digitalsantotome.com.ar\/#\/schema\/logo\/image\/"}},{"@type":"Person","@id":"https:\/\/digitalsantotome.com.ar\/#\/schema\/person\/8991d8822886fedd92ce7f03817e1bdf","name":"Jose Carlos Machado","url":"https:\/\/digitalsantotome.com.ar\/?author=2"}]}},"_links":{"self":[{"href":"https:\/\/digitalsantotome.com.ar\/index.php?rest_route=\/wp\/v2\/posts\/12118","targetHints":{"allow":["GET"]}}],"collection":[{"href":"https:\/\/digitalsantotome.com.ar\/index.php?rest_route=\/wp\/v2\/posts"}],"about":[{"href":"https:\/\/digitalsantotome.com.ar\/index.php?rest_route=\/wp\/v2\/types\/post"}],"author":[{"embeddable":true,"href":"https:\/\/digitalsantotome.com.ar\/index.php?rest_route=\/wp\/v2\/users\/2"}],"replies":[{"embeddable":true,"href":"https:\/\/digitalsantotome.com.ar\/index.php?rest_route=%2Fwp%2Fv2%2Fcomments&post=12118"}],"version-history":[{"count":1,"href":"https:\/\/digitalsantotome.com.ar\/index.php?rest_route=\/wp\/v2\/posts\/12118\/revisions"}],"predecessor-version":[{"id":12120,"href":"https:\/\/digitalsantotome.com.ar\/index.php?rest_route=\/wp\/v2\/posts\/12118\/revisions\/12120"}],"wp:featuredmedia":[{"embeddable":true,"href":"https:\/\/digitalsantotome.com.ar\/index.php?rest_route=\/wp\/v2\/media\/12119"}],"wp:attachment":[{"href":"https:\/\/digitalsantotome.com.ar\/index.php?rest_route=%2Fwp%2Fv2%2Fmedia&parent=12118"}],"wp:term":[{"taxonomy":"category","embeddable":true,"href":"https:\/\/digitalsantotome.com.ar\/index.php?rest_route=%2Fwp%2Fv2%2Fcategories&post=12118"},{"taxonomy":"post_tag","embeddable":true,"href":"https:\/\/digitalsantotome.com.ar\/index.php?rest_route=%2Fwp%2Fv2%2Ftags&post=12118"}],"curies":[{"name":"wp","href":"https:\/\/api.w.org\/{rel}","templated":true}]}}