{"id":12214,"date":"2025-08-26T07:52:29","date_gmt":"2025-08-26T10:52:29","guid":{"rendered":"https:\/\/digitalsantotome.com.ar\/?p=12214"},"modified":"2025-08-26T07:52:29","modified_gmt":"2025-08-26T10:52:29","slug":"victor-giraud-recorre-los-barrios-de-santo-tome","status":"publish","type":"post","link":"https:\/\/digitalsantotome.com.ar\/?p=12214","title":{"rendered":"V\u00edctor Giraud recorre los barrios de Santo Tom\u00e9"},"content":{"rendered":"<p>SANTO TOME. El candidato de Limpiar Corrientes en Santo Tom\u00e9, V\u00edctor \u00abNegro\u00bb Giraud estuvo recorriendo diferentes barriadas populares el fin de semana, interioriz\u00e1ndose de la situaci\u00f3n socio-econ\u00f3mica de la gente en tiempos de recesi\u00f3n creciente. Mediante sus redes o en contacto con medios tradicionales, el ex Senador deja claro su impronta justicialista.<\/p>\n<p>\u00abEn el barrio Mejoral compartimos una bingo lleno de alegr\u00eda y sobre todo un recibimiento enorme de los vecinos. Aprovechamos para charlar cara a cara y presentar nuestras propuestas, porque desde el 10 de diciembre queremos empezar a trabajar juntos por un Santo Tom\u00e9 mejor\u00bb, expres\u00f3 en la v\u00edspera quien ya ha sido Intendente de la localidad.<\/p>\n<p>En otro de sus posteos subraya, de forma tajante:\u00a0 \u00abDesde Primero Santo Tom\u00e9, vamos a reducir la cantidad de funcionarios pol\u00edticos y a redistribuir esos millones para mejorar los sueldos de los trabajadores municipales, que son quienes realmente sostienen a la ciudad con esfuerzo y dignidad. Primero est\u00e1 la gente. Primero est\u00e1n los trabajadores\u00bb.<\/p>\n<p>De modo novedoso, el dirigente del partido de Per\u00f3n enfatiz\u00f3, tiempo atr\u00e1s, en sus redes sociales: \u00abHoy, con la nueva tem\u00e1tica de campa\u00f1a, en estos 7 d\u00edas vamos a estar presentando nuestras 7 propuestas m\u00e1s importantes para llevar a cabo a partir del 10 de diciembre. La primera es bajar los impuestos para que los comerciantes puedan trabajar y generar trabajo y no que se les siga persiguiendo, intimando, ni sacando a remate sus propiedades. \u00a1Primero est\u00e1 la gente! \u00a1Primero est\u00e1n los contribuyentes! \u00a1Primero est\u00e1 Santo Tom\u00e9! Ni la lluvia, ni el viento pudieron frenar la caravana que hicimos junto a Tincho hace unos d\u00edas. Los vecinos de Santo Tom\u00e9 nos recibieron con calidez y esperanza, porque saben que en Primero Santo Tom\u00e9 caminamos con compromiso y coraz\u00f3n, siempre cerca de la gente\u00bb.<\/p>\n<p>SIN PAUSA<\/p>\n<p>En las interminables caminatas, Giraud alienta a la militancia que se encuentra exhausta pero optimista de lograr un gran resultado el pr\u00f3ximo domingo 31. \u00abNuestro espacio est\u00e1 encabezado por el peronismo, ratificando una alianza local: Primero Santo Tom\u00e9, donde ponemos nuestros intereses locales por delante de cualquier otra cuesti\u00f3n y una alianza con m\u00e1s de diez partidos, digamos que componemos este espacio local, que obviamente va a trabajar fuerte, con hombres y mujeres j\u00f3venes y con experiencia, pero tambi\u00e9n listas renovadas de gente que nunca ha participado en una elecci\u00f3n. Son profesionales, l\u00edderes sociales, docentes, as\u00ed que, la verdad es que hay gente muy conforme, primero por el equipo que hemos presentado para este nuevo desaf\u00edo\u00bb, sentenci\u00f3 el dirigente justicialista.<\/p>\n<p>Fuente: EL LIBERTADOR<\/p>\n","protected":false},"excerpt":{"rendered":"<p>SANTO TOME. El candidato de Limpiar Corrientes en Santo Tom\u00e9, V\u00edctor \u00abNegro\u00bb Giraud estuvo recorriendo diferentes barriadas populares el fin de semana, interioriz\u00e1ndose de la situaci\u00f3n socio-econ\u00f3mica de la gente en tiempos de recesi\u00f3n creciente. Mediante sus redes o en contacto con medios tradicionales, el ex Senador deja claro su impronta justicialista. \u00abEn el barrio&#8230;<\/p>\n","protected":false},"author":2,"featured_media":12215,"comment_status":"closed","ping_status":"closed","sticky":false,"template":"","format":"standard","meta":{"_kad_post_transparent":"default","_kad_post_title":"default","_kad_post_layout":"default","_kad_post_sidebar_id":"","_kad_post_content_style":"default","_kad_post_vertical_padding":"default","_kad_post_feature":"","_kad_post_feature_position":"","_kad_post_header":false,"_kad_post_footer":false,"_kad_post_classname":"","footnotes":""},"categories":[1],"tags":[],"class_list":["post-12214","post","type-post","status-publish","format-standard","has-post-thumbnail","hentry","category-locales"],"a3_pvc":{"activated":false,"total_views":0,"today_views":0},"yoast_head":"<!-- This site is optimized with the Yoast SEO plugin v27.5 - https:\/\/yoast.com\/product\/yoast-seo-wordpress\/ -->\n<title>V\u00edctor Giraud recorre los barrios de Santo Tom\u00e9 - Digital Santo Tom\u00e9<\/title>\n<meta name=\"robots\" content=\"index, follow, max-snippet:-1, max-image-preview:large, max-video-preview:-1\" \/>\n<link rel=\"canonical\" href=\"https:\/\/digitalsantotome.com.ar\/?p=12214\" \/>\n<meta property=\"og:locale\" content=\"es_ES\" \/>\n<meta property=\"og:type\" content=\"article\" \/>\n<meta property=\"og:title\" content=\"V\u00edctor Giraud recorre los barrios de Santo Tom\u00e9 - Digital Santo Tom\u00e9\" \/>\n<meta property=\"og:description\" content=\"SANTO TOME. El candidato de Limpiar Corrientes en Santo Tom\u00e9, V\u00edctor \u00abNegro\u00bb Giraud estuvo recorriendo diferentes barriadas populares el fin de semana, interioriz\u00e1ndose de la situaci\u00f3n socio-econ\u00f3mica de la gente en tiempos de recesi\u00f3n creciente. Mediante sus redes o en contacto con medios tradicionales, el ex Senador deja claro su impronta justicialista. \u00abEn el barrio...\" \/>\n<meta property=\"og:url\" content=\"https:\/\/digitalsantotome.com.ar\/?p=12214\" \/>\n<meta property=\"og:site_name\" content=\"Digital Santo Tom\u00e9\" \/>\n<meta property=\"article:published_time\" content=\"2025-08-26T10:52:29+00:00\" \/>\n<meta property=\"og:image\" content=\"https:\/\/digitalsantotome.com.ar\/wp-content\/uploads\/2025\/08\/04-foto-40-gentileza-7.jpg\" \/>\n\t<meta property=\"og:image:width\" content=\"800\" \/>\n\t<meta property=\"og:image:height\" content=\"601\" \/>\n\t<meta property=\"og:image:type\" content=\"image\/jpeg\" \/>\n<meta name=\"author\" content=\"Jose Carlos Machado\" \/>\n<meta name=\"twitter:card\" content=\"summary_large_image\" \/>\n<meta name=\"twitter:label1\" content=\"Escrito por\" \/>\n\t<meta name=\"twitter:data1\" content=\"Jose Carlos Machado\" \/>\n\t<meta name=\"twitter:label2\" content=\"Tiempo de lectura\" \/>\n\t<meta name=\"twitter:data2\" content=\"3 minutos\" \/>\n<script type=\"application\/ld+json\" class=\"yoast-schema-graph\">{\"@context\":\"https:\\\/\\\/schema.org\",\"@graph\":[{\"@type\":\"Article\",\"@id\":\"https:\\\/\\\/digitalsantotome.com.ar\\\/?p=12214#article\",\"isPartOf\":{\"@id\":\"https:\\\/\\\/digitalsantotome.com.ar\\\/?p=12214\"},\"author\":{\"name\":\"Jose Carlos Machado\",\"@id\":\"https:\\\/\\\/digitalsantotome.com.ar\\\/#\\\/schema\\\/person\\\/8991d8822886fedd92ce7f03817e1bdf\"},\"headline\":\"V\u00edctor Giraud recorre los barrios de Santo Tom\u00e9\",\"datePublished\":\"2025-08-26T10:52:29+00:00\",\"mainEntityOfPage\":{\"@id\":\"https:\\\/\\\/digitalsantotome.com.ar\\\/?p=12214\"},\"wordCount\":451,\"publisher\":{\"@id\":\"https:\\\/\\\/digitalsantotome.com.ar\\\/#organization\"},\"image\":{\"@id\":\"https:\\\/\\\/digitalsantotome.com.ar\\\/?p=12214#primaryimage\"},\"thumbnailUrl\":\"https:\\\/\\\/digitalsantotome.com.ar\\\/wp-content\\\/uploads\\\/2025\\\/08\\\/04-foto-40-gentileza-7.jpg\",\"articleSection\":[\"Locales\"],\"inLanguage\":\"es\"},{\"@type\":\"WebPage\",\"@id\":\"https:\\\/\\\/digitalsantotome.com.ar\\\/?p=12214\",\"url\":\"https:\\\/\\\/digitalsantotome.com.ar\\\/?p=12214\",\"name\":\"V\u00edctor Giraud recorre los barrios de Santo Tom\u00e9 - Digital Santo Tom\u00e9\",\"isPartOf\":{\"@id\":\"https:\\\/\\\/digitalsantotome.com.ar\\\/#website\"},\"primaryImageOfPage\":{\"@id\":\"https:\\\/\\\/digitalsantotome.com.ar\\\/?p=12214#primaryimage\"},\"image\":{\"@id\":\"https:\\\/\\\/digitalsantotome.com.ar\\\/?p=12214#primaryimage\"},\"thumbnailUrl\":\"https:\\\/\\\/digitalsantotome.com.ar\\\/wp-content\\\/uploads\\\/2025\\\/08\\\/04-foto-40-gentileza-7.jpg\",\"datePublished\":\"2025-08-26T10:52:29+00:00\",\"breadcrumb\":{\"@id\":\"https:\\\/\\\/digitalsantotome.com.ar\\\/?p=12214#breadcrumb\"},\"inLanguage\":\"es\",\"potentialAction\":[{\"@type\":\"ReadAction\",\"target\":[\"https:\\\/\\\/digitalsantotome.com.ar\\\/?p=12214\"]}]},{\"@type\":\"ImageObject\",\"inLanguage\":\"es\",\"@id\":\"https:\\\/\\\/digitalsantotome.com.ar\\\/?p=12214#primaryimage\",\"url\":\"https:\\\/\\\/digitalsantotome.com.ar\\\/wp-content\\\/uploads\\\/2025\\\/08\\\/04-foto-40-gentileza-7.jpg\",\"contentUrl\":\"https:\\\/\\\/digitalsantotome.com.ar\\\/wp-content\\\/uploads\\\/2025\\\/08\\\/04-foto-40-gentileza-7.jpg\",\"width\":800,\"height\":601},{\"@type\":\"BreadcrumbList\",\"@id\":\"https:\\\/\\\/digitalsantotome.com.ar\\\/?p=12214#breadcrumb\",\"itemListElement\":[{\"@type\":\"ListItem\",\"position\":1,\"name\":\"Portada\",\"item\":\"https:\\\/\\\/digitalsantotome.com.ar\\\/\"},{\"@type\":\"ListItem\",\"position\":2,\"name\":\"V\u00edctor Giraud recorre los barrios de Santo Tom\u00e9\"}]},{\"@type\":\"WebSite\",\"@id\":\"https:\\\/\\\/digitalsantotome.com.ar\\\/#website\",\"url\":\"https:\\\/\\\/digitalsantotome.com.ar\\\/\",\"name\":\"Digital Santo Tom\u00e9\",\"description\":\"Noticias desde Santo Tom\u00e9 al Mundo \u2013 La informacion que decide\",\"publisher\":{\"@id\":\"https:\\\/\\\/digitalsantotome.com.ar\\\/#organization\"},\"potentialAction\":[{\"@type\":\"SearchAction\",\"target\":{\"@type\":\"EntryPoint\",\"urlTemplate\":\"https:\\\/\\\/digitalsantotome.com.ar\\\/?s={search_term_string}\"},\"query-input\":{\"@type\":\"PropertyValueSpecification\",\"valueRequired\":true,\"valueName\":\"search_term_string\"}}],\"inLanguage\":\"es\"},{\"@type\":\"Organization\",\"@id\":\"https:\\\/\\\/digitalsantotome.com.ar\\\/#organization\",\"name\":\"Digital Santo Tom\u00e9\",\"url\":\"https:\\\/\\\/digitalsantotome.com.ar\\\/\",\"logo\":{\"@type\":\"ImageObject\",\"inLanguage\":\"es\",\"@id\":\"https:\\\/\\\/digitalsantotome.com.ar\\\/#\\\/schema\\\/logo\\\/image\\\/\",\"url\":\"https:\\\/\\\/digitalsantotome.com.ar\\\/wp-content\\\/uploads\\\/2023\\\/01\\\/facebook.jpg\",\"contentUrl\":\"https:\\\/\\\/digitalsantotome.com.ar\\\/wp-content\\\/uploads\\\/2023\\\/01\\\/facebook.jpg\",\"width\":512,\"height\":376,\"caption\":\"Digital Santo Tom\u00e9\"},\"image\":{\"@id\":\"https:\\\/\\\/digitalsantotome.com.ar\\\/#\\\/schema\\\/logo\\\/image\\\/\"}},{\"@type\":\"Person\",\"@id\":\"https:\\\/\\\/digitalsantotome.com.ar\\\/#\\\/schema\\\/person\\\/8991d8822886fedd92ce7f03817e1bdf\",\"name\":\"Jose Carlos Machado\",\"url\":\"https:\\\/\\\/digitalsantotome.com.ar\\\/?author=2\"}]}<\/script>\n<!-- \/ Yoast SEO plugin. -->","yoast_head_json":{"title":"V\u00edctor Giraud recorre los barrios de Santo Tom\u00e9 - Digital Santo Tom\u00e9","robots":{"index":"index","follow":"follow","max-snippet":"max-snippet:-1","max-image-preview":"max-image-preview:large","max-video-preview":"max-video-preview:-1"},"canonical":"https:\/\/digitalsantotome.com.ar\/?p=12214","og_locale":"es_ES","og_type":"article","og_title":"V\u00edctor Giraud recorre los barrios de Santo Tom\u00e9 - Digital Santo Tom\u00e9","og_description":"SANTO TOME. El candidato de Limpiar Corrientes en Santo Tom\u00e9, V\u00edctor \u00abNegro\u00bb Giraud estuvo recorriendo diferentes barriadas populares el fin de semana, interioriz\u00e1ndose de la situaci\u00f3n socio-econ\u00f3mica de la gente en tiempos de recesi\u00f3n creciente. Mediante sus redes o en contacto con medios tradicionales, el ex Senador deja claro su impronta justicialista. \u00abEn el barrio...","og_url":"https:\/\/digitalsantotome.com.ar\/?p=12214","og_site_name":"Digital Santo Tom\u00e9","article_published_time":"2025-08-26T10:52:29+00:00","og_image":[{"width":800,"height":601,"url":"https:\/\/digitalsantotome.com.ar\/wp-content\/uploads\/2025\/08\/04-foto-40-gentileza-7.jpg","type":"image\/jpeg"}],"author":"Jose Carlos Machado","twitter_card":"summary_large_image","twitter_misc":{"Escrito por":"Jose Carlos Machado","Tiempo de lectura":"3 minutos"},"schema":{"@context":"https:\/\/schema.org","@graph":[{"@type":"Article","@id":"https:\/\/digitalsantotome.com.ar\/?p=12214#article","isPartOf":{"@id":"https:\/\/digitalsantotome.com.ar\/?p=12214"},"author":{"name":"Jose Carlos Machado","@id":"https:\/\/digitalsantotome.com.ar\/#\/schema\/person\/8991d8822886fedd92ce7f03817e1bdf"},"headline":"V\u00edctor Giraud recorre los barrios de Santo Tom\u00e9","datePublished":"2025-08-26T10:52:29+00:00","mainEntityOfPage":{"@id":"https:\/\/digitalsantotome.com.ar\/?p=12214"},"wordCount":451,"publisher":{"@id":"https:\/\/digitalsantotome.com.ar\/#organization"},"image":{"@id":"https:\/\/digitalsantotome.com.ar\/?p=12214#primaryimage"},"thumbnailUrl":"https:\/\/digitalsantotome.com.ar\/wp-content\/uploads\/2025\/08\/04-foto-40-gentileza-7.jpg","articleSection":["Locales"],"inLanguage":"es"},{"@type":"WebPage","@id":"https:\/\/digitalsantotome.com.ar\/?p=12214","url":"https:\/\/digitalsantotome.com.ar\/?p=12214","name":"V\u00edctor Giraud recorre los barrios de Santo Tom\u00e9 - Digital Santo Tom\u00e9","isPartOf":{"@id":"https:\/\/digitalsantotome.com.ar\/#website"},"primaryImageOfPage":{"@id":"https:\/\/digitalsantotome.com.ar\/?p=12214#primaryimage"},"image":{"@id":"https:\/\/digitalsantotome.com.ar\/?p=12214#primaryimage"},"thumbnailUrl":"https:\/\/digitalsantotome.com.ar\/wp-content\/uploads\/2025\/08\/04-foto-40-gentileza-7.jpg","datePublished":"2025-08-26T10:52:29+00:00","breadcrumb":{"@id":"https:\/\/digitalsantotome.com.ar\/?p=12214#breadcrumb"},"inLanguage":"es","potentialAction":[{"@type":"ReadAction","target":["https:\/\/digitalsantotome.com.ar\/?p=12214"]}]},{"@type":"ImageObject","inLanguage":"es","@id":"https:\/\/digitalsantotome.com.ar\/?p=12214#primaryimage","url":"https:\/\/digitalsantotome.com.ar\/wp-content\/uploads\/2025\/08\/04-foto-40-gentileza-7.jpg","contentUrl":"https:\/\/digitalsantotome.com.ar\/wp-content\/uploads\/2025\/08\/04-foto-40-gentileza-7.jpg","width":800,"height":601},{"@type":"BreadcrumbList","@id":"https:\/\/digitalsantotome.com.ar\/?p=12214#breadcrumb","itemListElement":[{"@type":"ListItem","position":1,"name":"Portada","item":"https:\/\/digitalsantotome.com.ar\/"},{"@type":"ListItem","position":2,"name":"V\u00edctor Giraud recorre los barrios de Santo Tom\u00e9"}]},{"@type":"WebSite","@id":"https:\/\/digitalsantotome.com.ar\/#website","url":"https:\/\/digitalsantotome.com.ar\/","name":"Digital Santo Tom\u00e9","description":"Noticias desde Santo Tom\u00e9 al Mundo \u2013 La informacion que decide","publisher":{"@id":"https:\/\/digitalsantotome.com.ar\/#organization"},"potentialAction":[{"@type":"SearchAction","target":{"@type":"EntryPoint","urlTemplate":"https:\/\/digitalsantotome.com.ar\/?s={search_term_string}"},"query-input":{"@type":"PropertyValueSpecification","valueRequired":true,"valueName":"search_term_string"}}],"inLanguage":"es"},{"@type":"Organization","@id":"https:\/\/digitalsantotome.com.ar\/#organization","name":"Digital Santo Tom\u00e9","url":"https:\/\/digitalsantotome.com.ar\/","logo":{"@type":"ImageObject","inLanguage":"es","@id":"https:\/\/digitalsantotome.com.ar\/#\/schema\/logo\/image\/","url":"https:\/\/digitalsantotome.com.ar\/wp-content\/uploads\/2023\/01\/facebook.jpg","contentUrl":"https:\/\/digitalsantotome.com.ar\/wp-content\/uploads\/2023\/01\/facebook.jpg","width":512,"height":376,"caption":"Digital Santo Tom\u00e9"},"image":{"@id":"https:\/\/digitalsantotome.com.ar\/#\/schema\/logo\/image\/"}},{"@type":"Person","@id":"https:\/\/digitalsantotome.com.ar\/#\/schema\/person\/8991d8822886fedd92ce7f03817e1bdf","name":"Jose Carlos Machado","url":"https:\/\/digitalsantotome.com.ar\/?author=2"}]}},"_links":{"self":[{"href":"https:\/\/digitalsantotome.com.ar\/index.php?rest_route=\/wp\/v2\/posts\/12214","targetHints":{"allow":["GET"]}}],"collection":[{"href":"https:\/\/digitalsantotome.com.ar\/index.php?rest_route=\/wp\/v2\/posts"}],"about":[{"href":"https:\/\/digitalsantotome.com.ar\/index.php?rest_route=\/wp\/v2\/types\/post"}],"author":[{"embeddable":true,"href":"https:\/\/digitalsantotome.com.ar\/index.php?rest_route=\/wp\/v2\/users\/2"}],"replies":[{"embeddable":true,"href":"https:\/\/digitalsantotome.com.ar\/index.php?rest_route=%2Fwp%2Fv2%2Fcomments&post=12214"}],"version-history":[{"count":1,"href":"https:\/\/digitalsantotome.com.ar\/index.php?rest_route=\/wp\/v2\/posts\/12214\/revisions"}],"predecessor-version":[{"id":12216,"href":"https:\/\/digitalsantotome.com.ar\/index.php?rest_route=\/wp\/v2\/posts\/12214\/revisions\/12216"}],"wp:featuredmedia":[{"embeddable":true,"href":"https:\/\/digitalsantotome.com.ar\/index.php?rest_route=\/wp\/v2\/media\/12215"}],"wp:attachment":[{"href":"https:\/\/digitalsantotome.com.ar\/index.php?rest_route=%2Fwp%2Fv2%2Fmedia&parent=12214"}],"wp:term":[{"taxonomy":"category","embeddable":true,"href":"https:\/\/digitalsantotome.com.ar\/index.php?rest_route=%2Fwp%2Fv2%2Fcategories&post=12214"},{"taxonomy":"post_tag","embeddable":true,"href":"https:\/\/digitalsantotome.com.ar\/index.php?rest_route=%2Fwp%2Fv2%2Ftags&post=12214"}],"curies":[{"name":"wp","href":"https:\/\/api.w.org\/{rel}","templated":true}]}}