{"id":12260,"date":"2025-08-30T19:00:23","date_gmt":"2025-08-30T22:00:23","guid":{"rendered":"https:\/\/digitalsantotome.com.ar\/?p=12260"},"modified":"2025-08-30T23:45:10","modified_gmt":"2025-08-31T02:45:10","slug":"ex-combatientes-de-malvinas-tambien-participaron-del-acto-por-el-aniversario-de-santo-tome","status":"publish","type":"post","link":"https:\/\/digitalsantotome.com.ar\/?p=12260","title":{"rendered":"Ex combatientes de Malvinas tambi\u00e9n participaron del acto Aniversario de Santo Tom\u00e9"},"content":{"rendered":"<p>SANTO TOME. Entre las diversas instituciones que fueron parte de los festejos por el 162\u00ba Aniversario de Santo Tom\u00e9 el pasado d\u00eda 27 de Agosto, especialmente el que se llev\u00f3 a cabo frente a Plaza San Mart\u00edn; ex combatientes que participaron del conflicto b\u00e9lico en el Atl\u00e1ntico Sur en el a\u00f1o 1982 en distintas unidades de las fuerzas armadas, participaron y desfilaron en el cumplea\u00f1os de la ciudad. El anfitri\u00f3n fue Daniel Rojas, veteranos de Malvinas y presidente del Centro de ex Combatientes de Santo Tom\u00e9. Llegaron hasta esta ciudad, ex soldados provenientes de Monte Caseros; de provincia de Buenos Aires; de Chaco; de Rosario (Santa F\u00e9) y de la provincia de C\u00f3rdoba. Previo al inicio del acto y desfile, dialogaron con <a href=\"http:\/\/www.digitalsantotometv.com.ar\">www.digitalsantotometv.com.ar<\/a> sobre distintos temas, especialmente de las secuelas que les dej\u00f3 el conflicto, seg\u00fan lo manifestaron por la desidia de los sucesivos gobiernos, desde la finalizaci\u00f3n de la guerra hasta la actualidad inclusive.<\/p>\n<div class=\"entry-content-asset videofit\"><iframe title=\"Daniel Rojas y Oscar Bord\u00f3n, ex combatientes de Malvinas en el acto aniversario de Santo Tom\u00e9\" width=\"720\" height=\"405\" src=\"https:\/\/www.youtube.com\/embed\/ENf54OEJs2c?feature=oembed\" frameborder=\"0\" allow=\"accelerometer; autoplay; clipboard-write; encrypted-media; gyroscope; picture-in-picture; web-share\" referrerpolicy=\"strict-origin-when-cross-origin\" allowfullscreen><\/iframe><\/div>\n","protected":false},"excerpt":{"rendered":"<p>SANTO TOME. Entre las diversas instituciones que fueron parte de los festejos por el 162\u00ba Aniversario de Santo Tom\u00e9 el pasado d\u00eda 27 de Agosto, especialmente el que se llev\u00f3 a cabo frente a Plaza San Mart\u00edn; ex combatientes que participaron del conflicto b\u00e9lico en el Atl\u00e1ntico Sur en el a\u00f1o 1982 en distintas unidades&#8230;<\/p>\n","protected":false},"author":2,"featured_media":12261,"comment_status":"closed","ping_status":"closed","sticky":false,"template":"","format":"standard","meta":{"_kad_post_transparent":"default","_kad_post_title":"default","_kad_post_layout":"default","_kad_post_sidebar_id":"","_kad_post_content_style":"default","_kad_post_vertical_padding":"default","_kad_post_feature":"","_kad_post_feature_position":"","_kad_post_header":false,"_kad_post_footer":false,"_kad_post_classname":"","footnotes":""},"categories":[1],"tags":[],"class_list":["post-12260","post","type-post","status-publish","format-standard","has-post-thumbnail","hentry","category-locales"],"a3_pvc":{"activated":false,"total_views":0,"today_views":0},"yoast_head":"<!-- This site is optimized with the Yoast SEO plugin v27.5 - https:\/\/yoast.com\/product\/yoast-seo-wordpress\/ -->\n<title>Ex combatientes de Malvinas tambi\u00e9n participaron del acto Aniversario de Santo Tom\u00e9 - Digital Santo Tom\u00e9<\/title>\n<meta name=\"robots\" content=\"index, follow, max-snippet:-1, max-image-preview:large, max-video-preview:-1\" \/>\n<link rel=\"canonical\" href=\"https:\/\/digitalsantotome.com.ar\/?p=12260\" \/>\n<meta property=\"og:locale\" content=\"es_ES\" \/>\n<meta property=\"og:type\" content=\"article\" \/>\n<meta property=\"og:title\" content=\"Ex combatientes de Malvinas tambi\u00e9n participaron del acto Aniversario de Santo Tom\u00e9 - Digital Santo Tom\u00e9\" \/>\n<meta property=\"og:description\" content=\"SANTO TOME. Entre las diversas instituciones que fueron parte de los festejos por el 162\u00ba Aniversario de Santo Tom\u00e9 el pasado d\u00eda 27 de Agosto, especialmente el que se llev\u00f3 a cabo frente a Plaza San Mart\u00edn; ex combatientes que participaron del conflicto b\u00e9lico en el Atl\u00e1ntico Sur en el a\u00f1o 1982 en distintas unidades...\" \/>\n<meta property=\"og:url\" content=\"https:\/\/digitalsantotome.com.ar\/?p=12260\" \/>\n<meta property=\"og:site_name\" content=\"Digital Santo Tom\u00e9\" \/>\n<meta property=\"article:published_time\" content=\"2025-08-30T22:00:23+00:00\" \/>\n<meta property=\"article:modified_time\" content=\"2025-08-31T02:45:10+00:00\" \/>\n<meta property=\"og:image\" content=\"https:\/\/digitalsantotome.com.ar\/wp-content\/uploads\/2025\/08\/IMG-20250830-WA0017.jpg\" \/>\n\t<meta property=\"og:image:width\" content=\"644\" \/>\n\t<meta property=\"og:image:height\" content=\"458\" \/>\n\t<meta property=\"og:image:type\" content=\"image\/jpeg\" \/>\n<meta name=\"author\" content=\"Jose Carlos Machado\" \/>\n<meta name=\"twitter:card\" content=\"summary_large_image\" \/>\n<meta name=\"twitter:label1\" content=\"Escrito por\" \/>\n\t<meta name=\"twitter:data1\" content=\"Jose Carlos Machado\" \/>\n\t<meta name=\"twitter:label2\" content=\"Tiempo de lectura\" \/>\n\t<meta name=\"twitter:data2\" content=\"1 minuto\" \/>\n<script type=\"application\/ld+json\" class=\"yoast-schema-graph\">{\"@context\":\"https:\\\/\\\/schema.org\",\"@graph\":[{\"@type\":\"Article\",\"@id\":\"https:\\\/\\\/digitalsantotome.com.ar\\\/?p=12260#article\",\"isPartOf\":{\"@id\":\"https:\\\/\\\/digitalsantotome.com.ar\\\/?p=12260\"},\"author\":{\"name\":\"Jose Carlos Machado\",\"@id\":\"https:\\\/\\\/digitalsantotome.com.ar\\\/#\\\/schema\\\/person\\\/8991d8822886fedd92ce7f03817e1bdf\"},\"headline\":\"Ex combatientes de Malvinas tambi\u00e9n participaron del acto Aniversario de Santo Tom\u00e9\",\"datePublished\":\"2025-08-30T22:00:23+00:00\",\"dateModified\":\"2025-08-31T02:45:10+00:00\",\"mainEntityOfPage\":{\"@id\":\"https:\\\/\\\/digitalsantotome.com.ar\\\/?p=12260\"},\"wordCount\":187,\"publisher\":{\"@id\":\"https:\\\/\\\/digitalsantotome.com.ar\\\/#organization\"},\"image\":{\"@id\":\"https:\\\/\\\/digitalsantotome.com.ar\\\/?p=12260#primaryimage\"},\"thumbnailUrl\":\"https:\\\/\\\/digitalsantotome.com.ar\\\/wp-content\\\/uploads\\\/2025\\\/08\\\/IMG-20250830-WA0017.jpg\",\"articleSection\":[\"Locales\"],\"inLanguage\":\"es\"},{\"@type\":\"WebPage\",\"@id\":\"https:\\\/\\\/digitalsantotome.com.ar\\\/?p=12260\",\"url\":\"https:\\\/\\\/digitalsantotome.com.ar\\\/?p=12260\",\"name\":\"Ex combatientes de Malvinas tambi\u00e9n participaron del acto Aniversario de Santo Tom\u00e9 - Digital Santo Tom\u00e9\",\"isPartOf\":{\"@id\":\"https:\\\/\\\/digitalsantotome.com.ar\\\/#website\"},\"primaryImageOfPage\":{\"@id\":\"https:\\\/\\\/digitalsantotome.com.ar\\\/?p=12260#primaryimage\"},\"image\":{\"@id\":\"https:\\\/\\\/digitalsantotome.com.ar\\\/?p=12260#primaryimage\"},\"thumbnailUrl\":\"https:\\\/\\\/digitalsantotome.com.ar\\\/wp-content\\\/uploads\\\/2025\\\/08\\\/IMG-20250830-WA0017.jpg\",\"datePublished\":\"2025-08-30T22:00:23+00:00\",\"dateModified\":\"2025-08-31T02:45:10+00:00\",\"breadcrumb\":{\"@id\":\"https:\\\/\\\/digitalsantotome.com.ar\\\/?p=12260#breadcrumb\"},\"inLanguage\":\"es\",\"potentialAction\":[{\"@type\":\"ReadAction\",\"target\":[\"https:\\\/\\\/digitalsantotome.com.ar\\\/?p=12260\"]}]},{\"@type\":\"ImageObject\",\"inLanguage\":\"es\",\"@id\":\"https:\\\/\\\/digitalsantotome.com.ar\\\/?p=12260#primaryimage\",\"url\":\"https:\\\/\\\/digitalsantotome.com.ar\\\/wp-content\\\/uploads\\\/2025\\\/08\\\/IMG-20250830-WA0017.jpg\",\"contentUrl\":\"https:\\\/\\\/digitalsantotome.com.ar\\\/wp-content\\\/uploads\\\/2025\\\/08\\\/IMG-20250830-WA0017.jpg\",\"width\":644,\"height\":458},{\"@type\":\"BreadcrumbList\",\"@id\":\"https:\\\/\\\/digitalsantotome.com.ar\\\/?p=12260#breadcrumb\",\"itemListElement\":[{\"@type\":\"ListItem\",\"position\":1,\"name\":\"Portada\",\"item\":\"https:\\\/\\\/digitalsantotome.com.ar\\\/\"},{\"@type\":\"ListItem\",\"position\":2,\"name\":\"Ex combatientes de Malvinas tambi\u00e9n participaron del acto Aniversario de Santo Tom\u00e9\"}]},{\"@type\":\"WebSite\",\"@id\":\"https:\\\/\\\/digitalsantotome.com.ar\\\/#website\",\"url\":\"https:\\\/\\\/digitalsantotome.com.ar\\\/\",\"name\":\"Digital Santo Tom\u00e9\",\"description\":\"Noticias desde Santo Tom\u00e9 al Mundo \u2013 La informacion que decide\",\"publisher\":{\"@id\":\"https:\\\/\\\/digitalsantotome.com.ar\\\/#organization\"},\"potentialAction\":[{\"@type\":\"SearchAction\",\"target\":{\"@type\":\"EntryPoint\",\"urlTemplate\":\"https:\\\/\\\/digitalsantotome.com.ar\\\/?s={search_term_string}\"},\"query-input\":{\"@type\":\"PropertyValueSpecification\",\"valueRequired\":true,\"valueName\":\"search_term_string\"}}],\"inLanguage\":\"es\"},{\"@type\":\"Organization\",\"@id\":\"https:\\\/\\\/digitalsantotome.com.ar\\\/#organization\",\"name\":\"Digital Santo Tom\u00e9\",\"url\":\"https:\\\/\\\/digitalsantotome.com.ar\\\/\",\"logo\":{\"@type\":\"ImageObject\",\"inLanguage\":\"es\",\"@id\":\"https:\\\/\\\/digitalsantotome.com.ar\\\/#\\\/schema\\\/logo\\\/image\\\/\",\"url\":\"https:\\\/\\\/digitalsantotome.com.ar\\\/wp-content\\\/uploads\\\/2023\\\/01\\\/facebook.jpg\",\"contentUrl\":\"https:\\\/\\\/digitalsantotome.com.ar\\\/wp-content\\\/uploads\\\/2023\\\/01\\\/facebook.jpg\",\"width\":512,\"height\":376,\"caption\":\"Digital Santo Tom\u00e9\"},\"image\":{\"@id\":\"https:\\\/\\\/digitalsantotome.com.ar\\\/#\\\/schema\\\/logo\\\/image\\\/\"}},{\"@type\":\"Person\",\"@id\":\"https:\\\/\\\/digitalsantotome.com.ar\\\/#\\\/schema\\\/person\\\/8991d8822886fedd92ce7f03817e1bdf\",\"name\":\"Jose Carlos Machado\",\"url\":\"https:\\\/\\\/digitalsantotome.com.ar\\\/?author=2\"}]}<\/script>\n<!-- \/ Yoast SEO plugin. -->","yoast_head_json":{"title":"Ex combatientes de Malvinas tambi\u00e9n participaron del acto Aniversario de Santo Tom\u00e9 - Digital Santo Tom\u00e9","robots":{"index":"index","follow":"follow","max-snippet":"max-snippet:-1","max-image-preview":"max-image-preview:large","max-video-preview":"max-video-preview:-1"},"canonical":"https:\/\/digitalsantotome.com.ar\/?p=12260","og_locale":"es_ES","og_type":"article","og_title":"Ex combatientes de Malvinas tambi\u00e9n participaron del acto Aniversario de Santo Tom\u00e9 - Digital Santo Tom\u00e9","og_description":"SANTO TOME. Entre las diversas instituciones que fueron parte de los festejos por el 162\u00ba Aniversario de Santo Tom\u00e9 el pasado d\u00eda 27 de Agosto, especialmente el que se llev\u00f3 a cabo frente a Plaza San Mart\u00edn; ex combatientes que participaron del conflicto b\u00e9lico en el Atl\u00e1ntico Sur en el a\u00f1o 1982 en distintas unidades...","og_url":"https:\/\/digitalsantotome.com.ar\/?p=12260","og_site_name":"Digital Santo Tom\u00e9","article_published_time":"2025-08-30T22:00:23+00:00","article_modified_time":"2025-08-31T02:45:10+00:00","og_image":[{"width":644,"height":458,"url":"https:\/\/digitalsantotome.com.ar\/wp-content\/uploads\/2025\/08\/IMG-20250830-WA0017.jpg","type":"image\/jpeg"}],"author":"Jose Carlos Machado","twitter_card":"summary_large_image","twitter_misc":{"Escrito por":"Jose Carlos Machado","Tiempo de lectura":"1 minuto"},"schema":{"@context":"https:\/\/schema.org","@graph":[{"@type":"Article","@id":"https:\/\/digitalsantotome.com.ar\/?p=12260#article","isPartOf":{"@id":"https:\/\/digitalsantotome.com.ar\/?p=12260"},"author":{"name":"Jose Carlos Machado","@id":"https:\/\/digitalsantotome.com.ar\/#\/schema\/person\/8991d8822886fedd92ce7f03817e1bdf"},"headline":"Ex combatientes de Malvinas tambi\u00e9n participaron del acto Aniversario de Santo Tom\u00e9","datePublished":"2025-08-30T22:00:23+00:00","dateModified":"2025-08-31T02:45:10+00:00","mainEntityOfPage":{"@id":"https:\/\/digitalsantotome.com.ar\/?p=12260"},"wordCount":187,"publisher":{"@id":"https:\/\/digitalsantotome.com.ar\/#organization"},"image":{"@id":"https:\/\/digitalsantotome.com.ar\/?p=12260#primaryimage"},"thumbnailUrl":"https:\/\/digitalsantotome.com.ar\/wp-content\/uploads\/2025\/08\/IMG-20250830-WA0017.jpg","articleSection":["Locales"],"inLanguage":"es"},{"@type":"WebPage","@id":"https:\/\/digitalsantotome.com.ar\/?p=12260","url":"https:\/\/digitalsantotome.com.ar\/?p=12260","name":"Ex combatientes de Malvinas tambi\u00e9n participaron del acto Aniversario de Santo Tom\u00e9 - Digital Santo Tom\u00e9","isPartOf":{"@id":"https:\/\/digitalsantotome.com.ar\/#website"},"primaryImageOfPage":{"@id":"https:\/\/digitalsantotome.com.ar\/?p=12260#primaryimage"},"image":{"@id":"https:\/\/digitalsantotome.com.ar\/?p=12260#primaryimage"},"thumbnailUrl":"https:\/\/digitalsantotome.com.ar\/wp-content\/uploads\/2025\/08\/IMG-20250830-WA0017.jpg","datePublished":"2025-08-30T22:00:23+00:00","dateModified":"2025-08-31T02:45:10+00:00","breadcrumb":{"@id":"https:\/\/digitalsantotome.com.ar\/?p=12260#breadcrumb"},"inLanguage":"es","potentialAction":[{"@type":"ReadAction","target":["https:\/\/digitalsantotome.com.ar\/?p=12260"]}]},{"@type":"ImageObject","inLanguage":"es","@id":"https:\/\/digitalsantotome.com.ar\/?p=12260#primaryimage","url":"https:\/\/digitalsantotome.com.ar\/wp-content\/uploads\/2025\/08\/IMG-20250830-WA0017.jpg","contentUrl":"https:\/\/digitalsantotome.com.ar\/wp-content\/uploads\/2025\/08\/IMG-20250830-WA0017.jpg","width":644,"height":458},{"@type":"BreadcrumbList","@id":"https:\/\/digitalsantotome.com.ar\/?p=12260#breadcrumb","itemListElement":[{"@type":"ListItem","position":1,"name":"Portada","item":"https:\/\/digitalsantotome.com.ar\/"},{"@type":"ListItem","position":2,"name":"Ex combatientes de Malvinas tambi\u00e9n participaron del acto Aniversario de Santo Tom\u00e9"}]},{"@type":"WebSite","@id":"https:\/\/digitalsantotome.com.ar\/#website","url":"https:\/\/digitalsantotome.com.ar\/","name":"Digital Santo Tom\u00e9","description":"Noticias desde Santo Tom\u00e9 al Mundo \u2013 La informacion que decide","publisher":{"@id":"https:\/\/digitalsantotome.com.ar\/#organization"},"potentialAction":[{"@type":"SearchAction","target":{"@type":"EntryPoint","urlTemplate":"https:\/\/digitalsantotome.com.ar\/?s={search_term_string}"},"query-input":{"@type":"PropertyValueSpecification","valueRequired":true,"valueName":"search_term_string"}}],"inLanguage":"es"},{"@type":"Organization","@id":"https:\/\/digitalsantotome.com.ar\/#organization","name":"Digital Santo Tom\u00e9","url":"https:\/\/digitalsantotome.com.ar\/","logo":{"@type":"ImageObject","inLanguage":"es","@id":"https:\/\/digitalsantotome.com.ar\/#\/schema\/logo\/image\/","url":"https:\/\/digitalsantotome.com.ar\/wp-content\/uploads\/2023\/01\/facebook.jpg","contentUrl":"https:\/\/digitalsantotome.com.ar\/wp-content\/uploads\/2023\/01\/facebook.jpg","width":512,"height":376,"caption":"Digital Santo Tom\u00e9"},"image":{"@id":"https:\/\/digitalsantotome.com.ar\/#\/schema\/logo\/image\/"}},{"@type":"Person","@id":"https:\/\/digitalsantotome.com.ar\/#\/schema\/person\/8991d8822886fedd92ce7f03817e1bdf","name":"Jose Carlos Machado","url":"https:\/\/digitalsantotome.com.ar\/?author=2"}]}},"_links":{"self":[{"href":"https:\/\/digitalsantotome.com.ar\/index.php?rest_route=\/wp\/v2\/posts\/12260","targetHints":{"allow":["GET"]}}],"collection":[{"href":"https:\/\/digitalsantotome.com.ar\/index.php?rest_route=\/wp\/v2\/posts"}],"about":[{"href":"https:\/\/digitalsantotome.com.ar\/index.php?rest_route=\/wp\/v2\/types\/post"}],"author":[{"embeddable":true,"href":"https:\/\/digitalsantotome.com.ar\/index.php?rest_route=\/wp\/v2\/users\/2"}],"replies":[{"embeddable":true,"href":"https:\/\/digitalsantotome.com.ar\/index.php?rest_route=%2Fwp%2Fv2%2Fcomments&post=12260"}],"version-history":[{"count":3,"href":"https:\/\/digitalsantotome.com.ar\/index.php?rest_route=\/wp\/v2\/posts\/12260\/revisions"}],"predecessor-version":[{"id":12264,"href":"https:\/\/digitalsantotome.com.ar\/index.php?rest_route=\/wp\/v2\/posts\/12260\/revisions\/12264"}],"wp:featuredmedia":[{"embeddable":true,"href":"https:\/\/digitalsantotome.com.ar\/index.php?rest_route=\/wp\/v2\/media\/12261"}],"wp:attachment":[{"href":"https:\/\/digitalsantotome.com.ar\/index.php?rest_route=%2Fwp%2Fv2%2Fmedia&parent=12260"}],"wp:term":[{"taxonomy":"category","embeddable":true,"href":"https:\/\/digitalsantotome.com.ar\/index.php?rest_route=%2Fwp%2Fv2%2Fcategories&post=12260"},{"taxonomy":"post_tag","embeddable":true,"href":"https:\/\/digitalsantotome.com.ar\/index.php?rest_route=%2Fwp%2Fv2%2Ftags&post=12260"}],"curies":[{"name":"wp","href":"https:\/\/api.w.org\/{rel}","templated":true}]}}