{"id":12563,"date":"2025-10-03T14:48:35","date_gmt":"2025-10-03T17:48:35","guid":{"rendered":"https:\/\/digitalsantotome.com.ar\/?p=12563"},"modified":"2025-10-03T14:48:46","modified_gmt":"2025-10-03T17:48:46","slug":"el-senado-provincial-avanzo-con-designaciones-judiciales-judiciales","status":"publish","type":"post","link":"https:\/\/digitalsantotome.com.ar\/?p=12563","title":{"rendered":"El Senado Provincial avanz\u00f3 con designaciones judiciales Judiciales"},"content":{"rendered":"<div class=\"row\">\n<div id=\"conte\" class=\"span6 base\">\n<p>CORRIENTES. En la sesi\u00f3n del jueves\u00a0 se llev\u00f3 a cabo la audiencia p\u00fablica para tratar los pliegos enviados por el Poder Ejecutivo Provincial. Solicita\u00a0 Acuerdo para la designaci\u00f3n en el cargo de Defensor de Pobres y Ausentes de la Primera Circunscripci\u00f3n Judicial con asiento en la ciudad de Bella Vista para el Dr. Guillermo Ricardo Parodi.<\/p>\n<p>As\u00ed como tambi\u00e9n la audiencia p\u00fablica para la designaci\u00f3n en el cargo de Juez Civil, Comercial y Laboral de la Tercera Circunscripci\u00f3n Judicial con asiento en la ciudad de Curuz\u00fa Cuati\u00e1 para el Dr. Jos\u00e9 Osvaldo Ledesma. Ambos pliegos pasaron sin impugnaciones a la Comisi\u00f3n de Poderes, Peticiones, Acuerdos y Reglamentos.<\/p>\n<p>Se\u00a0 acord\u00f3 para el pr\u00f3ximo jueves 6 de noviembre -en horario de sesi\u00f3n- desarrollar tres nuevas audiencias p\u00fablicas para dar tratamiento a los pliegos remitidos por el Poder Ejecutivo Provincial para la designaci\u00f3n en el cargo de Defensor Oficial Penal de la Tercera Circunscripci\u00f3n Judicial con asiento en la ciudad de Curuz\u00fa Cuati\u00e1, para el Dr. Santiago Alberto C\u00e1ceres.<\/p>\n<p>Tambi\u00e9n se solicita acuerdo para la designaci\u00f3n en el cargo de Defensor Oficial Penal de la Segunda Circunscripci\u00f3n Judicial con asiento en la ciudad de Esquina, para el Dr. Ram\u00f3n Fernando Ranaletti y para la designaci\u00f3n en el cargo de Juez del Tribunal de Juicio N\u00ba 1 de la Primera Circunscripci\u00f3n Judicial con asiento en la ciudad de Corrientes, para el Dr. Oscar Ignacio Dubrez.<\/p>\n<p>En otro orden, se aprobaron los pliegos remitidos por el Poder Ejecutivo Provincial, que designa en el cargo de Juez de Garant\u00edas de la Primera Circunscripci\u00f3n Judicial con asiento en la ciudad de Corrientes, para la Dra. Andrea Mar\u00eda Ib\u00e1\u00f1ez, y la designaci\u00f3n en el cargo de Juez de la C\u00e1mara de Apelaciones Civil y Comercial -Sala IV- de la Primera Circunscripci\u00f3n Judicial con asiento en la ciudad de Corrientes, para la Dra. Lorena Alicia Rak, quienes ya cumplieron previamente con la audiencia p\u00fablica correspondiente.<\/p>\n<p>*Proyectos de Leyes*<\/p>\n<\/div>\n<div class=\"span6 base\">En cuanto a leyes, la senadora Mar\u00eda Celeste Asc\u00faa present\u00f3 el proyecto por el que se crea el Observatorio Provincial contra la Violencia Digital y Medi\u00e1tica hacia Mujeres y Diversidades, que funcionar\u00e1 en el \u00e1mbito del Ministerio de Justicia y Derechos Humanos de la Provincia, el mismo pas\u00f3 a la comisi\u00f3n de Derechos Humanos y Desarrollo Social, de G\u00e9nero y Diversidad.El senador Arnaldo Ruiz Arag\u00f3n present\u00f3 dos proyectos, uno de ellos por el que se establece la protecci\u00f3n, conservaci\u00f3n, recuperaci\u00f3n y puesta en valor de la franja ribere\u00f1a conocida como Playa \u201cIslas Malvinas II\u201d, ubicada en el \u00e1mbito urbano de la ciudad de Corrientes y su inscripci\u00f3n como Patrimonio Cultural Provincia y Reserva Natural, que pas\u00f3 las comisiones de Educaci\u00f3n y Cultura y Ecolog\u00eda y Medio Ambiente.<\/p>\n<p>El otro proyecto solicita la creaci\u00f3n del Programa Integral \u201cEl R\u00edo es de todos\u201d, con el objetivo de garantizar el acceso universal y gratuito a la ense\u00f1anza de nataci\u00f3n para ni\u00f1os, ni\u00f1as y adolescentes, promover la recuperaci\u00f3n y el uso social de las playas p\u00fablicas y fomentar actividades comunitarias de recreaci\u00f3n, cultura y econom\u00eda local; pas\u00f3 a comisi\u00f3n de Legislaci\u00f3n y Asuntos Constitucionales.<\/p>\n<p>*Declaraciones*<\/p>\n<\/div>\n<div class=\"span6 base\">En cuanto a las declaraciones de Inter\u00e9s, el senador Di\u00f3genes Gonz\u00e1les present\u00f3 cuatro proyectos, uno por el que se expresa el inter\u00e9s legislativo por la realizaci\u00f3n de la \u201cJornada 10\u00ba Aniversario de la Fundaci\u00f3n Odontol\u00f3gica Solidaria\u201d, otro por la realizaci\u00f3n de la \u201cCopa Latinoamericana de Ciudades Tur\u00edsticas &#8211; Argentina 2026\u201d.Adem\u00e1s del proyecto por el que se expresa el inter\u00e9s legislativo por el Programa de \u201cLectura F\u00e1cil 2024 &#8211; 2025\u201d, llevado a cabo por la \u201cFundaci\u00f3n La Colmena\u201d, y el inter\u00e9s legislativo por las jornadas Regionales de Diabetes \u201cDesaf\u00edos en el cuidado de la diabetes, un recorrido por las estaciones del manejo integral\u201d.<\/p>\n<p>Asimismo, senadora Sonia Beatriz Quintana present\u00f3 el proyecto por el que se expresa el inter\u00e9s legislativo por la conmemoraci\u00f3n del D\u00eda Mundial de la Lucha contra el C\u00e1ncer de Mama.<\/p>\n<\/div>\n<\/div>\n<p>&nbsp;<\/p>\n","protected":false},"excerpt":{"rendered":"<p>CORRIENTES. En la sesi\u00f3n del jueves\u00a0 se llev\u00f3 a cabo la audiencia p\u00fablica para tratar los pliegos enviados por el Poder Ejecutivo Provincial. Solicita\u00a0 Acuerdo para la designaci\u00f3n en el cargo de Defensor de Pobres y Ausentes de la Primera Circunscripci\u00f3n Judicial con asiento en la ciudad de Bella Vista para el Dr. Guillermo Ricardo&#8230;<\/p>\n","protected":false},"author":2,"featured_media":12564,"comment_status":"closed","ping_status":"closed","sticky":false,"template":"","format":"standard","meta":{"_kad_post_transparent":"default","_kad_post_title":"default","_kad_post_layout":"default","_kad_post_sidebar_id":"","_kad_post_content_style":"default","_kad_post_vertical_padding":"default","_kad_post_feature":"","_kad_post_feature_position":"","_kad_post_header":false,"_kad_post_footer":false,"_kad_post_classname":"","footnotes":""},"categories":[2],"tags":[],"class_list":["post-12563","post","type-post","status-publish","format-standard","has-post-thumbnail","hentry","category-provinciales"],"a3_pvc":{"activated":false,"total_views":0,"today_views":0},"yoast_head":"<!-- This site is optimized with the Yoast SEO plugin v27.5 - https:\/\/yoast.com\/product\/yoast-seo-wordpress\/ -->\n<title>El Senado Provincial avanz\u00f3 con designaciones judiciales Judiciales - Digital Santo Tom\u00e9<\/title>\n<meta name=\"robots\" content=\"index, follow, max-snippet:-1, max-image-preview:large, max-video-preview:-1\" \/>\n<link rel=\"canonical\" href=\"https:\/\/digitalsantotome.com.ar\/?p=12563\" \/>\n<meta property=\"og:locale\" content=\"es_ES\" \/>\n<meta property=\"og:type\" content=\"article\" \/>\n<meta property=\"og:title\" content=\"El Senado Provincial avanz\u00f3 con designaciones judiciales Judiciales - Digital Santo Tom\u00e9\" \/>\n<meta property=\"og:description\" content=\"CORRIENTES. En la sesi\u00f3n del jueves\u00a0 se llev\u00f3 a cabo la audiencia p\u00fablica para tratar los pliegos enviados por el Poder Ejecutivo Provincial. Solicita\u00a0 Acuerdo para la designaci\u00f3n en el cargo de Defensor de Pobres y Ausentes de la Primera Circunscripci\u00f3n Judicial con asiento en la ciudad de Bella Vista para el Dr. Guillermo Ricardo...\" \/>\n<meta property=\"og:url\" content=\"https:\/\/digitalsantotome.com.ar\/?p=12563\" \/>\n<meta property=\"og:site_name\" content=\"Digital Santo Tom\u00e9\" \/>\n<meta property=\"article:published_time\" content=\"2025-10-03T17:48:35+00:00\" \/>\n<meta property=\"article:modified_time\" content=\"2025-10-03T17:48:46+00:00\" \/>\n<meta property=\"og:image\" content=\"https:\/\/digitalsantotome.com.ar\/wp-content\/uploads\/2025\/10\/287182_grande.jpg\" \/>\n\t<meta property=\"og:image:width\" content=\"900\" \/>\n\t<meta property=\"og:image:height\" content=\"462\" \/>\n\t<meta property=\"og:image:type\" content=\"image\/jpeg\" \/>\n<meta name=\"author\" content=\"Jose Carlos Machado\" \/>\n<meta name=\"twitter:card\" content=\"summary_large_image\" \/>\n<meta name=\"twitter:label1\" content=\"Escrito por\" \/>\n\t<meta name=\"twitter:data1\" content=\"Jose Carlos Machado\" \/>\n\t<meta name=\"twitter:label2\" content=\"Tiempo de lectura\" \/>\n\t<meta name=\"twitter:data2\" content=\"4 minutos\" \/>\n<script type=\"application\/ld+json\" class=\"yoast-schema-graph\">{\"@context\":\"https:\\\/\\\/schema.org\",\"@graph\":[{\"@type\":\"Article\",\"@id\":\"https:\\\/\\\/digitalsantotome.com.ar\\\/?p=12563#article\",\"isPartOf\":{\"@id\":\"https:\\\/\\\/digitalsantotome.com.ar\\\/?p=12563\"},\"author\":{\"name\":\"Jose Carlos Machado\",\"@id\":\"https:\\\/\\\/digitalsantotome.com.ar\\\/#\\\/schema\\\/person\\\/8991d8822886fedd92ce7f03817e1bdf\"},\"headline\":\"El Senado Provincial avanz\u00f3 con designaciones judiciales Judiciales\",\"datePublished\":\"2025-10-03T17:48:35+00:00\",\"dateModified\":\"2025-10-03T17:48:46+00:00\",\"mainEntityOfPage\":{\"@id\":\"https:\\\/\\\/digitalsantotome.com.ar\\\/?p=12563\"},\"wordCount\":720,\"publisher\":{\"@id\":\"https:\\\/\\\/digitalsantotome.com.ar\\\/#organization\"},\"image\":{\"@id\":\"https:\\\/\\\/digitalsantotome.com.ar\\\/?p=12563#primaryimage\"},\"thumbnailUrl\":\"https:\\\/\\\/digitalsantotome.com.ar\\\/wp-content\\\/uploads\\\/2025\\\/10\\\/287182_grande.jpg\",\"articleSection\":[\"Provinciales\"],\"inLanguage\":\"es\"},{\"@type\":\"WebPage\",\"@id\":\"https:\\\/\\\/digitalsantotome.com.ar\\\/?p=12563\",\"url\":\"https:\\\/\\\/digitalsantotome.com.ar\\\/?p=12563\",\"name\":\"El Senado Provincial avanz\u00f3 con designaciones judiciales Judiciales - Digital Santo Tom\u00e9\",\"isPartOf\":{\"@id\":\"https:\\\/\\\/digitalsantotome.com.ar\\\/#website\"},\"primaryImageOfPage\":{\"@id\":\"https:\\\/\\\/digitalsantotome.com.ar\\\/?p=12563#primaryimage\"},\"image\":{\"@id\":\"https:\\\/\\\/digitalsantotome.com.ar\\\/?p=12563#primaryimage\"},\"thumbnailUrl\":\"https:\\\/\\\/digitalsantotome.com.ar\\\/wp-content\\\/uploads\\\/2025\\\/10\\\/287182_grande.jpg\",\"datePublished\":\"2025-10-03T17:48:35+00:00\",\"dateModified\":\"2025-10-03T17:48:46+00:00\",\"breadcrumb\":{\"@id\":\"https:\\\/\\\/digitalsantotome.com.ar\\\/?p=12563#breadcrumb\"},\"inLanguage\":\"es\",\"potentialAction\":[{\"@type\":\"ReadAction\",\"target\":[\"https:\\\/\\\/digitalsantotome.com.ar\\\/?p=12563\"]}]},{\"@type\":\"ImageObject\",\"inLanguage\":\"es\",\"@id\":\"https:\\\/\\\/digitalsantotome.com.ar\\\/?p=12563#primaryimage\",\"url\":\"https:\\\/\\\/digitalsantotome.com.ar\\\/wp-content\\\/uploads\\\/2025\\\/10\\\/287182_grande.jpg\",\"contentUrl\":\"https:\\\/\\\/digitalsantotome.com.ar\\\/wp-content\\\/uploads\\\/2025\\\/10\\\/287182_grande.jpg\",\"width\":900,\"height\":462},{\"@type\":\"BreadcrumbList\",\"@id\":\"https:\\\/\\\/digitalsantotome.com.ar\\\/?p=12563#breadcrumb\",\"itemListElement\":[{\"@type\":\"ListItem\",\"position\":1,\"name\":\"Portada\",\"item\":\"https:\\\/\\\/digitalsantotome.com.ar\\\/\"},{\"@type\":\"ListItem\",\"position\":2,\"name\":\"El Senado Provincial avanz\u00f3 con designaciones judiciales Judiciales\"}]},{\"@type\":\"WebSite\",\"@id\":\"https:\\\/\\\/digitalsantotome.com.ar\\\/#website\",\"url\":\"https:\\\/\\\/digitalsantotome.com.ar\\\/\",\"name\":\"Digital Santo Tom\u00e9\",\"description\":\"Noticias desde Santo Tom\u00e9 al Mundo \u2013 La informacion que decide\",\"publisher\":{\"@id\":\"https:\\\/\\\/digitalsantotome.com.ar\\\/#organization\"},\"potentialAction\":[{\"@type\":\"SearchAction\",\"target\":{\"@type\":\"EntryPoint\",\"urlTemplate\":\"https:\\\/\\\/digitalsantotome.com.ar\\\/?s={search_term_string}\"},\"query-input\":{\"@type\":\"PropertyValueSpecification\",\"valueRequired\":true,\"valueName\":\"search_term_string\"}}],\"inLanguage\":\"es\"},{\"@type\":\"Organization\",\"@id\":\"https:\\\/\\\/digitalsantotome.com.ar\\\/#organization\",\"name\":\"Digital Santo Tom\u00e9\",\"url\":\"https:\\\/\\\/digitalsantotome.com.ar\\\/\",\"logo\":{\"@type\":\"ImageObject\",\"inLanguage\":\"es\",\"@id\":\"https:\\\/\\\/digitalsantotome.com.ar\\\/#\\\/schema\\\/logo\\\/image\\\/\",\"url\":\"https:\\\/\\\/digitalsantotome.com.ar\\\/wp-content\\\/uploads\\\/2023\\\/01\\\/facebook.jpg\",\"contentUrl\":\"https:\\\/\\\/digitalsantotome.com.ar\\\/wp-content\\\/uploads\\\/2023\\\/01\\\/facebook.jpg\",\"width\":512,\"height\":376,\"caption\":\"Digital Santo Tom\u00e9\"},\"image\":{\"@id\":\"https:\\\/\\\/digitalsantotome.com.ar\\\/#\\\/schema\\\/logo\\\/image\\\/\"}},{\"@type\":\"Person\",\"@id\":\"https:\\\/\\\/digitalsantotome.com.ar\\\/#\\\/schema\\\/person\\\/8991d8822886fedd92ce7f03817e1bdf\",\"name\":\"Jose Carlos Machado\",\"url\":\"https:\\\/\\\/digitalsantotome.com.ar\\\/?author=2\"}]}<\/script>\n<!-- \/ Yoast SEO plugin. -->","yoast_head_json":{"title":"El Senado Provincial avanz\u00f3 con designaciones judiciales Judiciales - Digital Santo Tom\u00e9","robots":{"index":"index","follow":"follow","max-snippet":"max-snippet:-1","max-image-preview":"max-image-preview:large","max-video-preview":"max-video-preview:-1"},"canonical":"https:\/\/digitalsantotome.com.ar\/?p=12563","og_locale":"es_ES","og_type":"article","og_title":"El Senado Provincial avanz\u00f3 con designaciones judiciales Judiciales - Digital Santo Tom\u00e9","og_description":"CORRIENTES. En la sesi\u00f3n del jueves\u00a0 se llev\u00f3 a cabo la audiencia p\u00fablica para tratar los pliegos enviados por el Poder Ejecutivo Provincial. Solicita\u00a0 Acuerdo para la designaci\u00f3n en el cargo de Defensor de Pobres y Ausentes de la Primera Circunscripci\u00f3n Judicial con asiento en la ciudad de Bella Vista para el Dr. Guillermo Ricardo...","og_url":"https:\/\/digitalsantotome.com.ar\/?p=12563","og_site_name":"Digital Santo Tom\u00e9","article_published_time":"2025-10-03T17:48:35+00:00","article_modified_time":"2025-10-03T17:48:46+00:00","og_image":[{"width":900,"height":462,"url":"https:\/\/digitalsantotome.com.ar\/wp-content\/uploads\/2025\/10\/287182_grande.jpg","type":"image\/jpeg"}],"author":"Jose Carlos Machado","twitter_card":"summary_large_image","twitter_misc":{"Escrito por":"Jose Carlos Machado","Tiempo de lectura":"4 minutos"},"schema":{"@context":"https:\/\/schema.org","@graph":[{"@type":"Article","@id":"https:\/\/digitalsantotome.com.ar\/?p=12563#article","isPartOf":{"@id":"https:\/\/digitalsantotome.com.ar\/?p=12563"},"author":{"name":"Jose Carlos Machado","@id":"https:\/\/digitalsantotome.com.ar\/#\/schema\/person\/8991d8822886fedd92ce7f03817e1bdf"},"headline":"El Senado Provincial avanz\u00f3 con designaciones judiciales Judiciales","datePublished":"2025-10-03T17:48:35+00:00","dateModified":"2025-10-03T17:48:46+00:00","mainEntityOfPage":{"@id":"https:\/\/digitalsantotome.com.ar\/?p=12563"},"wordCount":720,"publisher":{"@id":"https:\/\/digitalsantotome.com.ar\/#organization"},"image":{"@id":"https:\/\/digitalsantotome.com.ar\/?p=12563#primaryimage"},"thumbnailUrl":"https:\/\/digitalsantotome.com.ar\/wp-content\/uploads\/2025\/10\/287182_grande.jpg","articleSection":["Provinciales"],"inLanguage":"es"},{"@type":"WebPage","@id":"https:\/\/digitalsantotome.com.ar\/?p=12563","url":"https:\/\/digitalsantotome.com.ar\/?p=12563","name":"El Senado Provincial avanz\u00f3 con designaciones judiciales Judiciales - Digital Santo Tom\u00e9","isPartOf":{"@id":"https:\/\/digitalsantotome.com.ar\/#website"},"primaryImageOfPage":{"@id":"https:\/\/digitalsantotome.com.ar\/?p=12563#primaryimage"},"image":{"@id":"https:\/\/digitalsantotome.com.ar\/?p=12563#primaryimage"},"thumbnailUrl":"https:\/\/digitalsantotome.com.ar\/wp-content\/uploads\/2025\/10\/287182_grande.jpg","datePublished":"2025-10-03T17:48:35+00:00","dateModified":"2025-10-03T17:48:46+00:00","breadcrumb":{"@id":"https:\/\/digitalsantotome.com.ar\/?p=12563#breadcrumb"},"inLanguage":"es","potentialAction":[{"@type":"ReadAction","target":["https:\/\/digitalsantotome.com.ar\/?p=12563"]}]},{"@type":"ImageObject","inLanguage":"es","@id":"https:\/\/digitalsantotome.com.ar\/?p=12563#primaryimage","url":"https:\/\/digitalsantotome.com.ar\/wp-content\/uploads\/2025\/10\/287182_grande.jpg","contentUrl":"https:\/\/digitalsantotome.com.ar\/wp-content\/uploads\/2025\/10\/287182_grande.jpg","width":900,"height":462},{"@type":"BreadcrumbList","@id":"https:\/\/digitalsantotome.com.ar\/?p=12563#breadcrumb","itemListElement":[{"@type":"ListItem","position":1,"name":"Portada","item":"https:\/\/digitalsantotome.com.ar\/"},{"@type":"ListItem","position":2,"name":"El Senado Provincial avanz\u00f3 con designaciones judiciales Judiciales"}]},{"@type":"WebSite","@id":"https:\/\/digitalsantotome.com.ar\/#website","url":"https:\/\/digitalsantotome.com.ar\/","name":"Digital Santo Tom\u00e9","description":"Noticias desde Santo Tom\u00e9 al Mundo \u2013 La informacion que decide","publisher":{"@id":"https:\/\/digitalsantotome.com.ar\/#organization"},"potentialAction":[{"@type":"SearchAction","target":{"@type":"EntryPoint","urlTemplate":"https:\/\/digitalsantotome.com.ar\/?s={search_term_string}"},"query-input":{"@type":"PropertyValueSpecification","valueRequired":true,"valueName":"search_term_string"}}],"inLanguage":"es"},{"@type":"Organization","@id":"https:\/\/digitalsantotome.com.ar\/#organization","name":"Digital Santo Tom\u00e9","url":"https:\/\/digitalsantotome.com.ar\/","logo":{"@type":"ImageObject","inLanguage":"es","@id":"https:\/\/digitalsantotome.com.ar\/#\/schema\/logo\/image\/","url":"https:\/\/digitalsantotome.com.ar\/wp-content\/uploads\/2023\/01\/facebook.jpg","contentUrl":"https:\/\/digitalsantotome.com.ar\/wp-content\/uploads\/2023\/01\/facebook.jpg","width":512,"height":376,"caption":"Digital Santo Tom\u00e9"},"image":{"@id":"https:\/\/digitalsantotome.com.ar\/#\/schema\/logo\/image\/"}},{"@type":"Person","@id":"https:\/\/digitalsantotome.com.ar\/#\/schema\/person\/8991d8822886fedd92ce7f03817e1bdf","name":"Jose Carlos Machado","url":"https:\/\/digitalsantotome.com.ar\/?author=2"}]}},"_links":{"self":[{"href":"https:\/\/digitalsantotome.com.ar\/index.php?rest_route=\/wp\/v2\/posts\/12563","targetHints":{"allow":["GET"]}}],"collection":[{"href":"https:\/\/digitalsantotome.com.ar\/index.php?rest_route=\/wp\/v2\/posts"}],"about":[{"href":"https:\/\/digitalsantotome.com.ar\/index.php?rest_route=\/wp\/v2\/types\/post"}],"author":[{"embeddable":true,"href":"https:\/\/digitalsantotome.com.ar\/index.php?rest_route=\/wp\/v2\/users\/2"}],"replies":[{"embeddable":true,"href":"https:\/\/digitalsantotome.com.ar\/index.php?rest_route=%2Fwp%2Fv2%2Fcomments&post=12563"}],"version-history":[{"count":2,"href":"https:\/\/digitalsantotome.com.ar\/index.php?rest_route=\/wp\/v2\/posts\/12563\/revisions"}],"predecessor-version":[{"id":12566,"href":"https:\/\/digitalsantotome.com.ar\/index.php?rest_route=\/wp\/v2\/posts\/12563\/revisions\/12566"}],"wp:featuredmedia":[{"embeddable":true,"href":"https:\/\/digitalsantotome.com.ar\/index.php?rest_route=\/wp\/v2\/media\/12564"}],"wp:attachment":[{"href":"https:\/\/digitalsantotome.com.ar\/index.php?rest_route=%2Fwp%2Fv2%2Fmedia&parent=12563"}],"wp:term":[{"taxonomy":"category","embeddable":true,"href":"https:\/\/digitalsantotome.com.ar\/index.php?rest_route=%2Fwp%2Fv2%2Fcategories&post=12563"},{"taxonomy":"post_tag","embeddable":true,"href":"https:\/\/digitalsantotome.com.ar\/index.php?rest_route=%2Fwp%2Fv2%2Ftags&post=12563"}],"curies":[{"name":"wp","href":"https:\/\/api.w.org\/{rel}","templated":true}]}}