{"id":12648,"date":"2025-10-13T12:05:00","date_gmt":"2025-10-13T15:05:00","guid":{"rendered":"https:\/\/digitalsantotome.com.ar\/?p=12648"},"modified":"2025-10-13T12:05:00","modified_gmt":"2025-10-13T15:05:00","slug":"valdes-anticipo-que-los-cambios-en-el-gabinete-se-conoceran-despues-de-las-elecciones-nacionales","status":"publish","type":"post","link":"https:\/\/digitalsantotome.com.ar\/?p=12648","title":{"rendered":"Vald\u00e9s anticip\u00f3 que los cambios en el gabinete se conocer\u00e1n despu\u00e9s de las elecciones nacionales"},"content":{"rendered":"<p>CORRIENTES. El electo gobernador de Corrientes, Juan Pablo Vald\u00e9s, asegur\u00f3 que despu\u00e9s de las elecciones nacionales del 26 de octubre, comenzar\u00e1 a estructurar su gabinete, dejando entrever que habr\u00e1 cambios en la actual conformaci\u00f3n de la cartera de ministros.<\/p>\n<p>\u201cDespu\u00e9s de las elecciones se comenzar\u00e1n a conocer los nombres del gabinete\u201d dijo Vald\u00e9s, anticipando cambios en la cartera de ministros del Ejecutivo provincial. Por otro lado, al hablar sobre la toma de decisiones lo hizo en plural, como si esa determinaci\u00f3n la tomara en conjunto: \u201cesperaremos este segundo turno electoral para tomar definiciones\u201d. Sobrevuela la idea que estas definiciones las tomar\u00e1 junto a su hermano y mentor, el actual gobernador Gustavo Vald\u00e9s.<\/p>\n<p>Por otro lado, se refiri\u00f3 a las elecciones para diputados nacionales que se realizar\u00e1n el 26 de este mes. \u201cAhora apoyamos a los candidatos a legisladores correntinos\u201d dijo Juan Pablo Vald\u00e9s, agregando cual ser\u00e1 la posici\u00f3n que deben tomar estos en el Congreso Nacional \u201cno podemos apoyar iniciativas que vayan en contra el Garrahan, la educaci\u00f3n p\u00fablica o las universidades\u201d. Una clara postura alejada del gobierno nacional de Javier Milei, aunque no se sabe si ser\u00e1 por este periodo electoral o, despu\u00e9s del 10 de diciembre, deber\u00e1 definir otra postura por conveniencia pol\u00edtica.<\/p>\n<p>Al ser consultado por radio El Litoral, sobre la necesidad de que el presidente convoque a los gobernadores depues del 26 de octubre dijo: \u201cespero que el presidente recapacite escuche y convoque a los gobernadores, para que el al pa\u00eds le vaya bien. Debe escuchar lo que problemas del interior de la argentina\u201d.<\/p>\n<p>Fuente: (N&amp;CA)<\/p>\n","protected":false},"excerpt":{"rendered":"<p>CORRIENTES. El electo gobernador de Corrientes, Juan Pablo Vald\u00e9s, asegur\u00f3 que despu\u00e9s de las elecciones nacionales del 26 de octubre, comenzar\u00e1 a estructurar su gabinete, dejando entrever que habr\u00e1 cambios en la actual conformaci\u00f3n de la cartera de ministros. \u201cDespu\u00e9s de las elecciones se comenzar\u00e1n a conocer los nombres del gabinete\u201d dijo Vald\u00e9s, anticipando cambios&#8230;<\/p>\n","protected":false},"author":2,"featured_media":12649,"comment_status":"closed","ping_status":"closed","sticky":false,"template":"","format":"standard","meta":{"_kad_post_transparent":"default","_kad_post_title":"default","_kad_post_layout":"default","_kad_post_sidebar_id":"","_kad_post_content_style":"default","_kad_post_vertical_padding":"default","_kad_post_feature":"","_kad_post_feature_position":"","_kad_post_header":false,"_kad_post_footer":false,"_kad_post_classname":"","footnotes":""},"categories":[2],"tags":[],"class_list":["post-12648","post","type-post","status-publish","format-standard","has-post-thumbnail","hentry","category-provinciales"],"a3_pvc":{"activated":false,"total_views":0,"today_views":0},"yoast_head":"<!-- This site is optimized with the Yoast SEO plugin v27.5 - https:\/\/yoast.com\/product\/yoast-seo-wordpress\/ -->\n<title>Vald\u00e9s anticip\u00f3 que los cambios en el gabinete se conocer\u00e1n despu\u00e9s de las elecciones nacionales - Digital Santo Tom\u00e9<\/title>\n<meta name=\"robots\" content=\"index, follow, max-snippet:-1, max-image-preview:large, max-video-preview:-1\" \/>\n<link rel=\"canonical\" href=\"https:\/\/digitalsantotome.com.ar\/?p=12648\" \/>\n<meta property=\"og:locale\" content=\"es_ES\" \/>\n<meta property=\"og:type\" content=\"article\" \/>\n<meta property=\"og:title\" content=\"Vald\u00e9s anticip\u00f3 que los cambios en el gabinete se conocer\u00e1n despu\u00e9s de las elecciones nacionales - Digital Santo Tom\u00e9\" \/>\n<meta property=\"og:description\" content=\"CORRIENTES. El electo gobernador de Corrientes, Juan Pablo Vald\u00e9s, asegur\u00f3 que despu\u00e9s de las elecciones nacionales del 26 de octubre, comenzar\u00e1 a estructurar su gabinete, dejando entrever que habr\u00e1 cambios en la actual conformaci\u00f3n de la cartera de ministros. \u201cDespu\u00e9s de las elecciones se comenzar\u00e1n a conocer los nombres del gabinete\u201d dijo Vald\u00e9s, anticipando cambios...\" \/>\n<meta property=\"og:url\" content=\"https:\/\/digitalsantotome.com.ar\/?p=12648\" \/>\n<meta property=\"og:site_name\" content=\"Digital Santo Tom\u00e9\" \/>\n<meta property=\"article:published_time\" content=\"2025-10-13T15:05:00+00:00\" \/>\n<meta property=\"og:image\" content=\"https:\/\/digitalsantotome.com.ar\/wp-content\/uploads\/2025\/10\/IMG-20251013-WA0015.jpg\" \/>\n\t<meta property=\"og:image:width\" content=\"1280\" \/>\n\t<meta property=\"og:image:height\" content=\"1024\" \/>\n\t<meta property=\"og:image:type\" content=\"image\/jpeg\" \/>\n<meta name=\"author\" content=\"Jose Carlos Machado\" \/>\n<meta name=\"twitter:card\" content=\"summary_large_image\" \/>\n<meta name=\"twitter:label1\" content=\"Escrito por\" \/>\n\t<meta name=\"twitter:data1\" content=\"Jose Carlos Machado\" \/>\n\t<meta name=\"twitter:label2\" content=\"Tiempo de lectura\" \/>\n\t<meta name=\"twitter:data2\" content=\"2 minutos\" \/>\n<script type=\"application\/ld+json\" class=\"yoast-schema-graph\">{\"@context\":\"https:\\\/\\\/schema.org\",\"@graph\":[{\"@type\":\"Article\",\"@id\":\"https:\\\/\\\/digitalsantotome.com.ar\\\/?p=12648#article\",\"isPartOf\":{\"@id\":\"https:\\\/\\\/digitalsantotome.com.ar\\\/?p=12648\"},\"author\":{\"name\":\"Jose Carlos Machado\",\"@id\":\"https:\\\/\\\/digitalsantotome.com.ar\\\/#\\\/schema\\\/person\\\/8991d8822886fedd92ce7f03817e1bdf\"},\"headline\":\"Vald\u00e9s anticip\u00f3 que los cambios en el gabinete se conocer\u00e1n despu\u00e9s de las elecciones nacionales\",\"datePublished\":\"2025-10-13T15:05:00+00:00\",\"mainEntityOfPage\":{\"@id\":\"https:\\\/\\\/digitalsantotome.com.ar\\\/?p=12648\"},\"wordCount\":292,\"publisher\":{\"@id\":\"https:\\\/\\\/digitalsantotome.com.ar\\\/#organization\"},\"image\":{\"@id\":\"https:\\\/\\\/digitalsantotome.com.ar\\\/?p=12648#primaryimage\"},\"thumbnailUrl\":\"https:\\\/\\\/digitalsantotome.com.ar\\\/wp-content\\\/uploads\\\/2025\\\/10\\\/IMG-20251013-WA0015.jpg\",\"articleSection\":[\"Provinciales\"],\"inLanguage\":\"es\"},{\"@type\":\"WebPage\",\"@id\":\"https:\\\/\\\/digitalsantotome.com.ar\\\/?p=12648\",\"url\":\"https:\\\/\\\/digitalsantotome.com.ar\\\/?p=12648\",\"name\":\"Vald\u00e9s anticip\u00f3 que los cambios en el gabinete se conocer\u00e1n despu\u00e9s de las elecciones nacionales - Digital Santo Tom\u00e9\",\"isPartOf\":{\"@id\":\"https:\\\/\\\/digitalsantotome.com.ar\\\/#website\"},\"primaryImageOfPage\":{\"@id\":\"https:\\\/\\\/digitalsantotome.com.ar\\\/?p=12648#primaryimage\"},\"image\":{\"@id\":\"https:\\\/\\\/digitalsantotome.com.ar\\\/?p=12648#primaryimage\"},\"thumbnailUrl\":\"https:\\\/\\\/digitalsantotome.com.ar\\\/wp-content\\\/uploads\\\/2025\\\/10\\\/IMG-20251013-WA0015.jpg\",\"datePublished\":\"2025-10-13T15:05:00+00:00\",\"breadcrumb\":{\"@id\":\"https:\\\/\\\/digitalsantotome.com.ar\\\/?p=12648#breadcrumb\"},\"inLanguage\":\"es\",\"potentialAction\":[{\"@type\":\"ReadAction\",\"target\":[\"https:\\\/\\\/digitalsantotome.com.ar\\\/?p=12648\"]}]},{\"@type\":\"ImageObject\",\"inLanguage\":\"es\",\"@id\":\"https:\\\/\\\/digitalsantotome.com.ar\\\/?p=12648#primaryimage\",\"url\":\"https:\\\/\\\/digitalsantotome.com.ar\\\/wp-content\\\/uploads\\\/2025\\\/10\\\/IMG-20251013-WA0015.jpg\",\"contentUrl\":\"https:\\\/\\\/digitalsantotome.com.ar\\\/wp-content\\\/uploads\\\/2025\\\/10\\\/IMG-20251013-WA0015.jpg\",\"width\":1280,\"height\":1024},{\"@type\":\"BreadcrumbList\",\"@id\":\"https:\\\/\\\/digitalsantotome.com.ar\\\/?p=12648#breadcrumb\",\"itemListElement\":[{\"@type\":\"ListItem\",\"position\":1,\"name\":\"Portada\",\"item\":\"https:\\\/\\\/digitalsantotome.com.ar\\\/\"},{\"@type\":\"ListItem\",\"position\":2,\"name\":\"Vald\u00e9s anticip\u00f3 que los cambios en el gabinete se conocer\u00e1n despu\u00e9s de las elecciones nacionales\"}]},{\"@type\":\"WebSite\",\"@id\":\"https:\\\/\\\/digitalsantotome.com.ar\\\/#website\",\"url\":\"https:\\\/\\\/digitalsantotome.com.ar\\\/\",\"name\":\"Digital Santo Tom\u00e9\",\"description\":\"Noticias desde Santo Tom\u00e9 al Mundo \u2013 La informacion que decide\",\"publisher\":{\"@id\":\"https:\\\/\\\/digitalsantotome.com.ar\\\/#organization\"},\"potentialAction\":[{\"@type\":\"SearchAction\",\"target\":{\"@type\":\"EntryPoint\",\"urlTemplate\":\"https:\\\/\\\/digitalsantotome.com.ar\\\/?s={search_term_string}\"},\"query-input\":{\"@type\":\"PropertyValueSpecification\",\"valueRequired\":true,\"valueName\":\"search_term_string\"}}],\"inLanguage\":\"es\"},{\"@type\":\"Organization\",\"@id\":\"https:\\\/\\\/digitalsantotome.com.ar\\\/#organization\",\"name\":\"Digital Santo Tom\u00e9\",\"url\":\"https:\\\/\\\/digitalsantotome.com.ar\\\/\",\"logo\":{\"@type\":\"ImageObject\",\"inLanguage\":\"es\",\"@id\":\"https:\\\/\\\/digitalsantotome.com.ar\\\/#\\\/schema\\\/logo\\\/image\\\/\",\"url\":\"https:\\\/\\\/digitalsantotome.com.ar\\\/wp-content\\\/uploads\\\/2023\\\/01\\\/facebook.jpg\",\"contentUrl\":\"https:\\\/\\\/digitalsantotome.com.ar\\\/wp-content\\\/uploads\\\/2023\\\/01\\\/facebook.jpg\",\"width\":512,\"height\":376,\"caption\":\"Digital Santo Tom\u00e9\"},\"image\":{\"@id\":\"https:\\\/\\\/digitalsantotome.com.ar\\\/#\\\/schema\\\/logo\\\/image\\\/\"}},{\"@type\":\"Person\",\"@id\":\"https:\\\/\\\/digitalsantotome.com.ar\\\/#\\\/schema\\\/person\\\/8991d8822886fedd92ce7f03817e1bdf\",\"name\":\"Jose Carlos Machado\",\"url\":\"https:\\\/\\\/digitalsantotome.com.ar\\\/?author=2\"}]}<\/script>\n<!-- \/ Yoast SEO plugin. -->","yoast_head_json":{"title":"Vald\u00e9s anticip\u00f3 que los cambios en el gabinete se conocer\u00e1n despu\u00e9s de las elecciones nacionales - Digital Santo Tom\u00e9","robots":{"index":"index","follow":"follow","max-snippet":"max-snippet:-1","max-image-preview":"max-image-preview:large","max-video-preview":"max-video-preview:-1"},"canonical":"https:\/\/digitalsantotome.com.ar\/?p=12648","og_locale":"es_ES","og_type":"article","og_title":"Vald\u00e9s anticip\u00f3 que los cambios en el gabinete se conocer\u00e1n despu\u00e9s de las elecciones nacionales - Digital Santo Tom\u00e9","og_description":"CORRIENTES. El electo gobernador de Corrientes, Juan Pablo Vald\u00e9s, asegur\u00f3 que despu\u00e9s de las elecciones nacionales del 26 de octubre, comenzar\u00e1 a estructurar su gabinete, dejando entrever que habr\u00e1 cambios en la actual conformaci\u00f3n de la cartera de ministros. \u201cDespu\u00e9s de las elecciones se comenzar\u00e1n a conocer los nombres del gabinete\u201d dijo Vald\u00e9s, anticipando cambios...","og_url":"https:\/\/digitalsantotome.com.ar\/?p=12648","og_site_name":"Digital Santo Tom\u00e9","article_published_time":"2025-10-13T15:05:00+00:00","og_image":[{"width":1280,"height":1024,"url":"https:\/\/digitalsantotome.com.ar\/wp-content\/uploads\/2025\/10\/IMG-20251013-WA0015.jpg","type":"image\/jpeg"}],"author":"Jose Carlos Machado","twitter_card":"summary_large_image","twitter_misc":{"Escrito por":"Jose Carlos Machado","Tiempo de lectura":"2 minutos"},"schema":{"@context":"https:\/\/schema.org","@graph":[{"@type":"Article","@id":"https:\/\/digitalsantotome.com.ar\/?p=12648#article","isPartOf":{"@id":"https:\/\/digitalsantotome.com.ar\/?p=12648"},"author":{"name":"Jose Carlos Machado","@id":"https:\/\/digitalsantotome.com.ar\/#\/schema\/person\/8991d8822886fedd92ce7f03817e1bdf"},"headline":"Vald\u00e9s anticip\u00f3 que los cambios en el gabinete se conocer\u00e1n despu\u00e9s de las elecciones nacionales","datePublished":"2025-10-13T15:05:00+00:00","mainEntityOfPage":{"@id":"https:\/\/digitalsantotome.com.ar\/?p=12648"},"wordCount":292,"publisher":{"@id":"https:\/\/digitalsantotome.com.ar\/#organization"},"image":{"@id":"https:\/\/digitalsantotome.com.ar\/?p=12648#primaryimage"},"thumbnailUrl":"https:\/\/digitalsantotome.com.ar\/wp-content\/uploads\/2025\/10\/IMG-20251013-WA0015.jpg","articleSection":["Provinciales"],"inLanguage":"es"},{"@type":"WebPage","@id":"https:\/\/digitalsantotome.com.ar\/?p=12648","url":"https:\/\/digitalsantotome.com.ar\/?p=12648","name":"Vald\u00e9s anticip\u00f3 que los cambios en el gabinete se conocer\u00e1n despu\u00e9s de las elecciones nacionales - Digital Santo Tom\u00e9","isPartOf":{"@id":"https:\/\/digitalsantotome.com.ar\/#website"},"primaryImageOfPage":{"@id":"https:\/\/digitalsantotome.com.ar\/?p=12648#primaryimage"},"image":{"@id":"https:\/\/digitalsantotome.com.ar\/?p=12648#primaryimage"},"thumbnailUrl":"https:\/\/digitalsantotome.com.ar\/wp-content\/uploads\/2025\/10\/IMG-20251013-WA0015.jpg","datePublished":"2025-10-13T15:05:00+00:00","breadcrumb":{"@id":"https:\/\/digitalsantotome.com.ar\/?p=12648#breadcrumb"},"inLanguage":"es","potentialAction":[{"@type":"ReadAction","target":["https:\/\/digitalsantotome.com.ar\/?p=12648"]}]},{"@type":"ImageObject","inLanguage":"es","@id":"https:\/\/digitalsantotome.com.ar\/?p=12648#primaryimage","url":"https:\/\/digitalsantotome.com.ar\/wp-content\/uploads\/2025\/10\/IMG-20251013-WA0015.jpg","contentUrl":"https:\/\/digitalsantotome.com.ar\/wp-content\/uploads\/2025\/10\/IMG-20251013-WA0015.jpg","width":1280,"height":1024},{"@type":"BreadcrumbList","@id":"https:\/\/digitalsantotome.com.ar\/?p=12648#breadcrumb","itemListElement":[{"@type":"ListItem","position":1,"name":"Portada","item":"https:\/\/digitalsantotome.com.ar\/"},{"@type":"ListItem","position":2,"name":"Vald\u00e9s anticip\u00f3 que los cambios en el gabinete se conocer\u00e1n despu\u00e9s de las elecciones nacionales"}]},{"@type":"WebSite","@id":"https:\/\/digitalsantotome.com.ar\/#website","url":"https:\/\/digitalsantotome.com.ar\/","name":"Digital Santo Tom\u00e9","description":"Noticias desde Santo Tom\u00e9 al Mundo \u2013 La informacion que decide","publisher":{"@id":"https:\/\/digitalsantotome.com.ar\/#organization"},"potentialAction":[{"@type":"SearchAction","target":{"@type":"EntryPoint","urlTemplate":"https:\/\/digitalsantotome.com.ar\/?s={search_term_string}"},"query-input":{"@type":"PropertyValueSpecification","valueRequired":true,"valueName":"search_term_string"}}],"inLanguage":"es"},{"@type":"Organization","@id":"https:\/\/digitalsantotome.com.ar\/#organization","name":"Digital Santo Tom\u00e9","url":"https:\/\/digitalsantotome.com.ar\/","logo":{"@type":"ImageObject","inLanguage":"es","@id":"https:\/\/digitalsantotome.com.ar\/#\/schema\/logo\/image\/","url":"https:\/\/digitalsantotome.com.ar\/wp-content\/uploads\/2023\/01\/facebook.jpg","contentUrl":"https:\/\/digitalsantotome.com.ar\/wp-content\/uploads\/2023\/01\/facebook.jpg","width":512,"height":376,"caption":"Digital Santo Tom\u00e9"},"image":{"@id":"https:\/\/digitalsantotome.com.ar\/#\/schema\/logo\/image\/"}},{"@type":"Person","@id":"https:\/\/digitalsantotome.com.ar\/#\/schema\/person\/8991d8822886fedd92ce7f03817e1bdf","name":"Jose Carlos Machado","url":"https:\/\/digitalsantotome.com.ar\/?author=2"}]}},"_links":{"self":[{"href":"https:\/\/digitalsantotome.com.ar\/index.php?rest_route=\/wp\/v2\/posts\/12648","targetHints":{"allow":["GET"]}}],"collection":[{"href":"https:\/\/digitalsantotome.com.ar\/index.php?rest_route=\/wp\/v2\/posts"}],"about":[{"href":"https:\/\/digitalsantotome.com.ar\/index.php?rest_route=\/wp\/v2\/types\/post"}],"author":[{"embeddable":true,"href":"https:\/\/digitalsantotome.com.ar\/index.php?rest_route=\/wp\/v2\/users\/2"}],"replies":[{"embeddable":true,"href":"https:\/\/digitalsantotome.com.ar\/index.php?rest_route=%2Fwp%2Fv2%2Fcomments&post=12648"}],"version-history":[{"count":1,"href":"https:\/\/digitalsantotome.com.ar\/index.php?rest_route=\/wp\/v2\/posts\/12648\/revisions"}],"predecessor-version":[{"id":12650,"href":"https:\/\/digitalsantotome.com.ar\/index.php?rest_route=\/wp\/v2\/posts\/12648\/revisions\/12650"}],"wp:featuredmedia":[{"embeddable":true,"href":"https:\/\/digitalsantotome.com.ar\/index.php?rest_route=\/wp\/v2\/media\/12649"}],"wp:attachment":[{"href":"https:\/\/digitalsantotome.com.ar\/index.php?rest_route=%2Fwp%2Fv2%2Fmedia&parent=12648"}],"wp:term":[{"taxonomy":"category","embeddable":true,"href":"https:\/\/digitalsantotome.com.ar\/index.php?rest_route=%2Fwp%2Fv2%2Fcategories&post=12648"},{"taxonomy":"post_tag","embeddable":true,"href":"https:\/\/digitalsantotome.com.ar\/index.php?rest_route=%2Fwp%2Fv2%2Ftags&post=12648"}],"curies":[{"name":"wp","href":"https:\/\/api.w.org\/{rel}","templated":true}]}}