{"id":12701,"date":"2025-10-16T17:16:29","date_gmt":"2025-10-16T20:16:29","guid":{"rendered":"https:\/\/digitalsantotome.com.ar\/?p=12701"},"modified":"2025-10-16T17:16:29","modified_gmt":"2025-10-16T20:16:29","slug":"mariel-gabur-los-trabajadores-de-tapebicua-tienen-esta-tranquilidad-de-que-pueden-volver-a-ordenar-su-vida","status":"publish","type":"post","link":"https:\/\/digitalsantotome.com.ar\/?p=12701","title":{"rendered":"Mariel Gabur: \u201cLos trabajadores de Tapebicu\u00e1 tienen esta tranquilidad de que pueden volver a ordenar su vida\u201d"},"content":{"rendered":"<div class=\"row\">\n<div id=\"conte\" class=\"span6 base\">CORRIENTES. La ministra de Industria, Mariel Gabur, confirm\u00f3 en declaraciones a momarandu.com la reactivaci\u00f3n de la planta industrial Tapebicu\u00e1, ubicada en la localidad de Gobernador Virasoro, luego de un extenso per\u00edodo de inactividad. Seg\u00fan explic\u00f3, \u201cayer se reincorporaron a las tareas y los trabajadores est\u00e1n poniendo en condiciones toda la maquinaria\u201d, en un proceso gradual que busca restablecer la producci\u00f3n tras varios meses de suspensi\u00f3n. La funcionaria destac\u00f3 que \u201cfelizmente, todo est\u00e1 en orden\u201d, aunque aclar\u00f3 que la empresa requiere tiempo para volver a operar plenamente, dado que las industrias paralizadas necesitan un per\u00edodo de ajuste t\u00e9cnico y organizativo antes de alcanzar su ritmo normal.<\/p>\n<p>Gabur precis\u00f3 que la actividad laboral se ha reanudado con normalidad, con los trabajadores cumpliendo los turnos establecidos y participando en la puesta a punto de los equipos. \u201cToda esta semana se estar\u00eda poniendo en condiciones toda la maquinaria, poniendo todo en orden para empezar con la producci\u00f3n\u201d, indic\u00f3. El reinicio marca un punto de inflexi\u00f3n tras meses de incertidumbre para las m\u00e1s de quinientas familias dependientes de la firma, cuya fuente de trabajo hab\u00eda quedado en suspenso durante el conflicto.<\/p>\n<p>La ministra subray\u00f3 que, adem\u00e1s de la reactivaci\u00f3n operativa, comenz\u00f3 el cumplimiento de los compromisos salariales pendientes. \u201cSe han percibido la primera cuota de los montos adeudados y comenz\u00f3 el cronograma de pago tanto de lo adeudado del SAC como tambi\u00e9n de los salarios faltantes del per\u00edodo en que hab\u00eda terminado la etapa de suspensi\u00f3n\u201d, explic\u00f3. Este avance, sostuvo, representa \u201cun aliciente porque est\u00e1 llegando algo de dinero al bolsillo de los trabajadores\u201d, permiti\u00e9ndoles reordenar su econom\u00eda familiar y retomar una relativa estabilidad luego de meses de espera e incertidumbre.<\/p>\n<p><strong>ACUERDOS SALARIALES Y MONITOREO PERMANENTE<\/strong><\/p>\n<p>Respecto de los compromisos financieros de la empresa con su personal, Gabur se\u00f1al\u00f3 que \u201cya comenz\u00f3 a hacerse efectivo el cumplimiento de los salarios adeudados por parte de la empresa\u201d. Detall\u00f3 que existe un acuerdo formal sobre la modalidad de pago, que prev\u00e9 dep\u00f3sitos escalonados hasta completar la cancelaci\u00f3n de las deudas laborales. \u201cNo es que se le paga todo en una sola cuota, pero lo importante es que, seg\u00fan los convenios, ya se empez\u00f3 a hacer cada uno de los dep\u00f3sitos\u201d, afirm\u00f3, destacando la tranquilidad que genera entre los trabajadores saber que el proceso de regularizaci\u00f3n est\u00e1 en marcha.<\/p>\n<p>La titular de la cartera industrial resalt\u00f3 el impacto social positivo que conlleva la reactivaci\u00f3n de Tapebicu\u00e1. En ese sentido, remarc\u00f3 que \u201cya los trabajadores tienen esta tranquilidad de que pueden volver a ordenar su vida econ\u00f3mica, con el impacto que esto tiene en las familias que dependen de esa empresa\u201d. En total, 512 empleados fueron alcanzados por la medida, lo que representa un n\u00facleo significativo dentro del entramado laboral de Virasoro y de la cadena productiva forestal de Corrientes.<\/p>\n<p>Gabur anticip\u00f3 que la situaci\u00f3n ser\u00e1 monitoreada de forma constante por una comisi\u00f3n integrada por funcionarios del Ministerio de Industria y la Secretar\u00eda de Trabajo. \u201cNosotros vamos a monitorear la situaci\u00f3n de cerca. Ha quedado una comisi\u00f3n para monitorear. Est\u00e1 el secretario de Trabajo en constante comunicaci\u00f3n, y estamos con los tel\u00e9fonos abiertos tanto a los trabajadores como a la empresa\u201d, precis\u00f3. La funcionaria no descart\u00f3 que puedan evaluarse alternativas en caso de que surjan dificultades, incluyendo \u201cla posibilidad de que la empresa se ponga en otras manos\u201d, aunque aclar\u00f3 que esas opciones a\u00fan se encuentran abiertas y en evaluaci\u00f3n.<\/p>\n<p>La ministra destac\u00f3 tambi\u00e9n el impacto social de la normalizaci\u00f3n del conflicto. Explic\u00f3 que, con la reanudaci\u00f3n de las tareas, \u201clos acampes y dem\u00e1s se han terminado\u201d, lo que devolvi\u00f3 la tranquilidad a la comunidad local. \u201cEso tambi\u00e9n nos da tranquilidad a la sociedad de Virasoro, porque el acampe era con cortes, y eso llevaba a que en determinados horarios el tr\u00e1nsito tambi\u00e9n se viera interrumpido. Se entiende la situaci\u00f3n de los trabajadores, pero tambi\u00e9n generaba un impacto en la econom\u00eda y en la sociedad, que felizmente hoy se ha recuperado\u201d, expres\u00f3.<\/p>\n<p><strong>PRODUCCI\u00d3N GRADUAL Y DESAF\u00cdOS ECON\u00d3MICOS<\/strong><\/p>\n<p>En relaci\u00f3n con el ritmo de producci\u00f3n, Gabur aclar\u00f3 que el proceso ser\u00e1 paulatino. \u201cNo, en absoluto, esto va a ir muy, muy lentamente\u201d, se\u00f1al\u00f3, al explicar que los operarios est\u00e1n trabajando a la mitad de su jornada habitual. \u201cLos trabajadores est\u00e1n trabajando el 50 por ciento, o sea, la mitad de las horas que trabajaban. Si bien el monto que van a cobrar se acerca a un poquito m\u00e1s del 90 por ciento de su salario real, est\u00e1n dando la mitad de la jornada que trabajaban\u201d, detall\u00f3. La actividad se organiza en dos turnos diarios de cuatro horas, mientras contin\u00faa el proceso de revisi\u00f3n t\u00e9cnica y mantenimiento de las maquinarias.<\/p>\n<p>Seg\u00fan adelant\u00f3 la funcionaria, la pr\u00f3xima semana se realizar\u00e1 una nueva reuni\u00f3n para evaluar los avances de la planta. \u201cEn la semana que viene vamos a volver a reunirnos a ver c\u00f3mo comienza a operar\u201d, sostuvo, confirmando que la empresa cuenta con un mercado asegurado para su producci\u00f3n. \u201cEllos tienen un mercado comprometido, eso es muy bueno porque significa que lo que se produce ah\u00ed va a tener destino\u201d, a\u00f1adi\u00f3, subrayando la importancia de contar con demanda garantizada para sostener la continuidad operativa.<\/p>\n<p>Gabur advirti\u00f3, sin embargo, que el contexto econ\u00f3mico nacional contin\u00faa afectando a las industrias locales. \u201cLa situaci\u00f3n econ\u00f3mica, la imprevisibilidad que lamentablemente tenemos en la Argentina hace que a veces los negocios se vean perjudicados\u201d, expres\u00f3, reconociendo que este escenario \u201cimpacta no solamente en Tapebicu\u00e1, sino en todas las industrias de nuestra provincia\u201d. En ese sentido, consider\u00f3 necesario avanzar hacia un marco de mayor previsibilidad que favorezca la producci\u00f3n. \u201cEstamos a la espera de medidas concretas de estabilidad, que es lo que tanto necesitamos para que nuestras industrias puedan operar normalmente\u201d, afirm\u00f3.<\/p><\/div>\n<\/div>\n","protected":false},"excerpt":{"rendered":"<p>CORRIENTES. La ministra de Industria, Mariel Gabur, confirm\u00f3 en declaraciones a momarandu.com la reactivaci\u00f3n de la planta industrial Tapebicu\u00e1, ubicada en la localidad de Gobernador Virasoro, luego de un extenso per\u00edodo de inactividad. Seg\u00fan explic\u00f3, \u201cayer se reincorporaron a las tareas y los trabajadores est\u00e1n poniendo en condiciones toda la maquinaria\u201d, en un proceso gradual&#8230;<\/p>\n","protected":false},"author":2,"featured_media":12702,"comment_status":"closed","ping_status":"closed","sticky":false,"template":"","format":"standard","meta":{"_kad_post_transparent":"default","_kad_post_title":"default","_kad_post_layout":"default","_kad_post_sidebar_id":"","_kad_post_content_style":"default","_kad_post_vertical_padding":"default","_kad_post_feature":"","_kad_post_feature_position":"","_kad_post_header":false,"_kad_post_footer":false,"_kad_post_classname":"","footnotes":""},"categories":[2],"tags":[],"class_list":["post-12701","post","type-post","status-publish","format-standard","has-post-thumbnail","hentry","category-provinciales"],"a3_pvc":{"activated":false,"total_views":0,"today_views":0},"yoast_head":"<!-- This site is optimized with the Yoast SEO plugin v27.5 - https:\/\/yoast.com\/product\/yoast-seo-wordpress\/ -->\n<title>Mariel Gabur: \u201cLos trabajadores de Tapebicu\u00e1 tienen esta tranquilidad de que pueden volver a ordenar su vida\u201d - Digital Santo Tom\u00e9<\/title>\n<meta name=\"robots\" content=\"index, follow, max-snippet:-1, max-image-preview:large, max-video-preview:-1\" \/>\n<link rel=\"canonical\" href=\"https:\/\/digitalsantotome.com.ar\/?p=12701\" \/>\n<meta property=\"og:locale\" content=\"es_ES\" \/>\n<meta property=\"og:type\" content=\"article\" \/>\n<meta property=\"og:title\" content=\"Mariel Gabur: \u201cLos trabajadores de Tapebicu\u00e1 tienen esta tranquilidad de que pueden volver a ordenar su vida\u201d - Digital Santo Tom\u00e9\" \/>\n<meta property=\"og:description\" content=\"CORRIENTES. La ministra de Industria, Mariel Gabur, confirm\u00f3 en declaraciones a momarandu.com la reactivaci\u00f3n de la planta industrial Tapebicu\u00e1, ubicada en la localidad de Gobernador Virasoro, luego de un extenso per\u00edodo de inactividad. Seg\u00fan explic\u00f3, \u201cayer se reincorporaron a las tareas y los trabajadores est\u00e1n poniendo en condiciones toda la maquinaria\u201d, en un proceso gradual...\" \/>\n<meta property=\"og:url\" content=\"https:\/\/digitalsantotome.com.ar\/?p=12701\" \/>\n<meta property=\"og:site_name\" content=\"Digital Santo Tom\u00e9\" \/>\n<meta property=\"article:published_time\" content=\"2025-10-16T20:16:29+00:00\" \/>\n<meta property=\"og:image\" content=\"https:\/\/digitalsantotome.com.ar\/wp-content\/uploads\/2025\/10\/268828_grande.jpg\" \/>\n\t<meta property=\"og:image:width\" content=\"900\" \/>\n\t<meta property=\"og:image:height\" content=\"513\" \/>\n\t<meta property=\"og:image:type\" content=\"image\/jpeg\" \/>\n<meta name=\"author\" content=\"Jose Carlos Machado\" \/>\n<meta name=\"twitter:card\" content=\"summary_large_image\" \/>\n<meta name=\"twitter:label1\" content=\"Escrito por\" \/>\n\t<meta name=\"twitter:data1\" content=\"Jose Carlos Machado\" \/>\n\t<meta name=\"twitter:label2\" content=\"Tiempo de lectura\" \/>\n\t<meta name=\"twitter:data2\" content=\"5 minutos\" \/>\n<script type=\"application\/ld+json\" class=\"yoast-schema-graph\">{\"@context\":\"https:\\\/\\\/schema.org\",\"@graph\":[{\"@type\":\"Article\",\"@id\":\"https:\\\/\\\/digitalsantotome.com.ar\\\/?p=12701#article\",\"isPartOf\":{\"@id\":\"https:\\\/\\\/digitalsantotome.com.ar\\\/?p=12701\"},\"author\":{\"name\":\"Jose Carlos Machado\",\"@id\":\"https:\\\/\\\/digitalsantotome.com.ar\\\/#\\\/schema\\\/person\\\/8991d8822886fedd92ce7f03817e1bdf\"},\"headline\":\"Mariel Gabur: \u201cLos trabajadores de Tapebicu\u00e1 tienen esta tranquilidad de que pueden volver a ordenar su vida\u201d\",\"datePublished\":\"2025-10-16T20:16:29+00:00\",\"mainEntityOfPage\":{\"@id\":\"https:\\\/\\\/digitalsantotome.com.ar\\\/?p=12701\"},\"wordCount\":1032,\"publisher\":{\"@id\":\"https:\\\/\\\/digitalsantotome.com.ar\\\/#organization\"},\"image\":{\"@id\":\"https:\\\/\\\/digitalsantotome.com.ar\\\/?p=12701#primaryimage\"},\"thumbnailUrl\":\"https:\\\/\\\/digitalsantotome.com.ar\\\/wp-content\\\/uploads\\\/2025\\\/10\\\/268828_grande.jpg\",\"articleSection\":[\"Provinciales\"],\"inLanguage\":\"es\"},{\"@type\":\"WebPage\",\"@id\":\"https:\\\/\\\/digitalsantotome.com.ar\\\/?p=12701\",\"url\":\"https:\\\/\\\/digitalsantotome.com.ar\\\/?p=12701\",\"name\":\"Mariel Gabur: \u201cLos trabajadores de Tapebicu\u00e1 tienen esta tranquilidad de que pueden volver a ordenar su vida\u201d - Digital Santo Tom\u00e9\",\"isPartOf\":{\"@id\":\"https:\\\/\\\/digitalsantotome.com.ar\\\/#website\"},\"primaryImageOfPage\":{\"@id\":\"https:\\\/\\\/digitalsantotome.com.ar\\\/?p=12701#primaryimage\"},\"image\":{\"@id\":\"https:\\\/\\\/digitalsantotome.com.ar\\\/?p=12701#primaryimage\"},\"thumbnailUrl\":\"https:\\\/\\\/digitalsantotome.com.ar\\\/wp-content\\\/uploads\\\/2025\\\/10\\\/268828_grande.jpg\",\"datePublished\":\"2025-10-16T20:16:29+00:00\",\"breadcrumb\":{\"@id\":\"https:\\\/\\\/digitalsantotome.com.ar\\\/?p=12701#breadcrumb\"},\"inLanguage\":\"es\",\"potentialAction\":[{\"@type\":\"ReadAction\",\"target\":[\"https:\\\/\\\/digitalsantotome.com.ar\\\/?p=12701\"]}]},{\"@type\":\"ImageObject\",\"inLanguage\":\"es\",\"@id\":\"https:\\\/\\\/digitalsantotome.com.ar\\\/?p=12701#primaryimage\",\"url\":\"https:\\\/\\\/digitalsantotome.com.ar\\\/wp-content\\\/uploads\\\/2025\\\/10\\\/268828_grande.jpg\",\"contentUrl\":\"https:\\\/\\\/digitalsantotome.com.ar\\\/wp-content\\\/uploads\\\/2025\\\/10\\\/268828_grande.jpg\",\"width\":900,\"height\":513},{\"@type\":\"BreadcrumbList\",\"@id\":\"https:\\\/\\\/digitalsantotome.com.ar\\\/?p=12701#breadcrumb\",\"itemListElement\":[{\"@type\":\"ListItem\",\"position\":1,\"name\":\"Portada\",\"item\":\"https:\\\/\\\/digitalsantotome.com.ar\\\/\"},{\"@type\":\"ListItem\",\"position\":2,\"name\":\"Mariel Gabur: \u201cLos trabajadores de Tapebicu\u00e1 tienen esta tranquilidad de que pueden volver a ordenar su vida\u201d\"}]},{\"@type\":\"WebSite\",\"@id\":\"https:\\\/\\\/digitalsantotome.com.ar\\\/#website\",\"url\":\"https:\\\/\\\/digitalsantotome.com.ar\\\/\",\"name\":\"Digital Santo Tom\u00e9\",\"description\":\"Noticias desde Santo Tom\u00e9 al Mundo \u2013 La informacion que decide\",\"publisher\":{\"@id\":\"https:\\\/\\\/digitalsantotome.com.ar\\\/#organization\"},\"potentialAction\":[{\"@type\":\"SearchAction\",\"target\":{\"@type\":\"EntryPoint\",\"urlTemplate\":\"https:\\\/\\\/digitalsantotome.com.ar\\\/?s={search_term_string}\"},\"query-input\":{\"@type\":\"PropertyValueSpecification\",\"valueRequired\":true,\"valueName\":\"search_term_string\"}}],\"inLanguage\":\"es\"},{\"@type\":\"Organization\",\"@id\":\"https:\\\/\\\/digitalsantotome.com.ar\\\/#organization\",\"name\":\"Digital Santo Tom\u00e9\",\"url\":\"https:\\\/\\\/digitalsantotome.com.ar\\\/\",\"logo\":{\"@type\":\"ImageObject\",\"inLanguage\":\"es\",\"@id\":\"https:\\\/\\\/digitalsantotome.com.ar\\\/#\\\/schema\\\/logo\\\/image\\\/\",\"url\":\"https:\\\/\\\/digitalsantotome.com.ar\\\/wp-content\\\/uploads\\\/2023\\\/01\\\/facebook.jpg\",\"contentUrl\":\"https:\\\/\\\/digitalsantotome.com.ar\\\/wp-content\\\/uploads\\\/2023\\\/01\\\/facebook.jpg\",\"width\":512,\"height\":376,\"caption\":\"Digital Santo Tom\u00e9\"},\"image\":{\"@id\":\"https:\\\/\\\/digitalsantotome.com.ar\\\/#\\\/schema\\\/logo\\\/image\\\/\"}},{\"@type\":\"Person\",\"@id\":\"https:\\\/\\\/digitalsantotome.com.ar\\\/#\\\/schema\\\/person\\\/8991d8822886fedd92ce7f03817e1bdf\",\"name\":\"Jose Carlos Machado\",\"url\":\"https:\\\/\\\/digitalsantotome.com.ar\\\/?author=2\"}]}<\/script>\n<!-- \/ Yoast SEO plugin. -->","yoast_head_json":{"title":"Mariel Gabur: \u201cLos trabajadores de Tapebicu\u00e1 tienen esta tranquilidad de que pueden volver a ordenar su vida\u201d - Digital Santo Tom\u00e9","robots":{"index":"index","follow":"follow","max-snippet":"max-snippet:-1","max-image-preview":"max-image-preview:large","max-video-preview":"max-video-preview:-1"},"canonical":"https:\/\/digitalsantotome.com.ar\/?p=12701","og_locale":"es_ES","og_type":"article","og_title":"Mariel Gabur: \u201cLos trabajadores de Tapebicu\u00e1 tienen esta tranquilidad de que pueden volver a ordenar su vida\u201d - Digital Santo Tom\u00e9","og_description":"CORRIENTES. La ministra de Industria, Mariel Gabur, confirm\u00f3 en declaraciones a momarandu.com la reactivaci\u00f3n de la planta industrial Tapebicu\u00e1, ubicada en la localidad de Gobernador Virasoro, luego de un extenso per\u00edodo de inactividad. Seg\u00fan explic\u00f3, \u201cayer se reincorporaron a las tareas y los trabajadores est\u00e1n poniendo en condiciones toda la maquinaria\u201d, en un proceso gradual...","og_url":"https:\/\/digitalsantotome.com.ar\/?p=12701","og_site_name":"Digital Santo Tom\u00e9","article_published_time":"2025-10-16T20:16:29+00:00","og_image":[{"width":900,"height":513,"url":"https:\/\/digitalsantotome.com.ar\/wp-content\/uploads\/2025\/10\/268828_grande.jpg","type":"image\/jpeg"}],"author":"Jose Carlos Machado","twitter_card":"summary_large_image","twitter_misc":{"Escrito por":"Jose Carlos Machado","Tiempo de lectura":"5 minutos"},"schema":{"@context":"https:\/\/schema.org","@graph":[{"@type":"Article","@id":"https:\/\/digitalsantotome.com.ar\/?p=12701#article","isPartOf":{"@id":"https:\/\/digitalsantotome.com.ar\/?p=12701"},"author":{"name":"Jose Carlos Machado","@id":"https:\/\/digitalsantotome.com.ar\/#\/schema\/person\/8991d8822886fedd92ce7f03817e1bdf"},"headline":"Mariel Gabur: \u201cLos trabajadores de Tapebicu\u00e1 tienen esta tranquilidad de que pueden volver a ordenar su vida\u201d","datePublished":"2025-10-16T20:16:29+00:00","mainEntityOfPage":{"@id":"https:\/\/digitalsantotome.com.ar\/?p=12701"},"wordCount":1032,"publisher":{"@id":"https:\/\/digitalsantotome.com.ar\/#organization"},"image":{"@id":"https:\/\/digitalsantotome.com.ar\/?p=12701#primaryimage"},"thumbnailUrl":"https:\/\/digitalsantotome.com.ar\/wp-content\/uploads\/2025\/10\/268828_grande.jpg","articleSection":["Provinciales"],"inLanguage":"es"},{"@type":"WebPage","@id":"https:\/\/digitalsantotome.com.ar\/?p=12701","url":"https:\/\/digitalsantotome.com.ar\/?p=12701","name":"Mariel Gabur: \u201cLos trabajadores de Tapebicu\u00e1 tienen esta tranquilidad de que pueden volver a ordenar su vida\u201d - Digital Santo Tom\u00e9","isPartOf":{"@id":"https:\/\/digitalsantotome.com.ar\/#website"},"primaryImageOfPage":{"@id":"https:\/\/digitalsantotome.com.ar\/?p=12701#primaryimage"},"image":{"@id":"https:\/\/digitalsantotome.com.ar\/?p=12701#primaryimage"},"thumbnailUrl":"https:\/\/digitalsantotome.com.ar\/wp-content\/uploads\/2025\/10\/268828_grande.jpg","datePublished":"2025-10-16T20:16:29+00:00","breadcrumb":{"@id":"https:\/\/digitalsantotome.com.ar\/?p=12701#breadcrumb"},"inLanguage":"es","potentialAction":[{"@type":"ReadAction","target":["https:\/\/digitalsantotome.com.ar\/?p=12701"]}]},{"@type":"ImageObject","inLanguage":"es","@id":"https:\/\/digitalsantotome.com.ar\/?p=12701#primaryimage","url":"https:\/\/digitalsantotome.com.ar\/wp-content\/uploads\/2025\/10\/268828_grande.jpg","contentUrl":"https:\/\/digitalsantotome.com.ar\/wp-content\/uploads\/2025\/10\/268828_grande.jpg","width":900,"height":513},{"@type":"BreadcrumbList","@id":"https:\/\/digitalsantotome.com.ar\/?p=12701#breadcrumb","itemListElement":[{"@type":"ListItem","position":1,"name":"Portada","item":"https:\/\/digitalsantotome.com.ar\/"},{"@type":"ListItem","position":2,"name":"Mariel Gabur: \u201cLos trabajadores de Tapebicu\u00e1 tienen esta tranquilidad de que pueden volver a ordenar su vida\u201d"}]},{"@type":"WebSite","@id":"https:\/\/digitalsantotome.com.ar\/#website","url":"https:\/\/digitalsantotome.com.ar\/","name":"Digital Santo Tom\u00e9","description":"Noticias desde Santo Tom\u00e9 al Mundo \u2013 La informacion que decide","publisher":{"@id":"https:\/\/digitalsantotome.com.ar\/#organization"},"potentialAction":[{"@type":"SearchAction","target":{"@type":"EntryPoint","urlTemplate":"https:\/\/digitalsantotome.com.ar\/?s={search_term_string}"},"query-input":{"@type":"PropertyValueSpecification","valueRequired":true,"valueName":"search_term_string"}}],"inLanguage":"es"},{"@type":"Organization","@id":"https:\/\/digitalsantotome.com.ar\/#organization","name":"Digital Santo Tom\u00e9","url":"https:\/\/digitalsantotome.com.ar\/","logo":{"@type":"ImageObject","inLanguage":"es","@id":"https:\/\/digitalsantotome.com.ar\/#\/schema\/logo\/image\/","url":"https:\/\/digitalsantotome.com.ar\/wp-content\/uploads\/2023\/01\/facebook.jpg","contentUrl":"https:\/\/digitalsantotome.com.ar\/wp-content\/uploads\/2023\/01\/facebook.jpg","width":512,"height":376,"caption":"Digital Santo Tom\u00e9"},"image":{"@id":"https:\/\/digitalsantotome.com.ar\/#\/schema\/logo\/image\/"}},{"@type":"Person","@id":"https:\/\/digitalsantotome.com.ar\/#\/schema\/person\/8991d8822886fedd92ce7f03817e1bdf","name":"Jose Carlos Machado","url":"https:\/\/digitalsantotome.com.ar\/?author=2"}]}},"_links":{"self":[{"href":"https:\/\/digitalsantotome.com.ar\/index.php?rest_route=\/wp\/v2\/posts\/12701","targetHints":{"allow":["GET"]}}],"collection":[{"href":"https:\/\/digitalsantotome.com.ar\/index.php?rest_route=\/wp\/v2\/posts"}],"about":[{"href":"https:\/\/digitalsantotome.com.ar\/index.php?rest_route=\/wp\/v2\/types\/post"}],"author":[{"embeddable":true,"href":"https:\/\/digitalsantotome.com.ar\/index.php?rest_route=\/wp\/v2\/users\/2"}],"replies":[{"embeddable":true,"href":"https:\/\/digitalsantotome.com.ar\/index.php?rest_route=%2Fwp%2Fv2%2Fcomments&post=12701"}],"version-history":[{"count":1,"href":"https:\/\/digitalsantotome.com.ar\/index.php?rest_route=\/wp\/v2\/posts\/12701\/revisions"}],"predecessor-version":[{"id":12703,"href":"https:\/\/digitalsantotome.com.ar\/index.php?rest_route=\/wp\/v2\/posts\/12701\/revisions\/12703"}],"wp:featuredmedia":[{"embeddable":true,"href":"https:\/\/digitalsantotome.com.ar\/index.php?rest_route=\/wp\/v2\/media\/12702"}],"wp:attachment":[{"href":"https:\/\/digitalsantotome.com.ar\/index.php?rest_route=%2Fwp%2Fv2%2Fmedia&parent=12701"}],"wp:term":[{"taxonomy":"category","embeddable":true,"href":"https:\/\/digitalsantotome.com.ar\/index.php?rest_route=%2Fwp%2Fv2%2Fcategories&post=12701"},{"taxonomy":"post_tag","embeddable":true,"href":"https:\/\/digitalsantotome.com.ar\/index.php?rest_route=%2Fwp%2Fv2%2Ftags&post=12701"}],"curies":[{"name":"wp","href":"https:\/\/api.w.org\/{rel}","templated":true}]}}