{"id":12743,"date":"2025-10-20T15:12:53","date_gmt":"2025-10-20T18:12:53","guid":{"rendered":"https:\/\/digitalsantotome.com.ar\/?p=12743"},"modified":"2025-10-20T19:51:28","modified_gmt":"2025-10-20T22:51:28","slug":"turma-do-fon-fon-presento-su-enredo-2026-y-renovo-su-elenco-de-figuras-con-vista-al-carnaval-del-ano-proximo","status":"publish","type":"post","link":"https:\/\/digitalsantotome.com.ar\/?p=12743","title":{"rendered":"Turma do Fon Fon present\u00f3 su enredo 2026 y renov\u00f3 su elenco de figuras con vista al carnaval del a\u00f1o pr\u00f3ximo"},"content":{"rendered":"<p>SANTO TOME. Con un club River Plate colmado, la comparsa Turma do Fon Fon realiz\u00f3 este s\u00e1bado la presentaci\u00f3n oficial de su tema para el Carnaval 2026: \u201cYo tengo un sue\u00f1o, mi destino es fonfonero\u201d, junto a la proclamaci\u00f3n de sus nuevas figuras y el recambio institucional de la Bater\u00eda At\u00f3mica. As\u00ed lo se\u00f1ala un parte de prensa divulgado por la comparsa decana del carnaval santotome\u00f1o.<\/p>\n<p>En una noche de alta convocatoria, que reuni\u00f3 no solo a simpatizantes fonfoneros sino tambi\u00e9n a comparseros de Marab\u00fa, Ipanema y Emperadores do Samba de S\u00e4o Borja Brasil, la emblem\u00e1tica comparsa de Santo Tom\u00e9 \u2014con casi 70 a\u00f1os de historia\u2014 encendi\u00f3 nuevamente la pasi\u00f3n por el carnaval, en un encuentro de car\u00e1cter familiar y social que concluy\u00f3 con un baile al estilo tradicional de los hist\u00f3ricos encuentros de la ciudad.<\/p>\n<p><strong>El inicio: homenaje y reconocimiento institucional<\/strong><\/p>\n<p>El evento comenz\u00f3 con la presentaci\u00f3n del pabell\u00f3n rojo y blanco, portado por los ganadores 2025, la porta bandera Carla Almada y el mestre de sala Osmar Ferreyra. Se destac\u00f3 el rol del grupo \u201cCoraz\u00f3n Fonfonero\u201d, actual impulsor del proyecto 2026 durante una etapa de transici\u00f3n institucional, enfatizando el trabajo colaborativo y la conformaci\u00f3n de comit\u00e9s espec\u00edficos de comparsa, bater\u00eda, carros, \u00e1rea legal, eventos e infantil.<\/p>\n<p><strong>Un nuevo enredo para so\u00f1ar el 2026<\/strong><\/p>\n<p>La protagonista conceptual del tema 2026 fue presentada como una so\u00f1adora fonfonera de coraz\u00f3n: <strong>Karen Scholz,<\/strong> autora de la idea inicial que, junto al profesional carnavalesco<strong> Juanjo Caballero<\/strong>, fue transformada en la sinopsis oficial del pr\u00f3ximo desfile.<\/p>\n<p>El enredo, titulado<strong> \u201cYo tengo un sue\u00f1o, mi destino es fonfonero\u201d,<\/strong> propone un viaje on\u00edrico donde el sue\u00f1o es motor de creaci\u00f3n y esperanza. La puesta esc\u00e9nica incluy\u00f3 m\u00faltiples estaciones simb\u00f3licas, desde la inocencia infantil y los derechos, el enfrentamiento entre luz y oscuridad, hasta la celebraci\u00f3n final, representada por hadas, duendes, musas rojo y blanco y la formaci\u00f3n de la bandera por parte de las figuras legendarias Yuya y Marcos. El n\u00famero art\u00edstico estuvo encabezado por <strong>Florencia Ram\u00edrez y Florencia Shneider<\/strong> junto a un equipo de colaboradores.<\/p>\n<p><strong>Reconocimientos al legado 2025<\/strong><\/p>\n<p>Durante la velada se rindi\u00f3 homenaje a la comisi\u00f3n de frente 2025, cuya performance tuvo repercusi\u00f3n incluso a nivel nacional, y a las figuras destacadas del desfile anterior. Se resalt\u00f3 el impacto innovador de la edici\u00f3n pasada como referencia para la nueva etapa.<\/p>\n<p><strong>Presentaci\u00f3n oficial de las figuras del Carnaval 2026<\/strong><\/p>\n<p>En la cuarta etapa del evento se oficializ\u00f3 la presentaci\u00f3n del nuevo elenco de figuras que representar\u00e1n a Fon Fon en el pr\u00f3ximo carnaval. Con \u00e9nfasis en la emoci\u00f3n, la responsabilidad cultural y el compromiso institucional, se destac\u00f3 que portar un traje significa transmitir amor, pasi\u00f3n y tradici\u00f3n.<\/p>\n<p><strong>Un momento especial dedicado a las madres<\/strong><\/p>\n<p>Minutos despu\u00e9s de la medianoche, y ya en los primeros instantes del domingo 19, el evento se detuvo para realizar un reconocimiento especial por el D\u00eda de la Madre. Se entregaron presentes en cada mesa y entre el p\u00fablico, generando un momento de emoci\u00f3n colectiva.<\/p>\n<p><strong>La Bater\u00eda At\u00f3mica: despedida y nuevo liderazgo<\/strong><\/p>\n<p>La Bater\u00eda At\u00f3mica realiz\u00f3 su primera presentaci\u00f3n con su nuevo mestre, Santiago de Sousa, surgido del semillero de la comparsa, acompa\u00f1ado por un equipo de instructores renovados. La instituci\u00f3n agradeci\u00f3 p\u00fablicamente la labor de los ex directores, entre ellos<strong> Mart\u00edn Pinarello y Adolfo Duarte<\/strong>, quienes acompa\u00f1aron el traspaso simb\u00f3lico del mando.<\/p>\n<p><strong>Cierre y nuevos proyectos<\/strong><\/p>\n<p>El evento concluy\u00f3 con un gran baile popular que se extendi\u00f3 hasta la madrugada. Desde la organizaci\u00f3n se anunci\u00f3 que el pr\u00f3ximo 22 de noviembre se realizar\u00e1 un nuevo encuentro, cuya promoci\u00f3n se difundir\u00e1 pr\u00f3ximamente a trav\u00e9s de las redes oficiales de la comparsa.<\/p>\n<p>\u2e3b<\/p>\n<p><img decoding=\"async\" class=\"an1\" draggable=\"false\" src=\"https:\/\/fonts.gstatic.com\/s\/e\/notoemoji\/16.0\/1f4cc\/32.png\" alt=\"\ud83d\udccc\" data-emoji=\"\ud83d\udccc\" aria-label=\"\ud83d\udccc\" \/>\u00a0Figuras oficiales de Turma do Fon Fon 2026<\/p>\n<p><img decoding=\"async\" class=\"an1\" draggable=\"false\" src=\"https:\/\/fonts.gstatic.com\/s\/e\/notoemoji\/16.0\/1f7e5\/32.png\" alt=\"\ud83d\udfe5\" data-emoji=\"\ud83d\udfe5\" aria-label=\"\ud83d\udfe5\" \/>\u00a0Porta Bandera: Ayalen Corrales<br \/>\n<img decoding=\"async\" class=\"an1\" draggable=\"false\" src=\"https:\/\/fonts.gstatic.com\/s\/e\/notoemoji\/16.0\/2b1c\/32.png\" alt=\"\u2b1c\" data-emoji=\"\u2b1c\" aria-label=\"\u2b1c\" \/>\u00a0Mestre de Sala: Frederico Taborda<\/p>\n<p><img decoding=\"async\" class=\"an1\" draggable=\"false\" src=\"https:\/\/fonts.gstatic.com\/s\/e\/notoemoji\/16.0\/1f3ad\/32.png\" alt=\"\ud83c\udfad\" data-emoji=\"\ud83c\udfad\" aria-label=\"\ud83c\udfad\" \/>\u00a0Porta bandera infantil (Fonfonitos): Fiorella R\u00edos Berence<br \/>\n<img decoding=\"async\" class=\"an1\" draggable=\"false\" src=\"https:\/\/fonts.gstatic.com\/s\/e\/notoemoji\/16.0\/1f6e1_fe0f\/32.png\" alt=\"\ud83d\udee1\ufe0f\" data-emoji=\"\ud83d\udee1\ufe0f\" aria-label=\"\ud83d\udee1\ufe0f\" \/>\u00a0Mestre de Sala infantil: El\u00edas Rafael Mu\u00f1oz<\/p>\n<p><img decoding=\"async\" class=\"an1\" draggable=\"false\" src=\"https:\/\/fonts.gstatic.com\/s\/e\/notoemoji\/16.0\/2728\/32.png\" alt=\"\u2728\" data-emoji=\"\u2728\" aria-label=\"\u2728\" \/>\u00a0Gran Bastonera: Mariana G\u00f3mez<br \/>\n<img decoding=\"async\" class=\"an1\" draggable=\"false\" src=\"https:\/\/fonts.gstatic.com\/s\/e\/notoemoji\/16.0\/1f31f\/32.png\" alt=\"\ud83c\udf1f\" data-emoji=\"\ud83c\udf1f\" aria-label=\"\ud83c\udf1f\" \/>\u00a0Primera Bastonerita de Apertura (Fonfonitos): Federica Suaid<\/p>\n<p><img decoding=\"async\" class=\"an1\" draggable=\"false\" src=\"https:\/\/fonts.gstatic.com\/s\/e\/notoemoji\/16.0\/1f451\/32.png\" alt=\"\ud83d\udc51\" data-emoji=\"\ud83d\udc51\" aria-label=\"\ud83d\udc51\" \/>\u00a0Embajadora Turma do Fon Fon 2026: Mar\u00eda Jos\u00e9 Santinelli<\/p>\n<p><img decoding=\"async\" class=\"an1\" draggable=\"false\" src=\"https:\/\/fonts.gstatic.com\/s\/e\/notoemoji\/16.0\/1f397_fe0f\/32.png\" alt=\"\ud83c\udf97\ufe0f\" data-emoji=\"\ud83c\udf97\ufe0f\" aria-label=\"\ud83c\udf97\ufe0f\" \/>\u00a0Embajadorita de Fonfonitos: Gianna Abril de la Cruz<br \/>\n<img decoding=\"async\" class=\"an1\" draggable=\"false\" src=\"https:\/\/fonts.gstatic.com\/s\/e\/notoemoji\/16.0\/1fabd\/32.png\" alt=\"\ud83e\udebd\" data-emoji=\"\ud83e\udebd\" aria-label=\"\ud83e\udebd\" \/>\u00a0Abre Alitas Fonfonitos: Sof\u00eda y Julieta Comella<\/p>\n<p><img decoding=\"async\" class=\"an1\" draggable=\"false\" src=\"https:\/\/fonts.gstatic.com\/s\/e\/notoemoji\/16.0\/1f4a0\/32.png\" alt=\"\ud83d\udca0\" data-emoji=\"\ud83d\udca0\" aria-label=\"\ud83d\udca0\" \/>\u00a0Destaque Masculino: Fabio Iv\u00e1n L\u00f3pez<\/p>\n<p><img decoding=\"async\" class=\"an1\" draggable=\"false\" src=\"https:\/\/fonts.gstatic.com\/s\/e\/notoemoji\/16.0\/2764_fe0f\/32.png\" alt=\"\u2764\ufe0f\" data-emoji=\"\u2764\ufe0f\" aria-label=\"\u2764\ufe0f\" \/>\u00a0Musa Roja: Brenda Schiro<br \/>\n<img decoding=\"async\" class=\"an1\" draggable=\"false\" src=\"https:\/\/fonts.gstatic.com\/s\/e\/notoemoji\/16.0\/1f90d\/32.png\" alt=\"\ud83e\udd0d\" data-emoji=\"\ud83e\udd0d\" aria-label=\"\ud83e\udd0d\" \/>\u00a0Musa Blanca: Agostina Linares Zovak<\/p>\n<p><img decoding=\"async\" class=\"an1\" draggable=\"false\" src=\"https:\/\/fonts.gstatic.com\/s\/e\/notoemoji\/16.0\/1f339\/32.png\" alt=\"\ud83c\udf39\" data-emoji=\"\ud83c\udf39\" aria-label=\"\ud83c\udf39\" \/>\u00a0Musita Roja (Fonfonitos): Yasira Luc\u00eda Vega<br \/>\n<img decoding=\"async\" class=\"an1\" draggable=\"false\" src=\"https:\/\/fonts.gstatic.com\/s\/e\/notoemoji\/16.0\/26aa\/32.png\" alt=\"\u26aa\" data-emoji=\"\u26aa\" aria-label=\"\u26aa\" \/>\u00a0Musita Blanca (Fonfonitos): Bianca G\u00f3mez Lucca<\/p>\n<p><img decoding=\"async\" class=\"an1\" draggable=\"false\" src=\"https:\/\/fonts.gstatic.com\/s\/e\/notoemoji\/16.0\/1f941\/32.png\" alt=\"\ud83e\udd41\" data-emoji=\"\ud83e\udd41\" aria-label=\"\ud83e\udd41\" \/>\u00a0Mestre de Bater\u00eda: Santiago de Sousa<br \/>\n<img decoding=\"async\" class=\"an1\" draggable=\"false\" src=\"https:\/\/fonts.gstatic.com\/s\/e\/notoemoji\/16.0\/1f380\/32.png\" alt=\"\ud83c\udf80\" data-emoji=\"\ud83c\udf80\" aria-label=\"\ud83c\udf80\" \/>\u00a0Reinita de Bater\u00eda (Fonfonitos): L\u00faa Ram\u00edrez Morando<br \/>\n<img decoding=\"async\" class=\"an1\" draggable=\"false\" src=\"https:\/\/fonts.gstatic.com\/s\/e\/notoemoji\/16.0\/1f451\/32.png\" alt=\"\ud83d\udc51\" data-emoji=\"\ud83d\udc51\" aria-label=\"\ud83d\udc51\" \/>\u00a0Reina de Bater\u00eda: Xiomara Silva<\/p>\n<p><img decoding=\"async\" class=\"an1\" draggable=\"false\" src=\"https:\/\/fonts.gstatic.com\/s\/e\/notoemoji\/16.0\/1f478\/32.png\" alt=\"\ud83d\udc78\" data-emoji=\"\ud83d\udc78\" aria-label=\"\ud83d\udc78\" \/>\u00a0Reinita de Fonfonitos 2026: Paulina Etchegaray Men\u00e9ndez<br \/>\n<img decoding=\"async\" class=\"an1\" draggable=\"false\" src=\"https:\/\/fonts.gstatic.com\/s\/e\/notoemoji\/16.0\/1f451\/32.png\" alt=\"\ud83d\udc51\" data-emoji=\"\ud83d\udc51\" aria-label=\"\ud83d\udc51\" \/><strong> Reina de Instituci\u00f3n 2026: Florencia Schneider\u00a0<\/strong><\/p>\n<p><img fetchpriority=\"high\" decoding=\"async\" class=\"alignnone wp-image-12745\" src=\"https:\/\/digitalsantotome.com.ar\/wp-content\/uploads\/2025\/10\/IMG-20251020-WA0044.jpg\" alt=\"\" width=\"802\" height=\"535\" srcset=\"https:\/\/digitalsantotome.com.ar\/wp-content\/uploads\/2025\/10\/IMG-20251020-WA0044.jpg 1280w, https:\/\/digitalsantotome.com.ar\/wp-content\/uploads\/2025\/10\/IMG-20251020-WA0044-300x200.jpg 300w, https:\/\/digitalsantotome.com.ar\/wp-content\/uploads\/2025\/10\/IMG-20251020-WA0044-1024x683.jpg 1024w, https:\/\/digitalsantotome.com.ar\/wp-content\/uploads\/2025\/10\/IMG-20251020-WA0044-768x512.jpg 768w\" sizes=\"(max-width: 802px) 100vw, 802px\" \/><\/p>\n<p>&nbsp;<\/p>\n<p><img decoding=\"async\" class=\"alignnone wp-image-12746\" src=\"https:\/\/digitalsantotome.com.ar\/wp-content\/uploads\/2025\/10\/IMG-20251020-WA0050-scaled.jpg\" alt=\"\" width=\"800\" height=\"600\" srcset=\"https:\/\/digitalsantotome.com.ar\/wp-content\/uploads\/2025\/10\/IMG-20251020-WA0050-scaled.jpg 2560w, https:\/\/digitalsantotome.com.ar\/wp-content\/uploads\/2025\/10\/IMG-20251020-WA0050-300x225.jpg 300w, https:\/\/digitalsantotome.com.ar\/wp-content\/uploads\/2025\/10\/IMG-20251020-WA0050-1024x768.jpg 1024w, https:\/\/digitalsantotome.com.ar\/wp-content\/uploads\/2025\/10\/IMG-20251020-WA0050-768x576.jpg 768w, https:\/\/digitalsantotome.com.ar\/wp-content\/uploads\/2025\/10\/IMG-20251020-WA0050-1536x1152.jpg 1536w, https:\/\/digitalsantotome.com.ar\/wp-content\/uploads\/2025\/10\/IMG-20251020-WA0050-2048x1536.jpg 2048w\" sizes=\"(max-width: 800px) 100vw, 800px\" \/><\/p>\n<p><img decoding=\"async\" class=\"alignnone wp-image-12748\" src=\"https:\/\/digitalsantotome.com.ar\/wp-content\/uploads\/2025\/10\/IMG-20251020-WA0054.jpg\" alt=\"\" width=\"800\" height=\"533\" srcset=\"https:\/\/digitalsantotome.com.ar\/wp-content\/uploads\/2025\/10\/IMG-20251020-WA0054.jpg 1280w, https:\/\/digitalsantotome.com.ar\/wp-content\/uploads\/2025\/10\/IMG-20251020-WA0054-300x200.jpg 300w, https:\/\/digitalsantotome.com.ar\/wp-content\/uploads\/2025\/10\/IMG-20251020-WA0054-1024x683.jpg 1024w, https:\/\/digitalsantotome.com.ar\/wp-content\/uploads\/2025\/10\/IMG-20251020-WA0054-768x512.jpg 768w\" sizes=\"(max-width: 800px) 100vw, 800px\" \/><\/p>\n<p><img loading=\"lazy\" decoding=\"async\" class=\"alignnone wp-image-12749\" src=\"https:\/\/digitalsantotome.com.ar\/wp-content\/uploads\/2025\/10\/IMG-20251020-WA0052-scaled.jpg\" alt=\"\" width=\"800\" height=\"600\" srcset=\"https:\/\/digitalsantotome.com.ar\/wp-content\/uploads\/2025\/10\/IMG-20251020-WA0052-scaled.jpg 2560w, https:\/\/digitalsantotome.com.ar\/wp-content\/uploads\/2025\/10\/IMG-20251020-WA0052-300x225.jpg 300w, https:\/\/digitalsantotome.com.ar\/wp-content\/uploads\/2025\/10\/IMG-20251020-WA0052-1024x768.jpg 1024w, https:\/\/digitalsantotome.com.ar\/wp-content\/uploads\/2025\/10\/IMG-20251020-WA0052-768x576.jpg 768w, https:\/\/digitalsantotome.com.ar\/wp-content\/uploads\/2025\/10\/IMG-20251020-WA0052-1536x1152.jpg 1536w, https:\/\/digitalsantotome.com.ar\/wp-content\/uploads\/2025\/10\/IMG-20251020-WA0052-2048x1536.jpg 2048w\" sizes=\"(max-width: 800px) 100vw, 800px\" \/><\/p>\n<p><img loading=\"lazy\" decoding=\"async\" class=\"alignnone wp-image-12750\" src=\"https:\/\/digitalsantotome.com.ar\/wp-content\/uploads\/2025\/10\/IMG-20251020-WA0055.jpg\" alt=\"\" width=\"807\" height=\"538\" srcset=\"https:\/\/digitalsantotome.com.ar\/wp-content\/uploads\/2025\/10\/IMG-20251020-WA0055.jpg 1280w, https:\/\/digitalsantotome.com.ar\/wp-content\/uploads\/2025\/10\/IMG-20251020-WA0055-300x200.jpg 300w, https:\/\/digitalsantotome.com.ar\/wp-content\/uploads\/2025\/10\/IMG-20251020-WA0055-1024x683.jpg 1024w, https:\/\/digitalsantotome.com.ar\/wp-content\/uploads\/2025\/10\/IMG-20251020-WA0055-768x512.jpg 768w\" sizes=\"(max-width: 807px) 100vw, 807px\" \/><\/p>\n<p>&nbsp;<\/p>\n","protected":false},"excerpt":{"rendered":"<p>SANTO TOME. Con un club River Plate colmado, la comparsa Turma do Fon Fon realiz\u00f3 este s\u00e1bado la presentaci\u00f3n oficial de su tema para el Carnaval 2026: \u201cYo tengo un sue\u00f1o, mi destino es fonfonero\u201d, junto a la proclamaci\u00f3n de sus nuevas figuras y el recambio institucional de la Bater\u00eda At\u00f3mica. As\u00ed lo se\u00f1ala un&#8230;<\/p>\n","protected":false},"author":2,"featured_media":12744,"comment_status":"closed","ping_status":"closed","sticky":false,"template":"","format":"standard","meta":{"_kad_post_transparent":"default","_kad_post_title":"default","_kad_post_layout":"default","_kad_post_sidebar_id":"","_kad_post_content_style":"default","_kad_post_vertical_padding":"default","_kad_post_feature":"","_kad_post_feature_position":"","_kad_post_header":false,"_kad_post_footer":false,"_kad_post_classname":"","footnotes":""},"categories":[1],"tags":[],"class_list":["post-12743","post","type-post","status-publish","format-standard","has-post-thumbnail","hentry","category-locales"],"a3_pvc":{"activated":false,"total_views":0,"today_views":0},"yoast_head":"<!-- This site is optimized with the Yoast SEO plugin v27.5 - https:\/\/yoast.com\/product\/yoast-seo-wordpress\/ -->\n<title>Turma do Fon Fon present\u00f3 su enredo 2026 y renov\u00f3 su elenco de figuras con vista al carnaval del a\u00f1o pr\u00f3ximo - Digital Santo Tom\u00e9<\/title>\n<meta name=\"robots\" content=\"index, follow, max-snippet:-1, max-image-preview:large, max-video-preview:-1\" \/>\n<link rel=\"canonical\" href=\"https:\/\/digitalsantotome.com.ar\/?p=12743\" \/>\n<meta property=\"og:locale\" content=\"es_ES\" \/>\n<meta property=\"og:type\" content=\"article\" \/>\n<meta property=\"og:title\" content=\"Turma do Fon Fon present\u00f3 su enredo 2026 y renov\u00f3 su elenco de figuras con vista al carnaval del a\u00f1o pr\u00f3ximo - Digital Santo Tom\u00e9\" \/>\n<meta property=\"og:description\" content=\"SANTO TOME. Con un club River Plate colmado, la comparsa Turma do Fon Fon realiz\u00f3 este s\u00e1bado la presentaci\u00f3n oficial de su tema para el Carnaval 2026: \u201cYo tengo un sue\u00f1o, mi destino es fonfonero\u201d, junto a la proclamaci\u00f3n de sus nuevas figuras y el recambio institucional de la Bater\u00eda At\u00f3mica. As\u00ed lo se\u00f1ala un...\" \/>\n<meta property=\"og:url\" content=\"https:\/\/digitalsantotome.com.ar\/?p=12743\" \/>\n<meta property=\"og:site_name\" content=\"Digital Santo Tom\u00e9\" \/>\n<meta property=\"article:published_time\" content=\"2025-10-20T18:12:53+00:00\" \/>\n<meta property=\"article:modified_time\" content=\"2025-10-20T22:51:28+00:00\" \/>\n<meta property=\"og:image\" content=\"https:\/\/digitalsantotome.com.ar\/wp-content\/uploads\/2025\/10\/IMG-20251020-WA0043-1.jpg\" \/>\n\t<meta property=\"og:image:width\" content=\"1280\" \/>\n\t<meta property=\"og:image:height\" content=\"854\" \/>\n\t<meta property=\"og:image:type\" content=\"image\/jpeg\" \/>\n<meta name=\"author\" content=\"Jose Carlos Machado\" \/>\n<meta name=\"twitter:card\" content=\"summary_large_image\" \/>\n<meta name=\"twitter:label1\" content=\"Escrito por\" \/>\n\t<meta name=\"twitter:data1\" content=\"Jose Carlos Machado\" \/>\n\t<meta name=\"twitter:label2\" content=\"Tiempo de lectura\" \/>\n\t<meta name=\"twitter:data2\" content=\"9 minutos\" \/>\n<script type=\"application\/ld+json\" class=\"yoast-schema-graph\">{\"@context\":\"https:\\\/\\\/schema.org\",\"@graph\":[{\"@type\":\"Article\",\"@id\":\"https:\\\/\\\/digitalsantotome.com.ar\\\/?p=12743#article\",\"isPartOf\":{\"@id\":\"https:\\\/\\\/digitalsantotome.com.ar\\\/?p=12743\"},\"author\":{\"name\":\"Jose Carlos Machado\",\"@id\":\"https:\\\/\\\/digitalsantotome.com.ar\\\/#\\\/schema\\\/person\\\/8991d8822886fedd92ce7f03817e1bdf\"},\"headline\":\"Turma do Fon Fon present\u00f3 su enredo 2026 y renov\u00f3 su elenco de figuras con vista al carnaval del a\u00f1o pr\u00f3ximo\",\"datePublished\":\"2025-10-20T18:12:53+00:00\",\"dateModified\":\"2025-10-20T22:51:28+00:00\",\"mainEntityOfPage\":{\"@id\":\"https:\\\/\\\/digitalsantotome.com.ar\\\/?p=12743\"},\"wordCount\":819,\"publisher\":{\"@id\":\"https:\\\/\\\/digitalsantotome.com.ar\\\/#organization\"},\"image\":{\"@id\":\"https:\\\/\\\/digitalsantotome.com.ar\\\/?p=12743#primaryimage\"},\"thumbnailUrl\":\"https:\\\/\\\/digitalsantotome.com.ar\\\/wp-content\\\/uploads\\\/2025\\\/10\\\/IMG-20251020-WA0043-1.jpg\",\"articleSection\":[\"Locales\"],\"inLanguage\":\"es\"},{\"@type\":\"WebPage\",\"@id\":\"https:\\\/\\\/digitalsantotome.com.ar\\\/?p=12743\",\"url\":\"https:\\\/\\\/digitalsantotome.com.ar\\\/?p=12743\",\"name\":\"Turma do Fon Fon present\u00f3 su enredo 2026 y renov\u00f3 su elenco de figuras con vista al carnaval del a\u00f1o pr\u00f3ximo - Digital Santo Tom\u00e9\",\"isPartOf\":{\"@id\":\"https:\\\/\\\/digitalsantotome.com.ar\\\/#website\"},\"primaryImageOfPage\":{\"@id\":\"https:\\\/\\\/digitalsantotome.com.ar\\\/?p=12743#primaryimage\"},\"image\":{\"@id\":\"https:\\\/\\\/digitalsantotome.com.ar\\\/?p=12743#primaryimage\"},\"thumbnailUrl\":\"https:\\\/\\\/digitalsantotome.com.ar\\\/wp-content\\\/uploads\\\/2025\\\/10\\\/IMG-20251020-WA0043-1.jpg\",\"datePublished\":\"2025-10-20T18:12:53+00:00\",\"dateModified\":\"2025-10-20T22:51:28+00:00\",\"breadcrumb\":{\"@id\":\"https:\\\/\\\/digitalsantotome.com.ar\\\/?p=12743#breadcrumb\"},\"inLanguage\":\"es\",\"potentialAction\":[{\"@type\":\"ReadAction\",\"target\":[\"https:\\\/\\\/digitalsantotome.com.ar\\\/?p=12743\"]}]},{\"@type\":\"ImageObject\",\"inLanguage\":\"es\",\"@id\":\"https:\\\/\\\/digitalsantotome.com.ar\\\/?p=12743#primaryimage\",\"url\":\"https:\\\/\\\/digitalsantotome.com.ar\\\/wp-content\\\/uploads\\\/2025\\\/10\\\/IMG-20251020-WA0043-1.jpg\",\"contentUrl\":\"https:\\\/\\\/digitalsantotome.com.ar\\\/wp-content\\\/uploads\\\/2025\\\/10\\\/IMG-20251020-WA0043-1.jpg\",\"width\":1280,\"height\":854},{\"@type\":\"BreadcrumbList\",\"@id\":\"https:\\\/\\\/digitalsantotome.com.ar\\\/?p=12743#breadcrumb\",\"itemListElement\":[{\"@type\":\"ListItem\",\"position\":1,\"name\":\"Portada\",\"item\":\"https:\\\/\\\/digitalsantotome.com.ar\\\/\"},{\"@type\":\"ListItem\",\"position\":2,\"name\":\"Turma do Fon Fon present\u00f3 su enredo 2026 y renov\u00f3 su elenco de figuras con vista al carnaval del a\u00f1o pr\u00f3ximo\"}]},{\"@type\":\"WebSite\",\"@id\":\"https:\\\/\\\/digitalsantotome.com.ar\\\/#website\",\"url\":\"https:\\\/\\\/digitalsantotome.com.ar\\\/\",\"name\":\"Digital Santo Tom\u00e9\",\"description\":\"Noticias desde Santo Tom\u00e9 al Mundo \u2013 La informacion que decide\",\"publisher\":{\"@id\":\"https:\\\/\\\/digitalsantotome.com.ar\\\/#organization\"},\"potentialAction\":[{\"@type\":\"SearchAction\",\"target\":{\"@type\":\"EntryPoint\",\"urlTemplate\":\"https:\\\/\\\/digitalsantotome.com.ar\\\/?s={search_term_string}\"},\"query-input\":{\"@type\":\"PropertyValueSpecification\",\"valueRequired\":true,\"valueName\":\"search_term_string\"}}],\"inLanguage\":\"es\"},{\"@type\":\"Organization\",\"@id\":\"https:\\\/\\\/digitalsantotome.com.ar\\\/#organization\",\"name\":\"Digital Santo Tom\u00e9\",\"url\":\"https:\\\/\\\/digitalsantotome.com.ar\\\/\",\"logo\":{\"@type\":\"ImageObject\",\"inLanguage\":\"es\",\"@id\":\"https:\\\/\\\/digitalsantotome.com.ar\\\/#\\\/schema\\\/logo\\\/image\\\/\",\"url\":\"https:\\\/\\\/digitalsantotome.com.ar\\\/wp-content\\\/uploads\\\/2023\\\/01\\\/facebook.jpg\",\"contentUrl\":\"https:\\\/\\\/digitalsantotome.com.ar\\\/wp-content\\\/uploads\\\/2023\\\/01\\\/facebook.jpg\",\"width\":512,\"height\":376,\"caption\":\"Digital Santo Tom\u00e9\"},\"image\":{\"@id\":\"https:\\\/\\\/digitalsantotome.com.ar\\\/#\\\/schema\\\/logo\\\/image\\\/\"}},{\"@type\":\"Person\",\"@id\":\"https:\\\/\\\/digitalsantotome.com.ar\\\/#\\\/schema\\\/person\\\/8991d8822886fedd92ce7f03817e1bdf\",\"name\":\"Jose Carlos Machado\",\"url\":\"https:\\\/\\\/digitalsantotome.com.ar\\\/?author=2\"}]}<\/script>\n<!-- \/ Yoast SEO plugin. -->","yoast_head_json":{"title":"Turma do Fon Fon present\u00f3 su enredo 2026 y renov\u00f3 su elenco de figuras con vista al carnaval del a\u00f1o pr\u00f3ximo - Digital Santo Tom\u00e9","robots":{"index":"index","follow":"follow","max-snippet":"max-snippet:-1","max-image-preview":"max-image-preview:large","max-video-preview":"max-video-preview:-1"},"canonical":"https:\/\/digitalsantotome.com.ar\/?p=12743","og_locale":"es_ES","og_type":"article","og_title":"Turma do Fon Fon present\u00f3 su enredo 2026 y renov\u00f3 su elenco de figuras con vista al carnaval del a\u00f1o pr\u00f3ximo - Digital Santo Tom\u00e9","og_description":"SANTO TOME. Con un club River Plate colmado, la comparsa Turma do Fon Fon realiz\u00f3 este s\u00e1bado la presentaci\u00f3n oficial de su tema para el Carnaval 2026: \u201cYo tengo un sue\u00f1o, mi destino es fonfonero\u201d, junto a la proclamaci\u00f3n de sus nuevas figuras y el recambio institucional de la Bater\u00eda At\u00f3mica. As\u00ed lo se\u00f1ala un...","og_url":"https:\/\/digitalsantotome.com.ar\/?p=12743","og_site_name":"Digital Santo Tom\u00e9","article_published_time":"2025-10-20T18:12:53+00:00","article_modified_time":"2025-10-20T22:51:28+00:00","og_image":[{"width":1280,"height":854,"url":"https:\/\/digitalsantotome.com.ar\/wp-content\/uploads\/2025\/10\/IMG-20251020-WA0043-1.jpg","type":"image\/jpeg"}],"author":"Jose Carlos Machado","twitter_card":"summary_large_image","twitter_misc":{"Escrito por":"Jose Carlos Machado","Tiempo de lectura":"9 minutos"},"schema":{"@context":"https:\/\/schema.org","@graph":[{"@type":"Article","@id":"https:\/\/digitalsantotome.com.ar\/?p=12743#article","isPartOf":{"@id":"https:\/\/digitalsantotome.com.ar\/?p=12743"},"author":{"name":"Jose Carlos Machado","@id":"https:\/\/digitalsantotome.com.ar\/#\/schema\/person\/8991d8822886fedd92ce7f03817e1bdf"},"headline":"Turma do Fon Fon present\u00f3 su enredo 2026 y renov\u00f3 su elenco de figuras con vista al carnaval del a\u00f1o pr\u00f3ximo","datePublished":"2025-10-20T18:12:53+00:00","dateModified":"2025-10-20T22:51:28+00:00","mainEntityOfPage":{"@id":"https:\/\/digitalsantotome.com.ar\/?p=12743"},"wordCount":819,"publisher":{"@id":"https:\/\/digitalsantotome.com.ar\/#organization"},"image":{"@id":"https:\/\/digitalsantotome.com.ar\/?p=12743#primaryimage"},"thumbnailUrl":"https:\/\/digitalsantotome.com.ar\/wp-content\/uploads\/2025\/10\/IMG-20251020-WA0043-1.jpg","articleSection":["Locales"],"inLanguage":"es"},{"@type":"WebPage","@id":"https:\/\/digitalsantotome.com.ar\/?p=12743","url":"https:\/\/digitalsantotome.com.ar\/?p=12743","name":"Turma do Fon Fon present\u00f3 su enredo 2026 y renov\u00f3 su elenco de figuras con vista al carnaval del a\u00f1o pr\u00f3ximo - Digital Santo Tom\u00e9","isPartOf":{"@id":"https:\/\/digitalsantotome.com.ar\/#website"},"primaryImageOfPage":{"@id":"https:\/\/digitalsantotome.com.ar\/?p=12743#primaryimage"},"image":{"@id":"https:\/\/digitalsantotome.com.ar\/?p=12743#primaryimage"},"thumbnailUrl":"https:\/\/digitalsantotome.com.ar\/wp-content\/uploads\/2025\/10\/IMG-20251020-WA0043-1.jpg","datePublished":"2025-10-20T18:12:53+00:00","dateModified":"2025-10-20T22:51:28+00:00","breadcrumb":{"@id":"https:\/\/digitalsantotome.com.ar\/?p=12743#breadcrumb"},"inLanguage":"es","potentialAction":[{"@type":"ReadAction","target":["https:\/\/digitalsantotome.com.ar\/?p=12743"]}]},{"@type":"ImageObject","inLanguage":"es","@id":"https:\/\/digitalsantotome.com.ar\/?p=12743#primaryimage","url":"https:\/\/digitalsantotome.com.ar\/wp-content\/uploads\/2025\/10\/IMG-20251020-WA0043-1.jpg","contentUrl":"https:\/\/digitalsantotome.com.ar\/wp-content\/uploads\/2025\/10\/IMG-20251020-WA0043-1.jpg","width":1280,"height":854},{"@type":"BreadcrumbList","@id":"https:\/\/digitalsantotome.com.ar\/?p=12743#breadcrumb","itemListElement":[{"@type":"ListItem","position":1,"name":"Portada","item":"https:\/\/digitalsantotome.com.ar\/"},{"@type":"ListItem","position":2,"name":"Turma do Fon Fon present\u00f3 su enredo 2026 y renov\u00f3 su elenco de figuras con vista al carnaval del a\u00f1o pr\u00f3ximo"}]},{"@type":"WebSite","@id":"https:\/\/digitalsantotome.com.ar\/#website","url":"https:\/\/digitalsantotome.com.ar\/","name":"Digital Santo Tom\u00e9","description":"Noticias desde Santo Tom\u00e9 al Mundo \u2013 La informacion que decide","publisher":{"@id":"https:\/\/digitalsantotome.com.ar\/#organization"},"potentialAction":[{"@type":"SearchAction","target":{"@type":"EntryPoint","urlTemplate":"https:\/\/digitalsantotome.com.ar\/?s={search_term_string}"},"query-input":{"@type":"PropertyValueSpecification","valueRequired":true,"valueName":"search_term_string"}}],"inLanguage":"es"},{"@type":"Organization","@id":"https:\/\/digitalsantotome.com.ar\/#organization","name":"Digital Santo Tom\u00e9","url":"https:\/\/digitalsantotome.com.ar\/","logo":{"@type":"ImageObject","inLanguage":"es","@id":"https:\/\/digitalsantotome.com.ar\/#\/schema\/logo\/image\/","url":"https:\/\/digitalsantotome.com.ar\/wp-content\/uploads\/2023\/01\/facebook.jpg","contentUrl":"https:\/\/digitalsantotome.com.ar\/wp-content\/uploads\/2023\/01\/facebook.jpg","width":512,"height":376,"caption":"Digital Santo Tom\u00e9"},"image":{"@id":"https:\/\/digitalsantotome.com.ar\/#\/schema\/logo\/image\/"}},{"@type":"Person","@id":"https:\/\/digitalsantotome.com.ar\/#\/schema\/person\/8991d8822886fedd92ce7f03817e1bdf","name":"Jose Carlos Machado","url":"https:\/\/digitalsantotome.com.ar\/?author=2"}]}},"_links":{"self":[{"href":"https:\/\/digitalsantotome.com.ar\/index.php?rest_route=\/wp\/v2\/posts\/12743","targetHints":{"allow":["GET"]}}],"collection":[{"href":"https:\/\/digitalsantotome.com.ar\/index.php?rest_route=\/wp\/v2\/posts"}],"about":[{"href":"https:\/\/digitalsantotome.com.ar\/index.php?rest_route=\/wp\/v2\/types\/post"}],"author":[{"embeddable":true,"href":"https:\/\/digitalsantotome.com.ar\/index.php?rest_route=\/wp\/v2\/users\/2"}],"replies":[{"embeddable":true,"href":"https:\/\/digitalsantotome.com.ar\/index.php?rest_route=%2Fwp%2Fv2%2Fcomments&post=12743"}],"version-history":[{"count":1,"href":"https:\/\/digitalsantotome.com.ar\/index.php?rest_route=\/wp\/v2\/posts\/12743\/revisions"}],"predecessor-version":[{"id":12751,"href":"https:\/\/digitalsantotome.com.ar\/index.php?rest_route=\/wp\/v2\/posts\/12743\/revisions\/12751"}],"wp:featuredmedia":[{"embeddable":true,"href":"https:\/\/digitalsantotome.com.ar\/index.php?rest_route=\/wp\/v2\/media\/12744"}],"wp:attachment":[{"href":"https:\/\/digitalsantotome.com.ar\/index.php?rest_route=%2Fwp%2Fv2%2Fmedia&parent=12743"}],"wp:term":[{"taxonomy":"category","embeddable":true,"href":"https:\/\/digitalsantotome.com.ar\/index.php?rest_route=%2Fwp%2Fv2%2Fcategories&post=12743"},{"taxonomy":"post_tag","embeddable":true,"href":"https:\/\/digitalsantotome.com.ar\/index.php?rest_route=%2Fwp%2Fv2%2Ftags&post=12743"}],"curies":[{"name":"wp","href":"https:\/\/api.w.org\/{rel}","templated":true}]}}