{"id":12755,"date":"2025-10-20T19:50:47","date_gmt":"2025-10-20T22:50:47","guid":{"rendered":"https:\/\/digitalsantotome.com.ar\/?p=12755"},"modified":"2025-10-23T16:37:32","modified_gmt":"2025-10-23T19:37:32","slug":"puente-internacional-asumio-el-nuevo-presidente-de-la-delegacion-de-control","status":"publish","type":"post","link":"https:\/\/digitalsantotome.com.ar\/?p=12755","title":{"rendered":"Puente Internacional: Asumi\u00f3 el nuevo presidente de la Delegaci\u00f3n de Control"},"content":{"rendered":"<p>SANTO TOME. Recientemente asumi\u00f3 el cargo de presidente de la Delegaci\u00f3n de Control (DELCON) del Puente Internacional de la Integraci\u00f3n que une a las ciudades de Santo Tom\u00e9 y Sao Borja; Javier Ricardo Milano Rodr\u00edguez, quien reemplaza en el cargo a Daniel Locatelli quien falleciera en el mes de noviembre de 2024 en un confuso accidente.<\/p>\n<p>El nuevo titular de la DELCON, estuvo el pasado d\u00eda jueves por espacio de unas horas en el Centro Unificado de Frontera y lo hizo acompa\u00f1ado por el presidente de la Comisi\u00f3n Mixta Argentino \u2013 Brasile\u00f1a (COMAB), <strong>Ricardo Botana.<\/strong><\/p>\n<p>Milano Rodr\u00edguez hasta hace poco se desempe\u00f1aba como <strong>secretario de Provincias y Municipios<\/strong> en la \u00f3rbita del ministerio del Interior.<\/p>\n<p>La designaci\u00f3n de Milano Rodr\u00edguez, se da justo en el per\u00edodo de transici\u00f3n en el cambio de la concesionaria que administrar\u00e1 a partir de noviembre el Centro Unificado de Frontera entre la empresa saliente<strong> Mercovia SA<\/strong> y la entrante<strong> Rodovias Mercosul,<\/strong> esta \u00faltima una empresa brasile\u00f1a que gan\u00f3 la licitaci\u00f3n de la uni\u00f3n vial internacional que une a ambos pa\u00edses desde el a\u00f1o 1997 cuando el mismo se inaugurara con las presencias de los entonces presidentes <strong>Carlos Menem y Fernando Enrique Cardoso.\u00a0<\/strong><\/p>\n<p><strong>\u00bfQUE ROL CUMPLE LA DELCON?<\/strong><\/p>\n<p>La\u00a0<strong>DELCON (Delegaci\u00f3n de Control)<\/strong>\u00a0es el\u00a0organismo binacional, integrado por representantes de Argentina y Brasil, cuya funci\u00f3n es supervisar la concesi\u00f3n del puente internacional \u201cDe la Integraci\u00f3n\u201d, que une las ciudades de Santo Tom\u00e9 (Argentina) y S\u00e3o Borja (Brasil).<\/p>\n<p><strong>Funciones de la DELCON<\/strong><\/p>\n<ul>\n<li><strong>Supervisi\u00f3n: <\/strong>Vigila que la empresa concesionaria cumpla con todas las cl\u00e1usulas del contrato de concesi\u00f3n, incluyendo el mantenimiento de la infraestructura, los servicios ofrecidos en el Centro Unificado de Frontera (CUF) y la correcta gesti\u00f3n del peaje.<\/li>\n<li><strong>Interlocuci\u00f3n: <\/strong>Funciona como un nexo entre los gobiernos de ambos pa\u00edses y la empresa concesionaria, asegurando que las operaciones se ajusten a los acuerdos bilaterales.<\/li>\n<li><strong>Inspecci\u00f3n: <\/strong>Realiza inspecciones regulares para verificar el estado de las instalaciones del puente, los accesos viales y el CUF.<\/li>\n<\/ul>\n<p><strong>Comisi\u00f3n Mixta Argentino-Brasile\u00f1a (COMAB)<\/strong>.<\/p>\n<p>La COMAB es el organismo binacional que supervisa todo lo relacionado con la concesi\u00f3n y operaci\u00f3n del puente internacional de la Integraci\u00f3n, que une Santo Tom\u00e9 (Argentina) con S\u00e3o Borja (Brasil). En este cargo, Ricardo Botana ha estado activamente involucrado en el proceso de licitaci\u00f3n y transici\u00f3n de la nueva concesionaria del puente.<\/p>\n<p>&nbsp;<\/p>\n","protected":false},"excerpt":{"rendered":"<p>SANTO TOME. Recientemente asumi\u00f3 el cargo de presidente de la Delegaci\u00f3n de Control (DELCON) del Puente Internacional de la Integraci\u00f3n que une a las ciudades de Santo Tom\u00e9 y Sao Borja; Javier Ricardo Milano Rodr\u00edguez, quien reemplaza en el cargo a Daniel Locatelli quien falleciera en el mes de noviembre de 2024 en un confuso&#8230;<\/p>\n","protected":false},"author":2,"featured_media":12756,"comment_status":"closed","ping_status":"closed","sticky":false,"template":"","format":"standard","meta":{"_kad_post_transparent":"default","_kad_post_title":"default","_kad_post_layout":"default","_kad_post_sidebar_id":"","_kad_post_content_style":"default","_kad_post_vertical_padding":"default","_kad_post_feature":"","_kad_post_feature_position":"","_kad_post_header":false,"_kad_post_footer":false,"_kad_post_classname":"","footnotes":""},"categories":[1],"tags":[],"class_list":["post-12755","post","type-post","status-publish","format-standard","has-post-thumbnail","hentry","category-locales"],"a3_pvc":{"activated":false,"total_views":0,"today_views":0},"yoast_head":"<!-- This site is optimized with the Yoast SEO plugin v27.5 - https:\/\/yoast.com\/product\/yoast-seo-wordpress\/ -->\n<title>Puente Internacional: Asumi\u00f3 el nuevo presidente de la Delegaci\u00f3n de Control - Digital Santo Tom\u00e9<\/title>\n<meta name=\"robots\" content=\"index, follow, max-snippet:-1, max-image-preview:large, max-video-preview:-1\" \/>\n<link rel=\"canonical\" href=\"https:\/\/digitalsantotome.com.ar\/?p=12755\" \/>\n<meta property=\"og:locale\" content=\"es_ES\" \/>\n<meta property=\"og:type\" content=\"article\" \/>\n<meta property=\"og:title\" content=\"Puente Internacional: Asumi\u00f3 el nuevo presidente de la Delegaci\u00f3n de Control - Digital Santo Tom\u00e9\" \/>\n<meta property=\"og:description\" content=\"SANTO TOME. Recientemente asumi\u00f3 el cargo de presidente de la Delegaci\u00f3n de Control (DELCON) del Puente Internacional de la Integraci\u00f3n que une a las ciudades de Santo Tom\u00e9 y Sao Borja; Javier Ricardo Milano Rodr\u00edguez, quien reemplaza en el cargo a Daniel Locatelli quien falleciera en el mes de noviembre de 2024 en un confuso...\" \/>\n<meta property=\"og:url\" content=\"https:\/\/digitalsantotome.com.ar\/?p=12755\" \/>\n<meta property=\"og:site_name\" content=\"Digital Santo Tom\u00e9\" \/>\n<meta property=\"article:published_time\" content=\"2025-10-20T22:50:47+00:00\" \/>\n<meta property=\"article:modified_time\" content=\"2025-10-23T19:37:32+00:00\" \/>\n<meta property=\"og:image\" content=\"https:\/\/digitalsantotome.com.ar\/wp-content\/uploads\/2025\/10\/int_6854.jpg\" \/>\n\t<meta property=\"og:image:width\" content=\"720\" \/>\n\t<meta property=\"og:image:height\" content=\"720\" \/>\n\t<meta property=\"og:image:type\" content=\"image\/jpeg\" \/>\n<meta name=\"author\" content=\"Jose Carlos Machado\" \/>\n<meta name=\"twitter:card\" content=\"summary_large_image\" \/>\n<meta name=\"twitter:label1\" content=\"Escrito por\" \/>\n\t<meta name=\"twitter:data1\" content=\"Jose Carlos Machado\" \/>\n\t<meta name=\"twitter:label2\" content=\"Tiempo de lectura\" \/>\n\t<meta name=\"twitter:data2\" content=\"2 minutos\" \/>\n<script type=\"application\/ld+json\" class=\"yoast-schema-graph\">{\"@context\":\"https:\\\/\\\/schema.org\",\"@graph\":[{\"@type\":\"Article\",\"@id\":\"https:\\\/\\\/digitalsantotome.com.ar\\\/?p=12755#article\",\"isPartOf\":{\"@id\":\"https:\\\/\\\/digitalsantotome.com.ar\\\/?p=12755\"},\"author\":{\"name\":\"Jose Carlos Machado\",\"@id\":\"https:\\\/\\\/digitalsantotome.com.ar\\\/#\\\/schema\\\/person\\\/8991d8822886fedd92ce7f03817e1bdf\"},\"headline\":\"Puente Internacional: Asumi\u00f3 el nuevo presidente de la Delegaci\u00f3n de Control\",\"datePublished\":\"2025-10-20T22:50:47+00:00\",\"dateModified\":\"2025-10-23T19:37:32+00:00\",\"mainEntityOfPage\":{\"@id\":\"https:\\\/\\\/digitalsantotome.com.ar\\\/?p=12755\"},\"wordCount\":432,\"publisher\":{\"@id\":\"https:\\\/\\\/digitalsantotome.com.ar\\\/#organization\"},\"image\":{\"@id\":\"https:\\\/\\\/digitalsantotome.com.ar\\\/?p=12755#primaryimage\"},\"thumbnailUrl\":\"https:\\\/\\\/digitalsantotome.com.ar\\\/wp-content\\\/uploads\\\/2025\\\/10\\\/int_6854.jpg\",\"articleSection\":[\"Locales\"],\"inLanguage\":\"es\"},{\"@type\":\"WebPage\",\"@id\":\"https:\\\/\\\/digitalsantotome.com.ar\\\/?p=12755\",\"url\":\"https:\\\/\\\/digitalsantotome.com.ar\\\/?p=12755\",\"name\":\"Puente Internacional: Asumi\u00f3 el nuevo presidente de la Delegaci\u00f3n de Control - Digital Santo Tom\u00e9\",\"isPartOf\":{\"@id\":\"https:\\\/\\\/digitalsantotome.com.ar\\\/#website\"},\"primaryImageOfPage\":{\"@id\":\"https:\\\/\\\/digitalsantotome.com.ar\\\/?p=12755#primaryimage\"},\"image\":{\"@id\":\"https:\\\/\\\/digitalsantotome.com.ar\\\/?p=12755#primaryimage\"},\"thumbnailUrl\":\"https:\\\/\\\/digitalsantotome.com.ar\\\/wp-content\\\/uploads\\\/2025\\\/10\\\/int_6854.jpg\",\"datePublished\":\"2025-10-20T22:50:47+00:00\",\"dateModified\":\"2025-10-23T19:37:32+00:00\",\"breadcrumb\":{\"@id\":\"https:\\\/\\\/digitalsantotome.com.ar\\\/?p=12755#breadcrumb\"},\"inLanguage\":\"es\",\"potentialAction\":[{\"@type\":\"ReadAction\",\"target\":[\"https:\\\/\\\/digitalsantotome.com.ar\\\/?p=12755\"]}]},{\"@type\":\"ImageObject\",\"inLanguage\":\"es\",\"@id\":\"https:\\\/\\\/digitalsantotome.com.ar\\\/?p=12755#primaryimage\",\"url\":\"https:\\\/\\\/digitalsantotome.com.ar\\\/wp-content\\\/uploads\\\/2025\\\/10\\\/int_6854.jpg\",\"contentUrl\":\"https:\\\/\\\/digitalsantotome.com.ar\\\/wp-content\\\/uploads\\\/2025\\\/10\\\/int_6854.jpg\",\"width\":720,\"height\":720},{\"@type\":\"BreadcrumbList\",\"@id\":\"https:\\\/\\\/digitalsantotome.com.ar\\\/?p=12755#breadcrumb\",\"itemListElement\":[{\"@type\":\"ListItem\",\"position\":1,\"name\":\"Portada\",\"item\":\"https:\\\/\\\/digitalsantotome.com.ar\\\/\"},{\"@type\":\"ListItem\",\"position\":2,\"name\":\"Puente Internacional: Asumi\u00f3 el nuevo presidente de la Delegaci\u00f3n de Control\"}]},{\"@type\":\"WebSite\",\"@id\":\"https:\\\/\\\/digitalsantotome.com.ar\\\/#website\",\"url\":\"https:\\\/\\\/digitalsantotome.com.ar\\\/\",\"name\":\"Digital Santo Tom\u00e9\",\"description\":\"Noticias desde Santo Tom\u00e9 al Mundo \u2013 La informacion que decide\",\"publisher\":{\"@id\":\"https:\\\/\\\/digitalsantotome.com.ar\\\/#organization\"},\"potentialAction\":[{\"@type\":\"SearchAction\",\"target\":{\"@type\":\"EntryPoint\",\"urlTemplate\":\"https:\\\/\\\/digitalsantotome.com.ar\\\/?s={search_term_string}\"},\"query-input\":{\"@type\":\"PropertyValueSpecification\",\"valueRequired\":true,\"valueName\":\"search_term_string\"}}],\"inLanguage\":\"es\"},{\"@type\":\"Organization\",\"@id\":\"https:\\\/\\\/digitalsantotome.com.ar\\\/#organization\",\"name\":\"Digital Santo Tom\u00e9\",\"url\":\"https:\\\/\\\/digitalsantotome.com.ar\\\/\",\"logo\":{\"@type\":\"ImageObject\",\"inLanguage\":\"es\",\"@id\":\"https:\\\/\\\/digitalsantotome.com.ar\\\/#\\\/schema\\\/logo\\\/image\\\/\",\"url\":\"https:\\\/\\\/digitalsantotome.com.ar\\\/wp-content\\\/uploads\\\/2023\\\/01\\\/facebook.jpg\",\"contentUrl\":\"https:\\\/\\\/digitalsantotome.com.ar\\\/wp-content\\\/uploads\\\/2023\\\/01\\\/facebook.jpg\",\"width\":512,\"height\":376,\"caption\":\"Digital Santo Tom\u00e9\"},\"image\":{\"@id\":\"https:\\\/\\\/digitalsantotome.com.ar\\\/#\\\/schema\\\/logo\\\/image\\\/\"}},{\"@type\":\"Person\",\"@id\":\"https:\\\/\\\/digitalsantotome.com.ar\\\/#\\\/schema\\\/person\\\/8991d8822886fedd92ce7f03817e1bdf\",\"name\":\"Jose Carlos Machado\",\"url\":\"https:\\\/\\\/digitalsantotome.com.ar\\\/?author=2\"}]}<\/script>\n<!-- \/ Yoast SEO plugin. -->","yoast_head_json":{"title":"Puente Internacional: Asumi\u00f3 el nuevo presidente de la Delegaci\u00f3n de Control - Digital Santo Tom\u00e9","robots":{"index":"index","follow":"follow","max-snippet":"max-snippet:-1","max-image-preview":"max-image-preview:large","max-video-preview":"max-video-preview:-1"},"canonical":"https:\/\/digitalsantotome.com.ar\/?p=12755","og_locale":"es_ES","og_type":"article","og_title":"Puente Internacional: Asumi\u00f3 el nuevo presidente de la Delegaci\u00f3n de Control - Digital Santo Tom\u00e9","og_description":"SANTO TOME. Recientemente asumi\u00f3 el cargo de presidente de la Delegaci\u00f3n de Control (DELCON) del Puente Internacional de la Integraci\u00f3n que une a las ciudades de Santo Tom\u00e9 y Sao Borja; Javier Ricardo Milano Rodr\u00edguez, quien reemplaza en el cargo a Daniel Locatelli quien falleciera en el mes de noviembre de 2024 en un confuso...","og_url":"https:\/\/digitalsantotome.com.ar\/?p=12755","og_site_name":"Digital Santo Tom\u00e9","article_published_time":"2025-10-20T22:50:47+00:00","article_modified_time":"2025-10-23T19:37:32+00:00","og_image":[{"width":720,"height":720,"url":"https:\/\/digitalsantotome.com.ar\/wp-content\/uploads\/2025\/10\/int_6854.jpg","type":"image\/jpeg"}],"author":"Jose Carlos Machado","twitter_card":"summary_large_image","twitter_misc":{"Escrito por":"Jose Carlos Machado","Tiempo de lectura":"2 minutos"},"schema":{"@context":"https:\/\/schema.org","@graph":[{"@type":"Article","@id":"https:\/\/digitalsantotome.com.ar\/?p=12755#article","isPartOf":{"@id":"https:\/\/digitalsantotome.com.ar\/?p=12755"},"author":{"name":"Jose Carlos Machado","@id":"https:\/\/digitalsantotome.com.ar\/#\/schema\/person\/8991d8822886fedd92ce7f03817e1bdf"},"headline":"Puente Internacional: Asumi\u00f3 el nuevo presidente de la Delegaci\u00f3n de Control","datePublished":"2025-10-20T22:50:47+00:00","dateModified":"2025-10-23T19:37:32+00:00","mainEntityOfPage":{"@id":"https:\/\/digitalsantotome.com.ar\/?p=12755"},"wordCount":432,"publisher":{"@id":"https:\/\/digitalsantotome.com.ar\/#organization"},"image":{"@id":"https:\/\/digitalsantotome.com.ar\/?p=12755#primaryimage"},"thumbnailUrl":"https:\/\/digitalsantotome.com.ar\/wp-content\/uploads\/2025\/10\/int_6854.jpg","articleSection":["Locales"],"inLanguage":"es"},{"@type":"WebPage","@id":"https:\/\/digitalsantotome.com.ar\/?p=12755","url":"https:\/\/digitalsantotome.com.ar\/?p=12755","name":"Puente Internacional: Asumi\u00f3 el nuevo presidente de la Delegaci\u00f3n de Control - Digital Santo Tom\u00e9","isPartOf":{"@id":"https:\/\/digitalsantotome.com.ar\/#website"},"primaryImageOfPage":{"@id":"https:\/\/digitalsantotome.com.ar\/?p=12755#primaryimage"},"image":{"@id":"https:\/\/digitalsantotome.com.ar\/?p=12755#primaryimage"},"thumbnailUrl":"https:\/\/digitalsantotome.com.ar\/wp-content\/uploads\/2025\/10\/int_6854.jpg","datePublished":"2025-10-20T22:50:47+00:00","dateModified":"2025-10-23T19:37:32+00:00","breadcrumb":{"@id":"https:\/\/digitalsantotome.com.ar\/?p=12755#breadcrumb"},"inLanguage":"es","potentialAction":[{"@type":"ReadAction","target":["https:\/\/digitalsantotome.com.ar\/?p=12755"]}]},{"@type":"ImageObject","inLanguage":"es","@id":"https:\/\/digitalsantotome.com.ar\/?p=12755#primaryimage","url":"https:\/\/digitalsantotome.com.ar\/wp-content\/uploads\/2025\/10\/int_6854.jpg","contentUrl":"https:\/\/digitalsantotome.com.ar\/wp-content\/uploads\/2025\/10\/int_6854.jpg","width":720,"height":720},{"@type":"BreadcrumbList","@id":"https:\/\/digitalsantotome.com.ar\/?p=12755#breadcrumb","itemListElement":[{"@type":"ListItem","position":1,"name":"Portada","item":"https:\/\/digitalsantotome.com.ar\/"},{"@type":"ListItem","position":2,"name":"Puente Internacional: Asumi\u00f3 el nuevo presidente de la Delegaci\u00f3n de Control"}]},{"@type":"WebSite","@id":"https:\/\/digitalsantotome.com.ar\/#website","url":"https:\/\/digitalsantotome.com.ar\/","name":"Digital Santo Tom\u00e9","description":"Noticias desde Santo Tom\u00e9 al Mundo \u2013 La informacion que decide","publisher":{"@id":"https:\/\/digitalsantotome.com.ar\/#organization"},"potentialAction":[{"@type":"SearchAction","target":{"@type":"EntryPoint","urlTemplate":"https:\/\/digitalsantotome.com.ar\/?s={search_term_string}"},"query-input":{"@type":"PropertyValueSpecification","valueRequired":true,"valueName":"search_term_string"}}],"inLanguage":"es"},{"@type":"Organization","@id":"https:\/\/digitalsantotome.com.ar\/#organization","name":"Digital Santo Tom\u00e9","url":"https:\/\/digitalsantotome.com.ar\/","logo":{"@type":"ImageObject","inLanguage":"es","@id":"https:\/\/digitalsantotome.com.ar\/#\/schema\/logo\/image\/","url":"https:\/\/digitalsantotome.com.ar\/wp-content\/uploads\/2023\/01\/facebook.jpg","contentUrl":"https:\/\/digitalsantotome.com.ar\/wp-content\/uploads\/2023\/01\/facebook.jpg","width":512,"height":376,"caption":"Digital Santo Tom\u00e9"},"image":{"@id":"https:\/\/digitalsantotome.com.ar\/#\/schema\/logo\/image\/"}},{"@type":"Person","@id":"https:\/\/digitalsantotome.com.ar\/#\/schema\/person\/8991d8822886fedd92ce7f03817e1bdf","name":"Jose Carlos Machado","url":"https:\/\/digitalsantotome.com.ar\/?author=2"}]}},"_links":{"self":[{"href":"https:\/\/digitalsantotome.com.ar\/index.php?rest_route=\/wp\/v2\/posts\/12755","targetHints":{"allow":["GET"]}}],"collection":[{"href":"https:\/\/digitalsantotome.com.ar\/index.php?rest_route=\/wp\/v2\/posts"}],"about":[{"href":"https:\/\/digitalsantotome.com.ar\/index.php?rest_route=\/wp\/v2\/types\/post"}],"author":[{"embeddable":true,"href":"https:\/\/digitalsantotome.com.ar\/index.php?rest_route=\/wp\/v2\/users\/2"}],"replies":[{"embeddable":true,"href":"https:\/\/digitalsantotome.com.ar\/index.php?rest_route=%2Fwp%2Fv2%2Fcomments&post=12755"}],"version-history":[{"count":1,"href":"https:\/\/digitalsantotome.com.ar\/index.php?rest_route=\/wp\/v2\/posts\/12755\/revisions"}],"predecessor-version":[{"id":12757,"href":"https:\/\/digitalsantotome.com.ar\/index.php?rest_route=\/wp\/v2\/posts\/12755\/revisions\/12757"}],"wp:featuredmedia":[{"embeddable":true,"href":"https:\/\/digitalsantotome.com.ar\/index.php?rest_route=\/wp\/v2\/media\/12756"}],"wp:attachment":[{"href":"https:\/\/digitalsantotome.com.ar\/index.php?rest_route=%2Fwp%2Fv2%2Fmedia&parent=12755"}],"wp:term":[{"taxonomy":"category","embeddable":true,"href":"https:\/\/digitalsantotome.com.ar\/index.php?rest_route=%2Fwp%2Fv2%2Fcategories&post=12755"},{"taxonomy":"post_tag","embeddable":true,"href":"https:\/\/digitalsantotome.com.ar\/index.php?rest_route=%2Fwp%2Fv2%2Ftags&post=12755"}],"curies":[{"name":"wp","href":"https:\/\/api.w.org\/{rel}","templated":true}]}}