{"id":12813,"date":"2025-10-27T07:48:10","date_gmt":"2025-10-27T10:48:10","guid":{"rendered":"https:\/\/digitalsantotome.com.ar\/?p=12813"},"modified":"2025-10-27T15:43:44","modified_gmt":"2025-10-27T18:43:44","slug":"en-santo-tome-tambien-llego-la-ola-violeta","status":"publish","type":"post","link":"https:\/\/digitalsantotome.com.ar\/?p=12813","title":{"rendered":"En Santo Tom\u00e9 tambi\u00e9n lleg\u00f3 la ola violeta"},"content":{"rendered":"<p>SANTO TOME. El armado pol\u00edtico del presidente Javier Milei que se termin\u00f3 imponiendo en todo el pa\u00eds en las elecciones legislativas de medio t\u00e9rmino de este domingo 26, tambi\u00e9n se vio cristalizado en Santo Tom\u00e9 donde alcanz\u00f3 un claro triunfo sobre sus oponentes que en este caso eran de \u201cVamos Corrientes\u201d que representa al oficialismo provincial y a Fuerza Patria que aglutin\u00f3 al peronismo y sus aliados. Vot\u00f3 un porcentaje mayor al sesenta y cinco por ciento del electorado.<\/p>\n<p>Al momento del escrutinio ya en horas de la noche de este domingo, en esta ciudad ya de entrada nomas se avizoraba una tendencia en favor de La Libertad Avanza que con el avance del conteo de los votos se termin\u00f3 por consolidar un resultado que finalmente arroj\u00f3 un total de 4460 votos en su favor que signific\u00f3 haber obtenido el 33.6 % de los votos.<\/p>\n<p>El segundo lugar fue para el oficialismo provincial en el armado de \u201cVamos Corrientes\u201d que cosech\u00f3 un total de 4197 votos lo que hace a un porcentaje del 31.6 %.<\/p>\n<p>En tercer lugar se ubic\u00f3 el armado justicialista de Fuerza Patria con 4121 votos lo que significa que alcanz\u00f3 un porcentaje del 31.1 %.<\/p>\n<p>As\u00ed las cosas, en esta elecci\u00f3n legislativa nacional, los resultados se revirtieron de manera tal que por ejemplo La Libertad Avanza que en los comicios del 31 de agosto donde se eligieron gobernador y vice, legisladores provinciales, intendentes y concejales; en Santo Tom\u00e9 LLA solo obtuvo casi 800 votos en una magra cosecha. Sin embargo, este domingo en la elecci\u00f3n nacional la situaci\u00f3n se revirti\u00f3 totalmente.<\/p>\n<p>Respecto de la jornada c\u00edvica, no se registraron inconvenientes alguno, todo se desarroll\u00f3 con normalidad y el debut de la Boleta \u00danica de Papel simplific\u00f3 mucho las cosas, especialmente en la rapidez del escrutinio. A las 21 hs ya se sab\u00eda qui\u00e9n hab\u00eda ganado la elecci\u00f3n con casi el cien por ciento de las mesas escrutadas.<\/p>\n<p>No obstante ello, y haciendo un breve an\u00e1lisis de la cuesti\u00f3n institucional y pol\u00edtica de la realidad local, nada cambia de ahora en m\u00e1s. Augusto Suaid de \u201cVamos Corrientes\u201d tiene allanado el camino por cuatro a\u00f1os m\u00e1s al frente de la comuna de Santo Tom\u00e9. La \u00fanica variante es que ahora y con la actual composici\u00f3n en el Concejo Deliberante, ya no cuenta con los dos tercios del cuerpo, aunque si la mayor\u00eda simple.<\/p>\n<p><img fetchpriority=\"high\" decoding=\"async\" class=\"alignnone wp-image-12816\" src=\"https:\/\/digitalsantotome.com.ar\/wp-content\/uploads\/2025\/10\/IMG-20251026-WA0031.jpg\" alt=\"\" width=\"802\" height=\"1002\" srcset=\"https:\/\/digitalsantotome.com.ar\/wp-content\/uploads\/2025\/10\/IMG-20251026-WA0031.jpg 1080w, https:\/\/digitalsantotome.com.ar\/wp-content\/uploads\/2025\/10\/IMG-20251026-WA0031-240x300.jpg 240w, https:\/\/digitalsantotome.com.ar\/wp-content\/uploads\/2025\/10\/IMG-20251026-WA0031-819x1024.jpg 819w, https:\/\/digitalsantotome.com.ar\/wp-content\/uploads\/2025\/10\/IMG-20251026-WA0031-768x960.jpg 768w\" sizes=\"(max-width: 802px) 100vw, 802px\" \/><\/p>\n<p>: De la Redacci\u00f3n de Digitalsantotome.com.ar<\/p>\n","protected":false},"excerpt":{"rendered":"<p>SANTO TOME. El armado pol\u00edtico del presidente Javier Milei que se termin\u00f3 imponiendo en todo el pa\u00eds en las elecciones legislativas de medio t\u00e9rmino de este domingo 26, tambi\u00e9n se vio cristalizado en Santo Tom\u00e9 donde alcanz\u00f3 un claro triunfo sobre sus oponentes que en este caso eran de \u201cVamos Corrientes\u201d que representa al oficialismo&#8230;<\/p>\n","protected":false},"author":2,"featured_media":12814,"comment_status":"closed","ping_status":"closed","sticky":false,"template":"","format":"standard","meta":{"_kad_post_transparent":"default","_kad_post_title":"default","_kad_post_layout":"default","_kad_post_sidebar_id":"","_kad_post_content_style":"default","_kad_post_vertical_padding":"default","_kad_post_feature":"","_kad_post_feature_position":"","_kad_post_header":false,"_kad_post_footer":false,"_kad_post_classname":"","footnotes":""},"categories":[1],"tags":[],"class_list":["post-12813","post","type-post","status-publish","format-standard","has-post-thumbnail","hentry","category-locales"],"a3_pvc":{"activated":false,"total_views":0,"today_views":0},"yoast_head":"<!-- This site is optimized with the Yoast SEO plugin v27.5 - https:\/\/yoast.com\/product\/yoast-seo-wordpress\/ -->\n<title>En Santo Tom\u00e9 tambi\u00e9n lleg\u00f3 la ola violeta - Digital Santo Tom\u00e9<\/title>\n<meta name=\"robots\" content=\"index, follow, max-snippet:-1, max-image-preview:large, max-video-preview:-1\" \/>\n<link rel=\"canonical\" href=\"https:\/\/digitalsantotome.com.ar\/?p=12813\" \/>\n<meta property=\"og:locale\" content=\"es_ES\" \/>\n<meta property=\"og:type\" content=\"article\" \/>\n<meta property=\"og:title\" content=\"En Santo Tom\u00e9 tambi\u00e9n lleg\u00f3 la ola violeta - Digital Santo Tom\u00e9\" \/>\n<meta property=\"og:description\" content=\"SANTO TOME. El armado pol\u00edtico del presidente Javier Milei que se termin\u00f3 imponiendo en todo el pa\u00eds en las elecciones legislativas de medio t\u00e9rmino de este domingo 26, tambi\u00e9n se vio cristalizado en Santo Tom\u00e9 donde alcanz\u00f3 un claro triunfo sobre sus oponentes que en este caso eran de \u201cVamos Corrientes\u201d que representa al oficialismo...\" \/>\n<meta property=\"og:url\" content=\"https:\/\/digitalsantotome.com.ar\/?p=12813\" \/>\n<meta property=\"og:site_name\" content=\"Digital Santo Tom\u00e9\" \/>\n<meta property=\"article:published_time\" content=\"2025-10-27T10:48:10+00:00\" \/>\n<meta property=\"article:modified_time\" content=\"2025-10-27T18:43:44+00:00\" \/>\n<meta property=\"og:image\" content=\"https:\/\/digitalsantotome.com.ar\/wp-content\/uploads\/2025\/10\/IMG-20251026-WA0029.jpg\" \/>\n\t<meta property=\"og:image:width\" content=\"1024\" \/>\n\t<meta property=\"og:image:height\" content=\"768\" \/>\n\t<meta property=\"og:image:type\" content=\"image\/jpeg\" \/>\n<meta name=\"author\" content=\"Jose Carlos Machado\" \/>\n<meta name=\"twitter:card\" content=\"summary_large_image\" \/>\n<meta name=\"twitter:label1\" content=\"Escrito por\" \/>\n\t<meta name=\"twitter:data1\" content=\"Jose Carlos Machado\" \/>\n\t<meta name=\"twitter:label2\" content=\"Tiempo de lectura\" \/>\n\t<meta name=\"twitter:data2\" content=\"3 minutos\" \/>\n<script type=\"application\/ld+json\" class=\"yoast-schema-graph\">{\"@context\":\"https:\\\/\\\/schema.org\",\"@graph\":[{\"@type\":\"Article\",\"@id\":\"https:\\\/\\\/digitalsantotome.com.ar\\\/?p=12813#article\",\"isPartOf\":{\"@id\":\"https:\\\/\\\/digitalsantotome.com.ar\\\/?p=12813\"},\"author\":{\"name\":\"Jose Carlos Machado\",\"@id\":\"https:\\\/\\\/digitalsantotome.com.ar\\\/#\\\/schema\\\/person\\\/8991d8822886fedd92ce7f03817e1bdf\"},\"headline\":\"En Santo Tom\u00e9 tambi\u00e9n lleg\u00f3 la ola violeta\",\"datePublished\":\"2025-10-27T10:48:10+00:00\",\"dateModified\":\"2025-10-27T18:43:44+00:00\",\"mainEntityOfPage\":{\"@id\":\"https:\\\/\\\/digitalsantotome.com.ar\\\/?p=12813\"},\"wordCount\":419,\"publisher\":{\"@id\":\"https:\\\/\\\/digitalsantotome.com.ar\\\/#organization\"},\"image\":{\"@id\":\"https:\\\/\\\/digitalsantotome.com.ar\\\/?p=12813#primaryimage\"},\"thumbnailUrl\":\"https:\\\/\\\/digitalsantotome.com.ar\\\/wp-content\\\/uploads\\\/2025\\\/10\\\/IMG-20251026-WA0029.jpg\",\"articleSection\":[\"Locales\"],\"inLanguage\":\"es\"},{\"@type\":\"WebPage\",\"@id\":\"https:\\\/\\\/digitalsantotome.com.ar\\\/?p=12813\",\"url\":\"https:\\\/\\\/digitalsantotome.com.ar\\\/?p=12813\",\"name\":\"En Santo Tom\u00e9 tambi\u00e9n lleg\u00f3 la ola violeta - Digital Santo Tom\u00e9\",\"isPartOf\":{\"@id\":\"https:\\\/\\\/digitalsantotome.com.ar\\\/#website\"},\"primaryImageOfPage\":{\"@id\":\"https:\\\/\\\/digitalsantotome.com.ar\\\/?p=12813#primaryimage\"},\"image\":{\"@id\":\"https:\\\/\\\/digitalsantotome.com.ar\\\/?p=12813#primaryimage\"},\"thumbnailUrl\":\"https:\\\/\\\/digitalsantotome.com.ar\\\/wp-content\\\/uploads\\\/2025\\\/10\\\/IMG-20251026-WA0029.jpg\",\"datePublished\":\"2025-10-27T10:48:10+00:00\",\"dateModified\":\"2025-10-27T18:43:44+00:00\",\"breadcrumb\":{\"@id\":\"https:\\\/\\\/digitalsantotome.com.ar\\\/?p=12813#breadcrumb\"},\"inLanguage\":\"es\",\"potentialAction\":[{\"@type\":\"ReadAction\",\"target\":[\"https:\\\/\\\/digitalsantotome.com.ar\\\/?p=12813\"]}]},{\"@type\":\"ImageObject\",\"inLanguage\":\"es\",\"@id\":\"https:\\\/\\\/digitalsantotome.com.ar\\\/?p=12813#primaryimage\",\"url\":\"https:\\\/\\\/digitalsantotome.com.ar\\\/wp-content\\\/uploads\\\/2025\\\/10\\\/IMG-20251026-WA0029.jpg\",\"contentUrl\":\"https:\\\/\\\/digitalsantotome.com.ar\\\/wp-content\\\/uploads\\\/2025\\\/10\\\/IMG-20251026-WA0029.jpg\",\"width\":1024,\"height\":768},{\"@type\":\"BreadcrumbList\",\"@id\":\"https:\\\/\\\/digitalsantotome.com.ar\\\/?p=12813#breadcrumb\",\"itemListElement\":[{\"@type\":\"ListItem\",\"position\":1,\"name\":\"Portada\",\"item\":\"https:\\\/\\\/digitalsantotome.com.ar\\\/\"},{\"@type\":\"ListItem\",\"position\":2,\"name\":\"En Santo Tom\u00e9 tambi\u00e9n lleg\u00f3 la ola violeta\"}]},{\"@type\":\"WebSite\",\"@id\":\"https:\\\/\\\/digitalsantotome.com.ar\\\/#website\",\"url\":\"https:\\\/\\\/digitalsantotome.com.ar\\\/\",\"name\":\"Digital Santo Tom\u00e9\",\"description\":\"Noticias desde Santo Tom\u00e9 al Mundo \u2013 La informacion que decide\",\"publisher\":{\"@id\":\"https:\\\/\\\/digitalsantotome.com.ar\\\/#organization\"},\"potentialAction\":[{\"@type\":\"SearchAction\",\"target\":{\"@type\":\"EntryPoint\",\"urlTemplate\":\"https:\\\/\\\/digitalsantotome.com.ar\\\/?s={search_term_string}\"},\"query-input\":{\"@type\":\"PropertyValueSpecification\",\"valueRequired\":true,\"valueName\":\"search_term_string\"}}],\"inLanguage\":\"es\"},{\"@type\":\"Organization\",\"@id\":\"https:\\\/\\\/digitalsantotome.com.ar\\\/#organization\",\"name\":\"Digital Santo Tom\u00e9\",\"url\":\"https:\\\/\\\/digitalsantotome.com.ar\\\/\",\"logo\":{\"@type\":\"ImageObject\",\"inLanguage\":\"es\",\"@id\":\"https:\\\/\\\/digitalsantotome.com.ar\\\/#\\\/schema\\\/logo\\\/image\\\/\",\"url\":\"https:\\\/\\\/digitalsantotome.com.ar\\\/wp-content\\\/uploads\\\/2023\\\/01\\\/facebook.jpg\",\"contentUrl\":\"https:\\\/\\\/digitalsantotome.com.ar\\\/wp-content\\\/uploads\\\/2023\\\/01\\\/facebook.jpg\",\"width\":512,\"height\":376,\"caption\":\"Digital Santo Tom\u00e9\"},\"image\":{\"@id\":\"https:\\\/\\\/digitalsantotome.com.ar\\\/#\\\/schema\\\/logo\\\/image\\\/\"}},{\"@type\":\"Person\",\"@id\":\"https:\\\/\\\/digitalsantotome.com.ar\\\/#\\\/schema\\\/person\\\/8991d8822886fedd92ce7f03817e1bdf\",\"name\":\"Jose Carlos Machado\",\"url\":\"https:\\\/\\\/digitalsantotome.com.ar\\\/?author=2\"}]}<\/script>\n<!-- \/ Yoast SEO plugin. -->","yoast_head_json":{"title":"En Santo Tom\u00e9 tambi\u00e9n lleg\u00f3 la ola violeta - Digital Santo Tom\u00e9","robots":{"index":"index","follow":"follow","max-snippet":"max-snippet:-1","max-image-preview":"max-image-preview:large","max-video-preview":"max-video-preview:-1"},"canonical":"https:\/\/digitalsantotome.com.ar\/?p=12813","og_locale":"es_ES","og_type":"article","og_title":"En Santo Tom\u00e9 tambi\u00e9n lleg\u00f3 la ola violeta - Digital Santo Tom\u00e9","og_description":"SANTO TOME. El armado pol\u00edtico del presidente Javier Milei que se termin\u00f3 imponiendo en todo el pa\u00eds en las elecciones legislativas de medio t\u00e9rmino de este domingo 26, tambi\u00e9n se vio cristalizado en Santo Tom\u00e9 donde alcanz\u00f3 un claro triunfo sobre sus oponentes que en este caso eran de \u201cVamos Corrientes\u201d que representa al oficialismo...","og_url":"https:\/\/digitalsantotome.com.ar\/?p=12813","og_site_name":"Digital Santo Tom\u00e9","article_published_time":"2025-10-27T10:48:10+00:00","article_modified_time":"2025-10-27T18:43:44+00:00","og_image":[{"width":1024,"height":768,"url":"https:\/\/digitalsantotome.com.ar\/wp-content\/uploads\/2025\/10\/IMG-20251026-WA0029.jpg","type":"image\/jpeg"}],"author":"Jose Carlos Machado","twitter_card":"summary_large_image","twitter_misc":{"Escrito por":"Jose Carlos Machado","Tiempo de lectura":"3 minutos"},"schema":{"@context":"https:\/\/schema.org","@graph":[{"@type":"Article","@id":"https:\/\/digitalsantotome.com.ar\/?p=12813#article","isPartOf":{"@id":"https:\/\/digitalsantotome.com.ar\/?p=12813"},"author":{"name":"Jose Carlos Machado","@id":"https:\/\/digitalsantotome.com.ar\/#\/schema\/person\/8991d8822886fedd92ce7f03817e1bdf"},"headline":"En Santo Tom\u00e9 tambi\u00e9n lleg\u00f3 la ola violeta","datePublished":"2025-10-27T10:48:10+00:00","dateModified":"2025-10-27T18:43:44+00:00","mainEntityOfPage":{"@id":"https:\/\/digitalsantotome.com.ar\/?p=12813"},"wordCount":419,"publisher":{"@id":"https:\/\/digitalsantotome.com.ar\/#organization"},"image":{"@id":"https:\/\/digitalsantotome.com.ar\/?p=12813#primaryimage"},"thumbnailUrl":"https:\/\/digitalsantotome.com.ar\/wp-content\/uploads\/2025\/10\/IMG-20251026-WA0029.jpg","articleSection":["Locales"],"inLanguage":"es"},{"@type":"WebPage","@id":"https:\/\/digitalsantotome.com.ar\/?p=12813","url":"https:\/\/digitalsantotome.com.ar\/?p=12813","name":"En Santo Tom\u00e9 tambi\u00e9n lleg\u00f3 la ola violeta - Digital Santo Tom\u00e9","isPartOf":{"@id":"https:\/\/digitalsantotome.com.ar\/#website"},"primaryImageOfPage":{"@id":"https:\/\/digitalsantotome.com.ar\/?p=12813#primaryimage"},"image":{"@id":"https:\/\/digitalsantotome.com.ar\/?p=12813#primaryimage"},"thumbnailUrl":"https:\/\/digitalsantotome.com.ar\/wp-content\/uploads\/2025\/10\/IMG-20251026-WA0029.jpg","datePublished":"2025-10-27T10:48:10+00:00","dateModified":"2025-10-27T18:43:44+00:00","breadcrumb":{"@id":"https:\/\/digitalsantotome.com.ar\/?p=12813#breadcrumb"},"inLanguage":"es","potentialAction":[{"@type":"ReadAction","target":["https:\/\/digitalsantotome.com.ar\/?p=12813"]}]},{"@type":"ImageObject","inLanguage":"es","@id":"https:\/\/digitalsantotome.com.ar\/?p=12813#primaryimage","url":"https:\/\/digitalsantotome.com.ar\/wp-content\/uploads\/2025\/10\/IMG-20251026-WA0029.jpg","contentUrl":"https:\/\/digitalsantotome.com.ar\/wp-content\/uploads\/2025\/10\/IMG-20251026-WA0029.jpg","width":1024,"height":768},{"@type":"BreadcrumbList","@id":"https:\/\/digitalsantotome.com.ar\/?p=12813#breadcrumb","itemListElement":[{"@type":"ListItem","position":1,"name":"Portada","item":"https:\/\/digitalsantotome.com.ar\/"},{"@type":"ListItem","position":2,"name":"En Santo Tom\u00e9 tambi\u00e9n lleg\u00f3 la ola violeta"}]},{"@type":"WebSite","@id":"https:\/\/digitalsantotome.com.ar\/#website","url":"https:\/\/digitalsantotome.com.ar\/","name":"Digital Santo Tom\u00e9","description":"Noticias desde Santo Tom\u00e9 al Mundo \u2013 La informacion que decide","publisher":{"@id":"https:\/\/digitalsantotome.com.ar\/#organization"},"potentialAction":[{"@type":"SearchAction","target":{"@type":"EntryPoint","urlTemplate":"https:\/\/digitalsantotome.com.ar\/?s={search_term_string}"},"query-input":{"@type":"PropertyValueSpecification","valueRequired":true,"valueName":"search_term_string"}}],"inLanguage":"es"},{"@type":"Organization","@id":"https:\/\/digitalsantotome.com.ar\/#organization","name":"Digital Santo Tom\u00e9","url":"https:\/\/digitalsantotome.com.ar\/","logo":{"@type":"ImageObject","inLanguage":"es","@id":"https:\/\/digitalsantotome.com.ar\/#\/schema\/logo\/image\/","url":"https:\/\/digitalsantotome.com.ar\/wp-content\/uploads\/2023\/01\/facebook.jpg","contentUrl":"https:\/\/digitalsantotome.com.ar\/wp-content\/uploads\/2023\/01\/facebook.jpg","width":512,"height":376,"caption":"Digital Santo Tom\u00e9"},"image":{"@id":"https:\/\/digitalsantotome.com.ar\/#\/schema\/logo\/image\/"}},{"@type":"Person","@id":"https:\/\/digitalsantotome.com.ar\/#\/schema\/person\/8991d8822886fedd92ce7f03817e1bdf","name":"Jose Carlos Machado","url":"https:\/\/digitalsantotome.com.ar\/?author=2"}]}},"_links":{"self":[{"href":"https:\/\/digitalsantotome.com.ar\/index.php?rest_route=\/wp\/v2\/posts\/12813","targetHints":{"allow":["GET"]}}],"collection":[{"href":"https:\/\/digitalsantotome.com.ar\/index.php?rest_route=\/wp\/v2\/posts"}],"about":[{"href":"https:\/\/digitalsantotome.com.ar\/index.php?rest_route=\/wp\/v2\/types\/post"}],"author":[{"embeddable":true,"href":"https:\/\/digitalsantotome.com.ar\/index.php?rest_route=\/wp\/v2\/users\/2"}],"replies":[{"embeddable":true,"href":"https:\/\/digitalsantotome.com.ar\/index.php?rest_route=%2Fwp%2Fv2%2Fcomments&post=12813"}],"version-history":[{"count":2,"href":"https:\/\/digitalsantotome.com.ar\/index.php?rest_route=\/wp\/v2\/posts\/12813\/revisions"}],"predecessor-version":[{"id":12817,"href":"https:\/\/digitalsantotome.com.ar\/index.php?rest_route=\/wp\/v2\/posts\/12813\/revisions\/12817"}],"wp:featuredmedia":[{"embeddable":true,"href":"https:\/\/digitalsantotome.com.ar\/index.php?rest_route=\/wp\/v2\/media\/12814"}],"wp:attachment":[{"href":"https:\/\/digitalsantotome.com.ar\/index.php?rest_route=%2Fwp%2Fv2%2Fmedia&parent=12813"}],"wp:term":[{"taxonomy":"category","embeddable":true,"href":"https:\/\/digitalsantotome.com.ar\/index.php?rest_route=%2Fwp%2Fv2%2Fcategories&post=12813"},{"taxonomy":"post_tag","embeddable":true,"href":"https:\/\/digitalsantotome.com.ar\/index.php?rest_route=%2Fwp%2Fv2%2Ftags&post=12813"}],"curies":[{"name":"wp","href":"https:\/\/api.w.org\/{rel}","templated":true}]}}