{"id":12876,"date":"2025-10-29T08:04:26","date_gmt":"2025-10-29T11:04:26","guid":{"rendered":"https:\/\/digitalsantotome.com.ar\/?p=12876"},"modified":"2025-10-29T08:04:26","modified_gmt":"2025-10-29T11:04:26","slug":"brasil-oficializa-la-construccion-del-puente-san-javier-porto-xavier","status":"publish","type":"post","link":"https:\/\/digitalsantotome.com.ar\/?p=12876","title":{"rendered":"Brasil oficializa la construcci\u00f3n del puente San Javier &#8211; Porto Xavier"},"content":{"rendered":"<div class=\"x14z9mp xat24cr x1lziwak x1vvkbs xtlvy1s x126k92a\">\n<div dir=\"auto\">BRASILIA. El Gobierno de Brasil oficializ\u00f3 la construcci\u00f3n del puente internacional que unir\u00e1 las localidades de San Javier, en Misiones, y Porto Xavier, en R\u00edo Grande do Sul. La confirmaci\u00f3n se public\u00f3 en el Diario Oficial de la Uni\u00f3n \u2014equivalente al Bolet\u00edn Oficial\u2014, lo que marc\u00f3 un paso decisivo en un proyecto esperado por las comunidades de ambas orillas del r\u00edo Uruguay.<\/div>\n<div dir=\"auto\"><\/div>\n<\/div>\n<div class=\"x14z9mp xat24cr x1lziwak x1vvkbs xtlvy1s x126k92a\">\n<div dir=\"auto\">La obra se adjudic\u00f3 a un consorcio conformado por cinco empresas y liderado por la firma italiana Rivoli Constructora, con m\u00e1s de 25 a\u00f1os de presencia en Brasil. Esta compa\u00f1\u00eda se especializa en grandes estructuras y cuenta con experiencia comprobada en el pa\u00eds. El modelo de contrataci\u00f3n adoptado, conocido como R\u00e9gimen Diferenciado de Contrataci\u00f3n Integrada (RDCI), permite a las constructoras introducir mejoras o modificaciones t\u00e9cnicas al proyecto base, garantizando una ejecuci\u00f3n m\u00e1s eficiente.<\/div>\n<div dir=\"auto\"><\/div>\n<\/div>\n<div class=\"x14z9mp xat24cr x1lziwak x1vvkbs xtlvy1s x126k92a\">\n<div dir=\"auto\">Las declaraciones desde Brasil sobre el Puente Internacional de San Javier<\/div>\n<div dir=\"auto\"><\/div>\n<\/div>\n<div class=\"x14z9mp xat24cr x1lziwak x1vvkbs xtlvy1s x126k92a\">\n<div dir=\"auto\">El secretario de Turismo de Porto Xavier, Ovidio Kaiser, confirm\u00f3 la noticia. \u201cEl contrato y la licitaci\u00f3n de la construcci\u00f3n del puente que unir\u00e1 San Javier con Porto Xavier sali\u00f3 publicado en el Diario Oficial de la Uni\u00f3n. Ah\u00ed se torna p\u00fablico y se sacramenta todo lo que est\u00e1 escrito y asignado\u201d, explic\u00f3 el funcionario, quien destac\u00f3 el car\u00e1cter oficial de la medida.<\/div>\n<div dir=\"auto\"><\/div>\n<\/div>\n<div class=\"x14z9mp xat24cr x1lziwak x1vvkbs xtlvy1s x126k92a\">\n<div dir=\"auto\">Kaiser a\u00f1adi\u00f3 que \u201cahora se torn\u00f3 p\u00fablico, la gente va a saber que no fue solo una charla. Todo son hechos comprobados\u201d. Adem\u00e1s, detall\u00f3 que el contrato contempla la ejecuci\u00f3n completa del viaducto, las licencias ambientales y el proceso de indemnizaci\u00f3n de las viviendas y propiedades ubicadas en las cabeceras del puente. Si bien el Gobierno brasile\u00f1o asumir\u00e1 los costos, la empresa adjudicataria coordinar\u00e1 esas gestiones junto con la finalizaci\u00f3n del proyecto ejecutivo.<\/div>\n<div dir=\"auto\"><\/div>\n<\/div>\n<div class=\"x14z9mp xat24cr x1lziwak x1vvkbs xtlvy1s x126k92a\">\n<div dir=\"auto\">El funcionario explic\u00f3 que la constructora podr\u00e1 \u201cagregar algunos detalles, ya que es una especialista en construcciones de puentes\u201d, y destac\u00f3 la magnitud de la obra: \u201cEste puente tendr\u00e1 950 metros de largo y 17,40 metros de ancho con separaciones exclusivas de carriles, ciclov\u00edas, peatonales y guardarrailes. No existe en Brasil ni en Am\u00e9rica del Sur un puente con estas caracter\u00edsticas en cuanto a lo ancho y a la seguridad en el tr\u00e1fico internacional de \u00faltima generaci\u00f3n\u201d.<\/div>\n<div dir=\"auto\"><\/div>\n<\/div>\n<div class=\"x14z9mp xat24cr x1lziwak x1vvkbs xtlvy1s x126k92a\">\n<div dir=\"auto\">C\u00f3mo contin\u00faan las obras<\/div>\n<div dir=\"auto\"><\/div>\n<div dir=\"auto\">Seg\u00fan el cronograma inicial, las etapas preliminares, que incluyen las licencias ambientales y estudios complementarios, demandar\u00e1n alrededor de un a\u00f1o. La construcci\u00f3n del viaducto se extender\u00e1 por dos a\u00f1os m\u00e1s. Paralelamente, se prev\u00e9 una licitaci\u00f3n adicional para la construcci\u00f3n de un Centro Integrado de Frontera del lado brasile\u00f1o.<\/div>\n<div dir=\"auto\"><\/div>\n<\/div>\n<div class=\"x14z9mp xat24cr x1lziwak x1vvkbs xtlvy1s x126k92a\">\n<div dir=\"auto\">Kaiser subray\u00f3 que Porto Xavier ya comenz\u00f3 a prepararse para la transformaci\u00f3n que traer\u00e1 el nuevo paso fronterizo. \u201cNosotros ac\u00e1 en Porto Xavier ya nos estamos preparando para lo que ser\u00e1 el cambio tras la construcci\u00f3n de este puente internacional, pero es tan grande este proyecto que creo que nosotros no tenemos ni siquiera la dimensi\u00f3n de todo lo que va a ocurrir en los pr\u00f3ximos a\u00f1os\u201d, expres\u00f3. \u201cDespu\u00e9s de este puente va a ocurrir una transformaci\u00f3n total entre Porto Xavier y San Javier\u201d<\/div>\n<\/div>\n","protected":false},"excerpt":{"rendered":"<p>BRASILIA. El Gobierno de Brasil oficializ\u00f3 la construcci\u00f3n del puente internacional que unir\u00e1 las localidades de San Javier, en Misiones, y Porto Xavier, en R\u00edo Grande do Sul. La confirmaci\u00f3n se public\u00f3 en el Diario Oficial de la Uni\u00f3n \u2014equivalente al Bolet\u00edn Oficial\u2014, lo que marc\u00f3 un paso decisivo en un proyecto esperado por las&#8230;<\/p>\n","protected":false},"author":2,"featured_media":12877,"comment_status":"closed","ping_status":"closed","sticky":false,"template":"","format":"standard","meta":{"_kad_post_transparent":"default","_kad_post_title":"default","_kad_post_layout":"default","_kad_post_sidebar_id":"","_kad_post_content_style":"default","_kad_post_vertical_padding":"default","_kad_post_feature":"","_kad_post_feature_position":"","_kad_post_header":false,"_kad_post_footer":false,"_kad_post_classname":"","footnotes":""},"categories":[3],"tags":[],"class_list":["post-12876","post","type-post","status-publish","format-standard","has-post-thumbnail","hentry","category-noticias-breves"],"a3_pvc":{"activated":false,"total_views":0,"today_views":0},"yoast_head":"<!-- This site is optimized with the Yoast SEO plugin v27.5 - https:\/\/yoast.com\/product\/yoast-seo-wordpress\/ -->\n<title>Brasil oficializa la construcci\u00f3n del puente San Javier - Porto Xavier - Digital Santo Tom\u00e9<\/title>\n<meta name=\"robots\" content=\"index, follow, max-snippet:-1, max-image-preview:large, max-video-preview:-1\" \/>\n<link rel=\"canonical\" href=\"https:\/\/digitalsantotome.com.ar\/?p=12876\" \/>\n<meta property=\"og:locale\" content=\"es_ES\" \/>\n<meta property=\"og:type\" content=\"article\" \/>\n<meta property=\"og:title\" content=\"Brasil oficializa la construcci\u00f3n del puente San Javier - Porto Xavier - Digital Santo Tom\u00e9\" \/>\n<meta property=\"og:description\" content=\"BRASILIA. El Gobierno de Brasil oficializ\u00f3 la construcci\u00f3n del puente internacional que unir\u00e1 las localidades de San Javier, en Misiones, y Porto Xavier, en R\u00edo Grande do Sul. La confirmaci\u00f3n se public\u00f3 en el Diario Oficial de la Uni\u00f3n \u2014equivalente al Bolet\u00edn Oficial\u2014, lo que marc\u00f3 un paso decisivo en un proyecto esperado por las...\" \/>\n<meta property=\"og:url\" content=\"https:\/\/digitalsantotome.com.ar\/?p=12876\" \/>\n<meta property=\"og:site_name\" content=\"Digital Santo Tom\u00e9\" \/>\n<meta property=\"article:published_time\" content=\"2025-10-29T11:04:26+00:00\" \/>\n<meta name=\"author\" content=\"Jose Carlos Machado\" \/>\n<meta name=\"twitter:card\" content=\"summary_large_image\" \/>\n<meta name=\"twitter:label1\" content=\"Escrito por\" \/>\n\t<meta name=\"twitter:data1\" content=\"Jose Carlos Machado\" \/>\n\t<meta name=\"twitter:label2\" content=\"Tiempo de lectura\" \/>\n\t<meta name=\"twitter:data2\" content=\"3 minutos\" \/>\n<script type=\"application\/ld+json\" class=\"yoast-schema-graph\">{\"@context\":\"https:\\\/\\\/schema.org\",\"@graph\":[{\"@type\":\"Article\",\"@id\":\"https:\\\/\\\/digitalsantotome.com.ar\\\/?p=12876#article\",\"isPartOf\":{\"@id\":\"https:\\\/\\\/digitalsantotome.com.ar\\\/?p=12876\"},\"author\":{\"name\":\"Jose Carlos Machado\",\"@id\":\"https:\\\/\\\/digitalsantotome.com.ar\\\/#\\\/schema\\\/person\\\/8991d8822886fedd92ce7f03817e1bdf\"},\"headline\":\"Brasil oficializa la construcci\u00f3n del puente San Javier &#8211; Porto Xavier\",\"datePublished\":\"2025-10-29T11:04:26+00:00\",\"mainEntityOfPage\":{\"@id\":\"https:\\\/\\\/digitalsantotome.com.ar\\\/?p=12876\"},\"wordCount\":555,\"publisher\":{\"@id\":\"https:\\\/\\\/digitalsantotome.com.ar\\\/#organization\"},\"image\":{\"@id\":\"https:\\\/\\\/digitalsantotome.com.ar\\\/?p=12876#primaryimage\"},\"thumbnailUrl\":\"https:\\\/\\\/digitalsantotome.com.ar\\\/wp-content\\\/uploads\\\/2025\\\/10\\\/puente-san-javier.jfif\",\"articleSection\":[\"Noticias breves\"],\"inLanguage\":\"es\"},{\"@type\":\"WebPage\",\"@id\":\"https:\\\/\\\/digitalsantotome.com.ar\\\/?p=12876\",\"url\":\"https:\\\/\\\/digitalsantotome.com.ar\\\/?p=12876\",\"name\":\"Brasil oficializa la construcci\u00f3n del puente San Javier - Porto Xavier - Digital Santo Tom\u00e9\",\"isPartOf\":{\"@id\":\"https:\\\/\\\/digitalsantotome.com.ar\\\/#website\"},\"primaryImageOfPage\":{\"@id\":\"https:\\\/\\\/digitalsantotome.com.ar\\\/?p=12876#primaryimage\"},\"image\":{\"@id\":\"https:\\\/\\\/digitalsantotome.com.ar\\\/?p=12876#primaryimage\"},\"thumbnailUrl\":\"https:\\\/\\\/digitalsantotome.com.ar\\\/wp-content\\\/uploads\\\/2025\\\/10\\\/puente-san-javier.jfif\",\"datePublished\":\"2025-10-29T11:04:26+00:00\",\"breadcrumb\":{\"@id\":\"https:\\\/\\\/digitalsantotome.com.ar\\\/?p=12876#breadcrumb\"},\"inLanguage\":\"es\",\"potentialAction\":[{\"@type\":\"ReadAction\",\"target\":[\"https:\\\/\\\/digitalsantotome.com.ar\\\/?p=12876\"]}]},{\"@type\":\"ImageObject\",\"inLanguage\":\"es\",\"@id\":\"https:\\\/\\\/digitalsantotome.com.ar\\\/?p=12876#primaryimage\",\"url\":\"https:\\\/\\\/digitalsantotome.com.ar\\\/wp-content\\\/uploads\\\/2025\\\/10\\\/puente-san-javier.jfif\",\"contentUrl\":\"https:\\\/\\\/digitalsantotome.com.ar\\\/wp-content\\\/uploads\\\/2025\\\/10\\\/puente-san-javier.jfif\",\"width\":1024,\"height\":679},{\"@type\":\"BreadcrumbList\",\"@id\":\"https:\\\/\\\/digitalsantotome.com.ar\\\/?p=12876#breadcrumb\",\"itemListElement\":[{\"@type\":\"ListItem\",\"position\":1,\"name\":\"Portada\",\"item\":\"https:\\\/\\\/digitalsantotome.com.ar\\\/\"},{\"@type\":\"ListItem\",\"position\":2,\"name\":\"Brasil oficializa la construcci\u00f3n del puente San Javier &#8211; Porto Xavier\"}]},{\"@type\":\"WebSite\",\"@id\":\"https:\\\/\\\/digitalsantotome.com.ar\\\/#website\",\"url\":\"https:\\\/\\\/digitalsantotome.com.ar\\\/\",\"name\":\"Digital Santo Tom\u00e9\",\"description\":\"Noticias desde Santo Tom\u00e9 al Mundo \u2013 La informacion que decide\",\"publisher\":{\"@id\":\"https:\\\/\\\/digitalsantotome.com.ar\\\/#organization\"},\"potentialAction\":[{\"@type\":\"SearchAction\",\"target\":{\"@type\":\"EntryPoint\",\"urlTemplate\":\"https:\\\/\\\/digitalsantotome.com.ar\\\/?s={search_term_string}\"},\"query-input\":{\"@type\":\"PropertyValueSpecification\",\"valueRequired\":true,\"valueName\":\"search_term_string\"}}],\"inLanguage\":\"es\"},{\"@type\":\"Organization\",\"@id\":\"https:\\\/\\\/digitalsantotome.com.ar\\\/#organization\",\"name\":\"Digital Santo Tom\u00e9\",\"url\":\"https:\\\/\\\/digitalsantotome.com.ar\\\/\",\"logo\":{\"@type\":\"ImageObject\",\"inLanguage\":\"es\",\"@id\":\"https:\\\/\\\/digitalsantotome.com.ar\\\/#\\\/schema\\\/logo\\\/image\\\/\",\"url\":\"https:\\\/\\\/digitalsantotome.com.ar\\\/wp-content\\\/uploads\\\/2023\\\/01\\\/facebook.jpg\",\"contentUrl\":\"https:\\\/\\\/digitalsantotome.com.ar\\\/wp-content\\\/uploads\\\/2023\\\/01\\\/facebook.jpg\",\"width\":512,\"height\":376,\"caption\":\"Digital Santo Tom\u00e9\"},\"image\":{\"@id\":\"https:\\\/\\\/digitalsantotome.com.ar\\\/#\\\/schema\\\/logo\\\/image\\\/\"}},{\"@type\":\"Person\",\"@id\":\"https:\\\/\\\/digitalsantotome.com.ar\\\/#\\\/schema\\\/person\\\/8991d8822886fedd92ce7f03817e1bdf\",\"name\":\"Jose Carlos Machado\",\"url\":\"https:\\\/\\\/digitalsantotome.com.ar\\\/?author=2\"}]}<\/script>\n<!-- \/ Yoast SEO plugin. -->","yoast_head_json":{"title":"Brasil oficializa la construcci\u00f3n del puente San Javier - Porto Xavier - Digital Santo Tom\u00e9","robots":{"index":"index","follow":"follow","max-snippet":"max-snippet:-1","max-image-preview":"max-image-preview:large","max-video-preview":"max-video-preview:-1"},"canonical":"https:\/\/digitalsantotome.com.ar\/?p=12876","og_locale":"es_ES","og_type":"article","og_title":"Brasil oficializa la construcci\u00f3n del puente San Javier - Porto Xavier - Digital Santo Tom\u00e9","og_description":"BRASILIA. El Gobierno de Brasil oficializ\u00f3 la construcci\u00f3n del puente internacional que unir\u00e1 las localidades de San Javier, en Misiones, y Porto Xavier, en R\u00edo Grande do Sul. La confirmaci\u00f3n se public\u00f3 en el Diario Oficial de la Uni\u00f3n \u2014equivalente al Bolet\u00edn Oficial\u2014, lo que marc\u00f3 un paso decisivo en un proyecto esperado por las...","og_url":"https:\/\/digitalsantotome.com.ar\/?p=12876","og_site_name":"Digital Santo Tom\u00e9","article_published_time":"2025-10-29T11:04:26+00:00","author":"Jose Carlos Machado","twitter_card":"summary_large_image","twitter_misc":{"Escrito por":"Jose Carlos Machado","Tiempo de lectura":"3 minutos"},"schema":{"@context":"https:\/\/schema.org","@graph":[{"@type":"Article","@id":"https:\/\/digitalsantotome.com.ar\/?p=12876#article","isPartOf":{"@id":"https:\/\/digitalsantotome.com.ar\/?p=12876"},"author":{"name":"Jose Carlos Machado","@id":"https:\/\/digitalsantotome.com.ar\/#\/schema\/person\/8991d8822886fedd92ce7f03817e1bdf"},"headline":"Brasil oficializa la construcci\u00f3n del puente San Javier &#8211; Porto Xavier","datePublished":"2025-10-29T11:04:26+00:00","mainEntityOfPage":{"@id":"https:\/\/digitalsantotome.com.ar\/?p=12876"},"wordCount":555,"publisher":{"@id":"https:\/\/digitalsantotome.com.ar\/#organization"},"image":{"@id":"https:\/\/digitalsantotome.com.ar\/?p=12876#primaryimage"},"thumbnailUrl":"https:\/\/digitalsantotome.com.ar\/wp-content\/uploads\/2025\/10\/puente-san-javier.jfif","articleSection":["Noticias breves"],"inLanguage":"es"},{"@type":"WebPage","@id":"https:\/\/digitalsantotome.com.ar\/?p=12876","url":"https:\/\/digitalsantotome.com.ar\/?p=12876","name":"Brasil oficializa la construcci\u00f3n del puente San Javier - Porto Xavier - Digital Santo Tom\u00e9","isPartOf":{"@id":"https:\/\/digitalsantotome.com.ar\/#website"},"primaryImageOfPage":{"@id":"https:\/\/digitalsantotome.com.ar\/?p=12876#primaryimage"},"image":{"@id":"https:\/\/digitalsantotome.com.ar\/?p=12876#primaryimage"},"thumbnailUrl":"https:\/\/digitalsantotome.com.ar\/wp-content\/uploads\/2025\/10\/puente-san-javier.jfif","datePublished":"2025-10-29T11:04:26+00:00","breadcrumb":{"@id":"https:\/\/digitalsantotome.com.ar\/?p=12876#breadcrumb"},"inLanguage":"es","potentialAction":[{"@type":"ReadAction","target":["https:\/\/digitalsantotome.com.ar\/?p=12876"]}]},{"@type":"ImageObject","inLanguage":"es","@id":"https:\/\/digitalsantotome.com.ar\/?p=12876#primaryimage","url":"https:\/\/digitalsantotome.com.ar\/wp-content\/uploads\/2025\/10\/puente-san-javier.jfif","contentUrl":"https:\/\/digitalsantotome.com.ar\/wp-content\/uploads\/2025\/10\/puente-san-javier.jfif","width":1024,"height":679},{"@type":"BreadcrumbList","@id":"https:\/\/digitalsantotome.com.ar\/?p=12876#breadcrumb","itemListElement":[{"@type":"ListItem","position":1,"name":"Portada","item":"https:\/\/digitalsantotome.com.ar\/"},{"@type":"ListItem","position":2,"name":"Brasil oficializa la construcci\u00f3n del puente San Javier &#8211; Porto Xavier"}]},{"@type":"WebSite","@id":"https:\/\/digitalsantotome.com.ar\/#website","url":"https:\/\/digitalsantotome.com.ar\/","name":"Digital Santo Tom\u00e9","description":"Noticias desde Santo Tom\u00e9 al Mundo \u2013 La informacion que decide","publisher":{"@id":"https:\/\/digitalsantotome.com.ar\/#organization"},"potentialAction":[{"@type":"SearchAction","target":{"@type":"EntryPoint","urlTemplate":"https:\/\/digitalsantotome.com.ar\/?s={search_term_string}"},"query-input":{"@type":"PropertyValueSpecification","valueRequired":true,"valueName":"search_term_string"}}],"inLanguage":"es"},{"@type":"Organization","@id":"https:\/\/digitalsantotome.com.ar\/#organization","name":"Digital Santo Tom\u00e9","url":"https:\/\/digitalsantotome.com.ar\/","logo":{"@type":"ImageObject","inLanguage":"es","@id":"https:\/\/digitalsantotome.com.ar\/#\/schema\/logo\/image\/","url":"https:\/\/digitalsantotome.com.ar\/wp-content\/uploads\/2023\/01\/facebook.jpg","contentUrl":"https:\/\/digitalsantotome.com.ar\/wp-content\/uploads\/2023\/01\/facebook.jpg","width":512,"height":376,"caption":"Digital Santo Tom\u00e9"},"image":{"@id":"https:\/\/digitalsantotome.com.ar\/#\/schema\/logo\/image\/"}},{"@type":"Person","@id":"https:\/\/digitalsantotome.com.ar\/#\/schema\/person\/8991d8822886fedd92ce7f03817e1bdf","name":"Jose Carlos Machado","url":"https:\/\/digitalsantotome.com.ar\/?author=2"}]}},"_links":{"self":[{"href":"https:\/\/digitalsantotome.com.ar\/index.php?rest_route=\/wp\/v2\/posts\/12876","targetHints":{"allow":["GET"]}}],"collection":[{"href":"https:\/\/digitalsantotome.com.ar\/index.php?rest_route=\/wp\/v2\/posts"}],"about":[{"href":"https:\/\/digitalsantotome.com.ar\/index.php?rest_route=\/wp\/v2\/types\/post"}],"author":[{"embeddable":true,"href":"https:\/\/digitalsantotome.com.ar\/index.php?rest_route=\/wp\/v2\/users\/2"}],"replies":[{"embeddable":true,"href":"https:\/\/digitalsantotome.com.ar\/index.php?rest_route=%2Fwp%2Fv2%2Fcomments&post=12876"}],"version-history":[{"count":1,"href":"https:\/\/digitalsantotome.com.ar\/index.php?rest_route=\/wp\/v2\/posts\/12876\/revisions"}],"predecessor-version":[{"id":12878,"href":"https:\/\/digitalsantotome.com.ar\/index.php?rest_route=\/wp\/v2\/posts\/12876\/revisions\/12878"}],"wp:featuredmedia":[{"embeddable":true,"href":"https:\/\/digitalsantotome.com.ar\/index.php?rest_route=\/wp\/v2\/media\/12877"}],"wp:attachment":[{"href":"https:\/\/digitalsantotome.com.ar\/index.php?rest_route=%2Fwp%2Fv2%2Fmedia&parent=12876"}],"wp:term":[{"taxonomy":"category","embeddable":true,"href":"https:\/\/digitalsantotome.com.ar\/index.php?rest_route=%2Fwp%2Fv2%2Fcategories&post=12876"},{"taxonomy":"post_tag","embeddable":true,"href":"https:\/\/digitalsantotome.com.ar\/index.php?rest_route=%2Fwp%2Fv2%2Ftags&post=12876"}],"curies":[{"name":"wp","href":"https:\/\/api.w.org\/{rel}","templated":true}]}}