{"id":12880,"date":"2025-10-29T16:02:03","date_gmt":"2025-10-29T19:02:03","guid":{"rendered":"https:\/\/digitalsantotome.com.ar\/?p=12880"},"modified":"2025-10-31T15:44:44","modified_gmt":"2025-10-31T18:44:44","slug":"suaid-hablo-de-la-59-edicion-del-festival-del-folclore-correntino","status":"publish","type":"post","link":"https:\/\/digitalsantotome.com.ar\/?p=12880","title":{"rendered":"Suaid habl\u00f3 de la 59\u00b0 edici\u00f3n del Festival del Folclore Correntino"},"content":{"rendered":"<p>SANTO TOME. El intendente municipal de esta ciudad recientemente se explay\u00f3 acerca de lo que ser\u00e1 una edici\u00f3n m\u00e1s del Festival del Folclore Correntino, prevista para los d\u00edas<strong> 7 y 8 de noviembre<\/strong> en el Antiteatro <strong>\u201cGenaro Ber\u00f3n de Astrada\u201d de la tradicional Plaza Col\u00f3n<\/strong>. Con cartelera de artistas ya cerrada y la incorporaci\u00f3n de un par de n\u00fameros que se produjeron d\u00edas atr\u00e1s, desde el municipio son optimistas en cuanto al \u00e9xito que pueda tener esta fiesta del chamam\u00e9 y el folclore. El jefe comunal tambi\u00e9n se refiri\u00f3 a la dr\u00e1stica decisi\u00f3n que adopt\u00f3 la intendente de Bella Vista, Noelia Bazzi de suspender por razones econ\u00f3micas la Fiesta de la Naranja.<\/p>\n<p>As\u00ed fue que Suaid se\u00f1al\u00f3 que <strong>\u201cestamos en todo lo que es los preparativos para el Festival del Folclore Correntino, que se va a realizar el 7 y 8 de noviembre, as\u00ed que estamos ya ultimando detalles, la grilla ya est\u00e1 cerrada, vamos a tener grupos de renombres nacionales importantes, tambi\u00e9n provinciales, as\u00ed que bueno, invitar a la gente a que concurra; ahora estos d\u00edas van a salir las ventas anticipadas para que puedan adquirir su ubicaci\u00f3n, las ventas de los espacios, as\u00ed que bueno, trabajando fuertemente en eso que se viene\u201d<\/strong> sostuvo el intendente Augusto Suaid.<\/p>\n<p>Tambi\u00e9n fue consultado el intendente santotome\u00f1o acerca de la suspensi\u00f3n de la Fiesta de la Naranja en la ciudad de Bella Vista por razones econ\u00f3micas, medida esta que tom\u00f3 la intendente Noelia Bazzi. Al respecto, Suaid sostuvo que <strong>\u201ces una cuesti\u00f3n que lo venimos hablando con todos los intendentes, porque la situaci\u00f3n econ\u00f3mica desde abril, como venimos, ha bajado, la actividad econ\u00f3mica est\u00e1 retra\u00edda, los municipios somos y dependemos mucho de la coparticipaci\u00f3n, y bueno, la verdad que el ajuste se est\u00e1 sintiendo y a los municipios se les est\u00e1 haciendo dif\u00edcil llevar a cabo una gesti\u00f3n, y bueno, la municipalidad de Bella Vista ha tomado la determinaci\u00f3n de suspender una fiesta nacional, que es importante para ellos por la cuesti\u00f3n econ\u00f3mica, siempre priorizando la salud, la obra p\u00fablica, pero bueno, nosotros todav\u00eda nos estamos rebuscando, estamos buscando aportes de privados, con la participaci\u00f3n de los vecinos, cada vez se est\u00e1 complicando m\u00e1s la situaci\u00f3n econ\u00f3mica\u201d<\/strong> afirm\u00f3.<\/p>\n<p>Consultado si tomar una decisi\u00f3n de este\u00a0 tipo es dif\u00edcil para un intendente como el teniendo en cuenta que sus dos abuelos (Divito Suaid y Pibe Cort\u00e9s) fueron los fundadores del festival y se tenga que tomar una decisi\u00f3n similar, el jefe comunal santotome\u00f1o remarc\u00f3:<strong> \u201cS\u00ed, claro, obviamente que es dif\u00edcil, pero si uno tiene que tomar la determinaci\u00f3n, si no est\u00e1n los recursos, no queda otra, por m\u00e1s que lloremos, no aparecen los recursos y hay que tomar la determinaci\u00f3n, pero bueno, uno antes de tomar esa determinaci\u00f3n busca otras alternativas, nosotros buscamos todas las alternativas, estamos buscando con los sectores privados que est\u00e1n aportando, siendo austero, tambi\u00e9n van a venir mucha gente de otras localidades a Santo Tom\u00e9 a vivir esta fiesta, en materia cultural es muy importante, todo el sector hotelero, gastron\u00f3mico se va a mover la econom\u00eda, o sea que genera tambi\u00e9n un efecto multiplicador, en esta realidad que tenemos, que el consumo ha ca\u00eddo, genera en la localidad tambi\u00e9n una inyecci\u00f3n a la econom\u00eda local; ahora bien, si llegado el momento hay que tomar la determinaci\u00f3n y no est\u00e1n los recursos, se va a tomar\u201d.<\/strong><\/p>\n<p>Sin embargo y pese a las afirmaciones del intendente <strong>Augusto Suaid<\/strong>; el <strong>Festival del Folclore Correntino<\/strong> se encamina a su realizaci\u00f3n de una nueva edici\u00f3n los d\u00edas 7 y 8 de noviembre con una cartelera de artistas que a decir de algunos, siempre depara algunas sorpresas, <strong>hay quienes est\u00e1n de acuerdo y quienes no<\/strong>, por ejemplo en el caso de la promocionada actuaci\u00f3n que tendr\u00e1 <strong>Sele Vera<\/strong>, una cantante folcl\u00f3rica oriunda de Bariloche que por primera vez pisar\u00e1 el Escenario <strong>\u201cIsaco Abitbol\u201d<\/strong>. El otro n\u00famero nacional ser\u00e1 <strong>\u201cDestino San Javier\u201d<\/strong> que actuar\u00e1 en la segunda noche. Ser\u00e1 la tercera vez que vienen a Santo Tom\u00e9 en los \u00faltimos seis a\u00f1os.<\/p>\n<p>&nbsp;<\/p>\n<p>&nbsp;<\/p>\n","protected":false},"excerpt":{"rendered":"<p>SANTO TOME. El intendente municipal de esta ciudad recientemente se explay\u00f3 acerca de lo que ser\u00e1 una edici\u00f3n m\u00e1s del Festival del Folclore Correntino, prevista para los d\u00edas 7 y 8 de noviembre en el Antiteatro \u201cGenaro Ber\u00f3n de Astrada\u201d de la tradicional Plaza Col\u00f3n. Con cartelera de artistas ya cerrada y la incorporaci\u00f3n de&#8230;<\/p>\n","protected":false},"author":2,"featured_media":12881,"comment_status":"closed","ping_status":"closed","sticky":false,"template":"","format":"standard","meta":{"_kad_post_transparent":"default","_kad_post_title":"default","_kad_post_layout":"default","_kad_post_sidebar_id":"","_kad_post_content_style":"default","_kad_post_vertical_padding":"default","_kad_post_feature":"","_kad_post_feature_position":"","_kad_post_header":false,"_kad_post_footer":false,"_kad_post_classname":"","footnotes":""},"categories":[1],"tags":[],"class_list":["post-12880","post","type-post","status-publish","format-standard","has-post-thumbnail","hentry","category-locales"],"a3_pvc":{"activated":false,"total_views":0,"today_views":0},"yoast_head":"<!-- This site is optimized with the Yoast SEO plugin v27.5 - https:\/\/yoast.com\/product\/yoast-seo-wordpress\/ -->\n<title>Suaid habl\u00f3 de la 59\u00b0 edici\u00f3n del Festival del Folclore Correntino - Digital Santo Tom\u00e9<\/title>\n<meta name=\"robots\" content=\"index, follow, max-snippet:-1, max-image-preview:large, max-video-preview:-1\" \/>\n<link rel=\"canonical\" href=\"https:\/\/digitalsantotome.com.ar\/?p=12880\" \/>\n<meta property=\"og:locale\" content=\"es_ES\" \/>\n<meta property=\"og:type\" content=\"article\" \/>\n<meta property=\"og:title\" content=\"Suaid habl\u00f3 de la 59\u00b0 edici\u00f3n del Festival del Folclore Correntino - Digital Santo Tom\u00e9\" \/>\n<meta property=\"og:description\" content=\"SANTO TOME. El intendente municipal de esta ciudad recientemente se explay\u00f3 acerca de lo que ser\u00e1 una edici\u00f3n m\u00e1s del Festival del Folclore Correntino, prevista para los d\u00edas 7 y 8 de noviembre en el Antiteatro \u201cGenaro Ber\u00f3n de Astrada\u201d de la tradicional Plaza Col\u00f3n. Con cartelera de artistas ya cerrada y la incorporaci\u00f3n de...\" \/>\n<meta property=\"og:url\" content=\"https:\/\/digitalsantotome.com.ar\/?p=12880\" \/>\n<meta property=\"og:site_name\" content=\"Digital Santo Tom\u00e9\" \/>\n<meta property=\"article:published_time\" content=\"2025-10-29T19:02:03+00:00\" \/>\n<meta property=\"article:modified_time\" content=\"2025-10-31T18:44:44+00:00\" \/>\n<meta property=\"og:image\" content=\"https:\/\/digitalsantotome.com.ar\/wp-content\/uploads\/2025\/10\/festival.jpg\" \/>\n\t<meta property=\"og:image:width\" content=\"1920\" \/>\n\t<meta property=\"og:image:height\" content=\"1080\" \/>\n\t<meta property=\"og:image:type\" content=\"image\/jpeg\" \/>\n<meta name=\"author\" content=\"Jose Carlos Machado\" \/>\n<meta name=\"twitter:card\" content=\"summary_large_image\" \/>\n<meta name=\"twitter:label1\" content=\"Escrito por\" \/>\n\t<meta name=\"twitter:data1\" content=\"Jose Carlos Machado\" \/>\n\t<meta name=\"twitter:label2\" content=\"Tiempo de lectura\" \/>\n\t<meta name=\"twitter:data2\" content=\"4 minutos\" \/>\n<script type=\"application\/ld+json\" class=\"yoast-schema-graph\">{\"@context\":\"https:\\\/\\\/schema.org\",\"@graph\":[{\"@type\":\"Article\",\"@id\":\"https:\\\/\\\/digitalsantotome.com.ar\\\/?p=12880#article\",\"isPartOf\":{\"@id\":\"https:\\\/\\\/digitalsantotome.com.ar\\\/?p=12880\"},\"author\":{\"name\":\"Jose Carlos Machado\",\"@id\":\"https:\\\/\\\/digitalsantotome.com.ar\\\/#\\\/schema\\\/person\\\/8991d8822886fedd92ce7f03817e1bdf\"},\"headline\":\"Suaid habl\u00f3 de la 59\u00b0 edici\u00f3n del Festival del Folclore Correntino\",\"datePublished\":\"2025-10-29T19:02:03+00:00\",\"dateModified\":\"2025-10-31T18:44:44+00:00\",\"mainEntityOfPage\":{\"@id\":\"https:\\\/\\\/digitalsantotome.com.ar\\\/?p=12880\"},\"wordCount\":741,\"publisher\":{\"@id\":\"https:\\\/\\\/digitalsantotome.com.ar\\\/#organization\"},\"image\":{\"@id\":\"https:\\\/\\\/digitalsantotome.com.ar\\\/?p=12880#primaryimage\"},\"thumbnailUrl\":\"https:\\\/\\\/digitalsantotome.com.ar\\\/wp-content\\\/uploads\\\/2025\\\/10\\\/festival.jpg\",\"articleSection\":[\"Locales\"],\"inLanguage\":\"es\"},{\"@type\":\"WebPage\",\"@id\":\"https:\\\/\\\/digitalsantotome.com.ar\\\/?p=12880\",\"url\":\"https:\\\/\\\/digitalsantotome.com.ar\\\/?p=12880\",\"name\":\"Suaid habl\u00f3 de la 59\u00b0 edici\u00f3n del Festival del Folclore Correntino - Digital Santo Tom\u00e9\",\"isPartOf\":{\"@id\":\"https:\\\/\\\/digitalsantotome.com.ar\\\/#website\"},\"primaryImageOfPage\":{\"@id\":\"https:\\\/\\\/digitalsantotome.com.ar\\\/?p=12880#primaryimage\"},\"image\":{\"@id\":\"https:\\\/\\\/digitalsantotome.com.ar\\\/?p=12880#primaryimage\"},\"thumbnailUrl\":\"https:\\\/\\\/digitalsantotome.com.ar\\\/wp-content\\\/uploads\\\/2025\\\/10\\\/festival.jpg\",\"datePublished\":\"2025-10-29T19:02:03+00:00\",\"dateModified\":\"2025-10-31T18:44:44+00:00\",\"breadcrumb\":{\"@id\":\"https:\\\/\\\/digitalsantotome.com.ar\\\/?p=12880#breadcrumb\"},\"inLanguage\":\"es\",\"potentialAction\":[{\"@type\":\"ReadAction\",\"target\":[\"https:\\\/\\\/digitalsantotome.com.ar\\\/?p=12880\"]}]},{\"@type\":\"ImageObject\",\"inLanguage\":\"es\",\"@id\":\"https:\\\/\\\/digitalsantotome.com.ar\\\/?p=12880#primaryimage\",\"url\":\"https:\\\/\\\/digitalsantotome.com.ar\\\/wp-content\\\/uploads\\\/2025\\\/10\\\/festival.jpg\",\"contentUrl\":\"https:\\\/\\\/digitalsantotome.com.ar\\\/wp-content\\\/uploads\\\/2025\\\/10\\\/festival.jpg\",\"width\":1920,\"height\":1080},{\"@type\":\"BreadcrumbList\",\"@id\":\"https:\\\/\\\/digitalsantotome.com.ar\\\/?p=12880#breadcrumb\",\"itemListElement\":[{\"@type\":\"ListItem\",\"position\":1,\"name\":\"Portada\",\"item\":\"https:\\\/\\\/digitalsantotome.com.ar\\\/\"},{\"@type\":\"ListItem\",\"position\":2,\"name\":\"Suaid habl\u00f3 de la 59\u00b0 edici\u00f3n del Festival del Folclore Correntino\"}]},{\"@type\":\"WebSite\",\"@id\":\"https:\\\/\\\/digitalsantotome.com.ar\\\/#website\",\"url\":\"https:\\\/\\\/digitalsantotome.com.ar\\\/\",\"name\":\"Digital Santo Tom\u00e9\",\"description\":\"Noticias desde Santo Tom\u00e9 al Mundo \u2013 La informacion que decide\",\"publisher\":{\"@id\":\"https:\\\/\\\/digitalsantotome.com.ar\\\/#organization\"},\"potentialAction\":[{\"@type\":\"SearchAction\",\"target\":{\"@type\":\"EntryPoint\",\"urlTemplate\":\"https:\\\/\\\/digitalsantotome.com.ar\\\/?s={search_term_string}\"},\"query-input\":{\"@type\":\"PropertyValueSpecification\",\"valueRequired\":true,\"valueName\":\"search_term_string\"}}],\"inLanguage\":\"es\"},{\"@type\":\"Organization\",\"@id\":\"https:\\\/\\\/digitalsantotome.com.ar\\\/#organization\",\"name\":\"Digital Santo Tom\u00e9\",\"url\":\"https:\\\/\\\/digitalsantotome.com.ar\\\/\",\"logo\":{\"@type\":\"ImageObject\",\"inLanguage\":\"es\",\"@id\":\"https:\\\/\\\/digitalsantotome.com.ar\\\/#\\\/schema\\\/logo\\\/image\\\/\",\"url\":\"https:\\\/\\\/digitalsantotome.com.ar\\\/wp-content\\\/uploads\\\/2023\\\/01\\\/facebook.jpg\",\"contentUrl\":\"https:\\\/\\\/digitalsantotome.com.ar\\\/wp-content\\\/uploads\\\/2023\\\/01\\\/facebook.jpg\",\"width\":512,\"height\":376,\"caption\":\"Digital Santo Tom\u00e9\"},\"image\":{\"@id\":\"https:\\\/\\\/digitalsantotome.com.ar\\\/#\\\/schema\\\/logo\\\/image\\\/\"}},{\"@type\":\"Person\",\"@id\":\"https:\\\/\\\/digitalsantotome.com.ar\\\/#\\\/schema\\\/person\\\/8991d8822886fedd92ce7f03817e1bdf\",\"name\":\"Jose Carlos Machado\",\"url\":\"https:\\\/\\\/digitalsantotome.com.ar\\\/?author=2\"}]}<\/script>\n<!-- \/ Yoast SEO plugin. -->","yoast_head_json":{"title":"Suaid habl\u00f3 de la 59\u00b0 edici\u00f3n del Festival del Folclore Correntino - Digital Santo Tom\u00e9","robots":{"index":"index","follow":"follow","max-snippet":"max-snippet:-1","max-image-preview":"max-image-preview:large","max-video-preview":"max-video-preview:-1"},"canonical":"https:\/\/digitalsantotome.com.ar\/?p=12880","og_locale":"es_ES","og_type":"article","og_title":"Suaid habl\u00f3 de la 59\u00b0 edici\u00f3n del Festival del Folclore Correntino - Digital Santo Tom\u00e9","og_description":"SANTO TOME. El intendente municipal de esta ciudad recientemente se explay\u00f3 acerca de lo que ser\u00e1 una edici\u00f3n m\u00e1s del Festival del Folclore Correntino, prevista para los d\u00edas 7 y 8 de noviembre en el Antiteatro \u201cGenaro Ber\u00f3n de Astrada\u201d de la tradicional Plaza Col\u00f3n. Con cartelera de artistas ya cerrada y la incorporaci\u00f3n de...","og_url":"https:\/\/digitalsantotome.com.ar\/?p=12880","og_site_name":"Digital Santo Tom\u00e9","article_published_time":"2025-10-29T19:02:03+00:00","article_modified_time":"2025-10-31T18:44:44+00:00","og_image":[{"width":1920,"height":1080,"url":"https:\/\/digitalsantotome.com.ar\/wp-content\/uploads\/2025\/10\/festival.jpg","type":"image\/jpeg"}],"author":"Jose Carlos Machado","twitter_card":"summary_large_image","twitter_misc":{"Escrito por":"Jose Carlos Machado","Tiempo de lectura":"4 minutos"},"schema":{"@context":"https:\/\/schema.org","@graph":[{"@type":"Article","@id":"https:\/\/digitalsantotome.com.ar\/?p=12880#article","isPartOf":{"@id":"https:\/\/digitalsantotome.com.ar\/?p=12880"},"author":{"name":"Jose Carlos Machado","@id":"https:\/\/digitalsantotome.com.ar\/#\/schema\/person\/8991d8822886fedd92ce7f03817e1bdf"},"headline":"Suaid habl\u00f3 de la 59\u00b0 edici\u00f3n del Festival del Folclore Correntino","datePublished":"2025-10-29T19:02:03+00:00","dateModified":"2025-10-31T18:44:44+00:00","mainEntityOfPage":{"@id":"https:\/\/digitalsantotome.com.ar\/?p=12880"},"wordCount":741,"publisher":{"@id":"https:\/\/digitalsantotome.com.ar\/#organization"},"image":{"@id":"https:\/\/digitalsantotome.com.ar\/?p=12880#primaryimage"},"thumbnailUrl":"https:\/\/digitalsantotome.com.ar\/wp-content\/uploads\/2025\/10\/festival.jpg","articleSection":["Locales"],"inLanguage":"es"},{"@type":"WebPage","@id":"https:\/\/digitalsantotome.com.ar\/?p=12880","url":"https:\/\/digitalsantotome.com.ar\/?p=12880","name":"Suaid habl\u00f3 de la 59\u00b0 edici\u00f3n del Festival del Folclore Correntino - Digital Santo Tom\u00e9","isPartOf":{"@id":"https:\/\/digitalsantotome.com.ar\/#website"},"primaryImageOfPage":{"@id":"https:\/\/digitalsantotome.com.ar\/?p=12880#primaryimage"},"image":{"@id":"https:\/\/digitalsantotome.com.ar\/?p=12880#primaryimage"},"thumbnailUrl":"https:\/\/digitalsantotome.com.ar\/wp-content\/uploads\/2025\/10\/festival.jpg","datePublished":"2025-10-29T19:02:03+00:00","dateModified":"2025-10-31T18:44:44+00:00","breadcrumb":{"@id":"https:\/\/digitalsantotome.com.ar\/?p=12880#breadcrumb"},"inLanguage":"es","potentialAction":[{"@type":"ReadAction","target":["https:\/\/digitalsantotome.com.ar\/?p=12880"]}]},{"@type":"ImageObject","inLanguage":"es","@id":"https:\/\/digitalsantotome.com.ar\/?p=12880#primaryimage","url":"https:\/\/digitalsantotome.com.ar\/wp-content\/uploads\/2025\/10\/festival.jpg","contentUrl":"https:\/\/digitalsantotome.com.ar\/wp-content\/uploads\/2025\/10\/festival.jpg","width":1920,"height":1080},{"@type":"BreadcrumbList","@id":"https:\/\/digitalsantotome.com.ar\/?p=12880#breadcrumb","itemListElement":[{"@type":"ListItem","position":1,"name":"Portada","item":"https:\/\/digitalsantotome.com.ar\/"},{"@type":"ListItem","position":2,"name":"Suaid habl\u00f3 de la 59\u00b0 edici\u00f3n del Festival del Folclore Correntino"}]},{"@type":"WebSite","@id":"https:\/\/digitalsantotome.com.ar\/#website","url":"https:\/\/digitalsantotome.com.ar\/","name":"Digital Santo Tom\u00e9","description":"Noticias desde Santo Tom\u00e9 al Mundo \u2013 La informacion que decide","publisher":{"@id":"https:\/\/digitalsantotome.com.ar\/#organization"},"potentialAction":[{"@type":"SearchAction","target":{"@type":"EntryPoint","urlTemplate":"https:\/\/digitalsantotome.com.ar\/?s={search_term_string}"},"query-input":{"@type":"PropertyValueSpecification","valueRequired":true,"valueName":"search_term_string"}}],"inLanguage":"es"},{"@type":"Organization","@id":"https:\/\/digitalsantotome.com.ar\/#organization","name":"Digital Santo Tom\u00e9","url":"https:\/\/digitalsantotome.com.ar\/","logo":{"@type":"ImageObject","inLanguage":"es","@id":"https:\/\/digitalsantotome.com.ar\/#\/schema\/logo\/image\/","url":"https:\/\/digitalsantotome.com.ar\/wp-content\/uploads\/2023\/01\/facebook.jpg","contentUrl":"https:\/\/digitalsantotome.com.ar\/wp-content\/uploads\/2023\/01\/facebook.jpg","width":512,"height":376,"caption":"Digital Santo Tom\u00e9"},"image":{"@id":"https:\/\/digitalsantotome.com.ar\/#\/schema\/logo\/image\/"}},{"@type":"Person","@id":"https:\/\/digitalsantotome.com.ar\/#\/schema\/person\/8991d8822886fedd92ce7f03817e1bdf","name":"Jose Carlos Machado","url":"https:\/\/digitalsantotome.com.ar\/?author=2"}]}},"_links":{"self":[{"href":"https:\/\/digitalsantotome.com.ar\/index.php?rest_route=\/wp\/v2\/posts\/12880","targetHints":{"allow":["GET"]}}],"collection":[{"href":"https:\/\/digitalsantotome.com.ar\/index.php?rest_route=\/wp\/v2\/posts"}],"about":[{"href":"https:\/\/digitalsantotome.com.ar\/index.php?rest_route=\/wp\/v2\/types\/post"}],"author":[{"embeddable":true,"href":"https:\/\/digitalsantotome.com.ar\/index.php?rest_route=\/wp\/v2\/users\/2"}],"replies":[{"embeddable":true,"href":"https:\/\/digitalsantotome.com.ar\/index.php?rest_route=%2Fwp%2Fv2%2Fcomments&post=12880"}],"version-history":[{"count":1,"href":"https:\/\/digitalsantotome.com.ar\/index.php?rest_route=\/wp\/v2\/posts\/12880\/revisions"}],"predecessor-version":[{"id":12882,"href":"https:\/\/digitalsantotome.com.ar\/index.php?rest_route=\/wp\/v2\/posts\/12880\/revisions\/12882"}],"wp:featuredmedia":[{"embeddable":true,"href":"https:\/\/digitalsantotome.com.ar\/index.php?rest_route=\/wp\/v2\/media\/12881"}],"wp:attachment":[{"href":"https:\/\/digitalsantotome.com.ar\/index.php?rest_route=%2Fwp%2Fv2%2Fmedia&parent=12880"}],"wp:term":[{"taxonomy":"category","embeddable":true,"href":"https:\/\/digitalsantotome.com.ar\/index.php?rest_route=%2Fwp%2Fv2%2Fcategories&post=12880"},{"taxonomy":"post_tag","embeddable":true,"href":"https:\/\/digitalsantotome.com.ar\/index.php?rest_route=%2Fwp%2Fv2%2Ftags&post=12880"}],"curies":[{"name":"wp","href":"https:\/\/api.w.org\/{rel}","templated":true}]}}