{"id":12899,"date":"2025-10-31T15:55:23","date_gmt":"2025-10-31T18:55:23","guid":{"rendered":"https:\/\/digitalsantotome.com.ar\/?p=12899"},"modified":"2025-10-31T15:55:33","modified_gmt":"2025-10-31T18:55:33","slug":"vialidad-provincial-finalizo-las-obras-en-la-ruta-nacional-n-12-en-cercanias-de-ita-ibate","status":"publish","type":"post","link":"https:\/\/digitalsantotome.com.ar\/?p=12899","title":{"rendered":"Vialidad Provincial finaliz\u00f3 las obras en la Ruta Nacional N\u00b0 12, en cercan\u00edas de It\u00e1 Ibat\u00e9"},"content":{"rendered":"<p align=\"center\"><em>CORRIENTES. Con recursos propios de la Provincia, el organismo culmin\u00f3 los trabajos de reparaci\u00f3n sobre la traSanacional y dej\u00f3 en condiciones el tramo, cuya habilitaci\u00f3n vehicular quedar\u00e1 a cargo de Vialidad Nacional.<\/em><\/p>\n<p>La Direcci\u00f3n Provincial de Vialidad concluy\u00f3 este jueves por la tarde los trabajos sobre la Ruta Nacional N\u00b0 12, en inmediaciones de It\u00e1 Ibat\u00e9, luego de dos d\u00edas de intenso trabajo realizado con recursos propios. Las tareas que se ejecutaron permitieron restablecer las condiciones de transitabilidad del sector afectado.<\/p>\n<p>A partir de ahora, la habilitaci\u00f3n del paso vehicular depender\u00e1 de Vialidad Nacional, organismo responsable de la red troncal.<\/p>\n<div class=\"entry-content-asset videofit\"><iframe title=\"VIALIDAD PROVINCIAL INICI\u00d3 OBRAS URGENTES PARA REABRIR LA RUTA 12 EN IT\u00c1 IBAT\u00c9\" width=\"720\" height=\"405\" src=\"https:\/\/www.youtube.com\/embed\/FmQ0WiygMmc?feature=oembed\" frameborder=\"0\" allow=\"accelerometer; autoplay; clipboard-write; encrypted-media; gyroscope; picture-in-picture; web-share\" referrerpolicy=\"strict-origin-when-cross-origin\" allowfullscreen><\/iframe><\/div>\n","protected":false},"excerpt":{"rendered":"<p>CORRIENTES. Con recursos propios de la Provincia, el organismo culmin\u00f3 los trabajos de reparaci\u00f3n sobre la traSanacional y dej\u00f3 en condiciones el tramo, cuya habilitaci\u00f3n vehicular quedar\u00e1 a cargo de Vialidad Nacional. La Direcci\u00f3n Provincial de Vialidad concluy\u00f3 este jueves por la tarde los trabajos sobre la Ruta Nacional N\u00b0 12, en inmediaciones de It\u00e1&#8230;<\/p>\n","protected":false},"author":2,"featured_media":12900,"comment_status":"closed","ping_status":"closed","sticky":false,"template":"","format":"standard","meta":{"_kad_post_transparent":"default","_kad_post_title":"default","_kad_post_layout":"default","_kad_post_sidebar_id":"","_kad_post_content_style":"default","_kad_post_vertical_padding":"default","_kad_post_feature":"","_kad_post_feature_position":"","_kad_post_header":false,"_kad_post_footer":false,"_kad_post_classname":"","footnotes":""},"categories":[2],"tags":[],"class_list":["post-12899","post","type-post","status-publish","format-standard","has-post-thumbnail","hentry","category-provinciales"],"a3_pvc":{"activated":false,"total_views":0,"today_views":0},"yoast_head":"<!-- This site is optimized with the Yoast SEO plugin v27.5 - https:\/\/yoast.com\/product\/yoast-seo-wordpress\/ -->\n<title>Vialidad Provincial finaliz\u00f3 las obras en la Ruta Nacional N\u00b0 12, en cercan\u00edas de It\u00e1 Ibat\u00e9 - Digital Santo Tom\u00e9<\/title>\n<meta name=\"robots\" content=\"index, follow, max-snippet:-1, max-image-preview:large, max-video-preview:-1\" \/>\n<link rel=\"canonical\" href=\"https:\/\/digitalsantotome.com.ar\/?p=12899\" \/>\n<meta property=\"og:locale\" content=\"es_ES\" \/>\n<meta property=\"og:type\" content=\"article\" \/>\n<meta property=\"og:title\" content=\"Vialidad Provincial finaliz\u00f3 las obras en la Ruta Nacional N\u00b0 12, en cercan\u00edas de It\u00e1 Ibat\u00e9 - Digital Santo Tom\u00e9\" \/>\n<meta property=\"og:description\" content=\"CORRIENTES. Con recursos propios de la Provincia, el organismo culmin\u00f3 los trabajos de reparaci\u00f3n sobre la traSanacional y dej\u00f3 en condiciones el tramo, cuya habilitaci\u00f3n vehicular quedar\u00e1 a cargo de Vialidad Nacional. La Direcci\u00f3n Provincial de Vialidad concluy\u00f3 este jueves por la tarde los trabajos sobre la Ruta Nacional N\u00b0 12, en inmediaciones de It\u00e1...\" \/>\n<meta property=\"og:url\" content=\"https:\/\/digitalsantotome.com.ar\/?p=12899\" \/>\n<meta property=\"og:site_name\" content=\"Digital Santo Tom\u00e9\" \/>\n<meta property=\"article:published_time\" content=\"2025-10-31T18:55:23+00:00\" \/>\n<meta property=\"article:modified_time\" content=\"2025-10-31T18:55:33+00:00\" \/>\n<meta property=\"og:image\" content=\"https:\/\/digitalsantotome.com.ar\/wp-content\/uploads\/2025\/10\/imagen-104307.jpg\" \/>\n\t<meta property=\"og:image:width\" content=\"1080\" \/>\n\t<meta property=\"og:image:height\" content=\"724\" \/>\n\t<meta property=\"og:image:type\" content=\"image\/jpeg\" \/>\n<meta name=\"author\" content=\"Jose Carlos Machado\" \/>\n<meta name=\"twitter:card\" content=\"summary_large_image\" \/>\n<meta name=\"twitter:label1\" content=\"Escrito por\" \/>\n\t<meta name=\"twitter:data1\" content=\"Jose Carlos Machado\" \/>\n\t<meta name=\"twitter:label2\" content=\"Tiempo de lectura\" \/>\n\t<meta name=\"twitter:data2\" content=\"1 minuto\" \/>\n<script type=\"application\/ld+json\" class=\"yoast-schema-graph\">{\"@context\":\"https:\\\/\\\/schema.org\",\"@graph\":[{\"@type\":\"Article\",\"@id\":\"https:\\\/\\\/digitalsantotome.com.ar\\\/?p=12899#article\",\"isPartOf\":{\"@id\":\"https:\\\/\\\/digitalsantotome.com.ar\\\/?p=12899\"},\"author\":{\"name\":\"Jose Carlos Machado\",\"@id\":\"https:\\\/\\\/digitalsantotome.com.ar\\\/#\\\/schema\\\/person\\\/8991d8822886fedd92ce7f03817e1bdf\"},\"headline\":\"Vialidad Provincial finaliz\u00f3 las obras en la Ruta Nacional N\u00b0 12, en cercan\u00edas de It\u00e1 Ibat\u00e9\",\"datePublished\":\"2025-10-31T18:55:23+00:00\",\"dateModified\":\"2025-10-31T18:55:33+00:00\",\"mainEntityOfPage\":{\"@id\":\"https:\\\/\\\/digitalsantotome.com.ar\\\/?p=12899\"},\"wordCount\":128,\"publisher\":{\"@id\":\"https:\\\/\\\/digitalsantotome.com.ar\\\/#organization\"},\"image\":{\"@id\":\"https:\\\/\\\/digitalsantotome.com.ar\\\/?p=12899#primaryimage\"},\"thumbnailUrl\":\"https:\\\/\\\/digitalsantotome.com.ar\\\/wp-content\\\/uploads\\\/2025\\\/10\\\/imagen-104307.jpg\",\"articleSection\":[\"Provinciales\"],\"inLanguage\":\"es\"},{\"@type\":\"WebPage\",\"@id\":\"https:\\\/\\\/digitalsantotome.com.ar\\\/?p=12899\",\"url\":\"https:\\\/\\\/digitalsantotome.com.ar\\\/?p=12899\",\"name\":\"Vialidad Provincial finaliz\u00f3 las obras en la Ruta Nacional N\u00b0 12, en cercan\u00edas de It\u00e1 Ibat\u00e9 - Digital Santo Tom\u00e9\",\"isPartOf\":{\"@id\":\"https:\\\/\\\/digitalsantotome.com.ar\\\/#website\"},\"primaryImageOfPage\":{\"@id\":\"https:\\\/\\\/digitalsantotome.com.ar\\\/?p=12899#primaryimage\"},\"image\":{\"@id\":\"https:\\\/\\\/digitalsantotome.com.ar\\\/?p=12899#primaryimage\"},\"thumbnailUrl\":\"https:\\\/\\\/digitalsantotome.com.ar\\\/wp-content\\\/uploads\\\/2025\\\/10\\\/imagen-104307.jpg\",\"datePublished\":\"2025-10-31T18:55:23+00:00\",\"dateModified\":\"2025-10-31T18:55:33+00:00\",\"breadcrumb\":{\"@id\":\"https:\\\/\\\/digitalsantotome.com.ar\\\/?p=12899#breadcrumb\"},\"inLanguage\":\"es\",\"potentialAction\":[{\"@type\":\"ReadAction\",\"target\":[\"https:\\\/\\\/digitalsantotome.com.ar\\\/?p=12899\"]}]},{\"@type\":\"ImageObject\",\"inLanguage\":\"es\",\"@id\":\"https:\\\/\\\/digitalsantotome.com.ar\\\/?p=12899#primaryimage\",\"url\":\"https:\\\/\\\/digitalsantotome.com.ar\\\/wp-content\\\/uploads\\\/2025\\\/10\\\/imagen-104307.jpg\",\"contentUrl\":\"https:\\\/\\\/digitalsantotome.com.ar\\\/wp-content\\\/uploads\\\/2025\\\/10\\\/imagen-104307.jpg\",\"width\":1080,\"height\":724},{\"@type\":\"BreadcrumbList\",\"@id\":\"https:\\\/\\\/digitalsantotome.com.ar\\\/?p=12899#breadcrumb\",\"itemListElement\":[{\"@type\":\"ListItem\",\"position\":1,\"name\":\"Portada\",\"item\":\"https:\\\/\\\/digitalsantotome.com.ar\\\/\"},{\"@type\":\"ListItem\",\"position\":2,\"name\":\"Vialidad Provincial finaliz\u00f3 las obras en la Ruta Nacional N\u00b0 12, en cercan\u00edas de It\u00e1 Ibat\u00e9\"}]},{\"@type\":\"WebSite\",\"@id\":\"https:\\\/\\\/digitalsantotome.com.ar\\\/#website\",\"url\":\"https:\\\/\\\/digitalsantotome.com.ar\\\/\",\"name\":\"Digital Santo Tom\u00e9\",\"description\":\"Noticias desde Santo Tom\u00e9 al Mundo \u2013 La informacion que decide\",\"publisher\":{\"@id\":\"https:\\\/\\\/digitalsantotome.com.ar\\\/#organization\"},\"potentialAction\":[{\"@type\":\"SearchAction\",\"target\":{\"@type\":\"EntryPoint\",\"urlTemplate\":\"https:\\\/\\\/digitalsantotome.com.ar\\\/?s={search_term_string}\"},\"query-input\":{\"@type\":\"PropertyValueSpecification\",\"valueRequired\":true,\"valueName\":\"search_term_string\"}}],\"inLanguage\":\"es\"},{\"@type\":\"Organization\",\"@id\":\"https:\\\/\\\/digitalsantotome.com.ar\\\/#organization\",\"name\":\"Digital Santo Tom\u00e9\",\"url\":\"https:\\\/\\\/digitalsantotome.com.ar\\\/\",\"logo\":{\"@type\":\"ImageObject\",\"inLanguage\":\"es\",\"@id\":\"https:\\\/\\\/digitalsantotome.com.ar\\\/#\\\/schema\\\/logo\\\/image\\\/\",\"url\":\"https:\\\/\\\/digitalsantotome.com.ar\\\/wp-content\\\/uploads\\\/2023\\\/01\\\/facebook.jpg\",\"contentUrl\":\"https:\\\/\\\/digitalsantotome.com.ar\\\/wp-content\\\/uploads\\\/2023\\\/01\\\/facebook.jpg\",\"width\":512,\"height\":376,\"caption\":\"Digital Santo Tom\u00e9\"},\"image\":{\"@id\":\"https:\\\/\\\/digitalsantotome.com.ar\\\/#\\\/schema\\\/logo\\\/image\\\/\"}},{\"@type\":\"Person\",\"@id\":\"https:\\\/\\\/digitalsantotome.com.ar\\\/#\\\/schema\\\/person\\\/8991d8822886fedd92ce7f03817e1bdf\",\"name\":\"Jose Carlos Machado\",\"url\":\"https:\\\/\\\/digitalsantotome.com.ar\\\/?author=2\"}]}<\/script>\n<!-- \/ Yoast SEO plugin. -->","yoast_head_json":{"title":"Vialidad Provincial finaliz\u00f3 las obras en la Ruta Nacional N\u00b0 12, en cercan\u00edas de It\u00e1 Ibat\u00e9 - Digital Santo Tom\u00e9","robots":{"index":"index","follow":"follow","max-snippet":"max-snippet:-1","max-image-preview":"max-image-preview:large","max-video-preview":"max-video-preview:-1"},"canonical":"https:\/\/digitalsantotome.com.ar\/?p=12899","og_locale":"es_ES","og_type":"article","og_title":"Vialidad Provincial finaliz\u00f3 las obras en la Ruta Nacional N\u00b0 12, en cercan\u00edas de It\u00e1 Ibat\u00e9 - Digital Santo Tom\u00e9","og_description":"CORRIENTES. Con recursos propios de la Provincia, el organismo culmin\u00f3 los trabajos de reparaci\u00f3n sobre la traSanacional y dej\u00f3 en condiciones el tramo, cuya habilitaci\u00f3n vehicular quedar\u00e1 a cargo de Vialidad Nacional. La Direcci\u00f3n Provincial de Vialidad concluy\u00f3 este jueves por la tarde los trabajos sobre la Ruta Nacional N\u00b0 12, en inmediaciones de It\u00e1...","og_url":"https:\/\/digitalsantotome.com.ar\/?p=12899","og_site_name":"Digital Santo Tom\u00e9","article_published_time":"2025-10-31T18:55:23+00:00","article_modified_time":"2025-10-31T18:55:33+00:00","og_image":[{"width":1080,"height":724,"url":"https:\/\/digitalsantotome.com.ar\/wp-content\/uploads\/2025\/10\/imagen-104307.jpg","type":"image\/jpeg"}],"author":"Jose Carlos Machado","twitter_card":"summary_large_image","twitter_misc":{"Escrito por":"Jose Carlos Machado","Tiempo de lectura":"1 minuto"},"schema":{"@context":"https:\/\/schema.org","@graph":[{"@type":"Article","@id":"https:\/\/digitalsantotome.com.ar\/?p=12899#article","isPartOf":{"@id":"https:\/\/digitalsantotome.com.ar\/?p=12899"},"author":{"name":"Jose Carlos Machado","@id":"https:\/\/digitalsantotome.com.ar\/#\/schema\/person\/8991d8822886fedd92ce7f03817e1bdf"},"headline":"Vialidad Provincial finaliz\u00f3 las obras en la Ruta Nacional N\u00b0 12, en cercan\u00edas de It\u00e1 Ibat\u00e9","datePublished":"2025-10-31T18:55:23+00:00","dateModified":"2025-10-31T18:55:33+00:00","mainEntityOfPage":{"@id":"https:\/\/digitalsantotome.com.ar\/?p=12899"},"wordCount":128,"publisher":{"@id":"https:\/\/digitalsantotome.com.ar\/#organization"},"image":{"@id":"https:\/\/digitalsantotome.com.ar\/?p=12899#primaryimage"},"thumbnailUrl":"https:\/\/digitalsantotome.com.ar\/wp-content\/uploads\/2025\/10\/imagen-104307.jpg","articleSection":["Provinciales"],"inLanguage":"es"},{"@type":"WebPage","@id":"https:\/\/digitalsantotome.com.ar\/?p=12899","url":"https:\/\/digitalsantotome.com.ar\/?p=12899","name":"Vialidad Provincial finaliz\u00f3 las obras en la Ruta Nacional N\u00b0 12, en cercan\u00edas de It\u00e1 Ibat\u00e9 - Digital Santo Tom\u00e9","isPartOf":{"@id":"https:\/\/digitalsantotome.com.ar\/#website"},"primaryImageOfPage":{"@id":"https:\/\/digitalsantotome.com.ar\/?p=12899#primaryimage"},"image":{"@id":"https:\/\/digitalsantotome.com.ar\/?p=12899#primaryimage"},"thumbnailUrl":"https:\/\/digitalsantotome.com.ar\/wp-content\/uploads\/2025\/10\/imagen-104307.jpg","datePublished":"2025-10-31T18:55:23+00:00","dateModified":"2025-10-31T18:55:33+00:00","breadcrumb":{"@id":"https:\/\/digitalsantotome.com.ar\/?p=12899#breadcrumb"},"inLanguage":"es","potentialAction":[{"@type":"ReadAction","target":["https:\/\/digitalsantotome.com.ar\/?p=12899"]}]},{"@type":"ImageObject","inLanguage":"es","@id":"https:\/\/digitalsantotome.com.ar\/?p=12899#primaryimage","url":"https:\/\/digitalsantotome.com.ar\/wp-content\/uploads\/2025\/10\/imagen-104307.jpg","contentUrl":"https:\/\/digitalsantotome.com.ar\/wp-content\/uploads\/2025\/10\/imagen-104307.jpg","width":1080,"height":724},{"@type":"BreadcrumbList","@id":"https:\/\/digitalsantotome.com.ar\/?p=12899#breadcrumb","itemListElement":[{"@type":"ListItem","position":1,"name":"Portada","item":"https:\/\/digitalsantotome.com.ar\/"},{"@type":"ListItem","position":2,"name":"Vialidad Provincial finaliz\u00f3 las obras en la Ruta Nacional N\u00b0 12, en cercan\u00edas de It\u00e1 Ibat\u00e9"}]},{"@type":"WebSite","@id":"https:\/\/digitalsantotome.com.ar\/#website","url":"https:\/\/digitalsantotome.com.ar\/","name":"Digital Santo Tom\u00e9","description":"Noticias desde Santo Tom\u00e9 al Mundo \u2013 La informacion que decide","publisher":{"@id":"https:\/\/digitalsantotome.com.ar\/#organization"},"potentialAction":[{"@type":"SearchAction","target":{"@type":"EntryPoint","urlTemplate":"https:\/\/digitalsantotome.com.ar\/?s={search_term_string}"},"query-input":{"@type":"PropertyValueSpecification","valueRequired":true,"valueName":"search_term_string"}}],"inLanguage":"es"},{"@type":"Organization","@id":"https:\/\/digitalsantotome.com.ar\/#organization","name":"Digital Santo Tom\u00e9","url":"https:\/\/digitalsantotome.com.ar\/","logo":{"@type":"ImageObject","inLanguage":"es","@id":"https:\/\/digitalsantotome.com.ar\/#\/schema\/logo\/image\/","url":"https:\/\/digitalsantotome.com.ar\/wp-content\/uploads\/2023\/01\/facebook.jpg","contentUrl":"https:\/\/digitalsantotome.com.ar\/wp-content\/uploads\/2023\/01\/facebook.jpg","width":512,"height":376,"caption":"Digital Santo Tom\u00e9"},"image":{"@id":"https:\/\/digitalsantotome.com.ar\/#\/schema\/logo\/image\/"}},{"@type":"Person","@id":"https:\/\/digitalsantotome.com.ar\/#\/schema\/person\/8991d8822886fedd92ce7f03817e1bdf","name":"Jose Carlos Machado","url":"https:\/\/digitalsantotome.com.ar\/?author=2"}]}},"_links":{"self":[{"href":"https:\/\/digitalsantotome.com.ar\/index.php?rest_route=\/wp\/v2\/posts\/12899","targetHints":{"allow":["GET"]}}],"collection":[{"href":"https:\/\/digitalsantotome.com.ar\/index.php?rest_route=\/wp\/v2\/posts"}],"about":[{"href":"https:\/\/digitalsantotome.com.ar\/index.php?rest_route=\/wp\/v2\/types\/post"}],"author":[{"embeddable":true,"href":"https:\/\/digitalsantotome.com.ar\/index.php?rest_route=\/wp\/v2\/users\/2"}],"replies":[{"embeddable":true,"href":"https:\/\/digitalsantotome.com.ar\/index.php?rest_route=%2Fwp%2Fv2%2Fcomments&post=12899"}],"version-history":[{"count":1,"href":"https:\/\/digitalsantotome.com.ar\/index.php?rest_route=\/wp\/v2\/posts\/12899\/revisions"}],"predecessor-version":[{"id":12901,"href":"https:\/\/digitalsantotome.com.ar\/index.php?rest_route=\/wp\/v2\/posts\/12899\/revisions\/12901"}],"wp:featuredmedia":[{"embeddable":true,"href":"https:\/\/digitalsantotome.com.ar\/index.php?rest_route=\/wp\/v2\/media\/12900"}],"wp:attachment":[{"href":"https:\/\/digitalsantotome.com.ar\/index.php?rest_route=%2Fwp%2Fv2%2Fmedia&parent=12899"}],"wp:term":[{"taxonomy":"category","embeddable":true,"href":"https:\/\/digitalsantotome.com.ar\/index.php?rest_route=%2Fwp%2Fv2%2Fcategories&post=12899"},{"taxonomy":"post_tag","embeddable":true,"href":"https:\/\/digitalsantotome.com.ar\/index.php?rest_route=%2Fwp%2Fv2%2Ftags&post=12899"}],"curies":[{"name":"wp","href":"https:\/\/api.w.org\/{rel}","templated":true}]}}