{"id":12921,"date":"2025-11-01T20:17:30","date_gmt":"2025-11-01T23:17:30","guid":{"rendered":"https:\/\/digitalsantotome.com.ar\/?p=12921"},"modified":"2025-11-01T20:17:35","modified_gmt":"2025-11-01T23:17:35","slug":"nacion-anuncio-la-repavimentacion-en-el-paso-fronterizo-entre-paso-de-los-libres-y-uruguayana","status":"publish","type":"post","link":"https:\/\/digitalsantotome.com.ar\/?p=12921","title":{"rendered":"Naci\u00f3n anunci\u00f3 la repavimentaci\u00f3n en el paso fronterizo entre Paso de los Libres y Uruguayana"},"content":{"rendered":"<p>PASO DE LOS LIBRES. Tras a\u00f1os de demandas por parte de conductores y transportistas que utilizan la frontera entre Brasil y Argentina, el gobierno argentino confirm\u00f3 el inicio de las obras de repavimentaci\u00f3n con asfalto en el tramo del Puente Internacional Get\u00falio Vargas-Agust\u00edn P. Justo, que conecta Paso de los Libres con Uruguaiana, bajo su responsabilidad.<\/p>\n<p>La informaci\u00f3n fue difundida por Vialidad Nacional, equivalente al DNIT en Brasil. Los trabajos se realizar\u00e1n entre el lunes 3 y el viernes 7 de noviembre, sujeto a las condiciones clim\u00e1ticas.<\/p>\n<p>El contrato contempla la revitalizaci\u00f3n completa de la superficie de la carretera e intervenciones en los accesos al lado argentino, con el objetivo de reforzar la resistencia estructural y garantizar una mayor durabilidad del pavimento.<\/p>\n<p>Para minimizar las molestias al tr\u00e1fico diario, los trabajos se llevar\u00e1n a cabo de 20:30 a 6:30, con la interrupci\u00f3n total del tr\u00e1fico pesado durante este per\u00edodo. Los equipos t\u00e9cnicos trabajar\u00e1n en la se\u00f1alizaci\u00f3n y el sistema de se\u00f1alizaci\u00f3n de tr\u00e1fico, que guiar\u00e1 a los conductores a lo largo de la zona de construcci\u00f3n.<\/p>\n<p>El puente se considera fundamental para el transporte internacional entre Brasil y otros pa\u00edses del Mercosur, registrando un intenso tr\u00e1fico diario de camiones y veh\u00edculos particulares. Se espera que las mejoras aumenten la seguridad y la fluidez del cruce.<\/p>\n<p>Fuente: FM Lider &#8211; Uruguayana<\/p>\n<p>&nbsp;<\/p>\n","protected":false},"excerpt":{"rendered":"<p>PASO DE LOS LIBRES. Tras a\u00f1os de demandas por parte de conductores y transportistas que utilizan la frontera entre Brasil y Argentina, el gobierno argentino confirm\u00f3 el inicio de las obras de repavimentaci\u00f3n con asfalto en el tramo del Puente Internacional Get\u00falio Vargas-Agust\u00edn P. Justo, que conecta Paso de los Libres con Uruguaiana, bajo su&#8230;<\/p>\n","protected":false},"author":2,"featured_media":12922,"comment_status":"closed","ping_status":"closed","sticky":false,"template":"","format":"standard","meta":{"_kad_post_transparent":"default","_kad_post_title":"default","_kad_post_layout":"default","_kad_post_sidebar_id":"","_kad_post_content_style":"default","_kad_post_vertical_padding":"default","_kad_post_feature":"","_kad_post_feature_position":"","_kad_post_header":false,"_kad_post_footer":false,"_kad_post_classname":"","footnotes":""},"categories":[2],"tags":[],"class_list":["post-12921","post","type-post","status-publish","format-standard","has-post-thumbnail","hentry","category-provinciales"],"a3_pvc":{"activated":false,"total_views":0,"today_views":0},"yoast_head":"<!-- This site is optimized with the Yoast SEO plugin v27.5 - https:\/\/yoast.com\/product\/yoast-seo-wordpress\/ -->\n<title>Naci\u00f3n anunci\u00f3 la repavimentaci\u00f3n en el paso fronterizo entre Paso de los Libres y Uruguayana - Digital Santo Tom\u00e9<\/title>\n<meta name=\"robots\" content=\"index, follow, max-snippet:-1, max-image-preview:large, max-video-preview:-1\" \/>\n<link rel=\"canonical\" href=\"https:\/\/digitalsantotome.com.ar\/?p=12921\" \/>\n<meta property=\"og:locale\" content=\"es_ES\" \/>\n<meta property=\"og:type\" content=\"article\" \/>\n<meta property=\"og:title\" content=\"Naci\u00f3n anunci\u00f3 la repavimentaci\u00f3n en el paso fronterizo entre Paso de los Libres y Uruguayana - Digital Santo Tom\u00e9\" \/>\n<meta property=\"og:description\" content=\"PASO DE LOS LIBRES. Tras a\u00f1os de demandas por parte de conductores y transportistas que utilizan la frontera entre Brasil y Argentina, el gobierno argentino confirm\u00f3 el inicio de las obras de repavimentaci\u00f3n con asfalto en el tramo del Puente Internacional Get\u00falio Vargas-Agust\u00edn P. Justo, que conecta Paso de los Libres con Uruguaiana, bajo su...\" \/>\n<meta property=\"og:url\" content=\"https:\/\/digitalsantotome.com.ar\/?p=12921\" \/>\n<meta property=\"og:site_name\" content=\"Digital Santo Tom\u00e9\" \/>\n<meta property=\"article:published_time\" content=\"2025-11-01T23:17:30+00:00\" \/>\n<meta property=\"article:modified_time\" content=\"2025-11-01T23:17:35+00:00\" \/>\n<meta property=\"og:image\" content=\"https:\/\/digitalsantotome.com.ar\/wp-content\/uploads\/2025\/11\/0S78riJsq_1300x655__1.jpg\" \/>\n\t<meta property=\"og:image:width\" content=\"1300\" \/>\n\t<meta property=\"og:image:height\" content=\"655\" \/>\n\t<meta property=\"og:image:type\" content=\"image\/jpeg\" \/>\n<meta name=\"author\" content=\"Jose Carlos Machado\" \/>\n<meta name=\"twitter:card\" content=\"summary_large_image\" \/>\n<meta name=\"twitter:label1\" content=\"Escrito por\" \/>\n\t<meta name=\"twitter:data1\" content=\"Jose Carlos Machado\" \/>\n\t<meta name=\"twitter:label2\" content=\"Tiempo de lectura\" \/>\n\t<meta name=\"twitter:data2\" content=\"2 minutos\" \/>\n<script type=\"application\/ld+json\" class=\"yoast-schema-graph\">{\"@context\":\"https:\\\/\\\/schema.org\",\"@graph\":[{\"@type\":\"Article\",\"@id\":\"https:\\\/\\\/digitalsantotome.com.ar\\\/?p=12921#article\",\"isPartOf\":{\"@id\":\"https:\\\/\\\/digitalsantotome.com.ar\\\/?p=12921\"},\"author\":{\"name\":\"Jose Carlos Machado\",\"@id\":\"https:\\\/\\\/digitalsantotome.com.ar\\\/#\\\/schema\\\/person\\\/8991d8822886fedd92ce7f03817e1bdf\"},\"headline\":\"Naci\u00f3n anunci\u00f3 la repavimentaci\u00f3n en el paso fronterizo entre Paso de los Libres y Uruguayana\",\"datePublished\":\"2025-11-01T23:17:30+00:00\",\"dateModified\":\"2025-11-01T23:17:35+00:00\",\"mainEntityOfPage\":{\"@id\":\"https:\\\/\\\/digitalsantotome.com.ar\\\/?p=12921\"},\"wordCount\":258,\"publisher\":{\"@id\":\"https:\\\/\\\/digitalsantotome.com.ar\\\/#organization\"},\"image\":{\"@id\":\"https:\\\/\\\/digitalsantotome.com.ar\\\/?p=12921#primaryimage\"},\"thumbnailUrl\":\"https:\\\/\\\/digitalsantotome.com.ar\\\/wp-content\\\/uploads\\\/2025\\\/11\\\/0S78riJsq_1300x655__1.jpg\",\"articleSection\":[\"Provinciales\"],\"inLanguage\":\"es\"},{\"@type\":\"WebPage\",\"@id\":\"https:\\\/\\\/digitalsantotome.com.ar\\\/?p=12921\",\"url\":\"https:\\\/\\\/digitalsantotome.com.ar\\\/?p=12921\",\"name\":\"Naci\u00f3n anunci\u00f3 la repavimentaci\u00f3n en el paso fronterizo entre Paso de los Libres y Uruguayana - Digital Santo Tom\u00e9\",\"isPartOf\":{\"@id\":\"https:\\\/\\\/digitalsantotome.com.ar\\\/#website\"},\"primaryImageOfPage\":{\"@id\":\"https:\\\/\\\/digitalsantotome.com.ar\\\/?p=12921#primaryimage\"},\"image\":{\"@id\":\"https:\\\/\\\/digitalsantotome.com.ar\\\/?p=12921#primaryimage\"},\"thumbnailUrl\":\"https:\\\/\\\/digitalsantotome.com.ar\\\/wp-content\\\/uploads\\\/2025\\\/11\\\/0S78riJsq_1300x655__1.jpg\",\"datePublished\":\"2025-11-01T23:17:30+00:00\",\"dateModified\":\"2025-11-01T23:17:35+00:00\",\"breadcrumb\":{\"@id\":\"https:\\\/\\\/digitalsantotome.com.ar\\\/?p=12921#breadcrumb\"},\"inLanguage\":\"es\",\"potentialAction\":[{\"@type\":\"ReadAction\",\"target\":[\"https:\\\/\\\/digitalsantotome.com.ar\\\/?p=12921\"]}]},{\"@type\":\"ImageObject\",\"inLanguage\":\"es\",\"@id\":\"https:\\\/\\\/digitalsantotome.com.ar\\\/?p=12921#primaryimage\",\"url\":\"https:\\\/\\\/digitalsantotome.com.ar\\\/wp-content\\\/uploads\\\/2025\\\/11\\\/0S78riJsq_1300x655__1.jpg\",\"contentUrl\":\"https:\\\/\\\/digitalsantotome.com.ar\\\/wp-content\\\/uploads\\\/2025\\\/11\\\/0S78riJsq_1300x655__1.jpg\",\"width\":1300,\"height\":655},{\"@type\":\"BreadcrumbList\",\"@id\":\"https:\\\/\\\/digitalsantotome.com.ar\\\/?p=12921#breadcrumb\",\"itemListElement\":[{\"@type\":\"ListItem\",\"position\":1,\"name\":\"Portada\",\"item\":\"https:\\\/\\\/digitalsantotome.com.ar\\\/\"},{\"@type\":\"ListItem\",\"position\":2,\"name\":\"Naci\u00f3n anunci\u00f3 la repavimentaci\u00f3n en el paso fronterizo entre Paso de los Libres y Uruguayana\"}]},{\"@type\":\"WebSite\",\"@id\":\"https:\\\/\\\/digitalsantotome.com.ar\\\/#website\",\"url\":\"https:\\\/\\\/digitalsantotome.com.ar\\\/\",\"name\":\"Digital Santo Tom\u00e9\",\"description\":\"Noticias desde Santo Tom\u00e9 al Mundo \u2013 La informacion que decide\",\"publisher\":{\"@id\":\"https:\\\/\\\/digitalsantotome.com.ar\\\/#organization\"},\"potentialAction\":[{\"@type\":\"SearchAction\",\"target\":{\"@type\":\"EntryPoint\",\"urlTemplate\":\"https:\\\/\\\/digitalsantotome.com.ar\\\/?s={search_term_string}\"},\"query-input\":{\"@type\":\"PropertyValueSpecification\",\"valueRequired\":true,\"valueName\":\"search_term_string\"}}],\"inLanguage\":\"es\"},{\"@type\":\"Organization\",\"@id\":\"https:\\\/\\\/digitalsantotome.com.ar\\\/#organization\",\"name\":\"Digital Santo Tom\u00e9\",\"url\":\"https:\\\/\\\/digitalsantotome.com.ar\\\/\",\"logo\":{\"@type\":\"ImageObject\",\"inLanguage\":\"es\",\"@id\":\"https:\\\/\\\/digitalsantotome.com.ar\\\/#\\\/schema\\\/logo\\\/image\\\/\",\"url\":\"https:\\\/\\\/digitalsantotome.com.ar\\\/wp-content\\\/uploads\\\/2023\\\/01\\\/facebook.jpg\",\"contentUrl\":\"https:\\\/\\\/digitalsantotome.com.ar\\\/wp-content\\\/uploads\\\/2023\\\/01\\\/facebook.jpg\",\"width\":512,\"height\":376,\"caption\":\"Digital Santo Tom\u00e9\"},\"image\":{\"@id\":\"https:\\\/\\\/digitalsantotome.com.ar\\\/#\\\/schema\\\/logo\\\/image\\\/\"}},{\"@type\":\"Person\",\"@id\":\"https:\\\/\\\/digitalsantotome.com.ar\\\/#\\\/schema\\\/person\\\/8991d8822886fedd92ce7f03817e1bdf\",\"name\":\"Jose Carlos Machado\",\"url\":\"https:\\\/\\\/digitalsantotome.com.ar\\\/?author=2\"}]}<\/script>\n<!-- \/ Yoast SEO plugin. -->","yoast_head_json":{"title":"Naci\u00f3n anunci\u00f3 la repavimentaci\u00f3n en el paso fronterizo entre Paso de los Libres y Uruguayana - Digital Santo Tom\u00e9","robots":{"index":"index","follow":"follow","max-snippet":"max-snippet:-1","max-image-preview":"max-image-preview:large","max-video-preview":"max-video-preview:-1"},"canonical":"https:\/\/digitalsantotome.com.ar\/?p=12921","og_locale":"es_ES","og_type":"article","og_title":"Naci\u00f3n anunci\u00f3 la repavimentaci\u00f3n en el paso fronterizo entre Paso de los Libres y Uruguayana - Digital Santo Tom\u00e9","og_description":"PASO DE LOS LIBRES. Tras a\u00f1os de demandas por parte de conductores y transportistas que utilizan la frontera entre Brasil y Argentina, el gobierno argentino confirm\u00f3 el inicio de las obras de repavimentaci\u00f3n con asfalto en el tramo del Puente Internacional Get\u00falio Vargas-Agust\u00edn P. Justo, que conecta Paso de los Libres con Uruguaiana, bajo su...","og_url":"https:\/\/digitalsantotome.com.ar\/?p=12921","og_site_name":"Digital Santo Tom\u00e9","article_published_time":"2025-11-01T23:17:30+00:00","article_modified_time":"2025-11-01T23:17:35+00:00","og_image":[{"width":1300,"height":655,"url":"https:\/\/digitalsantotome.com.ar\/wp-content\/uploads\/2025\/11\/0S78riJsq_1300x655__1.jpg","type":"image\/jpeg"}],"author":"Jose Carlos Machado","twitter_card":"summary_large_image","twitter_misc":{"Escrito por":"Jose Carlos Machado","Tiempo de lectura":"2 minutos"},"schema":{"@context":"https:\/\/schema.org","@graph":[{"@type":"Article","@id":"https:\/\/digitalsantotome.com.ar\/?p=12921#article","isPartOf":{"@id":"https:\/\/digitalsantotome.com.ar\/?p=12921"},"author":{"name":"Jose Carlos Machado","@id":"https:\/\/digitalsantotome.com.ar\/#\/schema\/person\/8991d8822886fedd92ce7f03817e1bdf"},"headline":"Naci\u00f3n anunci\u00f3 la repavimentaci\u00f3n en el paso fronterizo entre Paso de los Libres y Uruguayana","datePublished":"2025-11-01T23:17:30+00:00","dateModified":"2025-11-01T23:17:35+00:00","mainEntityOfPage":{"@id":"https:\/\/digitalsantotome.com.ar\/?p=12921"},"wordCount":258,"publisher":{"@id":"https:\/\/digitalsantotome.com.ar\/#organization"},"image":{"@id":"https:\/\/digitalsantotome.com.ar\/?p=12921#primaryimage"},"thumbnailUrl":"https:\/\/digitalsantotome.com.ar\/wp-content\/uploads\/2025\/11\/0S78riJsq_1300x655__1.jpg","articleSection":["Provinciales"],"inLanguage":"es"},{"@type":"WebPage","@id":"https:\/\/digitalsantotome.com.ar\/?p=12921","url":"https:\/\/digitalsantotome.com.ar\/?p=12921","name":"Naci\u00f3n anunci\u00f3 la repavimentaci\u00f3n en el paso fronterizo entre Paso de los Libres y Uruguayana - Digital Santo Tom\u00e9","isPartOf":{"@id":"https:\/\/digitalsantotome.com.ar\/#website"},"primaryImageOfPage":{"@id":"https:\/\/digitalsantotome.com.ar\/?p=12921#primaryimage"},"image":{"@id":"https:\/\/digitalsantotome.com.ar\/?p=12921#primaryimage"},"thumbnailUrl":"https:\/\/digitalsantotome.com.ar\/wp-content\/uploads\/2025\/11\/0S78riJsq_1300x655__1.jpg","datePublished":"2025-11-01T23:17:30+00:00","dateModified":"2025-11-01T23:17:35+00:00","breadcrumb":{"@id":"https:\/\/digitalsantotome.com.ar\/?p=12921#breadcrumb"},"inLanguage":"es","potentialAction":[{"@type":"ReadAction","target":["https:\/\/digitalsantotome.com.ar\/?p=12921"]}]},{"@type":"ImageObject","inLanguage":"es","@id":"https:\/\/digitalsantotome.com.ar\/?p=12921#primaryimage","url":"https:\/\/digitalsantotome.com.ar\/wp-content\/uploads\/2025\/11\/0S78riJsq_1300x655__1.jpg","contentUrl":"https:\/\/digitalsantotome.com.ar\/wp-content\/uploads\/2025\/11\/0S78riJsq_1300x655__1.jpg","width":1300,"height":655},{"@type":"BreadcrumbList","@id":"https:\/\/digitalsantotome.com.ar\/?p=12921#breadcrumb","itemListElement":[{"@type":"ListItem","position":1,"name":"Portada","item":"https:\/\/digitalsantotome.com.ar\/"},{"@type":"ListItem","position":2,"name":"Naci\u00f3n anunci\u00f3 la repavimentaci\u00f3n en el paso fronterizo entre Paso de los Libres y Uruguayana"}]},{"@type":"WebSite","@id":"https:\/\/digitalsantotome.com.ar\/#website","url":"https:\/\/digitalsantotome.com.ar\/","name":"Digital Santo Tom\u00e9","description":"Noticias desde Santo Tom\u00e9 al Mundo \u2013 La informacion que decide","publisher":{"@id":"https:\/\/digitalsantotome.com.ar\/#organization"},"potentialAction":[{"@type":"SearchAction","target":{"@type":"EntryPoint","urlTemplate":"https:\/\/digitalsantotome.com.ar\/?s={search_term_string}"},"query-input":{"@type":"PropertyValueSpecification","valueRequired":true,"valueName":"search_term_string"}}],"inLanguage":"es"},{"@type":"Organization","@id":"https:\/\/digitalsantotome.com.ar\/#organization","name":"Digital Santo Tom\u00e9","url":"https:\/\/digitalsantotome.com.ar\/","logo":{"@type":"ImageObject","inLanguage":"es","@id":"https:\/\/digitalsantotome.com.ar\/#\/schema\/logo\/image\/","url":"https:\/\/digitalsantotome.com.ar\/wp-content\/uploads\/2023\/01\/facebook.jpg","contentUrl":"https:\/\/digitalsantotome.com.ar\/wp-content\/uploads\/2023\/01\/facebook.jpg","width":512,"height":376,"caption":"Digital Santo Tom\u00e9"},"image":{"@id":"https:\/\/digitalsantotome.com.ar\/#\/schema\/logo\/image\/"}},{"@type":"Person","@id":"https:\/\/digitalsantotome.com.ar\/#\/schema\/person\/8991d8822886fedd92ce7f03817e1bdf","name":"Jose Carlos Machado","url":"https:\/\/digitalsantotome.com.ar\/?author=2"}]}},"_links":{"self":[{"href":"https:\/\/digitalsantotome.com.ar\/index.php?rest_route=\/wp\/v2\/posts\/12921","targetHints":{"allow":["GET"]}}],"collection":[{"href":"https:\/\/digitalsantotome.com.ar\/index.php?rest_route=\/wp\/v2\/posts"}],"about":[{"href":"https:\/\/digitalsantotome.com.ar\/index.php?rest_route=\/wp\/v2\/types\/post"}],"author":[{"embeddable":true,"href":"https:\/\/digitalsantotome.com.ar\/index.php?rest_route=\/wp\/v2\/users\/2"}],"replies":[{"embeddable":true,"href":"https:\/\/digitalsantotome.com.ar\/index.php?rest_route=%2Fwp%2Fv2%2Fcomments&post=12921"}],"version-history":[{"count":1,"href":"https:\/\/digitalsantotome.com.ar\/index.php?rest_route=\/wp\/v2\/posts\/12921\/revisions"}],"predecessor-version":[{"id":12923,"href":"https:\/\/digitalsantotome.com.ar\/index.php?rest_route=\/wp\/v2\/posts\/12921\/revisions\/12923"}],"wp:featuredmedia":[{"embeddable":true,"href":"https:\/\/digitalsantotome.com.ar\/index.php?rest_route=\/wp\/v2\/media\/12922"}],"wp:attachment":[{"href":"https:\/\/digitalsantotome.com.ar\/index.php?rest_route=%2Fwp%2Fv2%2Fmedia&parent=12921"}],"wp:term":[{"taxonomy":"category","embeddable":true,"href":"https:\/\/digitalsantotome.com.ar\/index.php?rest_route=%2Fwp%2Fv2%2Fcategories&post=12921"},{"taxonomy":"post_tag","embeddable":true,"href":"https:\/\/digitalsantotome.com.ar\/index.php?rest_route=%2Fwp%2Fv2%2Ftags&post=12921"}],"curies":[{"name":"wp","href":"https:\/\/api.w.org\/{rel}","templated":true}]}}