{"id":13012,"date":"2025-11-10T07:28:19","date_gmt":"2025-11-10T10:28:19","guid":{"rendered":"https:\/\/digitalsantotome.com.ar\/?p=13012"},"modified":"2025-11-10T07:28:27","modified_gmt":"2025-11-10T10:28:27","slug":"la-policia-militar-brasilena-intensifica-las-acciones-de-la-operacion-fronteras-seguras-y-registra-mas-de-200-detenciones","status":"publish","type":"post","link":"https:\/\/digitalsantotome.com.ar\/?p=13012","title":{"rendered":"La Polic\u00eda Militar brasile\u00f1a intensifica las acciones de la Operaci\u00f3n Fronteras Seguras y registra m\u00e1s de 200 detenciones."},"content":{"rendered":"<p>SAO BORJA. La Polic\u00eda Militar brasile\u00f1a mantiene una intensa presencia en las acciones integradas de seguridad p\u00fablica que se llevan a cabo simult\u00e1neamente entre Brasil, Argentina y Uruguay. Estas acciones re\u00fanen a fuerzas de seguridad, las Fuerzas Armadas y organismos civiles con el objetivo de combatir la delincuencia transfronteriza y fortalecer la presencia del Estado en las regiones fronterizas. La ofensiva comenz\u00f3 el 4 de noviembre.<\/p>\n<p>Desde el inicio de la Operaci\u00f3n Fronteras Seguras, se han desplegado 8.751 miembros de las instituciones participantes, 2.739 veh\u00edculos, 14 aeronaves, 96 drones, 106 embarcaciones y 91 perros polic\u00eda en las actividades operativas. Las acciones resultaron en 34.795 personas interceptadas y 204 detenciones, 37 de las cuales correspond\u00edan a personas con \u00f3rdenes de arresto.<\/p>\n<p>Fuente: Radio Cultura<\/p>\n<p>&nbsp;<\/p>\n","protected":false},"excerpt":{"rendered":"<p>SAO BORJA. La Polic\u00eda Militar brasile\u00f1a mantiene una intensa presencia en las acciones integradas de seguridad p\u00fablica que se llevan a cabo simult\u00e1neamente entre Brasil, Argentina y Uruguay. Estas acciones re\u00fanen a fuerzas de seguridad, las Fuerzas Armadas y organismos civiles con el objetivo de combatir la delincuencia transfronteriza y fortalecer la presencia del Estado&#8230;<\/p>\n","protected":false},"author":2,"featured_media":13013,"comment_status":"closed","ping_status":"closed","sticky":false,"template":"","format":"standard","meta":{"_kad_post_transparent":"default","_kad_post_title":"default","_kad_post_layout":"default","_kad_post_sidebar_id":"","_kad_post_content_style":"default","_kad_post_vertical_padding":"default","_kad_post_feature":"","_kad_post_feature_position":"","_kad_post_header":false,"_kad_post_footer":false,"_kad_post_classname":"","footnotes":""},"categories":[2],"tags":[],"class_list":["post-13012","post","type-post","status-publish","format-standard","has-post-thumbnail","hentry","category-provinciales"],"a3_pvc":{"activated":false,"total_views":0,"today_views":0},"yoast_head":"<!-- This site is optimized with the Yoast SEO plugin v27.5 - https:\/\/yoast.com\/product\/yoast-seo-wordpress\/ -->\n<title>La Polic\u00eda Militar brasile\u00f1a intensifica las acciones de la Operaci\u00f3n Fronteras Seguras y registra m\u00e1s de 200 detenciones. - Digital Santo Tom\u00e9<\/title>\n<meta name=\"robots\" content=\"index, follow, max-snippet:-1, max-image-preview:large, max-video-preview:-1\" \/>\n<link rel=\"canonical\" href=\"https:\/\/digitalsantotome.com.ar\/?p=13012\" \/>\n<meta property=\"og:locale\" content=\"es_ES\" \/>\n<meta property=\"og:type\" content=\"article\" \/>\n<meta property=\"og:title\" content=\"La Polic\u00eda Militar brasile\u00f1a intensifica las acciones de la Operaci\u00f3n Fronteras Seguras y registra m\u00e1s de 200 detenciones. - Digital Santo Tom\u00e9\" \/>\n<meta property=\"og:description\" content=\"SAO BORJA. La Polic\u00eda Militar brasile\u00f1a mantiene una intensa presencia en las acciones integradas de seguridad p\u00fablica que se llevan a cabo simult\u00e1neamente entre Brasil, Argentina y Uruguay. Estas acciones re\u00fanen a fuerzas de seguridad, las Fuerzas Armadas y organismos civiles con el objetivo de combatir la delincuencia transfronteriza y fortalecer la presencia del Estado...\" \/>\n<meta property=\"og:url\" content=\"https:\/\/digitalsantotome.com.ar\/?p=13012\" \/>\n<meta property=\"og:site_name\" content=\"Digital Santo Tom\u00e9\" \/>\n<meta property=\"article:published_time\" content=\"2025-11-10T10:28:19+00:00\" \/>\n<meta property=\"article:modified_time\" content=\"2025-11-10T10:28:27+00:00\" \/>\n<meta property=\"og:image\" content=\"https:\/\/digitalsantotome.com.ar\/wp-content\/uploads\/2025\/11\/fronteras-seguras.webp\" \/>\n\t<meta property=\"og:image:width\" content=\"1920\" \/>\n\t<meta property=\"og:image:height\" content=\"1080\" \/>\n\t<meta property=\"og:image:type\" content=\"image\/webp\" \/>\n<meta name=\"author\" content=\"Jose Carlos Machado\" \/>\n<meta name=\"twitter:card\" content=\"summary_large_image\" \/>\n<meta name=\"twitter:label1\" content=\"Escrito por\" \/>\n\t<meta name=\"twitter:data1\" content=\"Jose Carlos Machado\" \/>\n\t<meta name=\"twitter:label2\" content=\"Tiempo de lectura\" \/>\n\t<meta name=\"twitter:data2\" content=\"1 minuto\" \/>\n<script type=\"application\/ld+json\" class=\"yoast-schema-graph\">{\"@context\":\"https:\\\/\\\/schema.org\",\"@graph\":[{\"@type\":\"Article\",\"@id\":\"https:\\\/\\\/digitalsantotome.com.ar\\\/?p=13012#article\",\"isPartOf\":{\"@id\":\"https:\\\/\\\/digitalsantotome.com.ar\\\/?p=13012\"},\"author\":{\"name\":\"Jose Carlos Machado\",\"@id\":\"https:\\\/\\\/digitalsantotome.com.ar\\\/#\\\/schema\\\/person\\\/8991d8822886fedd92ce7f03817e1bdf\"},\"headline\":\"La Polic\u00eda Militar brasile\u00f1a intensifica las acciones de la Operaci\u00f3n Fronteras Seguras y registra m\u00e1s de 200 detenciones.\",\"datePublished\":\"2025-11-10T10:28:19+00:00\",\"dateModified\":\"2025-11-10T10:28:27+00:00\",\"mainEntityOfPage\":{\"@id\":\"https:\\\/\\\/digitalsantotome.com.ar\\\/?p=13012\"},\"wordCount\":144,\"publisher\":{\"@id\":\"https:\\\/\\\/digitalsantotome.com.ar\\\/#organization\"},\"image\":{\"@id\":\"https:\\\/\\\/digitalsantotome.com.ar\\\/?p=13012#primaryimage\"},\"thumbnailUrl\":\"https:\\\/\\\/digitalsantotome.com.ar\\\/wp-content\\\/uploads\\\/2025\\\/11\\\/fronteras-seguras.webp\",\"articleSection\":[\"Provinciales\"],\"inLanguage\":\"es\"},{\"@type\":\"WebPage\",\"@id\":\"https:\\\/\\\/digitalsantotome.com.ar\\\/?p=13012\",\"url\":\"https:\\\/\\\/digitalsantotome.com.ar\\\/?p=13012\",\"name\":\"La Polic\u00eda Militar brasile\u00f1a intensifica las acciones de la Operaci\u00f3n Fronteras Seguras y registra m\u00e1s de 200 detenciones. - Digital Santo Tom\u00e9\",\"isPartOf\":{\"@id\":\"https:\\\/\\\/digitalsantotome.com.ar\\\/#website\"},\"primaryImageOfPage\":{\"@id\":\"https:\\\/\\\/digitalsantotome.com.ar\\\/?p=13012#primaryimage\"},\"image\":{\"@id\":\"https:\\\/\\\/digitalsantotome.com.ar\\\/?p=13012#primaryimage\"},\"thumbnailUrl\":\"https:\\\/\\\/digitalsantotome.com.ar\\\/wp-content\\\/uploads\\\/2025\\\/11\\\/fronteras-seguras.webp\",\"datePublished\":\"2025-11-10T10:28:19+00:00\",\"dateModified\":\"2025-11-10T10:28:27+00:00\",\"breadcrumb\":{\"@id\":\"https:\\\/\\\/digitalsantotome.com.ar\\\/?p=13012#breadcrumb\"},\"inLanguage\":\"es\",\"potentialAction\":[{\"@type\":\"ReadAction\",\"target\":[\"https:\\\/\\\/digitalsantotome.com.ar\\\/?p=13012\"]}]},{\"@type\":\"ImageObject\",\"inLanguage\":\"es\",\"@id\":\"https:\\\/\\\/digitalsantotome.com.ar\\\/?p=13012#primaryimage\",\"url\":\"https:\\\/\\\/digitalsantotome.com.ar\\\/wp-content\\\/uploads\\\/2025\\\/11\\\/fronteras-seguras.webp\",\"contentUrl\":\"https:\\\/\\\/digitalsantotome.com.ar\\\/wp-content\\\/uploads\\\/2025\\\/11\\\/fronteras-seguras.webp\",\"width\":1920,\"height\":1080},{\"@type\":\"BreadcrumbList\",\"@id\":\"https:\\\/\\\/digitalsantotome.com.ar\\\/?p=13012#breadcrumb\",\"itemListElement\":[{\"@type\":\"ListItem\",\"position\":1,\"name\":\"Portada\",\"item\":\"https:\\\/\\\/digitalsantotome.com.ar\\\/\"},{\"@type\":\"ListItem\",\"position\":2,\"name\":\"La Polic\u00eda Militar brasile\u00f1a intensifica las acciones de la Operaci\u00f3n Fronteras Seguras y registra m\u00e1s de 200 detenciones.\"}]},{\"@type\":\"WebSite\",\"@id\":\"https:\\\/\\\/digitalsantotome.com.ar\\\/#website\",\"url\":\"https:\\\/\\\/digitalsantotome.com.ar\\\/\",\"name\":\"Digital Santo Tom\u00e9\",\"description\":\"Noticias desde Santo Tom\u00e9 al Mundo \u2013 La informacion que decide\",\"publisher\":{\"@id\":\"https:\\\/\\\/digitalsantotome.com.ar\\\/#organization\"},\"potentialAction\":[{\"@type\":\"SearchAction\",\"target\":{\"@type\":\"EntryPoint\",\"urlTemplate\":\"https:\\\/\\\/digitalsantotome.com.ar\\\/?s={search_term_string}\"},\"query-input\":{\"@type\":\"PropertyValueSpecification\",\"valueRequired\":true,\"valueName\":\"search_term_string\"}}],\"inLanguage\":\"es\"},{\"@type\":\"Organization\",\"@id\":\"https:\\\/\\\/digitalsantotome.com.ar\\\/#organization\",\"name\":\"Digital Santo Tom\u00e9\",\"url\":\"https:\\\/\\\/digitalsantotome.com.ar\\\/\",\"logo\":{\"@type\":\"ImageObject\",\"inLanguage\":\"es\",\"@id\":\"https:\\\/\\\/digitalsantotome.com.ar\\\/#\\\/schema\\\/logo\\\/image\\\/\",\"url\":\"https:\\\/\\\/digitalsantotome.com.ar\\\/wp-content\\\/uploads\\\/2023\\\/01\\\/facebook.jpg\",\"contentUrl\":\"https:\\\/\\\/digitalsantotome.com.ar\\\/wp-content\\\/uploads\\\/2023\\\/01\\\/facebook.jpg\",\"width\":512,\"height\":376,\"caption\":\"Digital Santo Tom\u00e9\"},\"image\":{\"@id\":\"https:\\\/\\\/digitalsantotome.com.ar\\\/#\\\/schema\\\/logo\\\/image\\\/\"}},{\"@type\":\"Person\",\"@id\":\"https:\\\/\\\/digitalsantotome.com.ar\\\/#\\\/schema\\\/person\\\/8991d8822886fedd92ce7f03817e1bdf\",\"name\":\"Jose Carlos Machado\",\"url\":\"https:\\\/\\\/digitalsantotome.com.ar\\\/?author=2\"}]}<\/script>\n<!-- \/ Yoast SEO plugin. -->","yoast_head_json":{"title":"La Polic\u00eda Militar brasile\u00f1a intensifica las acciones de la Operaci\u00f3n Fronteras Seguras y registra m\u00e1s de 200 detenciones. - Digital Santo Tom\u00e9","robots":{"index":"index","follow":"follow","max-snippet":"max-snippet:-1","max-image-preview":"max-image-preview:large","max-video-preview":"max-video-preview:-1"},"canonical":"https:\/\/digitalsantotome.com.ar\/?p=13012","og_locale":"es_ES","og_type":"article","og_title":"La Polic\u00eda Militar brasile\u00f1a intensifica las acciones de la Operaci\u00f3n Fronteras Seguras y registra m\u00e1s de 200 detenciones. - Digital Santo Tom\u00e9","og_description":"SAO BORJA. La Polic\u00eda Militar brasile\u00f1a mantiene una intensa presencia en las acciones integradas de seguridad p\u00fablica que se llevan a cabo simult\u00e1neamente entre Brasil, Argentina y Uruguay. Estas acciones re\u00fanen a fuerzas de seguridad, las Fuerzas Armadas y organismos civiles con el objetivo de combatir la delincuencia transfronteriza y fortalecer la presencia del Estado...","og_url":"https:\/\/digitalsantotome.com.ar\/?p=13012","og_site_name":"Digital Santo Tom\u00e9","article_published_time":"2025-11-10T10:28:19+00:00","article_modified_time":"2025-11-10T10:28:27+00:00","og_image":[{"width":1920,"height":1080,"url":"https:\/\/digitalsantotome.com.ar\/wp-content\/uploads\/2025\/11\/fronteras-seguras.webp","type":"image\/webp"}],"author":"Jose Carlos Machado","twitter_card":"summary_large_image","twitter_misc":{"Escrito por":"Jose Carlos Machado","Tiempo de lectura":"1 minuto"},"schema":{"@context":"https:\/\/schema.org","@graph":[{"@type":"Article","@id":"https:\/\/digitalsantotome.com.ar\/?p=13012#article","isPartOf":{"@id":"https:\/\/digitalsantotome.com.ar\/?p=13012"},"author":{"name":"Jose Carlos Machado","@id":"https:\/\/digitalsantotome.com.ar\/#\/schema\/person\/8991d8822886fedd92ce7f03817e1bdf"},"headline":"La Polic\u00eda Militar brasile\u00f1a intensifica las acciones de la Operaci\u00f3n Fronteras Seguras y registra m\u00e1s de 200 detenciones.","datePublished":"2025-11-10T10:28:19+00:00","dateModified":"2025-11-10T10:28:27+00:00","mainEntityOfPage":{"@id":"https:\/\/digitalsantotome.com.ar\/?p=13012"},"wordCount":144,"publisher":{"@id":"https:\/\/digitalsantotome.com.ar\/#organization"},"image":{"@id":"https:\/\/digitalsantotome.com.ar\/?p=13012#primaryimage"},"thumbnailUrl":"https:\/\/digitalsantotome.com.ar\/wp-content\/uploads\/2025\/11\/fronteras-seguras.webp","articleSection":["Provinciales"],"inLanguage":"es"},{"@type":"WebPage","@id":"https:\/\/digitalsantotome.com.ar\/?p=13012","url":"https:\/\/digitalsantotome.com.ar\/?p=13012","name":"La Polic\u00eda Militar brasile\u00f1a intensifica las acciones de la Operaci\u00f3n Fronteras Seguras y registra m\u00e1s de 200 detenciones. - Digital Santo Tom\u00e9","isPartOf":{"@id":"https:\/\/digitalsantotome.com.ar\/#website"},"primaryImageOfPage":{"@id":"https:\/\/digitalsantotome.com.ar\/?p=13012#primaryimage"},"image":{"@id":"https:\/\/digitalsantotome.com.ar\/?p=13012#primaryimage"},"thumbnailUrl":"https:\/\/digitalsantotome.com.ar\/wp-content\/uploads\/2025\/11\/fronteras-seguras.webp","datePublished":"2025-11-10T10:28:19+00:00","dateModified":"2025-11-10T10:28:27+00:00","breadcrumb":{"@id":"https:\/\/digitalsantotome.com.ar\/?p=13012#breadcrumb"},"inLanguage":"es","potentialAction":[{"@type":"ReadAction","target":["https:\/\/digitalsantotome.com.ar\/?p=13012"]}]},{"@type":"ImageObject","inLanguage":"es","@id":"https:\/\/digitalsantotome.com.ar\/?p=13012#primaryimage","url":"https:\/\/digitalsantotome.com.ar\/wp-content\/uploads\/2025\/11\/fronteras-seguras.webp","contentUrl":"https:\/\/digitalsantotome.com.ar\/wp-content\/uploads\/2025\/11\/fronteras-seguras.webp","width":1920,"height":1080},{"@type":"BreadcrumbList","@id":"https:\/\/digitalsantotome.com.ar\/?p=13012#breadcrumb","itemListElement":[{"@type":"ListItem","position":1,"name":"Portada","item":"https:\/\/digitalsantotome.com.ar\/"},{"@type":"ListItem","position":2,"name":"La Polic\u00eda Militar brasile\u00f1a intensifica las acciones de la Operaci\u00f3n Fronteras Seguras y registra m\u00e1s de 200 detenciones."}]},{"@type":"WebSite","@id":"https:\/\/digitalsantotome.com.ar\/#website","url":"https:\/\/digitalsantotome.com.ar\/","name":"Digital Santo Tom\u00e9","description":"Noticias desde Santo Tom\u00e9 al Mundo \u2013 La informacion que decide","publisher":{"@id":"https:\/\/digitalsantotome.com.ar\/#organization"},"potentialAction":[{"@type":"SearchAction","target":{"@type":"EntryPoint","urlTemplate":"https:\/\/digitalsantotome.com.ar\/?s={search_term_string}"},"query-input":{"@type":"PropertyValueSpecification","valueRequired":true,"valueName":"search_term_string"}}],"inLanguage":"es"},{"@type":"Organization","@id":"https:\/\/digitalsantotome.com.ar\/#organization","name":"Digital Santo Tom\u00e9","url":"https:\/\/digitalsantotome.com.ar\/","logo":{"@type":"ImageObject","inLanguage":"es","@id":"https:\/\/digitalsantotome.com.ar\/#\/schema\/logo\/image\/","url":"https:\/\/digitalsantotome.com.ar\/wp-content\/uploads\/2023\/01\/facebook.jpg","contentUrl":"https:\/\/digitalsantotome.com.ar\/wp-content\/uploads\/2023\/01\/facebook.jpg","width":512,"height":376,"caption":"Digital Santo Tom\u00e9"},"image":{"@id":"https:\/\/digitalsantotome.com.ar\/#\/schema\/logo\/image\/"}},{"@type":"Person","@id":"https:\/\/digitalsantotome.com.ar\/#\/schema\/person\/8991d8822886fedd92ce7f03817e1bdf","name":"Jose Carlos Machado","url":"https:\/\/digitalsantotome.com.ar\/?author=2"}]}},"_links":{"self":[{"href":"https:\/\/digitalsantotome.com.ar\/index.php?rest_route=\/wp\/v2\/posts\/13012","targetHints":{"allow":["GET"]}}],"collection":[{"href":"https:\/\/digitalsantotome.com.ar\/index.php?rest_route=\/wp\/v2\/posts"}],"about":[{"href":"https:\/\/digitalsantotome.com.ar\/index.php?rest_route=\/wp\/v2\/types\/post"}],"author":[{"embeddable":true,"href":"https:\/\/digitalsantotome.com.ar\/index.php?rest_route=\/wp\/v2\/users\/2"}],"replies":[{"embeddable":true,"href":"https:\/\/digitalsantotome.com.ar\/index.php?rest_route=%2Fwp%2Fv2%2Fcomments&post=13012"}],"version-history":[{"count":1,"href":"https:\/\/digitalsantotome.com.ar\/index.php?rest_route=\/wp\/v2\/posts\/13012\/revisions"}],"predecessor-version":[{"id":13014,"href":"https:\/\/digitalsantotome.com.ar\/index.php?rest_route=\/wp\/v2\/posts\/13012\/revisions\/13014"}],"wp:featuredmedia":[{"embeddable":true,"href":"https:\/\/digitalsantotome.com.ar\/index.php?rest_route=\/wp\/v2\/media\/13013"}],"wp:attachment":[{"href":"https:\/\/digitalsantotome.com.ar\/index.php?rest_route=%2Fwp%2Fv2%2Fmedia&parent=13012"}],"wp:term":[{"taxonomy":"category","embeddable":true,"href":"https:\/\/digitalsantotome.com.ar\/index.php?rest_route=%2Fwp%2Fv2%2Fcategories&post=13012"},{"taxonomy":"post_tag","embeddable":true,"href":"https:\/\/digitalsantotome.com.ar\/index.php?rest_route=%2Fwp%2Fv2%2Ftags&post=13012"}],"curies":[{"name":"wp","href":"https:\/\/api.w.org\/{rel}","templated":true}]}}