{"id":13015,"date":"2025-11-10T07:36:21","date_gmt":"2025-11-10T10:36:21","guid":{"rendered":"https:\/\/digitalsantotome.com.ar\/?p=13015"},"modified":"2025-11-10T07:36:21","modified_gmt":"2025-11-10T10:36:21","slug":"el-poder-judicial-aprueba-anteproyecto-presupuestario-del-ano-proximo-por-299-mil-millones","status":"publish","type":"post","link":"https:\/\/digitalsantotome.com.ar\/?p=13015","title":{"rendered":"El Poder Judicial aprueba anteproyecto presupuestario del a\u00f1o pr\u00f3ximo por $299 mil millones"},"content":{"rendered":"<p>CORRIENTES. El Superior Tribunal de Justicia elabor\u00f3 un anteproyecto de Presupuesto Plurianual del Ejercicio Financiero 2026 y sus proyecciones para los Ejercicios 2027 y 2028. Para el pr\u00f3ximo a\u00f1o consideran necesarios fondos por 299.375.732.253 de pesos.<\/p>\n<p>La decisi\u00f3n fue tomada a trav\u00e9s del Acuerdo Extraordinario N\u00b06, tras la remisi\u00f3n de parte del Servicio Administrativo Financiero del Anteproyecto de Presupuesto del Ejercicio 2026 (preliminar) y sus proyecciones para los Ejercicios 2027 y 2028.<\/p>\n<p>As\u00ed, para el Ejercicio Financiero 2026 se requieren fondos por un total de $299.375.732.253 (pesos doscientos noventa y nueve mil trescientos setenta y cinco millones setecientos treinta y dos mil doscientos cincuenta y tres).<\/p>\n<p>En tanto, para el a\u00f1o 2027 se proyectan recursos por $317.038.900.456 y para el a\u00f1o 2028 una necesidad presupuestaria de $328.769.339.772.<\/p>\n<p>Asimismo, se establece una Planta de Personal Permanente y Temporaria equivalente a 4.194 cargos.<\/p>\n<p>Cabe recordar que la distribuci\u00f3n anal\u00edtica de las partidas se realizar\u00e1 una vez aprobado el Presupuesto del Ejercicio 2026.<\/p>\n<p>Seg\u00fan se indica en el acuerdo extraordinario, el proyecto de presupuesto fue elaborado teniendo en cuenta las pautas macrofiscales establecidas por los \u00f3rganos rector y coordinador del sistema presupuestario; las \u00f3rdenes y pautas establecidas por las autoridades superiores; el resultado de las reuniones con los responsables de las distintas \u00e1reas de Superintendencia; y el an\u00e1lisis particular del estado de ejecuci\u00f3n del Presupuesto vigente, fij\u00e1ndose los guarismos que respaldan las decisiones de pol\u00edtica presupuestaria para la Administraci\u00f3n de Justicia.<\/p>\n<p>Adem\u00e1s, las proyecciones se hicieron en base a pautas definidas por las metas, objetivos y planes trazados por el cuerpo judicial.<\/p>\n<p>As\u00ed, se considera la reorganizaci\u00f3n del Ministerio P\u00fablico Ley N\u00ba 6640; la oralidad de los procesos civiles seg\u00fan los nuevos c\u00f3digos procesales, la implementaci\u00f3n de nuevas dependencias judiciales y del Ministerio P\u00fablico; el refuerzo de personal en aquellas que presentan d\u00e9ficit de rendimiento a nivel de recursos humanos, y la profesionalizaci\u00f3n de la gesti\u00f3n administrativa y jurisdiccional.<\/p>\n<p>Se toma en cuenta asimismo la continuidad en la incorporaci\u00f3n de innovaci\u00f3n tecnol\u00f3gica en la gesti\u00f3n jurisdiccional y administrativa; y la eliminaci\u00f3n del expediente papel, consolidando los sistemas de grabaci\u00f3n de audiencias y de digitalizaci\u00f3n del Archivo Central.<\/p>\n<p>Tambi\u00e9n se proyecta un ambicioso Plan de Obras P\u00fablicas de 34.758 m2 que busca construir edificios judiciales modernos, eficientes y sostenibles, aplicando las nuevas normas de construcci\u00f3n junto con las pol\u00edticas vigentes, adaptando y mejorando los que ya existen con miras a favorecer el acceso a la justicia.<\/p>\n<p>Por \u00faltimo, se indica que se planifica una recomposici\u00f3n salarial con un aumento en los gastos corrientes del 15% final \u2013 continuando con la propuesta de recuperaci\u00f3n del poder adquisitivo de los haberes judiciales.<\/p>\n<p>Momarandu.com<\/p>\n","protected":false},"excerpt":{"rendered":"<p>CORRIENTES. El Superior Tribunal de Justicia elabor\u00f3 un anteproyecto de Presupuesto Plurianual del Ejercicio Financiero 2026 y sus proyecciones para los Ejercicios 2027 y 2028. Para el pr\u00f3ximo a\u00f1o consideran necesarios fondos por 299.375.732.253 de pesos. La decisi\u00f3n fue tomada a trav\u00e9s del Acuerdo Extraordinario N\u00b06, tras la remisi\u00f3n de parte del Servicio Administrativo Financiero&#8230;<\/p>\n","protected":false},"author":2,"featured_media":13016,"comment_status":"closed","ping_status":"closed","sticky":false,"template":"","format":"standard","meta":{"_kad_post_transparent":"default","_kad_post_title":"default","_kad_post_layout":"default","_kad_post_sidebar_id":"","_kad_post_content_style":"default","_kad_post_vertical_padding":"default","_kad_post_feature":"","_kad_post_feature_position":"","_kad_post_header":false,"_kad_post_footer":false,"_kad_post_classname":"","footnotes":""},"categories":[2],"tags":[],"class_list":["post-13015","post","type-post","status-publish","format-standard","has-post-thumbnail","hentry","category-provinciales"],"a3_pvc":{"activated":false,"total_views":0,"today_views":0},"yoast_head":"<!-- This site is optimized with the Yoast SEO plugin v27.5 - https:\/\/yoast.com\/product\/yoast-seo-wordpress\/ -->\n<title>El Poder Judicial aprueba anteproyecto presupuestario del a\u00f1o pr\u00f3ximo por $299 mil millones - Digital Santo Tom\u00e9<\/title>\n<meta name=\"robots\" content=\"index, follow, max-snippet:-1, max-image-preview:large, max-video-preview:-1\" \/>\n<link rel=\"canonical\" href=\"https:\/\/digitalsantotome.com.ar\/?p=13015\" \/>\n<meta property=\"og:locale\" content=\"es_ES\" \/>\n<meta property=\"og:type\" content=\"article\" \/>\n<meta property=\"og:title\" content=\"El Poder Judicial aprueba anteproyecto presupuestario del a\u00f1o pr\u00f3ximo por $299 mil millones - Digital Santo Tom\u00e9\" \/>\n<meta property=\"og:description\" content=\"CORRIENTES. El Superior Tribunal de Justicia elabor\u00f3 un anteproyecto de Presupuesto Plurianual del Ejercicio Financiero 2026 y sus proyecciones para los Ejercicios 2027 y 2028. Para el pr\u00f3ximo a\u00f1o consideran necesarios fondos por 299.375.732.253 de pesos. La decisi\u00f3n fue tomada a trav\u00e9s del Acuerdo Extraordinario N\u00b06, tras la remisi\u00f3n de parte del Servicio Administrativo Financiero...\" \/>\n<meta property=\"og:url\" content=\"https:\/\/digitalsantotome.com.ar\/?p=13015\" \/>\n<meta property=\"og:site_name\" content=\"Digital Santo Tom\u00e9\" \/>\n<meta property=\"article:published_time\" content=\"2025-11-10T10:36:21+00:00\" \/>\n<meta property=\"og:image\" content=\"https:\/\/digitalsantotome.com.ar\/wp-content\/uploads\/2025\/11\/880050.1762480792.jpeg_grande.jpg\" \/>\n\t<meta property=\"og:image:width\" content=\"900\" \/>\n\t<meta property=\"og:image:height\" content=\"596\" \/>\n\t<meta property=\"og:image:type\" content=\"image\/jpeg\" \/>\n<meta name=\"author\" content=\"Jose Carlos Machado\" \/>\n<meta name=\"twitter:card\" content=\"summary_large_image\" \/>\n<meta name=\"twitter:label1\" content=\"Escrito por\" \/>\n\t<meta name=\"twitter:data1\" content=\"Jose Carlos Machado\" \/>\n\t<meta name=\"twitter:label2\" content=\"Tiempo de lectura\" \/>\n\t<meta name=\"twitter:data2\" content=\"3 minutos\" \/>\n<script type=\"application\/ld+json\" class=\"yoast-schema-graph\">{\"@context\":\"https:\\\/\\\/schema.org\",\"@graph\":[{\"@type\":\"Article\",\"@id\":\"https:\\\/\\\/digitalsantotome.com.ar\\\/?p=13015#article\",\"isPartOf\":{\"@id\":\"https:\\\/\\\/digitalsantotome.com.ar\\\/?p=13015\"},\"author\":{\"name\":\"Jose Carlos Machado\",\"@id\":\"https:\\\/\\\/digitalsantotome.com.ar\\\/#\\\/schema\\\/person\\\/8991d8822886fedd92ce7f03817e1bdf\"},\"headline\":\"El Poder Judicial aprueba anteproyecto presupuestario del a\u00f1o pr\u00f3ximo por $299 mil millones\",\"datePublished\":\"2025-11-10T10:36:21+00:00\",\"mainEntityOfPage\":{\"@id\":\"https:\\\/\\\/digitalsantotome.com.ar\\\/?p=13015\"},\"wordCount\":471,\"publisher\":{\"@id\":\"https:\\\/\\\/digitalsantotome.com.ar\\\/#organization\"},\"image\":{\"@id\":\"https:\\\/\\\/digitalsantotome.com.ar\\\/?p=13015#primaryimage\"},\"thumbnailUrl\":\"https:\\\/\\\/digitalsantotome.com.ar\\\/wp-content\\\/uploads\\\/2025\\\/11\\\/880050.1762480792.jpeg_grande.jpg\",\"articleSection\":[\"Provinciales\"],\"inLanguage\":\"es\"},{\"@type\":\"WebPage\",\"@id\":\"https:\\\/\\\/digitalsantotome.com.ar\\\/?p=13015\",\"url\":\"https:\\\/\\\/digitalsantotome.com.ar\\\/?p=13015\",\"name\":\"El Poder Judicial aprueba anteproyecto presupuestario del a\u00f1o pr\u00f3ximo por $299 mil millones - Digital Santo Tom\u00e9\",\"isPartOf\":{\"@id\":\"https:\\\/\\\/digitalsantotome.com.ar\\\/#website\"},\"primaryImageOfPage\":{\"@id\":\"https:\\\/\\\/digitalsantotome.com.ar\\\/?p=13015#primaryimage\"},\"image\":{\"@id\":\"https:\\\/\\\/digitalsantotome.com.ar\\\/?p=13015#primaryimage\"},\"thumbnailUrl\":\"https:\\\/\\\/digitalsantotome.com.ar\\\/wp-content\\\/uploads\\\/2025\\\/11\\\/880050.1762480792.jpeg_grande.jpg\",\"datePublished\":\"2025-11-10T10:36:21+00:00\",\"breadcrumb\":{\"@id\":\"https:\\\/\\\/digitalsantotome.com.ar\\\/?p=13015#breadcrumb\"},\"inLanguage\":\"es\",\"potentialAction\":[{\"@type\":\"ReadAction\",\"target\":[\"https:\\\/\\\/digitalsantotome.com.ar\\\/?p=13015\"]}]},{\"@type\":\"ImageObject\",\"inLanguage\":\"es\",\"@id\":\"https:\\\/\\\/digitalsantotome.com.ar\\\/?p=13015#primaryimage\",\"url\":\"https:\\\/\\\/digitalsantotome.com.ar\\\/wp-content\\\/uploads\\\/2025\\\/11\\\/880050.1762480792.jpeg_grande.jpg\",\"contentUrl\":\"https:\\\/\\\/digitalsantotome.com.ar\\\/wp-content\\\/uploads\\\/2025\\\/11\\\/880050.1762480792.jpeg_grande.jpg\",\"width\":900,\"height\":596},{\"@type\":\"BreadcrumbList\",\"@id\":\"https:\\\/\\\/digitalsantotome.com.ar\\\/?p=13015#breadcrumb\",\"itemListElement\":[{\"@type\":\"ListItem\",\"position\":1,\"name\":\"Portada\",\"item\":\"https:\\\/\\\/digitalsantotome.com.ar\\\/\"},{\"@type\":\"ListItem\",\"position\":2,\"name\":\"El Poder Judicial aprueba anteproyecto presupuestario del a\u00f1o pr\u00f3ximo por $299 mil millones\"}]},{\"@type\":\"WebSite\",\"@id\":\"https:\\\/\\\/digitalsantotome.com.ar\\\/#website\",\"url\":\"https:\\\/\\\/digitalsantotome.com.ar\\\/\",\"name\":\"Digital Santo Tom\u00e9\",\"description\":\"Noticias desde Santo Tom\u00e9 al Mundo \u2013 La informacion que decide\",\"publisher\":{\"@id\":\"https:\\\/\\\/digitalsantotome.com.ar\\\/#organization\"},\"potentialAction\":[{\"@type\":\"SearchAction\",\"target\":{\"@type\":\"EntryPoint\",\"urlTemplate\":\"https:\\\/\\\/digitalsantotome.com.ar\\\/?s={search_term_string}\"},\"query-input\":{\"@type\":\"PropertyValueSpecification\",\"valueRequired\":true,\"valueName\":\"search_term_string\"}}],\"inLanguage\":\"es\"},{\"@type\":\"Organization\",\"@id\":\"https:\\\/\\\/digitalsantotome.com.ar\\\/#organization\",\"name\":\"Digital Santo Tom\u00e9\",\"url\":\"https:\\\/\\\/digitalsantotome.com.ar\\\/\",\"logo\":{\"@type\":\"ImageObject\",\"inLanguage\":\"es\",\"@id\":\"https:\\\/\\\/digitalsantotome.com.ar\\\/#\\\/schema\\\/logo\\\/image\\\/\",\"url\":\"https:\\\/\\\/digitalsantotome.com.ar\\\/wp-content\\\/uploads\\\/2023\\\/01\\\/facebook.jpg\",\"contentUrl\":\"https:\\\/\\\/digitalsantotome.com.ar\\\/wp-content\\\/uploads\\\/2023\\\/01\\\/facebook.jpg\",\"width\":512,\"height\":376,\"caption\":\"Digital Santo Tom\u00e9\"},\"image\":{\"@id\":\"https:\\\/\\\/digitalsantotome.com.ar\\\/#\\\/schema\\\/logo\\\/image\\\/\"}},{\"@type\":\"Person\",\"@id\":\"https:\\\/\\\/digitalsantotome.com.ar\\\/#\\\/schema\\\/person\\\/8991d8822886fedd92ce7f03817e1bdf\",\"name\":\"Jose Carlos Machado\",\"url\":\"https:\\\/\\\/digitalsantotome.com.ar\\\/?author=2\"}]}<\/script>\n<!-- \/ Yoast SEO plugin. -->","yoast_head_json":{"title":"El Poder Judicial aprueba anteproyecto presupuestario del a\u00f1o pr\u00f3ximo por $299 mil millones - Digital Santo Tom\u00e9","robots":{"index":"index","follow":"follow","max-snippet":"max-snippet:-1","max-image-preview":"max-image-preview:large","max-video-preview":"max-video-preview:-1"},"canonical":"https:\/\/digitalsantotome.com.ar\/?p=13015","og_locale":"es_ES","og_type":"article","og_title":"El Poder Judicial aprueba anteproyecto presupuestario del a\u00f1o pr\u00f3ximo por $299 mil millones - Digital Santo Tom\u00e9","og_description":"CORRIENTES. El Superior Tribunal de Justicia elabor\u00f3 un anteproyecto de Presupuesto Plurianual del Ejercicio Financiero 2026 y sus proyecciones para los Ejercicios 2027 y 2028. Para el pr\u00f3ximo a\u00f1o consideran necesarios fondos por 299.375.732.253 de pesos. La decisi\u00f3n fue tomada a trav\u00e9s del Acuerdo Extraordinario N\u00b06, tras la remisi\u00f3n de parte del Servicio Administrativo Financiero...","og_url":"https:\/\/digitalsantotome.com.ar\/?p=13015","og_site_name":"Digital Santo Tom\u00e9","article_published_time":"2025-11-10T10:36:21+00:00","og_image":[{"width":900,"height":596,"url":"https:\/\/digitalsantotome.com.ar\/wp-content\/uploads\/2025\/11\/880050.1762480792.jpeg_grande.jpg","type":"image\/jpeg"}],"author":"Jose Carlos Machado","twitter_card":"summary_large_image","twitter_misc":{"Escrito por":"Jose Carlos Machado","Tiempo de lectura":"3 minutos"},"schema":{"@context":"https:\/\/schema.org","@graph":[{"@type":"Article","@id":"https:\/\/digitalsantotome.com.ar\/?p=13015#article","isPartOf":{"@id":"https:\/\/digitalsantotome.com.ar\/?p=13015"},"author":{"name":"Jose Carlos Machado","@id":"https:\/\/digitalsantotome.com.ar\/#\/schema\/person\/8991d8822886fedd92ce7f03817e1bdf"},"headline":"El Poder Judicial aprueba anteproyecto presupuestario del a\u00f1o pr\u00f3ximo por $299 mil millones","datePublished":"2025-11-10T10:36:21+00:00","mainEntityOfPage":{"@id":"https:\/\/digitalsantotome.com.ar\/?p=13015"},"wordCount":471,"publisher":{"@id":"https:\/\/digitalsantotome.com.ar\/#organization"},"image":{"@id":"https:\/\/digitalsantotome.com.ar\/?p=13015#primaryimage"},"thumbnailUrl":"https:\/\/digitalsantotome.com.ar\/wp-content\/uploads\/2025\/11\/880050.1762480792.jpeg_grande.jpg","articleSection":["Provinciales"],"inLanguage":"es"},{"@type":"WebPage","@id":"https:\/\/digitalsantotome.com.ar\/?p=13015","url":"https:\/\/digitalsantotome.com.ar\/?p=13015","name":"El Poder Judicial aprueba anteproyecto presupuestario del a\u00f1o pr\u00f3ximo por $299 mil millones - Digital Santo Tom\u00e9","isPartOf":{"@id":"https:\/\/digitalsantotome.com.ar\/#website"},"primaryImageOfPage":{"@id":"https:\/\/digitalsantotome.com.ar\/?p=13015#primaryimage"},"image":{"@id":"https:\/\/digitalsantotome.com.ar\/?p=13015#primaryimage"},"thumbnailUrl":"https:\/\/digitalsantotome.com.ar\/wp-content\/uploads\/2025\/11\/880050.1762480792.jpeg_grande.jpg","datePublished":"2025-11-10T10:36:21+00:00","breadcrumb":{"@id":"https:\/\/digitalsantotome.com.ar\/?p=13015#breadcrumb"},"inLanguage":"es","potentialAction":[{"@type":"ReadAction","target":["https:\/\/digitalsantotome.com.ar\/?p=13015"]}]},{"@type":"ImageObject","inLanguage":"es","@id":"https:\/\/digitalsantotome.com.ar\/?p=13015#primaryimage","url":"https:\/\/digitalsantotome.com.ar\/wp-content\/uploads\/2025\/11\/880050.1762480792.jpeg_grande.jpg","contentUrl":"https:\/\/digitalsantotome.com.ar\/wp-content\/uploads\/2025\/11\/880050.1762480792.jpeg_grande.jpg","width":900,"height":596},{"@type":"BreadcrumbList","@id":"https:\/\/digitalsantotome.com.ar\/?p=13015#breadcrumb","itemListElement":[{"@type":"ListItem","position":1,"name":"Portada","item":"https:\/\/digitalsantotome.com.ar\/"},{"@type":"ListItem","position":2,"name":"El Poder Judicial aprueba anteproyecto presupuestario del a\u00f1o pr\u00f3ximo por $299 mil millones"}]},{"@type":"WebSite","@id":"https:\/\/digitalsantotome.com.ar\/#website","url":"https:\/\/digitalsantotome.com.ar\/","name":"Digital Santo Tom\u00e9","description":"Noticias desde Santo Tom\u00e9 al Mundo \u2013 La informacion que decide","publisher":{"@id":"https:\/\/digitalsantotome.com.ar\/#organization"},"potentialAction":[{"@type":"SearchAction","target":{"@type":"EntryPoint","urlTemplate":"https:\/\/digitalsantotome.com.ar\/?s={search_term_string}"},"query-input":{"@type":"PropertyValueSpecification","valueRequired":true,"valueName":"search_term_string"}}],"inLanguage":"es"},{"@type":"Organization","@id":"https:\/\/digitalsantotome.com.ar\/#organization","name":"Digital Santo Tom\u00e9","url":"https:\/\/digitalsantotome.com.ar\/","logo":{"@type":"ImageObject","inLanguage":"es","@id":"https:\/\/digitalsantotome.com.ar\/#\/schema\/logo\/image\/","url":"https:\/\/digitalsantotome.com.ar\/wp-content\/uploads\/2023\/01\/facebook.jpg","contentUrl":"https:\/\/digitalsantotome.com.ar\/wp-content\/uploads\/2023\/01\/facebook.jpg","width":512,"height":376,"caption":"Digital Santo Tom\u00e9"},"image":{"@id":"https:\/\/digitalsantotome.com.ar\/#\/schema\/logo\/image\/"}},{"@type":"Person","@id":"https:\/\/digitalsantotome.com.ar\/#\/schema\/person\/8991d8822886fedd92ce7f03817e1bdf","name":"Jose Carlos Machado","url":"https:\/\/digitalsantotome.com.ar\/?author=2"}]}},"_links":{"self":[{"href":"https:\/\/digitalsantotome.com.ar\/index.php?rest_route=\/wp\/v2\/posts\/13015","targetHints":{"allow":["GET"]}}],"collection":[{"href":"https:\/\/digitalsantotome.com.ar\/index.php?rest_route=\/wp\/v2\/posts"}],"about":[{"href":"https:\/\/digitalsantotome.com.ar\/index.php?rest_route=\/wp\/v2\/types\/post"}],"author":[{"embeddable":true,"href":"https:\/\/digitalsantotome.com.ar\/index.php?rest_route=\/wp\/v2\/users\/2"}],"replies":[{"embeddable":true,"href":"https:\/\/digitalsantotome.com.ar\/index.php?rest_route=%2Fwp%2Fv2%2Fcomments&post=13015"}],"version-history":[{"count":1,"href":"https:\/\/digitalsantotome.com.ar\/index.php?rest_route=\/wp\/v2\/posts\/13015\/revisions"}],"predecessor-version":[{"id":13017,"href":"https:\/\/digitalsantotome.com.ar\/index.php?rest_route=\/wp\/v2\/posts\/13015\/revisions\/13017"}],"wp:featuredmedia":[{"embeddable":true,"href":"https:\/\/digitalsantotome.com.ar\/index.php?rest_route=\/wp\/v2\/media\/13016"}],"wp:attachment":[{"href":"https:\/\/digitalsantotome.com.ar\/index.php?rest_route=%2Fwp%2Fv2%2Fmedia&parent=13015"}],"wp:term":[{"taxonomy":"category","embeddable":true,"href":"https:\/\/digitalsantotome.com.ar\/index.php?rest_route=%2Fwp%2Fv2%2Fcategories&post=13015"},{"taxonomy":"post_tag","embeddable":true,"href":"https:\/\/digitalsantotome.com.ar\/index.php?rest_route=%2Fwp%2Fv2%2Ftags&post=13015"}],"curies":[{"name":"wp","href":"https:\/\/api.w.org\/{rel}","templated":true}]}}