{"id":13026,"date":"2025-11-10T17:47:15","date_gmt":"2025-11-10T20:47:15","guid":{"rendered":"https:\/\/digitalsantotome.com.ar\/?p=13026"},"modified":"2025-11-11T20:51:16","modified_gmt":"2025-11-11T23:51:16","slug":"suaid-anuncia-que-ya-se-comenzara-a-trabajar-para-los-60-anos-del-festival","status":"publish","type":"post","link":"https:\/\/digitalsantotome.com.ar\/?p=13026","title":{"rendered":"Para los 60 a\u00f1os del Festival se crear\u00e1 una comisi\u00f3n de trabajo ampliada"},"content":{"rendered":"<p>SANTO TOME. En el marco de lo que fue la segunda y \u00faltima noche de la 59\u00b0 edici\u00f3n del Festival del Folclore Correntino, el intendente municipal <strong>Augusto Suaid<\/strong> adelant\u00f3 que ya se comenzar\u00e1 a trabajar para la pr\u00f3xima edici\u00f3n del Festival del Folclore Correntino, los 60 a\u00f1os de una fiesta que es la m\u00e1s antigua de la provincia y con una trayectoria importante.<strong> \u201cVamos a incorporar a gente que no est\u00e9 vinculada al municipio, vamos a abrir la jugada\u201d<\/strong> en relaci\u00f3n a la conformaci\u00f3n de una comisi\u00f3n de trabajo ampliada de cara al festival del a\u00f1o 2026.<\/p>\n<p>Mientras se desarrollaba la segunda noche del festival, el intendente <strong>Augusto Suaid<\/strong> mantuvo contactos con varios de los medios de prensa de la zona que cubrieron las alternativas de la fiesta del chamam\u00e9 y el folclore en el Escenario <strong>\u201cIsaco Abitbol\u201d<\/strong> del Anfiteatro<strong> \u201cGenaro Ber\u00f3n de Astrada\u201d<\/strong> de esta ciudad.<\/p>\n<p><strong>\u201cBueno, la verdad que muy contento de vivir una fiesta m\u00e1s, en este caso la n\u00famero 59, esta fiesta tan importante y cara a nuestros sentimientos, como es la fiesta del folclore correntino. Estamos ya viviendo la segunda noche, en la primera noche tuvimos algunos contratiempos con el tiempo, que ha llovido durante la tarde, pero igual el p\u00fablico acompa\u00f1\u00f3, miles de personas acompa\u00f1aron a todos los grupos que estuvieron actuando\u201d<\/strong> dijo el jefe comunal santotome\u00f1o.<\/p>\n<p>Agreg\u00f3 adem\u00e1s que \u201cla reacci\u00f3n del p\u00fablico fue realmente emocionante, sobre todo cuando estuvo <strong>Cele Vera<\/strong>, que fue uno de los n\u00fameros principales, los <strong>Matu\u00e1 Mercede\u00f1os<\/strong>, estaba lloviznando cuando estaban actuando y la gente bailaba, eso la verdad que llena de orgullo, la gente no se retir\u00f3 pese a la lluvia\u201d asever\u00f3.<\/p>\n<p>Por otra parte se\u00f1al\u00f3 que<strong> \u201creci\u00e9n le recibimos a Luis Landriscina, que nos est\u00e1 visitando, estamos muy contentos de poder recibirlo, le realizamos un homenaje arriba del escenario con el grupo Tup\u00e1\u201d<\/strong> se\u00f1al\u00f3.<\/p>\n<p>En esa misma l\u00ednea remarc\u00f3: <strong>\u201cLa verdad que muy contentos con esta nueva edici\u00f3n del Folclore, y nos llena de orgullo poder realizarlo en este contexto econ\u00f3mico, realmente es dificil\u00edsimo realizar en el contexto econ\u00f3mico actual, llevar a cabo este tipo de fiestas, pero bueno, se hizo un esfuerzo importante, tambi\u00e9n tuvimos el apoyo de muchas empresas privadas, que han aportado como por ejemplo desde la empresa Las Mar\u00edas SA, con Yerba Mate de Tarag\u00fc\u00ed, diferentes empresas privadas que han aportado. As\u00ed que bueno, la verdad que nos llena de orgullo y ya prepar\u00e1ndonos para lo que va a ser el a\u00f1o que viene, el 60 aniversario, vamos a tener que trabajar durante todo este a\u00f1o para poder realizarlo conjuntamente con todo el pueblo y con toda la regi\u00f3n\u201d.<\/strong><\/p>\n<p>Sostuvo adem\u00e1s que<strong> \u201ctodav\u00eda no termin\u00f3 el festival y ya estamos planificando lo que va a ser la edici\u00f3n que viene, va a ser en un contexto tambi\u00e9n econ\u00f3mico dif\u00edcil, pero bueno, hay que sumar esfuerzos y trabajar durante todo el a\u00f1o para que el a\u00f1o que viene sea realmente una fiesta importante, el 60 aniversario\u201d.<\/strong><\/p>\n<p>Consultado sobre la importancia que tiene que sus dos abuelos \u2013 Divito Suaid y Pibe Cort\u00e9s &#8211; hayan sido dos de los fundadores del festival all\u00e1 por el a\u00f1o 1964, el intendente asever\u00f3:<strong> \u201cs\u00ed, muy importante, porque mis dos abuelos fueron parte de los precursores de esta fiesta, justamente ah\u00ed con Luis Landriscina estaba contando an\u00e9cdotas de que \u00e9l estuvo cuando falleci\u00f3 Mar\u00eda Elena, fue en los a\u00f1os 70 aproximadamente, nos comentaba que \u00e9l tuvo que reconocer el cuerpo y bueno, justamente uno de mis abuelos fue intendente en esa \u00e9poca\u201d.<\/strong><\/p>\n<p>Finalmente, Suaid se\u00f1al\u00f3 que para la edici\u00f3n 60 del Festival que se har\u00e1 el a\u00f1o que viene y consultado al respecto, indic\u00f3 que se dar\u00e1 m\u00e1s participaci\u00f3n a la comunidad, es decir se convocar\u00e1 a personas del medio que no son funcionarios de la comuna a conformar la comisi\u00f3n de trabajo. <strong>\u201cS\u00ed, la idea es justamente dar participaci\u00f3n a toda la sociedad civil, a las instituciones, a gente que realmente le interese la cultura y este festival, para poder hacer un trabajo serio y denodado para llevar a cabo el aniversario n\u00famero 60. As\u00ed que esa es la idea, empezar a trabajar, de abrir la jugada, como se dice\u201d<\/strong> finaliz\u00f3 diciendo.<\/p>\n<p>&nbsp;<\/p>\n<p>&nbsp;<\/p>\n","protected":false},"excerpt":{"rendered":"<p>SANTO TOME. En el marco de lo que fue la segunda y \u00faltima noche de la 59\u00b0 edici\u00f3n del Festival del Folclore Correntino, el intendente municipal Augusto Suaid adelant\u00f3 que ya se comenzar\u00e1 a trabajar para la pr\u00f3xima edici\u00f3n del Festival del Folclore Correntino, los 60 a\u00f1os de una fiesta que es la m\u00e1s antigua&#8230;<\/p>\n","protected":false},"author":2,"featured_media":13027,"comment_status":"closed","ping_status":"closed","sticky":false,"template":"","format":"standard","meta":{"_kad_post_transparent":"default","_kad_post_title":"default","_kad_post_layout":"default","_kad_post_sidebar_id":"","_kad_post_content_style":"default","_kad_post_vertical_padding":"default","_kad_post_feature":"","_kad_post_feature_position":"","_kad_post_header":false,"_kad_post_footer":false,"_kad_post_classname":"","footnotes":""},"categories":[1],"tags":[],"class_list":["post-13026","post","type-post","status-publish","format-standard","has-post-thumbnail","hentry","category-locales"],"a3_pvc":{"activated":false,"total_views":0,"today_views":0},"yoast_head":"<!-- This site is optimized with the Yoast SEO plugin v27.5 - https:\/\/yoast.com\/product\/yoast-seo-wordpress\/ -->\n<title>Para los 60 a\u00f1os del Festival se crear\u00e1 una comisi\u00f3n de trabajo ampliada - Digital Santo Tom\u00e9<\/title>\n<meta name=\"robots\" content=\"index, follow, max-snippet:-1, max-image-preview:large, max-video-preview:-1\" \/>\n<link rel=\"canonical\" href=\"https:\/\/digitalsantotome.com.ar\/?p=13026\" \/>\n<meta property=\"og:locale\" content=\"es_ES\" \/>\n<meta property=\"og:type\" content=\"article\" \/>\n<meta property=\"og:title\" content=\"Para los 60 a\u00f1os del Festival se crear\u00e1 una comisi\u00f3n de trabajo ampliada - Digital Santo Tom\u00e9\" \/>\n<meta property=\"og:description\" content=\"SANTO TOME. En el marco de lo que fue la segunda y \u00faltima noche de la 59\u00b0 edici\u00f3n del Festival del Folclore Correntino, el intendente municipal Augusto Suaid adelant\u00f3 que ya se comenzar\u00e1 a trabajar para la pr\u00f3xima edici\u00f3n del Festival del Folclore Correntino, los 60 a\u00f1os de una fiesta que es la m\u00e1s antigua...\" \/>\n<meta property=\"og:url\" content=\"https:\/\/digitalsantotome.com.ar\/?p=13026\" \/>\n<meta property=\"og:site_name\" content=\"Digital Santo Tom\u00e9\" \/>\n<meta property=\"article:published_time\" content=\"2025-11-10T20:47:15+00:00\" \/>\n<meta property=\"article:modified_time\" content=\"2025-11-11T23:51:16+00:00\" \/>\n<meta property=\"og:image\" content=\"https:\/\/digitalsantotome.com.ar\/wp-content\/uploads\/2025\/11\/DJI_0009-scaled.jpg\" \/>\n\t<meta property=\"og:image:width\" content=\"2560\" \/>\n\t<meta property=\"og:image:height\" content=\"1440\" \/>\n\t<meta property=\"og:image:type\" content=\"image\/jpeg\" \/>\n<meta name=\"author\" content=\"Jose Carlos Machado\" \/>\n<meta name=\"twitter:card\" content=\"summary_large_image\" \/>\n<meta name=\"twitter:label1\" content=\"Escrito por\" \/>\n\t<meta name=\"twitter:data1\" content=\"Jose Carlos Machado\" \/>\n\t<meta name=\"twitter:label2\" content=\"Tiempo de lectura\" \/>\n\t<meta name=\"twitter:data2\" content=\"4 minutos\" \/>\n<script type=\"application\/ld+json\" class=\"yoast-schema-graph\">{\"@context\":\"https:\\\/\\\/schema.org\",\"@graph\":[{\"@type\":\"Article\",\"@id\":\"https:\\\/\\\/digitalsantotome.com.ar\\\/?p=13026#article\",\"isPartOf\":{\"@id\":\"https:\\\/\\\/digitalsantotome.com.ar\\\/?p=13026\"},\"author\":{\"name\":\"Jose Carlos Machado\",\"@id\":\"https:\\\/\\\/digitalsantotome.com.ar\\\/#\\\/schema\\\/person\\\/8991d8822886fedd92ce7f03817e1bdf\"},\"headline\":\"Para los 60 a\u00f1os del Festival se crear\u00e1 una comisi\u00f3n de trabajo ampliada\",\"datePublished\":\"2025-11-10T20:47:15+00:00\",\"dateModified\":\"2025-11-11T23:51:16+00:00\",\"mainEntityOfPage\":{\"@id\":\"https:\\\/\\\/digitalsantotome.com.ar\\\/?p=13026\"},\"wordCount\":755,\"publisher\":{\"@id\":\"https:\\\/\\\/digitalsantotome.com.ar\\\/#organization\"},\"image\":{\"@id\":\"https:\\\/\\\/digitalsantotome.com.ar\\\/?p=13026#primaryimage\"},\"thumbnailUrl\":\"https:\\\/\\\/digitalsantotome.com.ar\\\/wp-content\\\/uploads\\\/2025\\\/11\\\/DJI_0009-scaled.jpg\",\"articleSection\":[\"Locales\"],\"inLanguage\":\"es\"},{\"@type\":\"WebPage\",\"@id\":\"https:\\\/\\\/digitalsantotome.com.ar\\\/?p=13026\",\"url\":\"https:\\\/\\\/digitalsantotome.com.ar\\\/?p=13026\",\"name\":\"Para los 60 a\u00f1os del Festival se crear\u00e1 una comisi\u00f3n de trabajo ampliada - Digital Santo Tom\u00e9\",\"isPartOf\":{\"@id\":\"https:\\\/\\\/digitalsantotome.com.ar\\\/#website\"},\"primaryImageOfPage\":{\"@id\":\"https:\\\/\\\/digitalsantotome.com.ar\\\/?p=13026#primaryimage\"},\"image\":{\"@id\":\"https:\\\/\\\/digitalsantotome.com.ar\\\/?p=13026#primaryimage\"},\"thumbnailUrl\":\"https:\\\/\\\/digitalsantotome.com.ar\\\/wp-content\\\/uploads\\\/2025\\\/11\\\/DJI_0009-scaled.jpg\",\"datePublished\":\"2025-11-10T20:47:15+00:00\",\"dateModified\":\"2025-11-11T23:51:16+00:00\",\"breadcrumb\":{\"@id\":\"https:\\\/\\\/digitalsantotome.com.ar\\\/?p=13026#breadcrumb\"},\"inLanguage\":\"es\",\"potentialAction\":[{\"@type\":\"ReadAction\",\"target\":[\"https:\\\/\\\/digitalsantotome.com.ar\\\/?p=13026\"]}]},{\"@type\":\"ImageObject\",\"inLanguage\":\"es\",\"@id\":\"https:\\\/\\\/digitalsantotome.com.ar\\\/?p=13026#primaryimage\",\"url\":\"https:\\\/\\\/digitalsantotome.com.ar\\\/wp-content\\\/uploads\\\/2025\\\/11\\\/DJI_0009-scaled.jpg\",\"contentUrl\":\"https:\\\/\\\/digitalsantotome.com.ar\\\/wp-content\\\/uploads\\\/2025\\\/11\\\/DJI_0009-scaled.jpg\",\"width\":2560,\"height\":1440,\"caption\":\"DCIM100MEDIADJI_0009.JPG\"},{\"@type\":\"BreadcrumbList\",\"@id\":\"https:\\\/\\\/digitalsantotome.com.ar\\\/?p=13026#breadcrumb\",\"itemListElement\":[{\"@type\":\"ListItem\",\"position\":1,\"name\":\"Portada\",\"item\":\"https:\\\/\\\/digitalsantotome.com.ar\\\/\"},{\"@type\":\"ListItem\",\"position\":2,\"name\":\"Para los 60 a\u00f1os del Festival se crear\u00e1 una comisi\u00f3n de trabajo ampliada\"}]},{\"@type\":\"WebSite\",\"@id\":\"https:\\\/\\\/digitalsantotome.com.ar\\\/#website\",\"url\":\"https:\\\/\\\/digitalsantotome.com.ar\\\/\",\"name\":\"Digital Santo Tom\u00e9\",\"description\":\"Noticias desde Santo Tom\u00e9 al Mundo \u2013 La informacion que decide\",\"publisher\":{\"@id\":\"https:\\\/\\\/digitalsantotome.com.ar\\\/#organization\"},\"potentialAction\":[{\"@type\":\"SearchAction\",\"target\":{\"@type\":\"EntryPoint\",\"urlTemplate\":\"https:\\\/\\\/digitalsantotome.com.ar\\\/?s={search_term_string}\"},\"query-input\":{\"@type\":\"PropertyValueSpecification\",\"valueRequired\":true,\"valueName\":\"search_term_string\"}}],\"inLanguage\":\"es\"},{\"@type\":\"Organization\",\"@id\":\"https:\\\/\\\/digitalsantotome.com.ar\\\/#organization\",\"name\":\"Digital Santo Tom\u00e9\",\"url\":\"https:\\\/\\\/digitalsantotome.com.ar\\\/\",\"logo\":{\"@type\":\"ImageObject\",\"inLanguage\":\"es\",\"@id\":\"https:\\\/\\\/digitalsantotome.com.ar\\\/#\\\/schema\\\/logo\\\/image\\\/\",\"url\":\"https:\\\/\\\/digitalsantotome.com.ar\\\/wp-content\\\/uploads\\\/2023\\\/01\\\/facebook.jpg\",\"contentUrl\":\"https:\\\/\\\/digitalsantotome.com.ar\\\/wp-content\\\/uploads\\\/2023\\\/01\\\/facebook.jpg\",\"width\":512,\"height\":376,\"caption\":\"Digital Santo Tom\u00e9\"},\"image\":{\"@id\":\"https:\\\/\\\/digitalsantotome.com.ar\\\/#\\\/schema\\\/logo\\\/image\\\/\"}},{\"@type\":\"Person\",\"@id\":\"https:\\\/\\\/digitalsantotome.com.ar\\\/#\\\/schema\\\/person\\\/8991d8822886fedd92ce7f03817e1bdf\",\"name\":\"Jose Carlos Machado\",\"url\":\"https:\\\/\\\/digitalsantotome.com.ar\\\/?author=2\"}]}<\/script>\n<!-- \/ Yoast SEO plugin. -->","yoast_head_json":{"title":"Para los 60 a\u00f1os del Festival se crear\u00e1 una comisi\u00f3n de trabajo ampliada - Digital Santo Tom\u00e9","robots":{"index":"index","follow":"follow","max-snippet":"max-snippet:-1","max-image-preview":"max-image-preview:large","max-video-preview":"max-video-preview:-1"},"canonical":"https:\/\/digitalsantotome.com.ar\/?p=13026","og_locale":"es_ES","og_type":"article","og_title":"Para los 60 a\u00f1os del Festival se crear\u00e1 una comisi\u00f3n de trabajo ampliada - Digital Santo Tom\u00e9","og_description":"SANTO TOME. En el marco de lo que fue la segunda y \u00faltima noche de la 59\u00b0 edici\u00f3n del Festival del Folclore Correntino, el intendente municipal Augusto Suaid adelant\u00f3 que ya se comenzar\u00e1 a trabajar para la pr\u00f3xima edici\u00f3n del Festival del Folclore Correntino, los 60 a\u00f1os de una fiesta que es la m\u00e1s antigua...","og_url":"https:\/\/digitalsantotome.com.ar\/?p=13026","og_site_name":"Digital Santo Tom\u00e9","article_published_time":"2025-11-10T20:47:15+00:00","article_modified_time":"2025-11-11T23:51:16+00:00","og_image":[{"width":2560,"height":1440,"url":"https:\/\/digitalsantotome.com.ar\/wp-content\/uploads\/2025\/11\/DJI_0009-scaled.jpg","type":"image\/jpeg"}],"author":"Jose Carlos Machado","twitter_card":"summary_large_image","twitter_misc":{"Escrito por":"Jose Carlos Machado","Tiempo de lectura":"4 minutos"},"schema":{"@context":"https:\/\/schema.org","@graph":[{"@type":"Article","@id":"https:\/\/digitalsantotome.com.ar\/?p=13026#article","isPartOf":{"@id":"https:\/\/digitalsantotome.com.ar\/?p=13026"},"author":{"name":"Jose Carlos Machado","@id":"https:\/\/digitalsantotome.com.ar\/#\/schema\/person\/8991d8822886fedd92ce7f03817e1bdf"},"headline":"Para los 60 a\u00f1os del Festival se crear\u00e1 una comisi\u00f3n de trabajo ampliada","datePublished":"2025-11-10T20:47:15+00:00","dateModified":"2025-11-11T23:51:16+00:00","mainEntityOfPage":{"@id":"https:\/\/digitalsantotome.com.ar\/?p=13026"},"wordCount":755,"publisher":{"@id":"https:\/\/digitalsantotome.com.ar\/#organization"},"image":{"@id":"https:\/\/digitalsantotome.com.ar\/?p=13026#primaryimage"},"thumbnailUrl":"https:\/\/digitalsantotome.com.ar\/wp-content\/uploads\/2025\/11\/DJI_0009-scaled.jpg","articleSection":["Locales"],"inLanguage":"es"},{"@type":"WebPage","@id":"https:\/\/digitalsantotome.com.ar\/?p=13026","url":"https:\/\/digitalsantotome.com.ar\/?p=13026","name":"Para los 60 a\u00f1os del Festival se crear\u00e1 una comisi\u00f3n de trabajo ampliada - Digital Santo Tom\u00e9","isPartOf":{"@id":"https:\/\/digitalsantotome.com.ar\/#website"},"primaryImageOfPage":{"@id":"https:\/\/digitalsantotome.com.ar\/?p=13026#primaryimage"},"image":{"@id":"https:\/\/digitalsantotome.com.ar\/?p=13026#primaryimage"},"thumbnailUrl":"https:\/\/digitalsantotome.com.ar\/wp-content\/uploads\/2025\/11\/DJI_0009-scaled.jpg","datePublished":"2025-11-10T20:47:15+00:00","dateModified":"2025-11-11T23:51:16+00:00","breadcrumb":{"@id":"https:\/\/digitalsantotome.com.ar\/?p=13026#breadcrumb"},"inLanguage":"es","potentialAction":[{"@type":"ReadAction","target":["https:\/\/digitalsantotome.com.ar\/?p=13026"]}]},{"@type":"ImageObject","inLanguage":"es","@id":"https:\/\/digitalsantotome.com.ar\/?p=13026#primaryimage","url":"https:\/\/digitalsantotome.com.ar\/wp-content\/uploads\/2025\/11\/DJI_0009-scaled.jpg","contentUrl":"https:\/\/digitalsantotome.com.ar\/wp-content\/uploads\/2025\/11\/DJI_0009-scaled.jpg","width":2560,"height":1440,"caption":"DCIM100MEDIADJI_0009.JPG"},{"@type":"BreadcrumbList","@id":"https:\/\/digitalsantotome.com.ar\/?p=13026#breadcrumb","itemListElement":[{"@type":"ListItem","position":1,"name":"Portada","item":"https:\/\/digitalsantotome.com.ar\/"},{"@type":"ListItem","position":2,"name":"Para los 60 a\u00f1os del Festival se crear\u00e1 una comisi\u00f3n de trabajo ampliada"}]},{"@type":"WebSite","@id":"https:\/\/digitalsantotome.com.ar\/#website","url":"https:\/\/digitalsantotome.com.ar\/","name":"Digital Santo Tom\u00e9","description":"Noticias desde Santo Tom\u00e9 al Mundo \u2013 La informacion que decide","publisher":{"@id":"https:\/\/digitalsantotome.com.ar\/#organization"},"potentialAction":[{"@type":"SearchAction","target":{"@type":"EntryPoint","urlTemplate":"https:\/\/digitalsantotome.com.ar\/?s={search_term_string}"},"query-input":{"@type":"PropertyValueSpecification","valueRequired":true,"valueName":"search_term_string"}}],"inLanguage":"es"},{"@type":"Organization","@id":"https:\/\/digitalsantotome.com.ar\/#organization","name":"Digital Santo Tom\u00e9","url":"https:\/\/digitalsantotome.com.ar\/","logo":{"@type":"ImageObject","inLanguage":"es","@id":"https:\/\/digitalsantotome.com.ar\/#\/schema\/logo\/image\/","url":"https:\/\/digitalsantotome.com.ar\/wp-content\/uploads\/2023\/01\/facebook.jpg","contentUrl":"https:\/\/digitalsantotome.com.ar\/wp-content\/uploads\/2023\/01\/facebook.jpg","width":512,"height":376,"caption":"Digital Santo Tom\u00e9"},"image":{"@id":"https:\/\/digitalsantotome.com.ar\/#\/schema\/logo\/image\/"}},{"@type":"Person","@id":"https:\/\/digitalsantotome.com.ar\/#\/schema\/person\/8991d8822886fedd92ce7f03817e1bdf","name":"Jose Carlos Machado","url":"https:\/\/digitalsantotome.com.ar\/?author=2"}]}},"_links":{"self":[{"href":"https:\/\/digitalsantotome.com.ar\/index.php?rest_route=\/wp\/v2\/posts\/13026","targetHints":{"allow":["GET"]}}],"collection":[{"href":"https:\/\/digitalsantotome.com.ar\/index.php?rest_route=\/wp\/v2\/posts"}],"about":[{"href":"https:\/\/digitalsantotome.com.ar\/index.php?rest_route=\/wp\/v2\/types\/post"}],"author":[{"embeddable":true,"href":"https:\/\/digitalsantotome.com.ar\/index.php?rest_route=\/wp\/v2\/users\/2"}],"replies":[{"embeddable":true,"href":"https:\/\/digitalsantotome.com.ar\/index.php?rest_route=%2Fwp%2Fv2%2Fcomments&post=13026"}],"version-history":[{"count":3,"href":"https:\/\/digitalsantotome.com.ar\/index.php?rest_route=\/wp\/v2\/posts\/13026\/revisions"}],"predecessor-version":[{"id":13030,"href":"https:\/\/digitalsantotome.com.ar\/index.php?rest_route=\/wp\/v2\/posts\/13026\/revisions\/13030"}],"wp:featuredmedia":[{"embeddable":true,"href":"https:\/\/digitalsantotome.com.ar\/index.php?rest_route=\/wp\/v2\/media\/13027"}],"wp:attachment":[{"href":"https:\/\/digitalsantotome.com.ar\/index.php?rest_route=%2Fwp%2Fv2%2Fmedia&parent=13026"}],"wp:term":[{"taxonomy":"category","embeddable":true,"href":"https:\/\/digitalsantotome.com.ar\/index.php?rest_route=%2Fwp%2Fv2%2Fcategories&post=13026"},{"taxonomy":"post_tag","embeddable":true,"href":"https:\/\/digitalsantotome.com.ar\/index.php?rest_route=%2Fwp%2Fv2%2Ftags&post=13026"}],"curies":[{"name":"wp","href":"https:\/\/api.w.org\/{rel}","templated":true}]}}