{"id":13043,"date":"2025-11-12T09:18:44","date_gmt":"2025-11-12T12:18:44","guid":{"rendered":"https:\/\/digitalsantotome.com.ar\/?p=13043"},"modified":"2025-11-13T17:43:09","modified_gmt":"2025-11-13T20:43:09","slug":"juan-pablo-valdes-se-va-a-trabajar-en-un-contexto-complejo-y-donde-el-ajuste-es-moneda-corriente","status":"publish","type":"post","link":"https:\/\/digitalsantotome.com.ar\/?p=13043","title":{"rendered":"Juan Pablo Vald\u00e9s: \u201cSe va a trabajar en un contexto complejo y donde el ajuste es moneda corriente\u201d"},"content":{"rendered":"<p>SANTO TOME. A 28 d\u00edas m\u00e1s de lo que va a ser de su asunci\u00f3n como primer mandatario provincial, el electo gobernador<strong> Juan Pablo Vald\u00e9s<\/strong> traz\u00f3 un breve panorama acerca de lo que est\u00e1 siendo el <strong>proceso de transici\u00f3n de ac\u00e1 al 10 de diciembre,<\/strong> el armado de los equipos de trabajo y la selecci\u00f3n de nombres que van a integrar el nuevo gabinete, la situaci\u00f3n econ\u00f3mica actual y los planteos que va a realizar ante el Gobierno Nacional. Lo hizo en el marco de la visita oficial que el gobernador <strong>Gustavo Vald\u00e9s<\/strong> realiz\u00f3 este martes a Gdor Virasoro.<\/p>\n<p>En declaraciones exclusivas formuladas para el programa <strong>Digitalsantotome TV<\/strong>, el gobernador electo y pr\u00f3ximo a asumir como gobernador de la provincia, <strong>Juan Pablo Vald\u00e9s<\/strong>, sostuvo que las expectativas <strong>\u201cson muchas, estamos trabajando mucho recorriendo la provincia, hablando mucho con el gobernador, escuchando y recorriendo justamente puntos estrat\u00e9gicos que tiene la provincia donde hemos visitado desde Guavirab\u00ed hasta San Carlos, luego hemos pasado por AconTimber y ahora en Gdor Virasoro acompa\u00f1ando la inauguraci\u00f3n de este SAP y la verdad que termina siendo muy importante todo el trabajo que venimos realizando para continuar con una gesti\u00f3n que ha sido realmente exitosa\u201d<\/strong> se\u00f1al\u00f3.<\/p>\n<p><strong>ARMADO DEL GABINETE<\/strong><\/p>\n<p>Respecto del armado del nuevo Gabinete que lo acompa\u00f1ar\u00e1 en su gesti\u00f3n de Gobierno, Juan Pablo Vald\u00e9s sostuvo: <strong>\u201cS\u00ed estamos trabajando, hemos comenzado ya\u00a0 hablar con algunos sectores, hablar con algunos funcionarios que podr\u00edan integrar el equipo de trabajo, dejar en claro cu\u00e1l es el proyecto y despu\u00e9s iremos viendo los mejores perfiles para estos cuatro a\u00f1os venideros que hemos trabajado mucho, hay un cambio con continuidad, el norte siempre es el mismo, una provincia que va a buscar industrializarse, que va a buscar continuar desarroll\u00e1ndose y que vamos a trabajar para tener mejores servicios p\u00fablicos y de calidad\u201d<\/strong> dijo.<\/p>\n<p><strong>RELACION CON EL PODER CENTRAL<\/strong><\/p>\n<p>Acerca de c\u00f3mo va a encarar la relaci\u00f3n con el Gobierno Nacional debido a la situaci\u00f3n econ\u00f3mica actual y sobre la postura que tiene Naci\u00f3n de cortar la obra p\u00fablica nacional, Vald\u00e9s fue contundente en sus conceptos y se\u00f1al\u00f3 que <strong>\u201cvamos a trabajar en un contexto complejo, en un contexto donde las variables han cambiado, donde el\u00a0 ajuste es moneda corriente y nosotros vamos a tener que trabajar para ser eficientes en el gasto para poder continuar con la obra p\u00fablica, para poder continuar con los servicios para los vecinos y sobre todo para seguir haciendo crecer todos los diferentes puntos de la provincia\u201d<\/strong> grafic\u00f3.<\/p>\n<p><strong>DIALOGO, PERO MAS TRABAJO<\/strong><\/p>\n<p>En esa misma l\u00ednea, y consultado si espera que luego del 10 de diciembre el presidente Milei tenga una postura m\u00e1s dialoguista con todos los gobernadores;<\/p>\n<p><strong>Pablo Vald\u00e9s<\/strong> se\u00f1al\u00f3 que <strong>\u201cesperamos que trabaje y que lo haga en equipo, que le vaya muy bien a los argentinos, si le va bien al presidente nos va a ir muy bien a todos, nosotros vamos a trabajar para aportar desde este punto de la Rep\u00fablica Argentina para que la Argentina esa que so\u00f1amos sea una Argentina federal y pr\u00f3spera, que se pueda lograr con un trabajo de los correntinos siempre apoyando y siempre defendiendo los intereses de los correntinos y llevando esa bandera de correntinismo siempre como insignia\u201d<\/strong> sintetiz\u00f3.<\/p>\n<p><strong>PUNTO CENTRAL<\/strong><\/p>\n<p>Finalmente, y consultado acerca de cu\u00e1l ser\u00eda el punto principal a plantear ante el gobierno nacional, Juan Pablo Vald\u00e9s remarc\u00f3 que <strong>\u201cel m\u00e1s fundamental es la industrializaci\u00f3n y defender esto que nos siguen faltando que son obras, los fondos que nos deben y que nosotros necesitamos obviamente en este contexto que va a ser muy ajustado y dif\u00edcil, nosotros entendemos que lo que es de los correntinos tiene que ser nuestro y por eso queremos que sea equitativo y justo defender los recursos y defender las obras que todav\u00eda nos faltan para vivir mejor\u201d<\/strong> asever\u00f3.<\/p>\n<p>&nbsp;<\/p>\n<p>&nbsp;<\/p>\n","protected":false},"excerpt":{"rendered":"<p>SANTO TOME. A 28 d\u00edas m\u00e1s de lo que va a ser de su asunci\u00f3n como primer mandatario provincial, el electo gobernador Juan Pablo Vald\u00e9s traz\u00f3 un breve panorama acerca de lo que est\u00e1 siendo el proceso de transici\u00f3n de ac\u00e1 al 10 de diciembre, el armado de los equipos de trabajo y la selecci\u00f3n&#8230;<\/p>\n","protected":false},"author":2,"featured_media":13044,"comment_status":"closed","ping_status":"closed","sticky":false,"template":"","format":"standard","meta":{"_kad_post_transparent":"default","_kad_post_title":"default","_kad_post_layout":"default","_kad_post_sidebar_id":"","_kad_post_content_style":"default","_kad_post_vertical_padding":"default","_kad_post_feature":"","_kad_post_feature_position":"","_kad_post_header":false,"_kad_post_footer":false,"_kad_post_classname":"","footnotes":""},"categories":[1],"tags":[],"class_list":["post-13043","post","type-post","status-publish","format-standard","has-post-thumbnail","hentry","category-locales"],"a3_pvc":{"activated":false,"total_views":0,"today_views":0},"yoast_head":"<!-- This site is optimized with the Yoast SEO plugin v27.5 - https:\/\/yoast.com\/product\/yoast-seo-wordpress\/ -->\n<title>Juan Pablo Vald\u00e9s: \u201cSe va a trabajar en un contexto complejo y donde el ajuste es moneda corriente\u201d - Digital Santo Tom\u00e9<\/title>\n<meta name=\"robots\" content=\"index, follow, max-snippet:-1, max-image-preview:large, max-video-preview:-1\" \/>\n<link rel=\"canonical\" href=\"https:\/\/digitalsantotome.com.ar\/?p=13043\" \/>\n<meta property=\"og:locale\" content=\"es_ES\" \/>\n<meta property=\"og:type\" content=\"article\" \/>\n<meta property=\"og:title\" content=\"Juan Pablo Vald\u00e9s: \u201cSe va a trabajar en un contexto complejo y donde el ajuste es moneda corriente\u201d - Digital Santo Tom\u00e9\" \/>\n<meta property=\"og:description\" content=\"SANTO TOME. A 28 d\u00edas m\u00e1s de lo que va a ser de su asunci\u00f3n como primer mandatario provincial, el electo gobernador Juan Pablo Vald\u00e9s traz\u00f3 un breve panorama acerca de lo que est\u00e1 siendo el proceso de transici\u00f3n de ac\u00e1 al 10 de diciembre, el armado de los equipos de trabajo y la selecci\u00f3n...\" \/>\n<meta property=\"og:url\" content=\"https:\/\/digitalsantotome.com.ar\/?p=13043\" \/>\n<meta property=\"og:site_name\" content=\"Digital Santo Tom\u00e9\" \/>\n<meta property=\"article:published_time\" content=\"2025-11-12T12:18:44+00:00\" \/>\n<meta property=\"article:modified_time\" content=\"2025-11-13T20:43:09+00:00\" \/>\n<meta property=\"og:image\" content=\"https:\/\/digitalsantotome.com.ar\/wp-content\/uploads\/2025\/11\/VALDES3.jpg\" \/>\n\t<meta property=\"og:image:width\" content=\"1920\" \/>\n\t<meta property=\"og:image:height\" content=\"1080\" \/>\n\t<meta property=\"og:image:type\" content=\"image\/jpeg\" \/>\n<meta name=\"author\" content=\"Jose Carlos Machado\" \/>\n<meta name=\"twitter:card\" content=\"summary_large_image\" \/>\n<meta name=\"twitter:label1\" content=\"Escrito por\" \/>\n\t<meta name=\"twitter:data1\" content=\"Jose Carlos Machado\" \/>\n\t<meta name=\"twitter:label2\" content=\"Tiempo de lectura\" \/>\n\t<meta name=\"twitter:data2\" content=\"4 minutos\" \/>\n<script type=\"application\/ld+json\" class=\"yoast-schema-graph\">{\"@context\":\"https:\\\/\\\/schema.org\",\"@graph\":[{\"@type\":\"Article\",\"@id\":\"https:\\\/\\\/digitalsantotome.com.ar\\\/?p=13043#article\",\"isPartOf\":{\"@id\":\"https:\\\/\\\/digitalsantotome.com.ar\\\/?p=13043\"},\"author\":{\"name\":\"Jose Carlos Machado\",\"@id\":\"https:\\\/\\\/digitalsantotome.com.ar\\\/#\\\/schema\\\/person\\\/8991d8822886fedd92ce7f03817e1bdf\"},\"headline\":\"Juan Pablo Vald\u00e9s: \u201cSe va a trabajar en un contexto complejo y donde el ajuste es moneda corriente\u201d\",\"datePublished\":\"2025-11-12T12:18:44+00:00\",\"dateModified\":\"2025-11-13T20:43:09+00:00\",\"mainEntityOfPage\":{\"@id\":\"https:\\\/\\\/digitalsantotome.com.ar\\\/?p=13043\"},\"wordCount\":696,\"publisher\":{\"@id\":\"https:\\\/\\\/digitalsantotome.com.ar\\\/#organization\"},\"image\":{\"@id\":\"https:\\\/\\\/digitalsantotome.com.ar\\\/?p=13043#primaryimage\"},\"thumbnailUrl\":\"https:\\\/\\\/digitalsantotome.com.ar\\\/wp-content\\\/uploads\\\/2025\\\/11\\\/VALDES3.jpg\",\"articleSection\":[\"Locales\"],\"inLanguage\":\"es\"},{\"@type\":\"WebPage\",\"@id\":\"https:\\\/\\\/digitalsantotome.com.ar\\\/?p=13043\",\"url\":\"https:\\\/\\\/digitalsantotome.com.ar\\\/?p=13043\",\"name\":\"Juan Pablo Vald\u00e9s: \u201cSe va a trabajar en un contexto complejo y donde el ajuste es moneda corriente\u201d - Digital Santo Tom\u00e9\",\"isPartOf\":{\"@id\":\"https:\\\/\\\/digitalsantotome.com.ar\\\/#website\"},\"primaryImageOfPage\":{\"@id\":\"https:\\\/\\\/digitalsantotome.com.ar\\\/?p=13043#primaryimage\"},\"image\":{\"@id\":\"https:\\\/\\\/digitalsantotome.com.ar\\\/?p=13043#primaryimage\"},\"thumbnailUrl\":\"https:\\\/\\\/digitalsantotome.com.ar\\\/wp-content\\\/uploads\\\/2025\\\/11\\\/VALDES3.jpg\",\"datePublished\":\"2025-11-12T12:18:44+00:00\",\"dateModified\":\"2025-11-13T20:43:09+00:00\",\"breadcrumb\":{\"@id\":\"https:\\\/\\\/digitalsantotome.com.ar\\\/?p=13043#breadcrumb\"},\"inLanguage\":\"es\",\"potentialAction\":[{\"@type\":\"ReadAction\",\"target\":[\"https:\\\/\\\/digitalsantotome.com.ar\\\/?p=13043\"]}]},{\"@type\":\"ImageObject\",\"inLanguage\":\"es\",\"@id\":\"https:\\\/\\\/digitalsantotome.com.ar\\\/?p=13043#primaryimage\",\"url\":\"https:\\\/\\\/digitalsantotome.com.ar\\\/wp-content\\\/uploads\\\/2025\\\/11\\\/VALDES3.jpg\",\"contentUrl\":\"https:\\\/\\\/digitalsantotome.com.ar\\\/wp-content\\\/uploads\\\/2025\\\/11\\\/VALDES3.jpg\",\"width\":1920,\"height\":1080},{\"@type\":\"BreadcrumbList\",\"@id\":\"https:\\\/\\\/digitalsantotome.com.ar\\\/?p=13043#breadcrumb\",\"itemListElement\":[{\"@type\":\"ListItem\",\"position\":1,\"name\":\"Portada\",\"item\":\"https:\\\/\\\/digitalsantotome.com.ar\\\/\"},{\"@type\":\"ListItem\",\"position\":2,\"name\":\"Juan Pablo Vald\u00e9s: \u201cSe va a trabajar en un contexto complejo y donde el ajuste es moneda corriente\u201d\"}]},{\"@type\":\"WebSite\",\"@id\":\"https:\\\/\\\/digitalsantotome.com.ar\\\/#website\",\"url\":\"https:\\\/\\\/digitalsantotome.com.ar\\\/\",\"name\":\"Digital Santo Tom\u00e9\",\"description\":\"Noticias desde Santo Tom\u00e9 al Mundo \u2013 La informacion que decide\",\"publisher\":{\"@id\":\"https:\\\/\\\/digitalsantotome.com.ar\\\/#organization\"},\"potentialAction\":[{\"@type\":\"SearchAction\",\"target\":{\"@type\":\"EntryPoint\",\"urlTemplate\":\"https:\\\/\\\/digitalsantotome.com.ar\\\/?s={search_term_string}\"},\"query-input\":{\"@type\":\"PropertyValueSpecification\",\"valueRequired\":true,\"valueName\":\"search_term_string\"}}],\"inLanguage\":\"es\"},{\"@type\":\"Organization\",\"@id\":\"https:\\\/\\\/digitalsantotome.com.ar\\\/#organization\",\"name\":\"Digital Santo Tom\u00e9\",\"url\":\"https:\\\/\\\/digitalsantotome.com.ar\\\/\",\"logo\":{\"@type\":\"ImageObject\",\"inLanguage\":\"es\",\"@id\":\"https:\\\/\\\/digitalsantotome.com.ar\\\/#\\\/schema\\\/logo\\\/image\\\/\",\"url\":\"https:\\\/\\\/digitalsantotome.com.ar\\\/wp-content\\\/uploads\\\/2023\\\/01\\\/facebook.jpg\",\"contentUrl\":\"https:\\\/\\\/digitalsantotome.com.ar\\\/wp-content\\\/uploads\\\/2023\\\/01\\\/facebook.jpg\",\"width\":512,\"height\":376,\"caption\":\"Digital Santo Tom\u00e9\"},\"image\":{\"@id\":\"https:\\\/\\\/digitalsantotome.com.ar\\\/#\\\/schema\\\/logo\\\/image\\\/\"}},{\"@type\":\"Person\",\"@id\":\"https:\\\/\\\/digitalsantotome.com.ar\\\/#\\\/schema\\\/person\\\/8991d8822886fedd92ce7f03817e1bdf\",\"name\":\"Jose Carlos Machado\",\"url\":\"https:\\\/\\\/digitalsantotome.com.ar\\\/?author=2\"}]}<\/script>\n<!-- \/ Yoast SEO plugin. -->","yoast_head_json":{"title":"Juan Pablo Vald\u00e9s: \u201cSe va a trabajar en un contexto complejo y donde el ajuste es moneda corriente\u201d - Digital Santo Tom\u00e9","robots":{"index":"index","follow":"follow","max-snippet":"max-snippet:-1","max-image-preview":"max-image-preview:large","max-video-preview":"max-video-preview:-1"},"canonical":"https:\/\/digitalsantotome.com.ar\/?p=13043","og_locale":"es_ES","og_type":"article","og_title":"Juan Pablo Vald\u00e9s: \u201cSe va a trabajar en un contexto complejo y donde el ajuste es moneda corriente\u201d - Digital Santo Tom\u00e9","og_description":"SANTO TOME. A 28 d\u00edas m\u00e1s de lo que va a ser de su asunci\u00f3n como primer mandatario provincial, el electo gobernador Juan Pablo Vald\u00e9s traz\u00f3 un breve panorama acerca de lo que est\u00e1 siendo el proceso de transici\u00f3n de ac\u00e1 al 10 de diciembre, el armado de los equipos de trabajo y la selecci\u00f3n...","og_url":"https:\/\/digitalsantotome.com.ar\/?p=13043","og_site_name":"Digital Santo Tom\u00e9","article_published_time":"2025-11-12T12:18:44+00:00","article_modified_time":"2025-11-13T20:43:09+00:00","og_image":[{"width":1920,"height":1080,"url":"https:\/\/digitalsantotome.com.ar\/wp-content\/uploads\/2025\/11\/VALDES3.jpg","type":"image\/jpeg"}],"author":"Jose Carlos Machado","twitter_card":"summary_large_image","twitter_misc":{"Escrito por":"Jose Carlos Machado","Tiempo de lectura":"4 minutos"},"schema":{"@context":"https:\/\/schema.org","@graph":[{"@type":"Article","@id":"https:\/\/digitalsantotome.com.ar\/?p=13043#article","isPartOf":{"@id":"https:\/\/digitalsantotome.com.ar\/?p=13043"},"author":{"name":"Jose Carlos Machado","@id":"https:\/\/digitalsantotome.com.ar\/#\/schema\/person\/8991d8822886fedd92ce7f03817e1bdf"},"headline":"Juan Pablo Vald\u00e9s: \u201cSe va a trabajar en un contexto complejo y donde el ajuste es moneda corriente\u201d","datePublished":"2025-11-12T12:18:44+00:00","dateModified":"2025-11-13T20:43:09+00:00","mainEntityOfPage":{"@id":"https:\/\/digitalsantotome.com.ar\/?p=13043"},"wordCount":696,"publisher":{"@id":"https:\/\/digitalsantotome.com.ar\/#organization"},"image":{"@id":"https:\/\/digitalsantotome.com.ar\/?p=13043#primaryimage"},"thumbnailUrl":"https:\/\/digitalsantotome.com.ar\/wp-content\/uploads\/2025\/11\/VALDES3.jpg","articleSection":["Locales"],"inLanguage":"es"},{"@type":"WebPage","@id":"https:\/\/digitalsantotome.com.ar\/?p=13043","url":"https:\/\/digitalsantotome.com.ar\/?p=13043","name":"Juan Pablo Vald\u00e9s: \u201cSe va a trabajar en un contexto complejo y donde el ajuste es moneda corriente\u201d - Digital Santo Tom\u00e9","isPartOf":{"@id":"https:\/\/digitalsantotome.com.ar\/#website"},"primaryImageOfPage":{"@id":"https:\/\/digitalsantotome.com.ar\/?p=13043#primaryimage"},"image":{"@id":"https:\/\/digitalsantotome.com.ar\/?p=13043#primaryimage"},"thumbnailUrl":"https:\/\/digitalsantotome.com.ar\/wp-content\/uploads\/2025\/11\/VALDES3.jpg","datePublished":"2025-11-12T12:18:44+00:00","dateModified":"2025-11-13T20:43:09+00:00","breadcrumb":{"@id":"https:\/\/digitalsantotome.com.ar\/?p=13043#breadcrumb"},"inLanguage":"es","potentialAction":[{"@type":"ReadAction","target":["https:\/\/digitalsantotome.com.ar\/?p=13043"]}]},{"@type":"ImageObject","inLanguage":"es","@id":"https:\/\/digitalsantotome.com.ar\/?p=13043#primaryimage","url":"https:\/\/digitalsantotome.com.ar\/wp-content\/uploads\/2025\/11\/VALDES3.jpg","contentUrl":"https:\/\/digitalsantotome.com.ar\/wp-content\/uploads\/2025\/11\/VALDES3.jpg","width":1920,"height":1080},{"@type":"BreadcrumbList","@id":"https:\/\/digitalsantotome.com.ar\/?p=13043#breadcrumb","itemListElement":[{"@type":"ListItem","position":1,"name":"Portada","item":"https:\/\/digitalsantotome.com.ar\/"},{"@type":"ListItem","position":2,"name":"Juan Pablo Vald\u00e9s: \u201cSe va a trabajar en un contexto complejo y donde el ajuste es moneda corriente\u201d"}]},{"@type":"WebSite","@id":"https:\/\/digitalsantotome.com.ar\/#website","url":"https:\/\/digitalsantotome.com.ar\/","name":"Digital Santo Tom\u00e9","description":"Noticias desde Santo Tom\u00e9 al Mundo \u2013 La informacion que decide","publisher":{"@id":"https:\/\/digitalsantotome.com.ar\/#organization"},"potentialAction":[{"@type":"SearchAction","target":{"@type":"EntryPoint","urlTemplate":"https:\/\/digitalsantotome.com.ar\/?s={search_term_string}"},"query-input":{"@type":"PropertyValueSpecification","valueRequired":true,"valueName":"search_term_string"}}],"inLanguage":"es"},{"@type":"Organization","@id":"https:\/\/digitalsantotome.com.ar\/#organization","name":"Digital Santo Tom\u00e9","url":"https:\/\/digitalsantotome.com.ar\/","logo":{"@type":"ImageObject","inLanguage":"es","@id":"https:\/\/digitalsantotome.com.ar\/#\/schema\/logo\/image\/","url":"https:\/\/digitalsantotome.com.ar\/wp-content\/uploads\/2023\/01\/facebook.jpg","contentUrl":"https:\/\/digitalsantotome.com.ar\/wp-content\/uploads\/2023\/01\/facebook.jpg","width":512,"height":376,"caption":"Digital Santo Tom\u00e9"},"image":{"@id":"https:\/\/digitalsantotome.com.ar\/#\/schema\/logo\/image\/"}},{"@type":"Person","@id":"https:\/\/digitalsantotome.com.ar\/#\/schema\/person\/8991d8822886fedd92ce7f03817e1bdf","name":"Jose Carlos Machado","url":"https:\/\/digitalsantotome.com.ar\/?author=2"}]}},"_links":{"self":[{"href":"https:\/\/digitalsantotome.com.ar\/index.php?rest_route=\/wp\/v2\/posts\/13043","targetHints":{"allow":["GET"]}}],"collection":[{"href":"https:\/\/digitalsantotome.com.ar\/index.php?rest_route=\/wp\/v2\/posts"}],"about":[{"href":"https:\/\/digitalsantotome.com.ar\/index.php?rest_route=\/wp\/v2\/types\/post"}],"author":[{"embeddable":true,"href":"https:\/\/digitalsantotome.com.ar\/index.php?rest_route=\/wp\/v2\/users\/2"}],"replies":[{"embeddable":true,"href":"https:\/\/digitalsantotome.com.ar\/index.php?rest_route=%2Fwp%2Fv2%2Fcomments&post=13043"}],"version-history":[{"count":1,"href":"https:\/\/digitalsantotome.com.ar\/index.php?rest_route=\/wp\/v2\/posts\/13043\/revisions"}],"predecessor-version":[{"id":13045,"href":"https:\/\/digitalsantotome.com.ar\/index.php?rest_route=\/wp\/v2\/posts\/13043\/revisions\/13045"}],"wp:featuredmedia":[{"embeddable":true,"href":"https:\/\/digitalsantotome.com.ar\/index.php?rest_route=\/wp\/v2\/media\/13044"}],"wp:attachment":[{"href":"https:\/\/digitalsantotome.com.ar\/index.php?rest_route=%2Fwp%2Fv2%2Fmedia&parent=13043"}],"wp:term":[{"taxonomy":"category","embeddable":true,"href":"https:\/\/digitalsantotome.com.ar\/index.php?rest_route=%2Fwp%2Fv2%2Fcategories&post=13043"},{"taxonomy":"post_tag","embeddable":true,"href":"https:\/\/digitalsantotome.com.ar\/index.php?rest_route=%2Fwp%2Fv2%2Ftags&post=13043"}],"curies":[{"name":"wp","href":"https:\/\/api.w.org\/{rel}","templated":true}]}}