{"id":13050,"date":"2025-11-12T15:26:57","date_gmt":"2025-11-12T18:26:57","guid":{"rendered":"https:\/\/digitalsantotome.com.ar\/?p=13050"},"modified":"2025-11-12T15:27:23","modified_gmt":"2025-11-12T18:27:23","slug":"la-corte-suprema-de-justicia-confirmo-la-condena-contra-ex-fiscal-anahi-tabachi","status":"publish","type":"post","link":"https:\/\/digitalsantotome.com.ar\/?p=13050","title":{"rendered":"La Corte Suprema de Justicia confirm\u00f3 la condena contra ex Fiscal Anah\u00ed Tabachi"},"content":{"rendered":"<div class=\"row\">\n<div id=\"conte\" class=\"span6 base\">\n<p>CAPITAL FEDERAL. Se trata de la ex Fiscal de TOP \u2013 UFRAC de Santo Tom\u00e9 Olga Anah\u00ed Tabacchi que fue destituida por el Jurado de Enjuiciamiento de Corrientes por unanimidad en el 2023. El 10 de noviembre de ese a\u00f1o fue encontrada culpable de los delitos de abuso de autoridad y violaci\u00f3n de los deberes de funcionario p\u00fablico en concurso real con el delito de falsificaci\u00f3n de instrumento p\u00fablico y en concurso aparente con el delito de da\u00f1os. El Tribunal de Juicio Unipersonal de Santo Tom\u00e9 la conden\u00f3. El Superior Tribunal de Justicia de Corrientes mediante Sentencia N\u00b0 113\/24 confirm\u00f3 esa decisi\u00f3n y ahora la Corte la ratific\u00f3.<\/p>\n<p>Ayer, martes 11 de noviembre la Corte Suprema de Justicia de la Naci\u00f3n confirm\u00f3 la condena contra la doctora Olga Anah\u00ed Tabacchi a 1 a\u00f1o y 6 meses de pena en suspenso e inhabilitaci\u00f3n por el doble tiempo de la condena debiendo fijar domicilio de residencia y presentarse en OFIJU cada seis meses.<\/p>\n<p>Esa pena la aplic\u00f3 el Tribunal de Juicio Unipersonal de Santo Tom\u00e9, ejercido por el doctor Francisco Javier Ramos, el 10 de noviembre de 2023 y el Superior Tribunal la confirm\u00f3.<\/p>\n<p>Ahora, la Corte rechaz\u00f3 el recurso de Queja por inadmisible por lo que qued\u00f3 confirmada la decisi\u00f3n de la justicia de Corrientes.<\/p>\n<p>Adem\u00e1s de ser condenada por esta causa penal, la doctora Tabacchi fue juzgada por el Jury que por unanimidad la encontr\u00f3 culpable y fue destituida de su cargo en noviembre de 2023.<\/p>\n<p>LOS HECHOS<\/p>\n<p>Seg\u00fan el magistrado que la encontr\u00f3 culpable la doctora cuando ejerc\u00eda como titular de la Unidad de Recepci\u00f3n y An\u00e1lisis de Casos (Ufrac) en Santo Tom\u00e9, ocup\u00f3 de manera irregular una propiedad en esa localidad y gener\u00f3 un beneficio econ\u00f3mico indebido al arrendarla a una mujer, haci\u00e9ndose pasar por la due\u00f1a leg\u00edtima.<\/p>\n<p>Al ser descubierta la irregularidad la doctora Tabacchi en lugar de resolver el problema como una ciudadana com\u00fan, us\u00f3 su posici\u00f3n de fiscal de manera indebida y realiz\u00f3 dos cosas muy graves: Fabric\u00f3 un Caso Falso: Se hizo a s\u00ed misma una \u201cdenuncia\u201d (actuando como la denunciante y la fiscal a cargo) sobre el problema de la casa. Este caso era ilegal, ya que no se carg\u00f3 correctamente en el sistema judicial y le puso un n\u00famero de expediente que no le correspond\u00eda y borr\u00f3 un Caso Real: Despu\u00e9s, entr\u00f3 al sistema inform\u00e1tico judicial y elimin\u00f3 todo el contenido de un expediente que era real (un caso de amenazas con armas). Luego, us\u00f3 el espacio de ese caso real para meter su propio caso personal y falso sobre la casa.<\/p>\n<p>Por ello el Tribunal la encontr\u00f3 culpable de usar su autoridad para fines personales, crear documentos falsos y da\u00f1ar el sistema inform\u00e1tico de la justicia.<\/p>\n<\/div>\n<div><\/div>\n<div class=\"span6 base\">\n<p>Momarandu.com<\/p>\n<\/div>\n<\/div>\n<p>&nbsp;<\/p>\n","protected":false},"excerpt":{"rendered":"<p>CAPITAL FEDERAL. Se trata de la ex Fiscal de TOP \u2013 UFRAC de Santo Tom\u00e9 Olga Anah\u00ed Tabacchi que fue destituida por el Jurado de Enjuiciamiento de Corrientes por unanimidad en el 2023. El 10 de noviembre de ese a\u00f1o fue encontrada culpable de los delitos de abuso de autoridad y violaci\u00f3n de los deberes&#8230;<\/p>\n","protected":false},"author":2,"featured_media":13051,"comment_status":"closed","ping_status":"closed","sticky":false,"template":"","format":"standard","meta":{"_kad_post_transparent":"default","_kad_post_title":"default","_kad_post_layout":"default","_kad_post_sidebar_id":"","_kad_post_content_style":"default","_kad_post_vertical_padding":"default","_kad_post_feature":"","_kad_post_feature_position":"","_kad_post_header":false,"_kad_post_footer":false,"_kad_post_classname":"","footnotes":""},"categories":[2],"tags":[],"class_list":["post-13050","post","type-post","status-publish","format-standard","has-post-thumbnail","hentry","category-provinciales"],"a3_pvc":{"activated":false,"total_views":0,"today_views":0},"yoast_head":"<!-- This site is optimized with the Yoast SEO plugin v27.5 - https:\/\/yoast.com\/product\/yoast-seo-wordpress\/ -->\n<title>La Corte Suprema de Justicia confirm\u00f3 la condena contra ex Fiscal Anah\u00ed Tabachi - Digital Santo Tom\u00e9<\/title>\n<meta name=\"robots\" content=\"index, follow, max-snippet:-1, max-image-preview:large, max-video-preview:-1\" \/>\n<link rel=\"canonical\" href=\"https:\/\/digitalsantotome.com.ar\/?p=13050\" \/>\n<meta property=\"og:locale\" content=\"es_ES\" \/>\n<meta property=\"og:type\" content=\"article\" \/>\n<meta property=\"og:title\" content=\"La Corte Suprema de Justicia confirm\u00f3 la condena contra ex Fiscal Anah\u00ed Tabachi - Digital Santo Tom\u00e9\" \/>\n<meta property=\"og:description\" content=\"CAPITAL FEDERAL. Se trata de la ex Fiscal de TOP \u2013 UFRAC de Santo Tom\u00e9 Olga Anah\u00ed Tabacchi que fue destituida por el Jurado de Enjuiciamiento de Corrientes por unanimidad en el 2023. El 10 de noviembre de ese a\u00f1o fue encontrada culpable de los delitos de abuso de autoridad y violaci\u00f3n de los deberes...\" \/>\n<meta property=\"og:url\" content=\"https:\/\/digitalsantotome.com.ar\/?p=13050\" \/>\n<meta property=\"og:site_name\" content=\"Digital Santo Tom\u00e9\" \/>\n<meta property=\"article:published_time\" content=\"2025-11-12T18:26:57+00:00\" \/>\n<meta property=\"article:modified_time\" content=\"2025-11-12T18:27:23+00:00\" \/>\n<meta property=\"og:image\" content=\"https:\/\/digitalsantotome.com.ar\/wp-content\/uploads\/2025\/11\/581766257_122153009012860770_6126476009758440798_n.jpg\" \/>\n\t<meta property=\"og:image:width\" content=\"440\" \/>\n\t<meta property=\"og:image:height\" content=\"411\" \/>\n\t<meta property=\"og:image:type\" content=\"image\/jpeg\" \/>\n<meta name=\"author\" content=\"Jose Carlos Machado\" \/>\n<meta name=\"twitter:card\" content=\"summary_large_image\" \/>\n<meta name=\"twitter:label1\" content=\"Escrito por\" \/>\n\t<meta name=\"twitter:data1\" content=\"Jose Carlos Machado\" \/>\n\t<meta name=\"twitter:label2\" content=\"Tiempo de lectura\" \/>\n\t<meta name=\"twitter:data2\" content=\"3 minutos\" \/>\n<script type=\"application\/ld+json\" class=\"yoast-schema-graph\">{\"@context\":\"https:\\\/\\\/schema.org\",\"@graph\":[{\"@type\":\"Article\",\"@id\":\"https:\\\/\\\/digitalsantotome.com.ar\\\/?p=13050#article\",\"isPartOf\":{\"@id\":\"https:\\\/\\\/digitalsantotome.com.ar\\\/?p=13050\"},\"author\":{\"name\":\"Jose Carlos Machado\",\"@id\":\"https:\\\/\\\/digitalsantotome.com.ar\\\/#\\\/schema\\\/person\\\/8991d8822886fedd92ce7f03817e1bdf\"},\"headline\":\"La Corte Suprema de Justicia confirm\u00f3 la condena contra ex Fiscal Anah\u00ed Tabachi\",\"datePublished\":\"2025-11-12T18:26:57+00:00\",\"dateModified\":\"2025-11-12T18:27:23+00:00\",\"mainEntityOfPage\":{\"@id\":\"https:\\\/\\\/digitalsantotome.com.ar\\\/?p=13050\"},\"wordCount\":489,\"publisher\":{\"@id\":\"https:\\\/\\\/digitalsantotome.com.ar\\\/#organization\"},\"image\":{\"@id\":\"https:\\\/\\\/digitalsantotome.com.ar\\\/?p=13050#primaryimage\"},\"thumbnailUrl\":\"https:\\\/\\\/digitalsantotome.com.ar\\\/wp-content\\\/uploads\\\/2025\\\/11\\\/581766257_122153009012860770_6126476009758440798_n.jpg\",\"articleSection\":[\"Provinciales\"],\"inLanguage\":\"es\"},{\"@type\":\"WebPage\",\"@id\":\"https:\\\/\\\/digitalsantotome.com.ar\\\/?p=13050\",\"url\":\"https:\\\/\\\/digitalsantotome.com.ar\\\/?p=13050\",\"name\":\"La Corte Suprema de Justicia confirm\u00f3 la condena contra ex Fiscal Anah\u00ed Tabachi - Digital Santo Tom\u00e9\",\"isPartOf\":{\"@id\":\"https:\\\/\\\/digitalsantotome.com.ar\\\/#website\"},\"primaryImageOfPage\":{\"@id\":\"https:\\\/\\\/digitalsantotome.com.ar\\\/?p=13050#primaryimage\"},\"image\":{\"@id\":\"https:\\\/\\\/digitalsantotome.com.ar\\\/?p=13050#primaryimage\"},\"thumbnailUrl\":\"https:\\\/\\\/digitalsantotome.com.ar\\\/wp-content\\\/uploads\\\/2025\\\/11\\\/581766257_122153009012860770_6126476009758440798_n.jpg\",\"datePublished\":\"2025-11-12T18:26:57+00:00\",\"dateModified\":\"2025-11-12T18:27:23+00:00\",\"breadcrumb\":{\"@id\":\"https:\\\/\\\/digitalsantotome.com.ar\\\/?p=13050#breadcrumb\"},\"inLanguage\":\"es\",\"potentialAction\":[{\"@type\":\"ReadAction\",\"target\":[\"https:\\\/\\\/digitalsantotome.com.ar\\\/?p=13050\"]}]},{\"@type\":\"ImageObject\",\"inLanguage\":\"es\",\"@id\":\"https:\\\/\\\/digitalsantotome.com.ar\\\/?p=13050#primaryimage\",\"url\":\"https:\\\/\\\/digitalsantotome.com.ar\\\/wp-content\\\/uploads\\\/2025\\\/11\\\/581766257_122153009012860770_6126476009758440798_n.jpg\",\"contentUrl\":\"https:\\\/\\\/digitalsantotome.com.ar\\\/wp-content\\\/uploads\\\/2025\\\/11\\\/581766257_122153009012860770_6126476009758440798_n.jpg\",\"width\":440,\"height\":411},{\"@type\":\"BreadcrumbList\",\"@id\":\"https:\\\/\\\/digitalsantotome.com.ar\\\/?p=13050#breadcrumb\",\"itemListElement\":[{\"@type\":\"ListItem\",\"position\":1,\"name\":\"Portada\",\"item\":\"https:\\\/\\\/digitalsantotome.com.ar\\\/\"},{\"@type\":\"ListItem\",\"position\":2,\"name\":\"La Corte Suprema de Justicia confirm\u00f3 la condena contra ex Fiscal Anah\u00ed Tabachi\"}]},{\"@type\":\"WebSite\",\"@id\":\"https:\\\/\\\/digitalsantotome.com.ar\\\/#website\",\"url\":\"https:\\\/\\\/digitalsantotome.com.ar\\\/\",\"name\":\"Digital Santo Tom\u00e9\",\"description\":\"Noticias desde Santo Tom\u00e9 al Mundo \u2013 La informacion que decide\",\"publisher\":{\"@id\":\"https:\\\/\\\/digitalsantotome.com.ar\\\/#organization\"},\"potentialAction\":[{\"@type\":\"SearchAction\",\"target\":{\"@type\":\"EntryPoint\",\"urlTemplate\":\"https:\\\/\\\/digitalsantotome.com.ar\\\/?s={search_term_string}\"},\"query-input\":{\"@type\":\"PropertyValueSpecification\",\"valueRequired\":true,\"valueName\":\"search_term_string\"}}],\"inLanguage\":\"es\"},{\"@type\":\"Organization\",\"@id\":\"https:\\\/\\\/digitalsantotome.com.ar\\\/#organization\",\"name\":\"Digital Santo Tom\u00e9\",\"url\":\"https:\\\/\\\/digitalsantotome.com.ar\\\/\",\"logo\":{\"@type\":\"ImageObject\",\"inLanguage\":\"es\",\"@id\":\"https:\\\/\\\/digitalsantotome.com.ar\\\/#\\\/schema\\\/logo\\\/image\\\/\",\"url\":\"https:\\\/\\\/digitalsantotome.com.ar\\\/wp-content\\\/uploads\\\/2023\\\/01\\\/facebook.jpg\",\"contentUrl\":\"https:\\\/\\\/digitalsantotome.com.ar\\\/wp-content\\\/uploads\\\/2023\\\/01\\\/facebook.jpg\",\"width\":512,\"height\":376,\"caption\":\"Digital Santo Tom\u00e9\"},\"image\":{\"@id\":\"https:\\\/\\\/digitalsantotome.com.ar\\\/#\\\/schema\\\/logo\\\/image\\\/\"}},{\"@type\":\"Person\",\"@id\":\"https:\\\/\\\/digitalsantotome.com.ar\\\/#\\\/schema\\\/person\\\/8991d8822886fedd92ce7f03817e1bdf\",\"name\":\"Jose Carlos Machado\",\"url\":\"https:\\\/\\\/digitalsantotome.com.ar\\\/?author=2\"}]}<\/script>\n<!-- \/ Yoast SEO plugin. -->","yoast_head_json":{"title":"La Corte Suprema de Justicia confirm\u00f3 la condena contra ex Fiscal Anah\u00ed Tabachi - Digital Santo Tom\u00e9","robots":{"index":"index","follow":"follow","max-snippet":"max-snippet:-1","max-image-preview":"max-image-preview:large","max-video-preview":"max-video-preview:-1"},"canonical":"https:\/\/digitalsantotome.com.ar\/?p=13050","og_locale":"es_ES","og_type":"article","og_title":"La Corte Suprema de Justicia confirm\u00f3 la condena contra ex Fiscal Anah\u00ed Tabachi - Digital Santo Tom\u00e9","og_description":"CAPITAL FEDERAL. Se trata de la ex Fiscal de TOP \u2013 UFRAC de Santo Tom\u00e9 Olga Anah\u00ed Tabacchi que fue destituida por el Jurado de Enjuiciamiento de Corrientes por unanimidad en el 2023. El 10 de noviembre de ese a\u00f1o fue encontrada culpable de los delitos de abuso de autoridad y violaci\u00f3n de los deberes...","og_url":"https:\/\/digitalsantotome.com.ar\/?p=13050","og_site_name":"Digital Santo Tom\u00e9","article_published_time":"2025-11-12T18:26:57+00:00","article_modified_time":"2025-11-12T18:27:23+00:00","og_image":[{"width":440,"height":411,"url":"https:\/\/digitalsantotome.com.ar\/wp-content\/uploads\/2025\/11\/581766257_122153009012860770_6126476009758440798_n.jpg","type":"image\/jpeg"}],"author":"Jose Carlos Machado","twitter_card":"summary_large_image","twitter_misc":{"Escrito por":"Jose Carlos Machado","Tiempo de lectura":"3 minutos"},"schema":{"@context":"https:\/\/schema.org","@graph":[{"@type":"Article","@id":"https:\/\/digitalsantotome.com.ar\/?p=13050#article","isPartOf":{"@id":"https:\/\/digitalsantotome.com.ar\/?p=13050"},"author":{"name":"Jose Carlos Machado","@id":"https:\/\/digitalsantotome.com.ar\/#\/schema\/person\/8991d8822886fedd92ce7f03817e1bdf"},"headline":"La Corte Suprema de Justicia confirm\u00f3 la condena contra ex Fiscal Anah\u00ed Tabachi","datePublished":"2025-11-12T18:26:57+00:00","dateModified":"2025-11-12T18:27:23+00:00","mainEntityOfPage":{"@id":"https:\/\/digitalsantotome.com.ar\/?p=13050"},"wordCount":489,"publisher":{"@id":"https:\/\/digitalsantotome.com.ar\/#organization"},"image":{"@id":"https:\/\/digitalsantotome.com.ar\/?p=13050#primaryimage"},"thumbnailUrl":"https:\/\/digitalsantotome.com.ar\/wp-content\/uploads\/2025\/11\/581766257_122153009012860770_6126476009758440798_n.jpg","articleSection":["Provinciales"],"inLanguage":"es"},{"@type":"WebPage","@id":"https:\/\/digitalsantotome.com.ar\/?p=13050","url":"https:\/\/digitalsantotome.com.ar\/?p=13050","name":"La Corte Suprema de Justicia confirm\u00f3 la condena contra ex Fiscal Anah\u00ed Tabachi - Digital Santo Tom\u00e9","isPartOf":{"@id":"https:\/\/digitalsantotome.com.ar\/#website"},"primaryImageOfPage":{"@id":"https:\/\/digitalsantotome.com.ar\/?p=13050#primaryimage"},"image":{"@id":"https:\/\/digitalsantotome.com.ar\/?p=13050#primaryimage"},"thumbnailUrl":"https:\/\/digitalsantotome.com.ar\/wp-content\/uploads\/2025\/11\/581766257_122153009012860770_6126476009758440798_n.jpg","datePublished":"2025-11-12T18:26:57+00:00","dateModified":"2025-11-12T18:27:23+00:00","breadcrumb":{"@id":"https:\/\/digitalsantotome.com.ar\/?p=13050#breadcrumb"},"inLanguage":"es","potentialAction":[{"@type":"ReadAction","target":["https:\/\/digitalsantotome.com.ar\/?p=13050"]}]},{"@type":"ImageObject","inLanguage":"es","@id":"https:\/\/digitalsantotome.com.ar\/?p=13050#primaryimage","url":"https:\/\/digitalsantotome.com.ar\/wp-content\/uploads\/2025\/11\/581766257_122153009012860770_6126476009758440798_n.jpg","contentUrl":"https:\/\/digitalsantotome.com.ar\/wp-content\/uploads\/2025\/11\/581766257_122153009012860770_6126476009758440798_n.jpg","width":440,"height":411},{"@type":"BreadcrumbList","@id":"https:\/\/digitalsantotome.com.ar\/?p=13050#breadcrumb","itemListElement":[{"@type":"ListItem","position":1,"name":"Portada","item":"https:\/\/digitalsantotome.com.ar\/"},{"@type":"ListItem","position":2,"name":"La Corte Suprema de Justicia confirm\u00f3 la condena contra ex Fiscal Anah\u00ed Tabachi"}]},{"@type":"WebSite","@id":"https:\/\/digitalsantotome.com.ar\/#website","url":"https:\/\/digitalsantotome.com.ar\/","name":"Digital Santo Tom\u00e9","description":"Noticias desde Santo Tom\u00e9 al Mundo \u2013 La informacion que decide","publisher":{"@id":"https:\/\/digitalsantotome.com.ar\/#organization"},"potentialAction":[{"@type":"SearchAction","target":{"@type":"EntryPoint","urlTemplate":"https:\/\/digitalsantotome.com.ar\/?s={search_term_string}"},"query-input":{"@type":"PropertyValueSpecification","valueRequired":true,"valueName":"search_term_string"}}],"inLanguage":"es"},{"@type":"Organization","@id":"https:\/\/digitalsantotome.com.ar\/#organization","name":"Digital Santo Tom\u00e9","url":"https:\/\/digitalsantotome.com.ar\/","logo":{"@type":"ImageObject","inLanguage":"es","@id":"https:\/\/digitalsantotome.com.ar\/#\/schema\/logo\/image\/","url":"https:\/\/digitalsantotome.com.ar\/wp-content\/uploads\/2023\/01\/facebook.jpg","contentUrl":"https:\/\/digitalsantotome.com.ar\/wp-content\/uploads\/2023\/01\/facebook.jpg","width":512,"height":376,"caption":"Digital Santo Tom\u00e9"},"image":{"@id":"https:\/\/digitalsantotome.com.ar\/#\/schema\/logo\/image\/"}},{"@type":"Person","@id":"https:\/\/digitalsantotome.com.ar\/#\/schema\/person\/8991d8822886fedd92ce7f03817e1bdf","name":"Jose Carlos Machado","url":"https:\/\/digitalsantotome.com.ar\/?author=2"}]}},"_links":{"self":[{"href":"https:\/\/digitalsantotome.com.ar\/index.php?rest_route=\/wp\/v2\/posts\/13050","targetHints":{"allow":["GET"]}}],"collection":[{"href":"https:\/\/digitalsantotome.com.ar\/index.php?rest_route=\/wp\/v2\/posts"}],"about":[{"href":"https:\/\/digitalsantotome.com.ar\/index.php?rest_route=\/wp\/v2\/types\/post"}],"author":[{"embeddable":true,"href":"https:\/\/digitalsantotome.com.ar\/index.php?rest_route=\/wp\/v2\/users\/2"}],"replies":[{"embeddable":true,"href":"https:\/\/digitalsantotome.com.ar\/index.php?rest_route=%2Fwp%2Fv2%2Fcomments&post=13050"}],"version-history":[{"count":2,"href":"https:\/\/digitalsantotome.com.ar\/index.php?rest_route=\/wp\/v2\/posts\/13050\/revisions"}],"predecessor-version":[{"id":13053,"href":"https:\/\/digitalsantotome.com.ar\/index.php?rest_route=\/wp\/v2\/posts\/13050\/revisions\/13053"}],"wp:featuredmedia":[{"embeddable":true,"href":"https:\/\/digitalsantotome.com.ar\/index.php?rest_route=\/wp\/v2\/media\/13051"}],"wp:attachment":[{"href":"https:\/\/digitalsantotome.com.ar\/index.php?rest_route=%2Fwp%2Fv2%2Fmedia&parent=13050"}],"wp:term":[{"taxonomy":"category","embeddable":true,"href":"https:\/\/digitalsantotome.com.ar\/index.php?rest_route=%2Fwp%2Fv2%2Fcategories&post=13050"},{"taxonomy":"post_tag","embeddable":true,"href":"https:\/\/digitalsantotome.com.ar\/index.php?rest_route=%2Fwp%2Fv2%2Ftags&post=13050"}],"curies":[{"name":"wp","href":"https:\/\/api.w.org\/{rel}","templated":true}]}}