{"id":13054,"date":"2025-11-12T15:32:33","date_gmt":"2025-11-12T18:32:33","guid":{"rendered":"https:\/\/digitalsantotome.com.ar\/?p=13054"},"modified":"2025-11-12T15:32:38","modified_gmt":"2025-11-12T18:32:38","slug":"cardozo-acompanara-a-valdes-en-la-mision-oficial-a-la-india-en-busca-de-proveedores-para-corrientes","status":"publish","type":"post","link":"https:\/\/digitalsantotome.com.ar\/?p=13054","title":{"rendered":"Cardozo acompa\u00f1ar\u00e1 a Vald\u00e9s en la misi\u00f3n oficial a la India en busca de proveedores para Corrientes"},"content":{"rendered":"<div class=\"row\">\n<div id=\"conte\" class=\"span6 base\">\n<p>CORRIENTES. El ministro de Salud P\u00fablica, Ricardo Cardozo, confirm\u00f3 que formar\u00e1 parte de la comitiva oficial que acompa\u00f1ar\u00e1 al gobernador Gustavo Vald\u00e9s en su viaje a la India, en el marco de una misi\u00f3n institucional con agenda econ\u00f3mica y sanitaria.<\/p>\n<p>\u201cTerminamos este evento y yo estoy partiendo a sumarme a la comitiva oficial\u201d, expres\u00f3 el funcionario en declaraciones radiales tras confirmar su participaci\u00f3n en la delegaci\u00f3n. Consultado sobre la posibilidad de que el viaje incluya gestiones vinculadas con la salud p\u00fablica, el ministro se\u00f1al\u00f3 que existen proyecciones concretas en torno a la importaci\u00f3n de medicamentos, particularmente aquellos de fabricaci\u00f3n gen\u00e9rica, que podr\u00edan beneficiar al sistema sanitario provincial.<\/p>\n<p>Cardozo destac\u00f3 el papel central que ocupa la India en el mercado global farmac\u00e9utico, subrayando su capacidad de producci\u00f3n y exportaci\u00f3n a bajo costo. \u201cLa India es un pa\u00eds que tiene una previsi\u00f3n de hace bastantes a\u00f1os de producir medicamentos, sobre todo los gen\u00e9ricos, a un costo muy bajo, y es la que provee a muchos lugares del mundo como Europa, por ejemplo, de estos medicamentos\u201d, afirm\u00f3.<\/p>\n<p>El ministro agreg\u00f3 que el inter\u00e9s correntino se enmarca en una estrategia de diversificaci\u00f3n de proveedores, con el objetivo de fortalecer la autonom\u00eda sanitaria provincial.<\/p>\n<p>Si bien a\u00fan no se confirm\u00f3 oficialmente la inclusi\u00f3n de la tem\u00e1tica sanitaria en la agenda del viaje, Cardozo reconoci\u00f3 que existen posibilidades concretas de incorporar este eje a las conversaciones bilaterales. \u201cHay alg\u00fan tipo de agenda que pudiera incluir\u201d la cuesti\u00f3n de los medicamentos, se\u00f1al\u00f3, en referencia a las gestiones que el gobierno provincial podr\u00eda impulsar durante la misi\u00f3n.<\/p>\n<p><strong>VINCULACI\u00d3N REGIONAL Y ESTRATEGIA SANITARIA<\/strong><\/p>\n<p>El titular de la cartera sanitaria indic\u00f3 que otras provincias argentinas ya iniciaron procesos similares de articulaci\u00f3n con la India. \u201cYo estoy unido con el ministro de Mendoza, tambi\u00e9n con el de San Juan, que estaban en la misma tratativa, y s\u00ed, as\u00ed es como decimos\u201d, afirm\u00f3.<\/p>\n<p>Esta coordinaci\u00f3n interprovincial busca potenciar el volumen de las negociaciones y generar condiciones m\u00e1s favorables para la adquisici\u00f3n de insumos y f\u00e1rmacos, aprovechando la experiencia de jurisdicciones que han avanzado en convenios de cooperaci\u00f3n internacional. La referencia a Mendoza y San Juan muestra la existencia de un inter\u00e9s federal por ampliar las fuentes de aprovisionamiento en un contexto econ\u00f3mico desafiante.<\/p>\n<p>La posibilidad de que Corrientes se incorpore a esta l\u00ednea de cooperaci\u00f3n representa una oportunidad estrat\u00e9gica para fortalecer su sistema de salud y garantizar el acceso a medicamentos esenciales a precios m\u00e1s competitivos, remarc\u00f3 el ministro.<\/p>\n<\/div>\n<div><\/div>\n<\/div>\n<div>Momarandu.com<\/div>\n<p>&nbsp;<\/p>\n","protected":false},"excerpt":{"rendered":"<p>CORRIENTES. El ministro de Salud P\u00fablica, Ricardo Cardozo, confirm\u00f3 que formar\u00e1 parte de la comitiva oficial que acompa\u00f1ar\u00e1 al gobernador Gustavo Vald\u00e9s en su viaje a la India, en el marco de una misi\u00f3n institucional con agenda econ\u00f3mica y sanitaria. \u201cTerminamos este evento y yo estoy partiendo a sumarme a la comitiva oficial\u201d, expres\u00f3 el&#8230;<\/p>\n","protected":false},"author":2,"featured_media":13055,"comment_status":"closed","ping_status":"closed","sticky":false,"template":"","format":"standard","meta":{"_kad_post_transparent":"default","_kad_post_title":"default","_kad_post_layout":"default","_kad_post_sidebar_id":"","_kad_post_content_style":"default","_kad_post_vertical_padding":"default","_kad_post_feature":"","_kad_post_feature_position":"","_kad_post_header":false,"_kad_post_footer":false,"_kad_post_classname":"","footnotes":""},"categories":[2],"tags":[],"class_list":["post-13054","post","type-post","status-publish","format-standard","has-post-thumbnail","hentry","category-provinciales"],"a3_pvc":{"activated":false,"total_views":0,"today_views":0},"yoast_head":"<!-- This site is optimized with the Yoast SEO plugin v27.5 - https:\/\/yoast.com\/product\/yoast-seo-wordpress\/ -->\n<title>Cardozo acompa\u00f1ar\u00e1 a Vald\u00e9s en la misi\u00f3n oficial a la India en busca de proveedores para Corrientes - Digital Santo Tom\u00e9<\/title>\n<meta name=\"robots\" content=\"index, follow, max-snippet:-1, max-image-preview:large, max-video-preview:-1\" \/>\n<link rel=\"canonical\" href=\"https:\/\/digitalsantotome.com.ar\/?p=13054\" \/>\n<meta property=\"og:locale\" content=\"es_ES\" \/>\n<meta property=\"og:type\" content=\"article\" \/>\n<meta property=\"og:title\" content=\"Cardozo acompa\u00f1ar\u00e1 a Vald\u00e9s en la misi\u00f3n oficial a la India en busca de proveedores para Corrientes - Digital Santo Tom\u00e9\" \/>\n<meta property=\"og:description\" content=\"CORRIENTES. El ministro de Salud P\u00fablica, Ricardo Cardozo, confirm\u00f3 que formar\u00e1 parte de la comitiva oficial que acompa\u00f1ar\u00e1 al gobernador Gustavo Vald\u00e9s en su viaje a la India, en el marco de una misi\u00f3n institucional con agenda econ\u00f3mica y sanitaria. \u201cTerminamos este evento y yo estoy partiendo a sumarme a la comitiva oficial\u201d, expres\u00f3 el...\" \/>\n<meta property=\"og:url\" content=\"https:\/\/digitalsantotome.com.ar\/?p=13054\" \/>\n<meta property=\"og:site_name\" content=\"Digital Santo Tom\u00e9\" \/>\n<meta property=\"article:published_time\" content=\"2025-11-12T18:32:33+00:00\" \/>\n<meta property=\"article:modified_time\" content=\"2025-11-12T18:32:38+00:00\" \/>\n<meta property=\"og:image\" content=\"https:\/\/digitalsantotome.com.ar\/wp-content\/uploads\/2025\/11\/cardozo.jpg\" \/>\n\t<meta property=\"og:image:width\" content=\"1194\" \/>\n\t<meta property=\"og:image:height\" content=\"816\" \/>\n\t<meta property=\"og:image:type\" content=\"image\/jpeg\" \/>\n<meta name=\"author\" content=\"Jose Carlos Machado\" \/>\n<meta name=\"twitter:card\" content=\"summary_large_image\" \/>\n<meta name=\"twitter:label1\" content=\"Escrito por\" \/>\n\t<meta name=\"twitter:data1\" content=\"Jose Carlos Machado\" \/>\n\t<meta name=\"twitter:label2\" content=\"Tiempo de lectura\" \/>\n\t<meta name=\"twitter:data2\" content=\"3 minutos\" \/>\n<script type=\"application\/ld+json\" class=\"yoast-schema-graph\">{\"@context\":\"https:\\\/\\\/schema.org\",\"@graph\":[{\"@type\":\"Article\",\"@id\":\"https:\\\/\\\/digitalsantotome.com.ar\\\/?p=13054#article\",\"isPartOf\":{\"@id\":\"https:\\\/\\\/digitalsantotome.com.ar\\\/?p=13054\"},\"author\":{\"name\":\"Jose Carlos Machado\",\"@id\":\"https:\\\/\\\/digitalsantotome.com.ar\\\/#\\\/schema\\\/person\\\/8991d8822886fedd92ce7f03817e1bdf\"},\"headline\":\"Cardozo acompa\u00f1ar\u00e1 a Vald\u00e9s en la misi\u00f3n oficial a la India en busca de proveedores para Corrientes\",\"datePublished\":\"2025-11-12T18:32:33+00:00\",\"dateModified\":\"2025-11-12T18:32:38+00:00\",\"mainEntityOfPage\":{\"@id\":\"https:\\\/\\\/digitalsantotome.com.ar\\\/?p=13054\"},\"wordCount\":475,\"publisher\":{\"@id\":\"https:\\\/\\\/digitalsantotome.com.ar\\\/#organization\"},\"image\":{\"@id\":\"https:\\\/\\\/digitalsantotome.com.ar\\\/?p=13054#primaryimage\"},\"thumbnailUrl\":\"https:\\\/\\\/digitalsantotome.com.ar\\\/wp-content\\\/uploads\\\/2025\\\/11\\\/cardozo.jpg\",\"articleSection\":[\"Provinciales\"],\"inLanguage\":\"es\"},{\"@type\":\"WebPage\",\"@id\":\"https:\\\/\\\/digitalsantotome.com.ar\\\/?p=13054\",\"url\":\"https:\\\/\\\/digitalsantotome.com.ar\\\/?p=13054\",\"name\":\"Cardozo acompa\u00f1ar\u00e1 a Vald\u00e9s en la misi\u00f3n oficial a la India en busca de proveedores para Corrientes - Digital Santo Tom\u00e9\",\"isPartOf\":{\"@id\":\"https:\\\/\\\/digitalsantotome.com.ar\\\/#website\"},\"primaryImageOfPage\":{\"@id\":\"https:\\\/\\\/digitalsantotome.com.ar\\\/?p=13054#primaryimage\"},\"image\":{\"@id\":\"https:\\\/\\\/digitalsantotome.com.ar\\\/?p=13054#primaryimage\"},\"thumbnailUrl\":\"https:\\\/\\\/digitalsantotome.com.ar\\\/wp-content\\\/uploads\\\/2025\\\/11\\\/cardozo.jpg\",\"datePublished\":\"2025-11-12T18:32:33+00:00\",\"dateModified\":\"2025-11-12T18:32:38+00:00\",\"breadcrumb\":{\"@id\":\"https:\\\/\\\/digitalsantotome.com.ar\\\/?p=13054#breadcrumb\"},\"inLanguage\":\"es\",\"potentialAction\":[{\"@type\":\"ReadAction\",\"target\":[\"https:\\\/\\\/digitalsantotome.com.ar\\\/?p=13054\"]}]},{\"@type\":\"ImageObject\",\"inLanguage\":\"es\",\"@id\":\"https:\\\/\\\/digitalsantotome.com.ar\\\/?p=13054#primaryimage\",\"url\":\"https:\\\/\\\/digitalsantotome.com.ar\\\/wp-content\\\/uploads\\\/2025\\\/11\\\/cardozo.jpg\",\"contentUrl\":\"https:\\\/\\\/digitalsantotome.com.ar\\\/wp-content\\\/uploads\\\/2025\\\/11\\\/cardozo.jpg\",\"width\":1194,\"height\":816},{\"@type\":\"BreadcrumbList\",\"@id\":\"https:\\\/\\\/digitalsantotome.com.ar\\\/?p=13054#breadcrumb\",\"itemListElement\":[{\"@type\":\"ListItem\",\"position\":1,\"name\":\"Portada\",\"item\":\"https:\\\/\\\/digitalsantotome.com.ar\\\/\"},{\"@type\":\"ListItem\",\"position\":2,\"name\":\"Cardozo acompa\u00f1ar\u00e1 a Vald\u00e9s en la misi\u00f3n oficial a la India en busca de proveedores para Corrientes\"}]},{\"@type\":\"WebSite\",\"@id\":\"https:\\\/\\\/digitalsantotome.com.ar\\\/#website\",\"url\":\"https:\\\/\\\/digitalsantotome.com.ar\\\/\",\"name\":\"Digital Santo Tom\u00e9\",\"description\":\"Noticias desde Santo Tom\u00e9 al Mundo \u2013 La informacion que decide\",\"publisher\":{\"@id\":\"https:\\\/\\\/digitalsantotome.com.ar\\\/#organization\"},\"potentialAction\":[{\"@type\":\"SearchAction\",\"target\":{\"@type\":\"EntryPoint\",\"urlTemplate\":\"https:\\\/\\\/digitalsantotome.com.ar\\\/?s={search_term_string}\"},\"query-input\":{\"@type\":\"PropertyValueSpecification\",\"valueRequired\":true,\"valueName\":\"search_term_string\"}}],\"inLanguage\":\"es\"},{\"@type\":\"Organization\",\"@id\":\"https:\\\/\\\/digitalsantotome.com.ar\\\/#organization\",\"name\":\"Digital Santo Tom\u00e9\",\"url\":\"https:\\\/\\\/digitalsantotome.com.ar\\\/\",\"logo\":{\"@type\":\"ImageObject\",\"inLanguage\":\"es\",\"@id\":\"https:\\\/\\\/digitalsantotome.com.ar\\\/#\\\/schema\\\/logo\\\/image\\\/\",\"url\":\"https:\\\/\\\/digitalsantotome.com.ar\\\/wp-content\\\/uploads\\\/2023\\\/01\\\/facebook.jpg\",\"contentUrl\":\"https:\\\/\\\/digitalsantotome.com.ar\\\/wp-content\\\/uploads\\\/2023\\\/01\\\/facebook.jpg\",\"width\":512,\"height\":376,\"caption\":\"Digital Santo Tom\u00e9\"},\"image\":{\"@id\":\"https:\\\/\\\/digitalsantotome.com.ar\\\/#\\\/schema\\\/logo\\\/image\\\/\"}},{\"@type\":\"Person\",\"@id\":\"https:\\\/\\\/digitalsantotome.com.ar\\\/#\\\/schema\\\/person\\\/8991d8822886fedd92ce7f03817e1bdf\",\"name\":\"Jose Carlos Machado\",\"url\":\"https:\\\/\\\/digitalsantotome.com.ar\\\/?author=2\"}]}<\/script>\n<!-- \/ Yoast SEO plugin. -->","yoast_head_json":{"title":"Cardozo acompa\u00f1ar\u00e1 a Vald\u00e9s en la misi\u00f3n oficial a la India en busca de proveedores para Corrientes - Digital Santo Tom\u00e9","robots":{"index":"index","follow":"follow","max-snippet":"max-snippet:-1","max-image-preview":"max-image-preview:large","max-video-preview":"max-video-preview:-1"},"canonical":"https:\/\/digitalsantotome.com.ar\/?p=13054","og_locale":"es_ES","og_type":"article","og_title":"Cardozo acompa\u00f1ar\u00e1 a Vald\u00e9s en la misi\u00f3n oficial a la India en busca de proveedores para Corrientes - Digital Santo Tom\u00e9","og_description":"CORRIENTES. El ministro de Salud P\u00fablica, Ricardo Cardozo, confirm\u00f3 que formar\u00e1 parte de la comitiva oficial que acompa\u00f1ar\u00e1 al gobernador Gustavo Vald\u00e9s en su viaje a la India, en el marco de una misi\u00f3n institucional con agenda econ\u00f3mica y sanitaria. \u201cTerminamos este evento y yo estoy partiendo a sumarme a la comitiva oficial\u201d, expres\u00f3 el...","og_url":"https:\/\/digitalsantotome.com.ar\/?p=13054","og_site_name":"Digital Santo Tom\u00e9","article_published_time":"2025-11-12T18:32:33+00:00","article_modified_time":"2025-11-12T18:32:38+00:00","og_image":[{"width":1194,"height":816,"url":"https:\/\/digitalsantotome.com.ar\/wp-content\/uploads\/2025\/11\/cardozo.jpg","type":"image\/jpeg"}],"author":"Jose Carlos Machado","twitter_card":"summary_large_image","twitter_misc":{"Escrito por":"Jose Carlos Machado","Tiempo de lectura":"3 minutos"},"schema":{"@context":"https:\/\/schema.org","@graph":[{"@type":"Article","@id":"https:\/\/digitalsantotome.com.ar\/?p=13054#article","isPartOf":{"@id":"https:\/\/digitalsantotome.com.ar\/?p=13054"},"author":{"name":"Jose Carlos Machado","@id":"https:\/\/digitalsantotome.com.ar\/#\/schema\/person\/8991d8822886fedd92ce7f03817e1bdf"},"headline":"Cardozo acompa\u00f1ar\u00e1 a Vald\u00e9s en la misi\u00f3n oficial a la India en busca de proveedores para Corrientes","datePublished":"2025-11-12T18:32:33+00:00","dateModified":"2025-11-12T18:32:38+00:00","mainEntityOfPage":{"@id":"https:\/\/digitalsantotome.com.ar\/?p=13054"},"wordCount":475,"publisher":{"@id":"https:\/\/digitalsantotome.com.ar\/#organization"},"image":{"@id":"https:\/\/digitalsantotome.com.ar\/?p=13054#primaryimage"},"thumbnailUrl":"https:\/\/digitalsantotome.com.ar\/wp-content\/uploads\/2025\/11\/cardozo.jpg","articleSection":["Provinciales"],"inLanguage":"es"},{"@type":"WebPage","@id":"https:\/\/digitalsantotome.com.ar\/?p=13054","url":"https:\/\/digitalsantotome.com.ar\/?p=13054","name":"Cardozo acompa\u00f1ar\u00e1 a Vald\u00e9s en la misi\u00f3n oficial a la India en busca de proveedores para Corrientes - Digital Santo Tom\u00e9","isPartOf":{"@id":"https:\/\/digitalsantotome.com.ar\/#website"},"primaryImageOfPage":{"@id":"https:\/\/digitalsantotome.com.ar\/?p=13054#primaryimage"},"image":{"@id":"https:\/\/digitalsantotome.com.ar\/?p=13054#primaryimage"},"thumbnailUrl":"https:\/\/digitalsantotome.com.ar\/wp-content\/uploads\/2025\/11\/cardozo.jpg","datePublished":"2025-11-12T18:32:33+00:00","dateModified":"2025-11-12T18:32:38+00:00","breadcrumb":{"@id":"https:\/\/digitalsantotome.com.ar\/?p=13054#breadcrumb"},"inLanguage":"es","potentialAction":[{"@type":"ReadAction","target":["https:\/\/digitalsantotome.com.ar\/?p=13054"]}]},{"@type":"ImageObject","inLanguage":"es","@id":"https:\/\/digitalsantotome.com.ar\/?p=13054#primaryimage","url":"https:\/\/digitalsantotome.com.ar\/wp-content\/uploads\/2025\/11\/cardozo.jpg","contentUrl":"https:\/\/digitalsantotome.com.ar\/wp-content\/uploads\/2025\/11\/cardozo.jpg","width":1194,"height":816},{"@type":"BreadcrumbList","@id":"https:\/\/digitalsantotome.com.ar\/?p=13054#breadcrumb","itemListElement":[{"@type":"ListItem","position":1,"name":"Portada","item":"https:\/\/digitalsantotome.com.ar\/"},{"@type":"ListItem","position":2,"name":"Cardozo acompa\u00f1ar\u00e1 a Vald\u00e9s en la misi\u00f3n oficial a la India en busca de proveedores para Corrientes"}]},{"@type":"WebSite","@id":"https:\/\/digitalsantotome.com.ar\/#website","url":"https:\/\/digitalsantotome.com.ar\/","name":"Digital Santo Tom\u00e9","description":"Noticias desde Santo Tom\u00e9 al Mundo \u2013 La informacion que decide","publisher":{"@id":"https:\/\/digitalsantotome.com.ar\/#organization"},"potentialAction":[{"@type":"SearchAction","target":{"@type":"EntryPoint","urlTemplate":"https:\/\/digitalsantotome.com.ar\/?s={search_term_string}"},"query-input":{"@type":"PropertyValueSpecification","valueRequired":true,"valueName":"search_term_string"}}],"inLanguage":"es"},{"@type":"Organization","@id":"https:\/\/digitalsantotome.com.ar\/#organization","name":"Digital Santo Tom\u00e9","url":"https:\/\/digitalsantotome.com.ar\/","logo":{"@type":"ImageObject","inLanguage":"es","@id":"https:\/\/digitalsantotome.com.ar\/#\/schema\/logo\/image\/","url":"https:\/\/digitalsantotome.com.ar\/wp-content\/uploads\/2023\/01\/facebook.jpg","contentUrl":"https:\/\/digitalsantotome.com.ar\/wp-content\/uploads\/2023\/01\/facebook.jpg","width":512,"height":376,"caption":"Digital Santo Tom\u00e9"},"image":{"@id":"https:\/\/digitalsantotome.com.ar\/#\/schema\/logo\/image\/"}},{"@type":"Person","@id":"https:\/\/digitalsantotome.com.ar\/#\/schema\/person\/8991d8822886fedd92ce7f03817e1bdf","name":"Jose Carlos Machado","url":"https:\/\/digitalsantotome.com.ar\/?author=2"}]}},"_links":{"self":[{"href":"https:\/\/digitalsantotome.com.ar\/index.php?rest_route=\/wp\/v2\/posts\/13054","targetHints":{"allow":["GET"]}}],"collection":[{"href":"https:\/\/digitalsantotome.com.ar\/index.php?rest_route=\/wp\/v2\/posts"}],"about":[{"href":"https:\/\/digitalsantotome.com.ar\/index.php?rest_route=\/wp\/v2\/types\/post"}],"author":[{"embeddable":true,"href":"https:\/\/digitalsantotome.com.ar\/index.php?rest_route=\/wp\/v2\/users\/2"}],"replies":[{"embeddable":true,"href":"https:\/\/digitalsantotome.com.ar\/index.php?rest_route=%2Fwp%2Fv2%2Fcomments&post=13054"}],"version-history":[{"count":2,"href":"https:\/\/digitalsantotome.com.ar\/index.php?rest_route=\/wp\/v2\/posts\/13054\/revisions"}],"predecessor-version":[{"id":13057,"href":"https:\/\/digitalsantotome.com.ar\/index.php?rest_route=\/wp\/v2\/posts\/13054\/revisions\/13057"}],"wp:featuredmedia":[{"embeddable":true,"href":"https:\/\/digitalsantotome.com.ar\/index.php?rest_route=\/wp\/v2\/media\/13055"}],"wp:attachment":[{"href":"https:\/\/digitalsantotome.com.ar\/index.php?rest_route=%2Fwp%2Fv2%2Fmedia&parent=13054"}],"wp:term":[{"taxonomy":"category","embeddable":true,"href":"https:\/\/digitalsantotome.com.ar\/index.php?rest_route=%2Fwp%2Fv2%2Fcategories&post=13054"},{"taxonomy":"post_tag","embeddable":true,"href":"https:\/\/digitalsantotome.com.ar\/index.php?rest_route=%2Fwp%2Fv2%2Ftags&post=13054"}],"curies":[{"name":"wp","href":"https:\/\/api.w.org\/{rel}","templated":true}]}}