{"id":13140,"date":"2025-11-26T07:48:17","date_gmt":"2025-11-26T10:48:17","guid":{"rendered":"https:\/\/digitalsantotome.com.ar\/?p=13140"},"modified":"2025-11-26T07:49:12","modified_gmt":"2025-11-26T10:49:12","slug":"crisis-de-la-madera-en-corrientes-se-profundizan-los-cierres-de-aserraderos-y-la-suspension-de-personal-en-santa-rosa","status":"publish","type":"post","link":"https:\/\/digitalsantotome.com.ar\/?p=13140","title":{"rendered":"Crisis de la madera en Corrientes: se profundizan los cierres de aserraderos y la suspensi\u00f3n de personal en Santa Rosa"},"content":{"rendered":"<p>CORRIENTES. Altos costos operativos, ca\u00edda del mercado interno y baja rentabilidad exportadora agravan la situaci\u00f3n del sector foresto-industrial de la Mesopotamia argentina, que advierte un final de a\u00f1o cr\u00edtico ante la falta de respuestas del gobierno nacional para implementar medidas que favorezcan el consumo y repunten las ventas.<\/p>\n<p>Las provincias \u00abl\u00edderes\u00bb en foresto-industria, atraviesan uno de los peores momentos para su actividad en el segmento de PyMEs. La combinaci\u00f3n de tarifas en alza, combustible m\u00e1s caro, fuerte ca\u00edda de la demanda interna y m\u00e1rgenes exportadores cada vez m\u00e1s ajustados presiona especialmente a los aserraderos peque\u00f1os y medianos, que este a\u00f1o iniciaron con reducci\u00f3n de turnos, suspensi\u00f3n de personal y, en varios casos, cerraron sus puertas.<\/p>\n<p>La misma tendencia se replica en Santa Rosa, Corrientes, donde dirigentes de las c\u00e1maras sectoriales vienen alertando un deterioro acelerado que \u201cno repunta\u201d.<\/p>\n<p>Ram\u00f3n Sotelo, presidente del Parque Foresto-industrial Santa Rosa y referente de la Asociaci\u00f3n de Madereros y Afines de Santa Rosa y de la APEFIC, es una de las voces que sintetiza el clima de preocupaci\u00f3n.<\/p>\n<p>Propietario de Todo Pallets \u2014con plantas en Saladas y Santa Rosa\u2014, reconoce que 2025 fue un a\u00f1o cuesta arriba desde el primer trimestre.<\/p>\n<p>\u201cArrancamos reduciendo personal de 50 operarios y recortando turnos. La planta del Parque Foresto-industrial se mantuvo activa gracias a la exportaci\u00f3n de pallets, pero con una rentabilidad muy baja. Las otras dos f\u00e1bricas, que dependen del mercado interno, directamente no repuntan. Hay muy pocos pedidos y trabajamos al 60% de la capacidad\u201d, explic\u00f3 en la entrevista.<\/p>\n<h3 class=\"wp-block-heading\"><strong>Costos en alza y presi\u00f3n fiscal: \u201cNo tenemos respuestas del Gobierno Nacional\u201d<\/strong><\/h3>\n<p>Aunque la baja de aranceles en Estados Unidos abri\u00f3 una oportunidad y permiti\u00f3 cerrar algunos contratos, Sotelo sostiene que las PyMEs est\u00e1n asfixiadas.<\/p>\n<p>\u201cLa AFIP sigue inspeccionando y presionando por pagos cuando la actividad est\u00e1 desplomada. No podemos afrontar cr\u00e9ditos, se acerca fin de a\u00f1o con aumentos salariales y aguinaldo, y las ventas no se mueven. Necesitamos medidas urgentes y no recibimos ninguna respuesta del Gobierno nacional. Incluso habl\u00e9 de la necesidad de financiamiento con la directora nacional de Desarrollo Foresto-industrial, Sabina Vetter, pero no tenemos respuestas a\u00fan\u201d, lament\u00f3.<\/p>\n<p>Desde AMAYADAP y APICOFOM en Misiones vienen planteando diagn\u00f3sticos similares: ca\u00edda del consumo interno, deudas crecientes, tarifas impagables y riesgo cierto para la continuidad de muchas empresas y empleos.<\/p>\n<h3 class=\"wp-block-heading\"><strong>Mercado interno paralizado: \u201cNo pudimos trasladar a precios ning\u00fan aumento\u201d<\/strong><\/h3>\n<p>Sotelo trabaja con grandes clientes nacionales, como Loma Negra, vinculados a la construcci\u00f3n. Pero la obra p\u00fablica y privada se encuentran pr\u00e1cticamente paralizadas y las \u00f3rdenes de compra suspendidas.<\/p>\n<p>\u201cEl mercado nacional est\u00e1 totalmente ca\u00eddo. No hay poder de compra. Mantenemos los mismos precios que en 2024 y absorbimos todos los aumentos de log\u00edstica, salarios, servicios e impuestos de 2025. Es imposible sostener as\u00ed a una PyME por mucho m\u00e1s tiempo\u201d, se\u00f1al\u00f3.<\/p>\n<p>La situaci\u00f3n ya dej\u00f3 consecuencias visibles: en la localidad de Santa Rosa, unos 40 aserraderos operan con planteles reducidos y menos horas. \u201cSeis aserraderos del Parque pararon a comienzos de a\u00f1o y nunca lograron volver a arrancar. El resto trabaja al 60%. No vemos se\u00f1ales de que esto cambie en los pr\u00f3ximos meses\u201d, a\u00f1adi\u00f3.<\/p>\n<p>En paralelo, el dirigente expres\u00f3 su preocupaci\u00f3n por la negociaci\u00f3n salarial entre FAIMA y USIMRA en este contexto cr\u00edtico, que tom\u00f3 alta tensi\u00f3n en las \u00faltimas semanas ante el contexto dif\u00edcil para los empleadores de aumentar los salarios, situaci\u00f3n que fue expuesta por AMAYADAP en los medios locales.<\/p>\n<p>\u201cCon precios planchados, sin ventas y sin refinanciamiento, no podemos absorber m\u00e1s aumentos. No sabemos c\u00f3mo vamos a pagar el aguinaldo en diciembre. Los bancos no refinancian y la AFIP tampoco ofrece alternativas. Es una situaci\u00f3n l\u00edmite\u201d, advirti\u00f3.<\/p>\n<p class=\"has-small-font-size\"><em>Con informaci\u00f3n de ArgentinaForestal.com.<\/em><\/p>\n","protected":false},"excerpt":{"rendered":"<p>CORRIENTES. Altos costos operativos, ca\u00edda del mercado interno y baja rentabilidad exportadora agravan la situaci\u00f3n del sector foresto-industrial de la Mesopotamia argentina, que advierte un final de a\u00f1o cr\u00edtico ante la falta de respuestas del gobierno nacional para implementar medidas que favorezcan el consumo y repunten las ventas. Las provincias \u00abl\u00edderes\u00bb en foresto-industria, atraviesan uno&#8230;<\/p>\n","protected":false},"author":2,"featured_media":13141,"comment_status":"closed","ping_status":"closed","sticky":false,"template":"","format":"standard","meta":{"_kad_post_transparent":"default","_kad_post_title":"default","_kad_post_layout":"default","_kad_post_sidebar_id":"","_kad_post_content_style":"default","_kad_post_vertical_padding":"default","_kad_post_feature":"","_kad_post_feature_position":"","_kad_post_header":false,"_kad_post_footer":false,"_kad_post_classname":"","footnotes":""},"categories":[2],"tags":[],"class_list":["post-13140","post","type-post","status-publish","format-standard","has-post-thumbnail","hentry","category-provinciales"],"a3_pvc":{"activated":false,"total_views":0,"today_views":0},"yoast_head":"<!-- This site is optimized with the Yoast SEO plugin v27.5 - https:\/\/yoast.com\/product\/yoast-seo-wordpress\/ -->\n<title>Crisis de la madera en Corrientes: se profundizan los cierres de aserraderos y la suspensi\u00f3n de personal en Santa Rosa - Digital Santo Tom\u00e9<\/title>\n<meta name=\"robots\" content=\"index, follow, max-snippet:-1, max-image-preview:large, max-video-preview:-1\" \/>\n<link rel=\"canonical\" href=\"https:\/\/digitalsantotome.com.ar\/?p=13140\" \/>\n<meta property=\"og:locale\" content=\"es_ES\" \/>\n<meta property=\"og:type\" content=\"article\" \/>\n<meta property=\"og:title\" content=\"Crisis de la madera en Corrientes: se profundizan los cierres de aserraderos y la suspensi\u00f3n de personal en Santa Rosa - Digital Santo Tom\u00e9\" \/>\n<meta property=\"og:description\" content=\"CORRIENTES. Altos costos operativos, ca\u00edda del mercado interno y baja rentabilidad exportadora agravan la situaci\u00f3n del sector foresto-industrial de la Mesopotamia argentina, que advierte un final de a\u00f1o cr\u00edtico ante la falta de respuestas del gobierno nacional para implementar medidas que favorezcan el consumo y repunten las ventas. Las provincias \u00abl\u00edderes\u00bb en foresto-industria, atraviesan uno...\" \/>\n<meta property=\"og:url\" content=\"https:\/\/digitalsantotome.com.ar\/?p=13140\" \/>\n<meta property=\"og:site_name\" content=\"Digital Santo Tom\u00e9\" \/>\n<meta property=\"article:published_time\" content=\"2025-11-26T10:48:17+00:00\" \/>\n<meta property=\"article:modified_time\" content=\"2025-11-26T10:49:12+00:00\" \/>\n<meta property=\"og:image\" content=\"https:\/\/digitalsantotome.com.ar\/wp-content\/uploads\/2025\/11\/1743911908399.webp\" \/>\n\t<meta property=\"og:image:width\" content=\"1089\" \/>\n\t<meta property=\"og:image:height\" content=\"675\" \/>\n\t<meta property=\"og:image:type\" content=\"image\/webp\" \/>\n<meta name=\"author\" content=\"Jose Carlos Machado\" \/>\n<meta name=\"twitter:card\" content=\"summary_large_image\" \/>\n<meta name=\"twitter:label1\" content=\"Escrito por\" \/>\n\t<meta name=\"twitter:data1\" content=\"Jose Carlos Machado\" \/>\n\t<meta name=\"twitter:label2\" content=\"Tiempo de lectura\" \/>\n\t<meta name=\"twitter:data2\" content=\"3 minutos\" \/>\n<script type=\"application\/ld+json\" class=\"yoast-schema-graph\">{\"@context\":\"https:\\\/\\\/schema.org\",\"@graph\":[{\"@type\":\"Article\",\"@id\":\"https:\\\/\\\/digitalsantotome.com.ar\\\/?p=13140#article\",\"isPartOf\":{\"@id\":\"https:\\\/\\\/digitalsantotome.com.ar\\\/?p=13140\"},\"author\":{\"name\":\"Jose Carlos Machado\",\"@id\":\"https:\\\/\\\/digitalsantotome.com.ar\\\/#\\\/schema\\\/person\\\/8991d8822886fedd92ce7f03817e1bdf\"},\"headline\":\"Crisis de la madera en Corrientes: se profundizan los cierres de aserraderos y la suspensi\u00f3n de personal en Santa Rosa\",\"datePublished\":\"2025-11-26T10:48:17+00:00\",\"dateModified\":\"2025-11-26T10:49:12+00:00\",\"mainEntityOfPage\":{\"@id\":\"https:\\\/\\\/digitalsantotome.com.ar\\\/?p=13140\"},\"wordCount\":675,\"publisher\":{\"@id\":\"https:\\\/\\\/digitalsantotome.com.ar\\\/#organization\"},\"image\":{\"@id\":\"https:\\\/\\\/digitalsantotome.com.ar\\\/?p=13140#primaryimage\"},\"thumbnailUrl\":\"https:\\\/\\\/digitalsantotome.com.ar\\\/wp-content\\\/uploads\\\/2025\\\/11\\\/1743911908399.webp\",\"articleSection\":[\"Provinciales\"],\"inLanguage\":\"es\"},{\"@type\":\"WebPage\",\"@id\":\"https:\\\/\\\/digitalsantotome.com.ar\\\/?p=13140\",\"url\":\"https:\\\/\\\/digitalsantotome.com.ar\\\/?p=13140\",\"name\":\"Crisis de la madera en Corrientes: se profundizan los cierres de aserraderos y la suspensi\u00f3n de personal en Santa Rosa - Digital Santo Tom\u00e9\",\"isPartOf\":{\"@id\":\"https:\\\/\\\/digitalsantotome.com.ar\\\/#website\"},\"primaryImageOfPage\":{\"@id\":\"https:\\\/\\\/digitalsantotome.com.ar\\\/?p=13140#primaryimage\"},\"image\":{\"@id\":\"https:\\\/\\\/digitalsantotome.com.ar\\\/?p=13140#primaryimage\"},\"thumbnailUrl\":\"https:\\\/\\\/digitalsantotome.com.ar\\\/wp-content\\\/uploads\\\/2025\\\/11\\\/1743911908399.webp\",\"datePublished\":\"2025-11-26T10:48:17+00:00\",\"dateModified\":\"2025-11-26T10:49:12+00:00\",\"breadcrumb\":{\"@id\":\"https:\\\/\\\/digitalsantotome.com.ar\\\/?p=13140#breadcrumb\"},\"inLanguage\":\"es\",\"potentialAction\":[{\"@type\":\"ReadAction\",\"target\":[\"https:\\\/\\\/digitalsantotome.com.ar\\\/?p=13140\"]}]},{\"@type\":\"ImageObject\",\"inLanguage\":\"es\",\"@id\":\"https:\\\/\\\/digitalsantotome.com.ar\\\/?p=13140#primaryimage\",\"url\":\"https:\\\/\\\/digitalsantotome.com.ar\\\/wp-content\\\/uploads\\\/2025\\\/11\\\/1743911908399.webp\",\"contentUrl\":\"https:\\\/\\\/digitalsantotome.com.ar\\\/wp-content\\\/uploads\\\/2025\\\/11\\\/1743911908399.webp\",\"width\":1089,\"height\":675},{\"@type\":\"BreadcrumbList\",\"@id\":\"https:\\\/\\\/digitalsantotome.com.ar\\\/?p=13140#breadcrumb\",\"itemListElement\":[{\"@type\":\"ListItem\",\"position\":1,\"name\":\"Portada\",\"item\":\"https:\\\/\\\/digitalsantotome.com.ar\\\/\"},{\"@type\":\"ListItem\",\"position\":2,\"name\":\"Crisis de la madera en Corrientes: se profundizan los cierres de aserraderos y la suspensi\u00f3n de personal en Santa Rosa\"}]},{\"@type\":\"WebSite\",\"@id\":\"https:\\\/\\\/digitalsantotome.com.ar\\\/#website\",\"url\":\"https:\\\/\\\/digitalsantotome.com.ar\\\/\",\"name\":\"Digital Santo Tom\u00e9\",\"description\":\"Noticias desde Santo Tom\u00e9 al Mundo \u2013 La informacion que decide\",\"publisher\":{\"@id\":\"https:\\\/\\\/digitalsantotome.com.ar\\\/#organization\"},\"potentialAction\":[{\"@type\":\"SearchAction\",\"target\":{\"@type\":\"EntryPoint\",\"urlTemplate\":\"https:\\\/\\\/digitalsantotome.com.ar\\\/?s={search_term_string}\"},\"query-input\":{\"@type\":\"PropertyValueSpecification\",\"valueRequired\":true,\"valueName\":\"search_term_string\"}}],\"inLanguage\":\"es\"},{\"@type\":\"Organization\",\"@id\":\"https:\\\/\\\/digitalsantotome.com.ar\\\/#organization\",\"name\":\"Digital Santo Tom\u00e9\",\"url\":\"https:\\\/\\\/digitalsantotome.com.ar\\\/\",\"logo\":{\"@type\":\"ImageObject\",\"inLanguage\":\"es\",\"@id\":\"https:\\\/\\\/digitalsantotome.com.ar\\\/#\\\/schema\\\/logo\\\/image\\\/\",\"url\":\"https:\\\/\\\/digitalsantotome.com.ar\\\/wp-content\\\/uploads\\\/2023\\\/01\\\/facebook.jpg\",\"contentUrl\":\"https:\\\/\\\/digitalsantotome.com.ar\\\/wp-content\\\/uploads\\\/2023\\\/01\\\/facebook.jpg\",\"width\":512,\"height\":376,\"caption\":\"Digital Santo Tom\u00e9\"},\"image\":{\"@id\":\"https:\\\/\\\/digitalsantotome.com.ar\\\/#\\\/schema\\\/logo\\\/image\\\/\"}},{\"@type\":\"Person\",\"@id\":\"https:\\\/\\\/digitalsantotome.com.ar\\\/#\\\/schema\\\/person\\\/8991d8822886fedd92ce7f03817e1bdf\",\"name\":\"Jose Carlos Machado\",\"url\":\"https:\\\/\\\/digitalsantotome.com.ar\\\/?author=2\"}]}<\/script>\n<!-- \/ Yoast SEO plugin. -->","yoast_head_json":{"title":"Crisis de la madera en Corrientes: se profundizan los cierres de aserraderos y la suspensi\u00f3n de personal en Santa Rosa - Digital Santo Tom\u00e9","robots":{"index":"index","follow":"follow","max-snippet":"max-snippet:-1","max-image-preview":"max-image-preview:large","max-video-preview":"max-video-preview:-1"},"canonical":"https:\/\/digitalsantotome.com.ar\/?p=13140","og_locale":"es_ES","og_type":"article","og_title":"Crisis de la madera en Corrientes: se profundizan los cierres de aserraderos y la suspensi\u00f3n de personal en Santa Rosa - Digital Santo Tom\u00e9","og_description":"CORRIENTES. Altos costos operativos, ca\u00edda del mercado interno y baja rentabilidad exportadora agravan la situaci\u00f3n del sector foresto-industrial de la Mesopotamia argentina, que advierte un final de a\u00f1o cr\u00edtico ante la falta de respuestas del gobierno nacional para implementar medidas que favorezcan el consumo y repunten las ventas. Las provincias \u00abl\u00edderes\u00bb en foresto-industria, atraviesan uno...","og_url":"https:\/\/digitalsantotome.com.ar\/?p=13140","og_site_name":"Digital Santo Tom\u00e9","article_published_time":"2025-11-26T10:48:17+00:00","article_modified_time":"2025-11-26T10:49:12+00:00","og_image":[{"width":1089,"height":675,"url":"https:\/\/digitalsantotome.com.ar\/wp-content\/uploads\/2025\/11\/1743911908399.webp","type":"image\/webp"}],"author":"Jose Carlos Machado","twitter_card":"summary_large_image","twitter_misc":{"Escrito por":"Jose Carlos Machado","Tiempo de lectura":"3 minutos"},"schema":{"@context":"https:\/\/schema.org","@graph":[{"@type":"Article","@id":"https:\/\/digitalsantotome.com.ar\/?p=13140#article","isPartOf":{"@id":"https:\/\/digitalsantotome.com.ar\/?p=13140"},"author":{"name":"Jose Carlos Machado","@id":"https:\/\/digitalsantotome.com.ar\/#\/schema\/person\/8991d8822886fedd92ce7f03817e1bdf"},"headline":"Crisis de la madera en Corrientes: se profundizan los cierres de aserraderos y la suspensi\u00f3n de personal en Santa Rosa","datePublished":"2025-11-26T10:48:17+00:00","dateModified":"2025-11-26T10:49:12+00:00","mainEntityOfPage":{"@id":"https:\/\/digitalsantotome.com.ar\/?p=13140"},"wordCount":675,"publisher":{"@id":"https:\/\/digitalsantotome.com.ar\/#organization"},"image":{"@id":"https:\/\/digitalsantotome.com.ar\/?p=13140#primaryimage"},"thumbnailUrl":"https:\/\/digitalsantotome.com.ar\/wp-content\/uploads\/2025\/11\/1743911908399.webp","articleSection":["Provinciales"],"inLanguage":"es"},{"@type":"WebPage","@id":"https:\/\/digitalsantotome.com.ar\/?p=13140","url":"https:\/\/digitalsantotome.com.ar\/?p=13140","name":"Crisis de la madera en Corrientes: se profundizan los cierres de aserraderos y la suspensi\u00f3n de personal en Santa Rosa - Digital Santo Tom\u00e9","isPartOf":{"@id":"https:\/\/digitalsantotome.com.ar\/#website"},"primaryImageOfPage":{"@id":"https:\/\/digitalsantotome.com.ar\/?p=13140#primaryimage"},"image":{"@id":"https:\/\/digitalsantotome.com.ar\/?p=13140#primaryimage"},"thumbnailUrl":"https:\/\/digitalsantotome.com.ar\/wp-content\/uploads\/2025\/11\/1743911908399.webp","datePublished":"2025-11-26T10:48:17+00:00","dateModified":"2025-11-26T10:49:12+00:00","breadcrumb":{"@id":"https:\/\/digitalsantotome.com.ar\/?p=13140#breadcrumb"},"inLanguage":"es","potentialAction":[{"@type":"ReadAction","target":["https:\/\/digitalsantotome.com.ar\/?p=13140"]}]},{"@type":"ImageObject","inLanguage":"es","@id":"https:\/\/digitalsantotome.com.ar\/?p=13140#primaryimage","url":"https:\/\/digitalsantotome.com.ar\/wp-content\/uploads\/2025\/11\/1743911908399.webp","contentUrl":"https:\/\/digitalsantotome.com.ar\/wp-content\/uploads\/2025\/11\/1743911908399.webp","width":1089,"height":675},{"@type":"BreadcrumbList","@id":"https:\/\/digitalsantotome.com.ar\/?p=13140#breadcrumb","itemListElement":[{"@type":"ListItem","position":1,"name":"Portada","item":"https:\/\/digitalsantotome.com.ar\/"},{"@type":"ListItem","position":2,"name":"Crisis de la madera en Corrientes: se profundizan los cierres de aserraderos y la suspensi\u00f3n de personal en Santa Rosa"}]},{"@type":"WebSite","@id":"https:\/\/digitalsantotome.com.ar\/#website","url":"https:\/\/digitalsantotome.com.ar\/","name":"Digital Santo Tom\u00e9","description":"Noticias desde Santo Tom\u00e9 al Mundo \u2013 La informacion que decide","publisher":{"@id":"https:\/\/digitalsantotome.com.ar\/#organization"},"potentialAction":[{"@type":"SearchAction","target":{"@type":"EntryPoint","urlTemplate":"https:\/\/digitalsantotome.com.ar\/?s={search_term_string}"},"query-input":{"@type":"PropertyValueSpecification","valueRequired":true,"valueName":"search_term_string"}}],"inLanguage":"es"},{"@type":"Organization","@id":"https:\/\/digitalsantotome.com.ar\/#organization","name":"Digital Santo Tom\u00e9","url":"https:\/\/digitalsantotome.com.ar\/","logo":{"@type":"ImageObject","inLanguage":"es","@id":"https:\/\/digitalsantotome.com.ar\/#\/schema\/logo\/image\/","url":"https:\/\/digitalsantotome.com.ar\/wp-content\/uploads\/2023\/01\/facebook.jpg","contentUrl":"https:\/\/digitalsantotome.com.ar\/wp-content\/uploads\/2023\/01\/facebook.jpg","width":512,"height":376,"caption":"Digital Santo Tom\u00e9"},"image":{"@id":"https:\/\/digitalsantotome.com.ar\/#\/schema\/logo\/image\/"}},{"@type":"Person","@id":"https:\/\/digitalsantotome.com.ar\/#\/schema\/person\/8991d8822886fedd92ce7f03817e1bdf","name":"Jose Carlos Machado","url":"https:\/\/digitalsantotome.com.ar\/?author=2"}]}},"_links":{"self":[{"href":"https:\/\/digitalsantotome.com.ar\/index.php?rest_route=\/wp\/v2\/posts\/13140","targetHints":{"allow":["GET"]}}],"collection":[{"href":"https:\/\/digitalsantotome.com.ar\/index.php?rest_route=\/wp\/v2\/posts"}],"about":[{"href":"https:\/\/digitalsantotome.com.ar\/index.php?rest_route=\/wp\/v2\/types\/post"}],"author":[{"embeddable":true,"href":"https:\/\/digitalsantotome.com.ar\/index.php?rest_route=\/wp\/v2\/users\/2"}],"replies":[{"embeddable":true,"href":"https:\/\/digitalsantotome.com.ar\/index.php?rest_route=%2Fwp%2Fv2%2Fcomments&post=13140"}],"version-history":[{"count":1,"href":"https:\/\/digitalsantotome.com.ar\/index.php?rest_route=\/wp\/v2\/posts\/13140\/revisions"}],"predecessor-version":[{"id":13142,"href":"https:\/\/digitalsantotome.com.ar\/index.php?rest_route=\/wp\/v2\/posts\/13140\/revisions\/13142"}],"wp:featuredmedia":[{"embeddable":true,"href":"https:\/\/digitalsantotome.com.ar\/index.php?rest_route=\/wp\/v2\/media\/13141"}],"wp:attachment":[{"href":"https:\/\/digitalsantotome.com.ar\/index.php?rest_route=%2Fwp%2Fv2%2Fmedia&parent=13140"}],"wp:term":[{"taxonomy":"category","embeddable":true,"href":"https:\/\/digitalsantotome.com.ar\/index.php?rest_route=%2Fwp%2Fv2%2Fcategories&post=13140"},{"taxonomy":"post_tag","embeddable":true,"href":"https:\/\/digitalsantotome.com.ar\/index.php?rest_route=%2Fwp%2Fv2%2Ftags&post=13140"}],"curies":[{"name":"wp","href":"https:\/\/api.w.org\/{rel}","templated":true}]}}