{"id":13146,"date":"2025-11-27T18:23:35","date_gmt":"2025-11-27T21:23:35","guid":{"rendered":"https:\/\/digitalsantotome.com.ar\/?p=13146"},"modified":"2025-11-28T11:12:27","modified_gmt":"2025-11-28T14:12:27","slug":"jeroban-marquez-se-prepara-para-asumir-en-garabi","status":"publish","type":"post","link":"https:\/\/digitalsantotome.com.ar\/?p=13146","title":{"rendered":"Jeroban M\u00e1rquez se prepara para asumir como intendente en Garab\u00ed"},"content":{"rendered":"<p>COLONIA GARABI. A partir del pr\u00f3ximo 10 de diciembre, la localidad de Garab\u00ed tendr\u00e1 nuevas autoridades municipales que fueron electas el pasado 31 de Agosto del presente a\u00f1o. El nuevo jefe comunal electo es Jeroban Marquez de 36 a\u00f1os de edad que gan\u00f3 el municipio representando a una colectora que representaba al gobernador Gustavo Vald\u00e9s.<\/p>\n<p>En contacto con este medio, M\u00e1rquez se explay\u00f3 acerca de las necesidades que tiene Colonia Garab\u00ed y que tiene dos mil habitantes actualmente. Sostuvo que la provisi\u00f3n del agua potable es una de las principales necesidades que tiene la comunidad.<\/p>\n<div class=\"entry-content-asset videofit\"><iframe title=\"Jeroban Marquez, electo intendente de Garabi se prepara para asumir\" width=\"720\" height=\"405\" src=\"https:\/\/www.youtube.com\/embed\/smgHdqTlulA?feature=oembed\" frameborder=\"0\" allow=\"accelerometer; autoplay; clipboard-write; encrypted-media; gyroscope; picture-in-picture; web-share\" referrerpolicy=\"strict-origin-when-cross-origin\" allowfullscreen><\/iframe><\/div>\n<p>\u00abLa verdad que s\u00ed, venimos trabajando mucho para poder nosotros hacer toda la transici\u00f3n como corresponde, ordenada estamos a menos de un mes para poder asumir en la municipalidad y estamos trabajando bien junto con un equipo de trabajo y tenemos muchas expectativas porque cuando entremos ah\u00ed en la comuna ser\u00e1 para poder para mejorar la vida del vecino, que el ciudadano pueda vivir un poquito mejor\u00bb se\u00f1al\u00f3.<\/p>\n<p>A lo que agreg\u00f3: \u00abSabemos que estamos en pleno siglo XXI, donde tenemos muchas cosas que vemos que en realidad hace falta y bueno, la idea tambi\u00e9n es ir a tramitar e ir a\u00a0\u00a0gestionar en Corrientes y pedir esas obras que hacen falta en Garabi\u00bb puntualiz\u00f3.<\/p>\n<p>Consultado como lleg\u00f3 a ser intendente y si ya previamente hab\u00eda militado en alg\u00fan partido pol\u00edtico, Marquez indic\u00f3 que \u201cven\u00edamos trabajando, en el 2021 me postul\u00e9 tambi\u00e9n por la Alianza Vamos Corrientes. En el 2021 salimos segundo donde logramos meter un concejal y bueno, esta vez intentamos nuevamente\u00a0\u00a0porque ten\u00edamos mucha fe y mucha esperanza que se podr\u00eda dar esta vez y se dio. Entonces, esta vez logramos entrar y estamos dentro de la alianza Vamos Corrientes\u00bb.<\/p>\n<p>&nbsp;<\/p>\n","protected":false},"excerpt":{"rendered":"<p>COLONIA GARABI. A partir del pr\u00f3ximo 10 de diciembre, la localidad de Garab\u00ed tendr\u00e1 nuevas autoridades municipales que fueron electas el pasado 31 de Agosto del presente a\u00f1o. El nuevo jefe comunal electo es Jeroban Marquez de 36 a\u00f1os de edad que gan\u00f3 el municipio representando a una colectora que representaba al gobernador Gustavo Vald\u00e9s&#8230;.<\/p>\n","protected":false},"author":2,"featured_media":13147,"comment_status":"closed","ping_status":"closed","sticky":false,"template":"","format":"standard","meta":{"_kad_post_transparent":"default","_kad_post_title":"default","_kad_post_layout":"default","_kad_post_sidebar_id":"","_kad_post_content_style":"default","_kad_post_vertical_padding":"default","_kad_post_feature":"","_kad_post_feature_position":"","_kad_post_header":false,"_kad_post_footer":false,"_kad_post_classname":"","footnotes":""},"categories":[1],"tags":[],"class_list":["post-13146","post","type-post","status-publish","format-standard","has-post-thumbnail","hentry","category-locales"],"a3_pvc":{"activated":false,"total_views":0,"today_views":0},"yoast_head":"<!-- This site is optimized with the Yoast SEO plugin v27.5 - https:\/\/yoast.com\/product\/yoast-seo-wordpress\/ -->\n<title>Jeroban M\u00e1rquez se prepara para asumir como intendente en Garab\u00ed - Digital Santo Tom\u00e9<\/title>\n<meta name=\"robots\" content=\"index, follow, max-snippet:-1, max-image-preview:large, max-video-preview:-1\" \/>\n<link rel=\"canonical\" href=\"https:\/\/digitalsantotome.com.ar\/?p=13146\" \/>\n<meta property=\"og:locale\" content=\"es_ES\" \/>\n<meta property=\"og:type\" content=\"article\" \/>\n<meta property=\"og:title\" content=\"Jeroban M\u00e1rquez se prepara para asumir como intendente en Garab\u00ed - Digital Santo Tom\u00e9\" \/>\n<meta property=\"og:description\" content=\"COLONIA GARABI. A partir del pr\u00f3ximo 10 de diciembre, la localidad de Garab\u00ed tendr\u00e1 nuevas autoridades municipales que fueron electas el pasado 31 de Agosto del presente a\u00f1o. El nuevo jefe comunal electo es Jeroban Marquez de 36 a\u00f1os de edad que gan\u00f3 el municipio representando a una colectora que representaba al gobernador Gustavo Vald\u00e9s....\" \/>\n<meta property=\"og:url\" content=\"https:\/\/digitalsantotome.com.ar\/?p=13146\" \/>\n<meta property=\"og:site_name\" content=\"Digital Santo Tom\u00e9\" \/>\n<meta property=\"article:published_time\" content=\"2025-11-27T21:23:35+00:00\" \/>\n<meta property=\"article:modified_time\" content=\"2025-11-28T14:12:27+00:00\" \/>\n<meta property=\"og:image\" content=\"https:\/\/digitalsantotome.com.ar\/wp-content\/uploads\/2025\/11\/IMG_20251125_112048-scaled.jpg\" \/>\n\t<meta property=\"og:image:width\" content=\"2560\" \/>\n\t<meta property=\"og:image:height\" content=\"1151\" \/>\n\t<meta property=\"og:image:type\" content=\"image\/jpeg\" \/>\n<meta name=\"author\" content=\"Jose Carlos Machado\" \/>\n<meta name=\"twitter:card\" content=\"summary_large_image\" \/>\n<meta name=\"twitter:label1\" content=\"Escrito por\" \/>\n\t<meta name=\"twitter:data1\" content=\"Jose Carlos Machado\" \/>\n\t<meta name=\"twitter:label2\" content=\"Tiempo de lectura\" \/>\n\t<meta name=\"twitter:data2\" content=\"2 minutos\" \/>\n<script type=\"application\/ld+json\" class=\"yoast-schema-graph\">{\"@context\":\"https:\\\/\\\/schema.org\",\"@graph\":[{\"@type\":\"Article\",\"@id\":\"https:\\\/\\\/digitalsantotome.com.ar\\\/?p=13146#article\",\"isPartOf\":{\"@id\":\"https:\\\/\\\/digitalsantotome.com.ar\\\/?p=13146\"},\"author\":{\"name\":\"Jose Carlos Machado\",\"@id\":\"https:\\\/\\\/digitalsantotome.com.ar\\\/#\\\/schema\\\/person\\\/8991d8822886fedd92ce7f03817e1bdf\"},\"headline\":\"Jeroban M\u00e1rquez se prepara para asumir como intendente en Garab\u00ed\",\"datePublished\":\"2025-11-27T21:23:35+00:00\",\"dateModified\":\"2025-11-28T14:12:27+00:00\",\"mainEntityOfPage\":{\"@id\":\"https:\\\/\\\/digitalsantotome.com.ar\\\/?p=13146\"},\"wordCount\":317,\"publisher\":{\"@id\":\"https:\\\/\\\/digitalsantotome.com.ar\\\/#organization\"},\"image\":{\"@id\":\"https:\\\/\\\/digitalsantotome.com.ar\\\/?p=13146#primaryimage\"},\"thumbnailUrl\":\"https:\\\/\\\/digitalsantotome.com.ar\\\/wp-content\\\/uploads\\\/2025\\\/11\\\/IMG_20251125_112048-scaled.jpg\",\"articleSection\":[\"Locales\"],\"inLanguage\":\"es\"},{\"@type\":\"WebPage\",\"@id\":\"https:\\\/\\\/digitalsantotome.com.ar\\\/?p=13146\",\"url\":\"https:\\\/\\\/digitalsantotome.com.ar\\\/?p=13146\",\"name\":\"Jeroban M\u00e1rquez se prepara para asumir como intendente en Garab\u00ed - Digital Santo Tom\u00e9\",\"isPartOf\":{\"@id\":\"https:\\\/\\\/digitalsantotome.com.ar\\\/#website\"},\"primaryImageOfPage\":{\"@id\":\"https:\\\/\\\/digitalsantotome.com.ar\\\/?p=13146#primaryimage\"},\"image\":{\"@id\":\"https:\\\/\\\/digitalsantotome.com.ar\\\/?p=13146#primaryimage\"},\"thumbnailUrl\":\"https:\\\/\\\/digitalsantotome.com.ar\\\/wp-content\\\/uploads\\\/2025\\\/11\\\/IMG_20251125_112048-scaled.jpg\",\"datePublished\":\"2025-11-27T21:23:35+00:00\",\"dateModified\":\"2025-11-28T14:12:27+00:00\",\"breadcrumb\":{\"@id\":\"https:\\\/\\\/digitalsantotome.com.ar\\\/?p=13146#breadcrumb\"},\"inLanguage\":\"es\",\"potentialAction\":[{\"@type\":\"ReadAction\",\"target\":[\"https:\\\/\\\/digitalsantotome.com.ar\\\/?p=13146\"]}]},{\"@type\":\"ImageObject\",\"inLanguage\":\"es\",\"@id\":\"https:\\\/\\\/digitalsantotome.com.ar\\\/?p=13146#primaryimage\",\"url\":\"https:\\\/\\\/digitalsantotome.com.ar\\\/wp-content\\\/uploads\\\/2025\\\/11\\\/IMG_20251125_112048-scaled.jpg\",\"contentUrl\":\"https:\\\/\\\/digitalsantotome.com.ar\\\/wp-content\\\/uploads\\\/2025\\\/11\\\/IMG_20251125_112048-scaled.jpg\",\"width\":2560,\"height\":1151},{\"@type\":\"BreadcrumbList\",\"@id\":\"https:\\\/\\\/digitalsantotome.com.ar\\\/?p=13146#breadcrumb\",\"itemListElement\":[{\"@type\":\"ListItem\",\"position\":1,\"name\":\"Portada\",\"item\":\"https:\\\/\\\/digitalsantotome.com.ar\\\/\"},{\"@type\":\"ListItem\",\"position\":2,\"name\":\"Jeroban M\u00e1rquez se prepara para asumir como intendente en Garab\u00ed\"}]},{\"@type\":\"WebSite\",\"@id\":\"https:\\\/\\\/digitalsantotome.com.ar\\\/#website\",\"url\":\"https:\\\/\\\/digitalsantotome.com.ar\\\/\",\"name\":\"Digital Santo Tom\u00e9\",\"description\":\"Noticias desde Santo Tom\u00e9 al Mundo \u2013 La informacion que decide\",\"publisher\":{\"@id\":\"https:\\\/\\\/digitalsantotome.com.ar\\\/#organization\"},\"potentialAction\":[{\"@type\":\"SearchAction\",\"target\":{\"@type\":\"EntryPoint\",\"urlTemplate\":\"https:\\\/\\\/digitalsantotome.com.ar\\\/?s={search_term_string}\"},\"query-input\":{\"@type\":\"PropertyValueSpecification\",\"valueRequired\":true,\"valueName\":\"search_term_string\"}}],\"inLanguage\":\"es\"},{\"@type\":\"Organization\",\"@id\":\"https:\\\/\\\/digitalsantotome.com.ar\\\/#organization\",\"name\":\"Digital Santo Tom\u00e9\",\"url\":\"https:\\\/\\\/digitalsantotome.com.ar\\\/\",\"logo\":{\"@type\":\"ImageObject\",\"inLanguage\":\"es\",\"@id\":\"https:\\\/\\\/digitalsantotome.com.ar\\\/#\\\/schema\\\/logo\\\/image\\\/\",\"url\":\"https:\\\/\\\/digitalsantotome.com.ar\\\/wp-content\\\/uploads\\\/2023\\\/01\\\/facebook.jpg\",\"contentUrl\":\"https:\\\/\\\/digitalsantotome.com.ar\\\/wp-content\\\/uploads\\\/2023\\\/01\\\/facebook.jpg\",\"width\":512,\"height\":376,\"caption\":\"Digital Santo Tom\u00e9\"},\"image\":{\"@id\":\"https:\\\/\\\/digitalsantotome.com.ar\\\/#\\\/schema\\\/logo\\\/image\\\/\"}},{\"@type\":\"Person\",\"@id\":\"https:\\\/\\\/digitalsantotome.com.ar\\\/#\\\/schema\\\/person\\\/8991d8822886fedd92ce7f03817e1bdf\",\"name\":\"Jose Carlos Machado\",\"url\":\"https:\\\/\\\/digitalsantotome.com.ar\\\/?author=2\"}]}<\/script>\n<!-- \/ Yoast SEO plugin. -->","yoast_head_json":{"title":"Jeroban M\u00e1rquez se prepara para asumir como intendente en Garab\u00ed - Digital Santo Tom\u00e9","robots":{"index":"index","follow":"follow","max-snippet":"max-snippet:-1","max-image-preview":"max-image-preview:large","max-video-preview":"max-video-preview:-1"},"canonical":"https:\/\/digitalsantotome.com.ar\/?p=13146","og_locale":"es_ES","og_type":"article","og_title":"Jeroban M\u00e1rquez se prepara para asumir como intendente en Garab\u00ed - Digital Santo Tom\u00e9","og_description":"COLONIA GARABI. A partir del pr\u00f3ximo 10 de diciembre, la localidad de Garab\u00ed tendr\u00e1 nuevas autoridades municipales que fueron electas el pasado 31 de Agosto del presente a\u00f1o. El nuevo jefe comunal electo es Jeroban Marquez de 36 a\u00f1os de edad que gan\u00f3 el municipio representando a una colectora que representaba al gobernador Gustavo Vald\u00e9s....","og_url":"https:\/\/digitalsantotome.com.ar\/?p=13146","og_site_name":"Digital Santo Tom\u00e9","article_published_time":"2025-11-27T21:23:35+00:00","article_modified_time":"2025-11-28T14:12:27+00:00","og_image":[{"width":2560,"height":1151,"url":"https:\/\/digitalsantotome.com.ar\/wp-content\/uploads\/2025\/11\/IMG_20251125_112048-scaled.jpg","type":"image\/jpeg"}],"author":"Jose Carlos Machado","twitter_card":"summary_large_image","twitter_misc":{"Escrito por":"Jose Carlos Machado","Tiempo de lectura":"2 minutos"},"schema":{"@context":"https:\/\/schema.org","@graph":[{"@type":"Article","@id":"https:\/\/digitalsantotome.com.ar\/?p=13146#article","isPartOf":{"@id":"https:\/\/digitalsantotome.com.ar\/?p=13146"},"author":{"name":"Jose Carlos Machado","@id":"https:\/\/digitalsantotome.com.ar\/#\/schema\/person\/8991d8822886fedd92ce7f03817e1bdf"},"headline":"Jeroban M\u00e1rquez se prepara para asumir como intendente en Garab\u00ed","datePublished":"2025-11-27T21:23:35+00:00","dateModified":"2025-11-28T14:12:27+00:00","mainEntityOfPage":{"@id":"https:\/\/digitalsantotome.com.ar\/?p=13146"},"wordCount":317,"publisher":{"@id":"https:\/\/digitalsantotome.com.ar\/#organization"},"image":{"@id":"https:\/\/digitalsantotome.com.ar\/?p=13146#primaryimage"},"thumbnailUrl":"https:\/\/digitalsantotome.com.ar\/wp-content\/uploads\/2025\/11\/IMG_20251125_112048-scaled.jpg","articleSection":["Locales"],"inLanguage":"es"},{"@type":"WebPage","@id":"https:\/\/digitalsantotome.com.ar\/?p=13146","url":"https:\/\/digitalsantotome.com.ar\/?p=13146","name":"Jeroban M\u00e1rquez se prepara para asumir como intendente en Garab\u00ed - Digital Santo Tom\u00e9","isPartOf":{"@id":"https:\/\/digitalsantotome.com.ar\/#website"},"primaryImageOfPage":{"@id":"https:\/\/digitalsantotome.com.ar\/?p=13146#primaryimage"},"image":{"@id":"https:\/\/digitalsantotome.com.ar\/?p=13146#primaryimage"},"thumbnailUrl":"https:\/\/digitalsantotome.com.ar\/wp-content\/uploads\/2025\/11\/IMG_20251125_112048-scaled.jpg","datePublished":"2025-11-27T21:23:35+00:00","dateModified":"2025-11-28T14:12:27+00:00","breadcrumb":{"@id":"https:\/\/digitalsantotome.com.ar\/?p=13146#breadcrumb"},"inLanguage":"es","potentialAction":[{"@type":"ReadAction","target":["https:\/\/digitalsantotome.com.ar\/?p=13146"]}]},{"@type":"ImageObject","inLanguage":"es","@id":"https:\/\/digitalsantotome.com.ar\/?p=13146#primaryimage","url":"https:\/\/digitalsantotome.com.ar\/wp-content\/uploads\/2025\/11\/IMG_20251125_112048-scaled.jpg","contentUrl":"https:\/\/digitalsantotome.com.ar\/wp-content\/uploads\/2025\/11\/IMG_20251125_112048-scaled.jpg","width":2560,"height":1151},{"@type":"BreadcrumbList","@id":"https:\/\/digitalsantotome.com.ar\/?p=13146#breadcrumb","itemListElement":[{"@type":"ListItem","position":1,"name":"Portada","item":"https:\/\/digitalsantotome.com.ar\/"},{"@type":"ListItem","position":2,"name":"Jeroban M\u00e1rquez se prepara para asumir como intendente en Garab\u00ed"}]},{"@type":"WebSite","@id":"https:\/\/digitalsantotome.com.ar\/#website","url":"https:\/\/digitalsantotome.com.ar\/","name":"Digital Santo Tom\u00e9","description":"Noticias desde Santo Tom\u00e9 al Mundo \u2013 La informacion que decide","publisher":{"@id":"https:\/\/digitalsantotome.com.ar\/#organization"},"potentialAction":[{"@type":"SearchAction","target":{"@type":"EntryPoint","urlTemplate":"https:\/\/digitalsantotome.com.ar\/?s={search_term_string}"},"query-input":{"@type":"PropertyValueSpecification","valueRequired":true,"valueName":"search_term_string"}}],"inLanguage":"es"},{"@type":"Organization","@id":"https:\/\/digitalsantotome.com.ar\/#organization","name":"Digital Santo Tom\u00e9","url":"https:\/\/digitalsantotome.com.ar\/","logo":{"@type":"ImageObject","inLanguage":"es","@id":"https:\/\/digitalsantotome.com.ar\/#\/schema\/logo\/image\/","url":"https:\/\/digitalsantotome.com.ar\/wp-content\/uploads\/2023\/01\/facebook.jpg","contentUrl":"https:\/\/digitalsantotome.com.ar\/wp-content\/uploads\/2023\/01\/facebook.jpg","width":512,"height":376,"caption":"Digital Santo Tom\u00e9"},"image":{"@id":"https:\/\/digitalsantotome.com.ar\/#\/schema\/logo\/image\/"}},{"@type":"Person","@id":"https:\/\/digitalsantotome.com.ar\/#\/schema\/person\/8991d8822886fedd92ce7f03817e1bdf","name":"Jose Carlos Machado","url":"https:\/\/digitalsantotome.com.ar\/?author=2"}]}},"_links":{"self":[{"href":"https:\/\/digitalsantotome.com.ar\/index.php?rest_route=\/wp\/v2\/posts\/13146","targetHints":{"allow":["GET"]}}],"collection":[{"href":"https:\/\/digitalsantotome.com.ar\/index.php?rest_route=\/wp\/v2\/posts"}],"about":[{"href":"https:\/\/digitalsantotome.com.ar\/index.php?rest_route=\/wp\/v2\/types\/post"}],"author":[{"embeddable":true,"href":"https:\/\/digitalsantotome.com.ar\/index.php?rest_route=\/wp\/v2\/users\/2"}],"replies":[{"embeddable":true,"href":"https:\/\/digitalsantotome.com.ar\/index.php?rest_route=%2Fwp%2Fv2%2Fcomments&post=13146"}],"version-history":[{"count":2,"href":"https:\/\/digitalsantotome.com.ar\/index.php?rest_route=\/wp\/v2\/posts\/13146\/revisions"}],"predecessor-version":[{"id":13149,"href":"https:\/\/digitalsantotome.com.ar\/index.php?rest_route=\/wp\/v2\/posts\/13146\/revisions\/13149"}],"wp:featuredmedia":[{"embeddable":true,"href":"https:\/\/digitalsantotome.com.ar\/index.php?rest_route=\/wp\/v2\/media\/13147"}],"wp:attachment":[{"href":"https:\/\/digitalsantotome.com.ar\/index.php?rest_route=%2Fwp%2Fv2%2Fmedia&parent=13146"}],"wp:term":[{"taxonomy":"category","embeddable":true,"href":"https:\/\/digitalsantotome.com.ar\/index.php?rest_route=%2Fwp%2Fv2%2Fcategories&post=13146"},{"taxonomy":"post_tag","embeddable":true,"href":"https:\/\/digitalsantotome.com.ar\/index.php?rest_route=%2Fwp%2Fv2%2Ftags&post=13146"}],"curies":[{"name":"wp","href":"https:\/\/api.w.org\/{rel}","templated":true}]}}