{"id":13154,"date":"2025-11-28T09:49:35","date_gmt":"2025-11-28T12:49:35","guid":{"rendered":"https:\/\/digitalsantotome.com.ar\/?p=13154"},"modified":"2025-11-28T09:49:35","modified_gmt":"2025-11-28T12:49:35","slug":"entradera-en-alvear-cayo-un-sospechoso-y-hallan-elementos-clave-para-la-investigacion","status":"publish","type":"post","link":"https:\/\/digitalsantotome.com.ar\/?p=13154","title":{"rendered":"Entradera en Alvear: cay\u00f3 un sospechoso y hallan elementos clave para la investigaci\u00f3n"},"content":{"rendered":"<p>ALVEAR. La Polic\u00eda de Corrientes demor\u00f3 a un hombre mayor de edad en el marco de la investigaci\u00f3n por un violento robo en Alvear. La causa se relaciona con el asalto del martes, donde la v\u00edctima fue maniatada y golpeada con un machete.<\/p>\n<p>la investigaci\u00f3n policial realizada por personal de la Comisar\u00eda de Alvear a<strong>rroj\u00f3 resultados exitosos en las \u00faltimas horas al recuperar elementos sustra\u00eddos en un sangriento asalto a mano armada ocurrido el mi\u00e9rcoles en el paraje Pancho Cue<\/strong>.<\/p>\n<p>Al menos t<strong>res delincuentes irrumpieron en una casa y efectuaron m\u00e1s de 15 balazos hacia la propiedad con pistolas calibre 9 mil\u00edmetros. Por el hecho, una persona recibi\u00f3 un disparo en el rostro y otro en el pecho, por los cuales fue trasladado de urgencia hacia el hospital local.\u00a0<\/strong><strong>Posteriormente, lo derivaron hacia el centro de salud de Santo Tom\u00e9<\/strong>.<\/p>\n<p>La Fiscal\u00eda en turno, a cargo de Victor Facundo Cabral dispuso directivas que se inicien actuaciones car\u00e1tuladas como \u201ctentativa de Homicidio\u201d. Adem\u00e1s, en la violenta irrupci\u00f3n a la propiedad torturaron a una familia, apoder\u00e1ndose de unos $200 mil, as\u00ed como celulares y otros elementos de valor.<\/p>\n<h2 class=\"h2\">Secuestro de elementos clave<\/h2>\n<p>Durante el procedimiento, los efectivos hallaron oculta entre las malezas una mochila tipo lona que conten\u00eda numerosos elementos de inter\u00e9s para la causa:<\/p>\n<ul>\n<li>Un\u00a0<b>chaleco t\u00e1ctico policial<\/b>\u00a0con cartuchos.<\/li>\n<li><b>Cartuchos calibre 12.70 PG<\/b>.<\/li>\n<li>Guantes, precintos pl\u00e1sticos y cortaplumas.<\/li>\n<li>Un cuchillo con su vaina, y prendas de vestir varias.<\/li>\n<li>Tel\u00e9fonos celulares.<\/li>\n<\/ul>\n<p>En el mismo rastrillaje, fue\u00a0<b>demorado un hombre, mayor de edad<\/b>, a fin de determinar su vinculaci\u00f3n con el violento asalto.<\/p>\n<h2 class=\"h2\">Nuevo allanamiento y secuestro de Celular<\/h2>\n<p>Siguiendo la l\u00ednea investigativa, en horas de la ma\u00f1ana, y con la colaboraci\u00f3n de personal de la Comisar\u00eda Distrito Primera, el GTO y la Unidad Regional IV Santo Tom\u00e9, se diligenci\u00f3 un\u00a0<b>oficio judicial de allanamiento<\/b>\u00a0en un inmueble de la ciudad.<\/p>\n<p>En la inspecci\u00f3n, se logr\u00f3 el secuestro de un\u00a0<strong>tel\u00e9fono celular marca Redmi A5<\/strong>\u00a0que podr\u00eda aportar nuevos datos a la causa.<\/p>\n<p>El hombre demorado, junto con los elementos secuestrados, qued\u00f3 a disposici\u00f3n de la autoridad fiscal interviniente, mientras se contin\u00faan con las diligencias de rigor.<\/p>\n<p>Fuente: EL LITORAL<\/p>\n","protected":false},"excerpt":{"rendered":"<p>ALVEAR. La Polic\u00eda de Corrientes demor\u00f3 a un hombre mayor de edad en el marco de la investigaci\u00f3n por un violento robo en Alvear. La causa se relaciona con el asalto del martes, donde la v\u00edctima fue maniatada y golpeada con un machete. la investigaci\u00f3n policial realizada por personal de la Comisar\u00eda de Alvear arroj\u00f3&#8230;<\/p>\n","protected":false},"author":2,"featured_media":13155,"comment_status":"closed","ping_status":"closed","sticky":false,"template":"","format":"standard","meta":{"_kad_post_transparent":"default","_kad_post_title":"default","_kad_post_layout":"default","_kad_post_sidebar_id":"","_kad_post_content_style":"default","_kad_post_vertical_padding":"default","_kad_post_feature":"","_kad_post_feature_position":"","_kad_post_header":false,"_kad_post_footer":false,"_kad_post_classname":"","footnotes":""},"categories":[2],"tags":[],"class_list":["post-13154","post","type-post","status-publish","format-standard","has-post-thumbnail","hentry","category-provinciales"],"a3_pvc":{"activated":false,"total_views":0,"today_views":0},"yoast_head":"<!-- This site is optimized with the Yoast SEO plugin v27.5 - https:\/\/yoast.com\/product\/yoast-seo-wordpress\/ -->\n<title>Entradera en Alvear: cay\u00f3 un sospechoso y hallan elementos clave para la investigaci\u00f3n - Digital Santo Tom\u00e9<\/title>\n<meta name=\"robots\" content=\"index, follow, max-snippet:-1, max-image-preview:large, max-video-preview:-1\" \/>\n<link rel=\"canonical\" href=\"https:\/\/digitalsantotome.com.ar\/?p=13154\" \/>\n<meta property=\"og:locale\" content=\"es_ES\" \/>\n<meta property=\"og:type\" content=\"article\" \/>\n<meta property=\"og:title\" content=\"Entradera en Alvear: cay\u00f3 un sospechoso y hallan elementos clave para la investigaci\u00f3n - Digital Santo Tom\u00e9\" \/>\n<meta property=\"og:description\" content=\"ALVEAR. La Polic\u00eda de Corrientes demor\u00f3 a un hombre mayor de edad en el marco de la investigaci\u00f3n por un violento robo en Alvear. La causa se relaciona con el asalto del martes, donde la v\u00edctima fue maniatada y golpeada con un machete. la investigaci\u00f3n policial realizada por personal de la Comisar\u00eda de Alvear arroj\u00f3...\" \/>\n<meta property=\"og:url\" content=\"https:\/\/digitalsantotome.com.ar\/?p=13154\" \/>\n<meta property=\"og:site_name\" content=\"Digital Santo Tom\u00e9\" \/>\n<meta property=\"article:published_time\" content=\"2025-11-28T12:49:35+00:00\" \/>\n<meta property=\"og:image\" content=\"https:\/\/digitalsantotome.com.ar\/wp-content\/uploads\/2025\/11\/1764273082780.webp\" \/>\n\t<meta property=\"og:image:width\" content=\"1200\" \/>\n\t<meta property=\"og:image:height\" content=\"675\" \/>\n\t<meta property=\"og:image:type\" content=\"image\/webp\" \/>\n<meta name=\"author\" content=\"Jose Carlos Machado\" \/>\n<meta name=\"twitter:card\" content=\"summary_large_image\" \/>\n<meta name=\"twitter:label1\" content=\"Escrito por\" \/>\n\t<meta name=\"twitter:data1\" content=\"Jose Carlos Machado\" \/>\n\t<meta name=\"twitter:label2\" content=\"Tiempo de lectura\" \/>\n\t<meta name=\"twitter:data2\" content=\"2 minutos\" \/>\n<script type=\"application\/ld+json\" class=\"yoast-schema-graph\">{\"@context\":\"https:\\\/\\\/schema.org\",\"@graph\":[{\"@type\":\"Article\",\"@id\":\"https:\\\/\\\/digitalsantotome.com.ar\\\/?p=13154#article\",\"isPartOf\":{\"@id\":\"https:\\\/\\\/digitalsantotome.com.ar\\\/?p=13154\"},\"author\":{\"name\":\"Jose Carlos Machado\",\"@id\":\"https:\\\/\\\/digitalsantotome.com.ar\\\/#\\\/schema\\\/person\\\/8991d8822886fedd92ce7f03817e1bdf\"},\"headline\":\"Entradera en Alvear: cay\u00f3 un sospechoso y hallan elementos clave para la investigaci\u00f3n\",\"datePublished\":\"2025-11-28T12:49:35+00:00\",\"mainEntityOfPage\":{\"@id\":\"https:\\\/\\\/digitalsantotome.com.ar\\\/?p=13154\"},\"wordCount\":397,\"publisher\":{\"@id\":\"https:\\\/\\\/digitalsantotome.com.ar\\\/#organization\"},\"image\":{\"@id\":\"https:\\\/\\\/digitalsantotome.com.ar\\\/?p=13154#primaryimage\"},\"thumbnailUrl\":\"https:\\\/\\\/digitalsantotome.com.ar\\\/wp-content\\\/uploads\\\/2025\\\/11\\\/1764273082780.webp\",\"articleSection\":[\"Provinciales\"],\"inLanguage\":\"es\"},{\"@type\":\"WebPage\",\"@id\":\"https:\\\/\\\/digitalsantotome.com.ar\\\/?p=13154\",\"url\":\"https:\\\/\\\/digitalsantotome.com.ar\\\/?p=13154\",\"name\":\"Entradera en Alvear: cay\u00f3 un sospechoso y hallan elementos clave para la investigaci\u00f3n - Digital Santo Tom\u00e9\",\"isPartOf\":{\"@id\":\"https:\\\/\\\/digitalsantotome.com.ar\\\/#website\"},\"primaryImageOfPage\":{\"@id\":\"https:\\\/\\\/digitalsantotome.com.ar\\\/?p=13154#primaryimage\"},\"image\":{\"@id\":\"https:\\\/\\\/digitalsantotome.com.ar\\\/?p=13154#primaryimage\"},\"thumbnailUrl\":\"https:\\\/\\\/digitalsantotome.com.ar\\\/wp-content\\\/uploads\\\/2025\\\/11\\\/1764273082780.webp\",\"datePublished\":\"2025-11-28T12:49:35+00:00\",\"breadcrumb\":{\"@id\":\"https:\\\/\\\/digitalsantotome.com.ar\\\/?p=13154#breadcrumb\"},\"inLanguage\":\"es\",\"potentialAction\":[{\"@type\":\"ReadAction\",\"target\":[\"https:\\\/\\\/digitalsantotome.com.ar\\\/?p=13154\"]}]},{\"@type\":\"ImageObject\",\"inLanguage\":\"es\",\"@id\":\"https:\\\/\\\/digitalsantotome.com.ar\\\/?p=13154#primaryimage\",\"url\":\"https:\\\/\\\/digitalsantotome.com.ar\\\/wp-content\\\/uploads\\\/2025\\\/11\\\/1764273082780.webp\",\"contentUrl\":\"https:\\\/\\\/digitalsantotome.com.ar\\\/wp-content\\\/uploads\\\/2025\\\/11\\\/1764273082780.webp\",\"width\":1200,\"height\":675},{\"@type\":\"BreadcrumbList\",\"@id\":\"https:\\\/\\\/digitalsantotome.com.ar\\\/?p=13154#breadcrumb\",\"itemListElement\":[{\"@type\":\"ListItem\",\"position\":1,\"name\":\"Portada\",\"item\":\"https:\\\/\\\/digitalsantotome.com.ar\\\/\"},{\"@type\":\"ListItem\",\"position\":2,\"name\":\"Entradera en Alvear: cay\u00f3 un sospechoso y hallan elementos clave para la investigaci\u00f3n\"}]},{\"@type\":\"WebSite\",\"@id\":\"https:\\\/\\\/digitalsantotome.com.ar\\\/#website\",\"url\":\"https:\\\/\\\/digitalsantotome.com.ar\\\/\",\"name\":\"Digital Santo Tom\u00e9\",\"description\":\"Noticias desde Santo Tom\u00e9 al Mundo \u2013 La informacion que decide\",\"publisher\":{\"@id\":\"https:\\\/\\\/digitalsantotome.com.ar\\\/#organization\"},\"potentialAction\":[{\"@type\":\"SearchAction\",\"target\":{\"@type\":\"EntryPoint\",\"urlTemplate\":\"https:\\\/\\\/digitalsantotome.com.ar\\\/?s={search_term_string}\"},\"query-input\":{\"@type\":\"PropertyValueSpecification\",\"valueRequired\":true,\"valueName\":\"search_term_string\"}}],\"inLanguage\":\"es\"},{\"@type\":\"Organization\",\"@id\":\"https:\\\/\\\/digitalsantotome.com.ar\\\/#organization\",\"name\":\"Digital Santo Tom\u00e9\",\"url\":\"https:\\\/\\\/digitalsantotome.com.ar\\\/\",\"logo\":{\"@type\":\"ImageObject\",\"inLanguage\":\"es\",\"@id\":\"https:\\\/\\\/digitalsantotome.com.ar\\\/#\\\/schema\\\/logo\\\/image\\\/\",\"url\":\"https:\\\/\\\/digitalsantotome.com.ar\\\/wp-content\\\/uploads\\\/2023\\\/01\\\/facebook.jpg\",\"contentUrl\":\"https:\\\/\\\/digitalsantotome.com.ar\\\/wp-content\\\/uploads\\\/2023\\\/01\\\/facebook.jpg\",\"width\":512,\"height\":376,\"caption\":\"Digital Santo Tom\u00e9\"},\"image\":{\"@id\":\"https:\\\/\\\/digitalsantotome.com.ar\\\/#\\\/schema\\\/logo\\\/image\\\/\"}},{\"@type\":\"Person\",\"@id\":\"https:\\\/\\\/digitalsantotome.com.ar\\\/#\\\/schema\\\/person\\\/8991d8822886fedd92ce7f03817e1bdf\",\"name\":\"Jose Carlos Machado\",\"url\":\"https:\\\/\\\/digitalsantotome.com.ar\\\/?author=2\"}]}<\/script>\n<!-- \/ Yoast SEO plugin. -->","yoast_head_json":{"title":"Entradera en Alvear: cay\u00f3 un sospechoso y hallan elementos clave para la investigaci\u00f3n - Digital Santo Tom\u00e9","robots":{"index":"index","follow":"follow","max-snippet":"max-snippet:-1","max-image-preview":"max-image-preview:large","max-video-preview":"max-video-preview:-1"},"canonical":"https:\/\/digitalsantotome.com.ar\/?p=13154","og_locale":"es_ES","og_type":"article","og_title":"Entradera en Alvear: cay\u00f3 un sospechoso y hallan elementos clave para la investigaci\u00f3n - Digital Santo Tom\u00e9","og_description":"ALVEAR. La Polic\u00eda de Corrientes demor\u00f3 a un hombre mayor de edad en el marco de la investigaci\u00f3n por un violento robo en Alvear. La causa se relaciona con el asalto del martes, donde la v\u00edctima fue maniatada y golpeada con un machete. la investigaci\u00f3n policial realizada por personal de la Comisar\u00eda de Alvear arroj\u00f3...","og_url":"https:\/\/digitalsantotome.com.ar\/?p=13154","og_site_name":"Digital Santo Tom\u00e9","article_published_time":"2025-11-28T12:49:35+00:00","og_image":[{"width":1200,"height":675,"url":"https:\/\/digitalsantotome.com.ar\/wp-content\/uploads\/2025\/11\/1764273082780.webp","type":"image\/webp"}],"author":"Jose Carlos Machado","twitter_card":"summary_large_image","twitter_misc":{"Escrito por":"Jose Carlos Machado","Tiempo de lectura":"2 minutos"},"schema":{"@context":"https:\/\/schema.org","@graph":[{"@type":"Article","@id":"https:\/\/digitalsantotome.com.ar\/?p=13154#article","isPartOf":{"@id":"https:\/\/digitalsantotome.com.ar\/?p=13154"},"author":{"name":"Jose Carlos Machado","@id":"https:\/\/digitalsantotome.com.ar\/#\/schema\/person\/8991d8822886fedd92ce7f03817e1bdf"},"headline":"Entradera en Alvear: cay\u00f3 un sospechoso y hallan elementos clave para la investigaci\u00f3n","datePublished":"2025-11-28T12:49:35+00:00","mainEntityOfPage":{"@id":"https:\/\/digitalsantotome.com.ar\/?p=13154"},"wordCount":397,"publisher":{"@id":"https:\/\/digitalsantotome.com.ar\/#organization"},"image":{"@id":"https:\/\/digitalsantotome.com.ar\/?p=13154#primaryimage"},"thumbnailUrl":"https:\/\/digitalsantotome.com.ar\/wp-content\/uploads\/2025\/11\/1764273082780.webp","articleSection":["Provinciales"],"inLanguage":"es"},{"@type":"WebPage","@id":"https:\/\/digitalsantotome.com.ar\/?p=13154","url":"https:\/\/digitalsantotome.com.ar\/?p=13154","name":"Entradera en Alvear: cay\u00f3 un sospechoso y hallan elementos clave para la investigaci\u00f3n - Digital Santo Tom\u00e9","isPartOf":{"@id":"https:\/\/digitalsantotome.com.ar\/#website"},"primaryImageOfPage":{"@id":"https:\/\/digitalsantotome.com.ar\/?p=13154#primaryimage"},"image":{"@id":"https:\/\/digitalsantotome.com.ar\/?p=13154#primaryimage"},"thumbnailUrl":"https:\/\/digitalsantotome.com.ar\/wp-content\/uploads\/2025\/11\/1764273082780.webp","datePublished":"2025-11-28T12:49:35+00:00","breadcrumb":{"@id":"https:\/\/digitalsantotome.com.ar\/?p=13154#breadcrumb"},"inLanguage":"es","potentialAction":[{"@type":"ReadAction","target":["https:\/\/digitalsantotome.com.ar\/?p=13154"]}]},{"@type":"ImageObject","inLanguage":"es","@id":"https:\/\/digitalsantotome.com.ar\/?p=13154#primaryimage","url":"https:\/\/digitalsantotome.com.ar\/wp-content\/uploads\/2025\/11\/1764273082780.webp","contentUrl":"https:\/\/digitalsantotome.com.ar\/wp-content\/uploads\/2025\/11\/1764273082780.webp","width":1200,"height":675},{"@type":"BreadcrumbList","@id":"https:\/\/digitalsantotome.com.ar\/?p=13154#breadcrumb","itemListElement":[{"@type":"ListItem","position":1,"name":"Portada","item":"https:\/\/digitalsantotome.com.ar\/"},{"@type":"ListItem","position":2,"name":"Entradera en Alvear: cay\u00f3 un sospechoso y hallan elementos clave para la investigaci\u00f3n"}]},{"@type":"WebSite","@id":"https:\/\/digitalsantotome.com.ar\/#website","url":"https:\/\/digitalsantotome.com.ar\/","name":"Digital Santo Tom\u00e9","description":"Noticias desde Santo Tom\u00e9 al Mundo \u2013 La informacion que decide","publisher":{"@id":"https:\/\/digitalsantotome.com.ar\/#organization"},"potentialAction":[{"@type":"SearchAction","target":{"@type":"EntryPoint","urlTemplate":"https:\/\/digitalsantotome.com.ar\/?s={search_term_string}"},"query-input":{"@type":"PropertyValueSpecification","valueRequired":true,"valueName":"search_term_string"}}],"inLanguage":"es"},{"@type":"Organization","@id":"https:\/\/digitalsantotome.com.ar\/#organization","name":"Digital Santo Tom\u00e9","url":"https:\/\/digitalsantotome.com.ar\/","logo":{"@type":"ImageObject","inLanguage":"es","@id":"https:\/\/digitalsantotome.com.ar\/#\/schema\/logo\/image\/","url":"https:\/\/digitalsantotome.com.ar\/wp-content\/uploads\/2023\/01\/facebook.jpg","contentUrl":"https:\/\/digitalsantotome.com.ar\/wp-content\/uploads\/2023\/01\/facebook.jpg","width":512,"height":376,"caption":"Digital Santo Tom\u00e9"},"image":{"@id":"https:\/\/digitalsantotome.com.ar\/#\/schema\/logo\/image\/"}},{"@type":"Person","@id":"https:\/\/digitalsantotome.com.ar\/#\/schema\/person\/8991d8822886fedd92ce7f03817e1bdf","name":"Jose Carlos Machado","url":"https:\/\/digitalsantotome.com.ar\/?author=2"}]}},"_links":{"self":[{"href":"https:\/\/digitalsantotome.com.ar\/index.php?rest_route=\/wp\/v2\/posts\/13154","targetHints":{"allow":["GET"]}}],"collection":[{"href":"https:\/\/digitalsantotome.com.ar\/index.php?rest_route=\/wp\/v2\/posts"}],"about":[{"href":"https:\/\/digitalsantotome.com.ar\/index.php?rest_route=\/wp\/v2\/types\/post"}],"author":[{"embeddable":true,"href":"https:\/\/digitalsantotome.com.ar\/index.php?rest_route=\/wp\/v2\/users\/2"}],"replies":[{"embeddable":true,"href":"https:\/\/digitalsantotome.com.ar\/index.php?rest_route=%2Fwp%2Fv2%2Fcomments&post=13154"}],"version-history":[{"count":1,"href":"https:\/\/digitalsantotome.com.ar\/index.php?rest_route=\/wp\/v2\/posts\/13154\/revisions"}],"predecessor-version":[{"id":13156,"href":"https:\/\/digitalsantotome.com.ar\/index.php?rest_route=\/wp\/v2\/posts\/13154\/revisions\/13156"}],"wp:featuredmedia":[{"embeddable":true,"href":"https:\/\/digitalsantotome.com.ar\/index.php?rest_route=\/wp\/v2\/media\/13155"}],"wp:attachment":[{"href":"https:\/\/digitalsantotome.com.ar\/index.php?rest_route=%2Fwp%2Fv2%2Fmedia&parent=13154"}],"wp:term":[{"taxonomy":"category","embeddable":true,"href":"https:\/\/digitalsantotome.com.ar\/index.php?rest_route=%2Fwp%2Fv2%2Fcategories&post=13154"},{"taxonomy":"post_tag","embeddable":true,"href":"https:\/\/digitalsantotome.com.ar\/index.php?rest_route=%2Fwp%2Fv2%2Ftags&post=13154"}],"curies":[{"name":"wp","href":"https:\/\/api.w.org\/{rel}","templated":true}]}}