{"id":13160,"date":"2025-11-28T09:54:53","date_gmt":"2025-11-28T12:54:53","guid":{"rendered":"https:\/\/digitalsantotome.com.ar\/?p=13160"},"modified":"2025-11-28T09:55:08","modified_gmt":"2025-11-28T12:55:08","slug":"corrientes-refuerza-su-sistema-de-prevencion-ante-el-riesgo-extremo-de-incendios","status":"publish","type":"post","link":"https:\/\/digitalsantotome.com.ar\/?p=13160","title":{"rendered":"Corrientes refuerza su sistema de prevenci\u00f3n ante el riesgo extremo de incendios"},"content":{"rendered":"<div class=\"row\">\n<div id=\"conte\" class=\"span6 base\">\n<p>CORRIENTES. El secretario de Desarrollo Foresto Industrial de Corrientes, Luis Mestres, en declaraciones a momarandu.com advirti\u00f3 que el uso del fuego en el sector rural contin\u00faa siendo una pr\u00e1ctica extendida para tareas de limpieza, aunque remarc\u00f3 que solo puede aplicarse bajo las condiciones establecidas por la normativa vigente.<\/p>\n<p>Se\u00f1al\u00f3 que \u201cel fuego nosotros nunca dijimos que no hay que usar el fuego\u201d, pero insisti\u00f3 en que su empleo debe realizarse mediante quemas prescriptas, con permisos formales y respaldo t\u00e9cnico, debido a que la vegetaci\u00f3n fina se seca r\u00e1pidamente y genera un alto riesgo de propagaci\u00f3n, incluso despu\u00e9s de per\u00edodos breves de humedad superficial.<\/p>\n<p>Mestres explic\u00f3 que el comportamiento del material vegetal es un factor cr\u00edtico en la expansi\u00f3n del fuego, ya que sectores que lucen verdes pueden tornarse amarillentos en pocos d\u00edas de calor intenso.<\/p>\n<p>Ante este escenario, recomend\u00f3 reforzar las medidas b\u00e1sicas de prevenci\u00f3n en los establecimientos rurales, como la creaci\u00f3n de cortafuegos mediante maquinaria, la disponibilidad de reservorios de agua en condiciones \u00f3ptimas y la transitabilidad de los caminos internos para facilitar el ingreso de los equipos de trabajo.<\/p>\n<p>El funcionario destac\u00f3 la importancia de contar con herramientas manuales y mochilas de agua para responder a eventuales focos \u00edgneos, y enfatiz\u00f3 que la capacitaci\u00f3n permanente del personal es indispensable para actuar con eficacia.<\/p>\n<p>Tambi\u00e9n se\u00f1al\u00f3 la necesidad de mantener actualizadas las pistas y puntos de abastecimiento para el uso de aviones hidrantes y helic\u00f3pteros, considerando su papel en los operativos de control.<\/p>\n<p>CINCO BRIGADAS ACTIVAS<\/p>\n<p>Sobre la estructura operativa provincial, Mestres inform\u00f3 que Corrientes contar\u00e1 con cinco brigadas forestales distribuidas estrat\u00e9gicamente en distintos puntos del territorio.<\/p>\n<p>Indic\u00f3 que la brigada de Ituzaing\u00f3 ya est\u00e1 en funcionamiento con alrededor de cincuenta integrantes, mientras avanzan los procesos de consolidaci\u00f3n de las brigadas de Paso de los Libres, Santa Rosa, Virasoro y Santo Tom\u00e9, cada una proyectada con cincuenta agentes para ampliar la capacidad de respuesta. A\u00f1adi\u00f3 que las asociaciones de bomberos voluntarios tambi\u00e9n podr\u00e1n colaborar en casos necesarios.<\/p>\n<p>El funcionario subray\u00f3 que el sector privado tiene un rol complementario y relevante en la prevenci\u00f3n y el combate de incendios, ya que numerosas empresas forestales y ganaderas cuentan con brigadas propias y equipamiento espec\u00edfico.<\/p>\n<p>Explic\u00f3 que las capacitaciones organizadas por la provincia incluyeron al personal estatal, brigadistas, bomberos voluntarios y trabajadores rurales, con actividades dise\u00f1adas tanto para equipos especializados como para grupos comunitarios que buscan fortalecer su preparaci\u00f3n operativa.<\/p>\n<p>Por \u00faltimo, Mestres afirm\u00f3 que el incremento en los pedidos de permisos para realizar quemas refleja un cambio positivo en las pr\u00e1cticas del sector, aunque persisten sanciones para quienes act\u00faan fuera de la normativa.<\/p>\n<p>Sostuvo que la reducci\u00f3n de incendios de magnitud en los \u00faltimos meses muestra un nivel creciente de conciencia, pero advirti\u00f3 que el fen\u00f3meno de La Ni\u00f1a podr\u00eda agravar el riesgo \u00edgneo en las pr\u00f3ximas semanas.<\/p>\n<p>En ese contexto, insisti\u00f3 en mantener la preparaci\u00f3n, garantizar el equipamiento y asegurar la disponibilidad de agua en cada establecimiento rural para fortalecer la capacidad de respuesta.<\/p>\n<\/div>\n<div><\/div>\n<\/div>\n<div>Momarandu.com<\/div>\n<p>&nbsp;<\/p>\n","protected":false},"excerpt":{"rendered":"<p>CORRIENTES. El secretario de Desarrollo Foresto Industrial de Corrientes, Luis Mestres, en declaraciones a momarandu.com advirti\u00f3 que el uso del fuego en el sector rural contin\u00faa siendo una pr\u00e1ctica extendida para tareas de limpieza, aunque remarc\u00f3 que solo puede aplicarse bajo las condiciones establecidas por la normativa vigente. Se\u00f1al\u00f3 que \u201cel fuego nosotros nunca dijimos&#8230;<\/p>\n","protected":false},"author":2,"featured_media":13161,"comment_status":"closed","ping_status":"closed","sticky":false,"template":"","format":"standard","meta":{"_kad_post_transparent":"default","_kad_post_title":"default","_kad_post_layout":"default","_kad_post_sidebar_id":"","_kad_post_content_style":"default","_kad_post_vertical_padding":"default","_kad_post_feature":"","_kad_post_feature_position":"","_kad_post_header":false,"_kad_post_footer":false,"_kad_post_classname":"","footnotes":""},"categories":[3],"tags":[],"class_list":["post-13160","post","type-post","status-publish","format-standard","has-post-thumbnail","hentry","category-noticias-breves"],"a3_pvc":{"activated":false,"total_views":0,"today_views":0},"yoast_head":"<!-- This site is optimized with the Yoast SEO plugin v27.5 - https:\/\/yoast.com\/product\/yoast-seo-wordpress\/ -->\n<title>Corrientes refuerza su sistema de prevenci\u00f3n ante el riesgo extremo de incendios - Digital Santo Tom\u00e9<\/title>\n<meta name=\"robots\" content=\"index, follow, max-snippet:-1, max-image-preview:large, max-video-preview:-1\" \/>\n<link rel=\"canonical\" href=\"https:\/\/digitalsantotome.com.ar\/?p=13160\" \/>\n<meta property=\"og:locale\" content=\"es_ES\" \/>\n<meta property=\"og:type\" content=\"article\" \/>\n<meta property=\"og:title\" content=\"Corrientes refuerza su sistema de prevenci\u00f3n ante el riesgo extremo de incendios - Digital Santo Tom\u00e9\" \/>\n<meta property=\"og:description\" content=\"CORRIENTES. El secretario de Desarrollo Foresto Industrial de Corrientes, Luis Mestres, en declaraciones a momarandu.com advirti\u00f3 que el uso del fuego en el sector rural contin\u00faa siendo una pr\u00e1ctica extendida para tareas de limpieza, aunque remarc\u00f3 que solo puede aplicarse bajo las condiciones establecidas por la normativa vigente. Se\u00f1al\u00f3 que \u201cel fuego nosotros nunca dijimos...\" \/>\n<meta property=\"og:url\" content=\"https:\/\/digitalsantotome.com.ar\/?p=13160\" \/>\n<meta property=\"og:site_name\" content=\"Digital Santo Tom\u00e9\" \/>\n<meta property=\"article:published_time\" content=\"2025-11-28T12:54:53+00:00\" \/>\n<meta property=\"article:modified_time\" content=\"2025-11-28T12:55:08+00:00\" \/>\n<meta property=\"og:image\" content=\"https:\/\/digitalsantotome.com.ar\/wp-content\/uploads\/2025\/11\/TVP-Noticias-YouTube-Cover-Generico.png\" \/>\n\t<meta property=\"og:image:width\" content=\"1920\" \/>\n\t<meta property=\"og:image:height\" content=\"1080\" \/>\n\t<meta property=\"og:image:type\" content=\"image\/png\" \/>\n<meta name=\"author\" content=\"Jose Carlos Machado\" \/>\n<meta name=\"twitter:card\" content=\"summary_large_image\" \/>\n<meta name=\"twitter:label1\" content=\"Escrito por\" \/>\n\t<meta name=\"twitter:data1\" content=\"Jose Carlos Machado\" \/>\n\t<meta name=\"twitter:label2\" content=\"Tiempo de lectura\" \/>\n\t<meta name=\"twitter:data2\" content=\"3 minutos\" \/>\n<script type=\"application\/ld+json\" class=\"yoast-schema-graph\">{\"@context\":\"https:\\\/\\\/schema.org\",\"@graph\":[{\"@type\":\"Article\",\"@id\":\"https:\\\/\\\/digitalsantotome.com.ar\\\/?p=13160#article\",\"isPartOf\":{\"@id\":\"https:\\\/\\\/digitalsantotome.com.ar\\\/?p=13160\"},\"author\":{\"name\":\"Jose Carlos Machado\",\"@id\":\"https:\\\/\\\/digitalsantotome.com.ar\\\/#\\\/schema\\\/person\\\/8991d8822886fedd92ce7f03817e1bdf\"},\"headline\":\"Corrientes refuerza su sistema de prevenci\u00f3n ante el riesgo extremo de incendios\",\"datePublished\":\"2025-11-28T12:54:53+00:00\",\"dateModified\":\"2025-11-28T12:55:08+00:00\",\"mainEntityOfPage\":{\"@id\":\"https:\\\/\\\/digitalsantotome.com.ar\\\/?p=13160\"},\"wordCount\":547,\"publisher\":{\"@id\":\"https:\\\/\\\/digitalsantotome.com.ar\\\/#organization\"},\"image\":{\"@id\":\"https:\\\/\\\/digitalsantotome.com.ar\\\/?p=13160#primaryimage\"},\"thumbnailUrl\":\"https:\\\/\\\/digitalsantotome.com.ar\\\/wp-content\\\/uploads\\\/2025\\\/11\\\/TVP-Noticias-YouTube-Cover-Generico.png\",\"articleSection\":[\"Noticias breves\"],\"inLanguage\":\"es\"},{\"@type\":\"WebPage\",\"@id\":\"https:\\\/\\\/digitalsantotome.com.ar\\\/?p=13160\",\"url\":\"https:\\\/\\\/digitalsantotome.com.ar\\\/?p=13160\",\"name\":\"Corrientes refuerza su sistema de prevenci\u00f3n ante el riesgo extremo de incendios - Digital Santo Tom\u00e9\",\"isPartOf\":{\"@id\":\"https:\\\/\\\/digitalsantotome.com.ar\\\/#website\"},\"primaryImageOfPage\":{\"@id\":\"https:\\\/\\\/digitalsantotome.com.ar\\\/?p=13160#primaryimage\"},\"image\":{\"@id\":\"https:\\\/\\\/digitalsantotome.com.ar\\\/?p=13160#primaryimage\"},\"thumbnailUrl\":\"https:\\\/\\\/digitalsantotome.com.ar\\\/wp-content\\\/uploads\\\/2025\\\/11\\\/TVP-Noticias-YouTube-Cover-Generico.png\",\"datePublished\":\"2025-11-28T12:54:53+00:00\",\"dateModified\":\"2025-11-28T12:55:08+00:00\",\"breadcrumb\":{\"@id\":\"https:\\\/\\\/digitalsantotome.com.ar\\\/?p=13160#breadcrumb\"},\"inLanguage\":\"es\",\"potentialAction\":[{\"@type\":\"ReadAction\",\"target\":[\"https:\\\/\\\/digitalsantotome.com.ar\\\/?p=13160\"]}]},{\"@type\":\"ImageObject\",\"inLanguage\":\"es\",\"@id\":\"https:\\\/\\\/digitalsantotome.com.ar\\\/?p=13160#primaryimage\",\"url\":\"https:\\\/\\\/digitalsantotome.com.ar\\\/wp-content\\\/uploads\\\/2025\\\/11\\\/TVP-Noticias-YouTube-Cover-Generico.png\",\"contentUrl\":\"https:\\\/\\\/digitalsantotome.com.ar\\\/wp-content\\\/uploads\\\/2025\\\/11\\\/TVP-Noticias-YouTube-Cover-Generico.png\",\"width\":1920,\"height\":1080},{\"@type\":\"BreadcrumbList\",\"@id\":\"https:\\\/\\\/digitalsantotome.com.ar\\\/?p=13160#breadcrumb\",\"itemListElement\":[{\"@type\":\"ListItem\",\"position\":1,\"name\":\"Portada\",\"item\":\"https:\\\/\\\/digitalsantotome.com.ar\\\/\"},{\"@type\":\"ListItem\",\"position\":2,\"name\":\"Corrientes refuerza su sistema de prevenci\u00f3n ante el riesgo extremo de incendios\"}]},{\"@type\":\"WebSite\",\"@id\":\"https:\\\/\\\/digitalsantotome.com.ar\\\/#website\",\"url\":\"https:\\\/\\\/digitalsantotome.com.ar\\\/\",\"name\":\"Digital Santo Tom\u00e9\",\"description\":\"Noticias desde Santo Tom\u00e9 al Mundo \u2013 La informacion que decide\",\"publisher\":{\"@id\":\"https:\\\/\\\/digitalsantotome.com.ar\\\/#organization\"},\"potentialAction\":[{\"@type\":\"SearchAction\",\"target\":{\"@type\":\"EntryPoint\",\"urlTemplate\":\"https:\\\/\\\/digitalsantotome.com.ar\\\/?s={search_term_string}\"},\"query-input\":{\"@type\":\"PropertyValueSpecification\",\"valueRequired\":true,\"valueName\":\"search_term_string\"}}],\"inLanguage\":\"es\"},{\"@type\":\"Organization\",\"@id\":\"https:\\\/\\\/digitalsantotome.com.ar\\\/#organization\",\"name\":\"Digital Santo Tom\u00e9\",\"url\":\"https:\\\/\\\/digitalsantotome.com.ar\\\/\",\"logo\":{\"@type\":\"ImageObject\",\"inLanguage\":\"es\",\"@id\":\"https:\\\/\\\/digitalsantotome.com.ar\\\/#\\\/schema\\\/logo\\\/image\\\/\",\"url\":\"https:\\\/\\\/digitalsantotome.com.ar\\\/wp-content\\\/uploads\\\/2023\\\/01\\\/facebook.jpg\",\"contentUrl\":\"https:\\\/\\\/digitalsantotome.com.ar\\\/wp-content\\\/uploads\\\/2023\\\/01\\\/facebook.jpg\",\"width\":512,\"height\":376,\"caption\":\"Digital Santo Tom\u00e9\"},\"image\":{\"@id\":\"https:\\\/\\\/digitalsantotome.com.ar\\\/#\\\/schema\\\/logo\\\/image\\\/\"}},{\"@type\":\"Person\",\"@id\":\"https:\\\/\\\/digitalsantotome.com.ar\\\/#\\\/schema\\\/person\\\/8991d8822886fedd92ce7f03817e1bdf\",\"name\":\"Jose Carlos Machado\",\"url\":\"https:\\\/\\\/digitalsantotome.com.ar\\\/?author=2\"}]}<\/script>\n<!-- \/ Yoast SEO plugin. -->","yoast_head_json":{"title":"Corrientes refuerza su sistema de prevenci\u00f3n ante el riesgo extremo de incendios - Digital Santo Tom\u00e9","robots":{"index":"index","follow":"follow","max-snippet":"max-snippet:-1","max-image-preview":"max-image-preview:large","max-video-preview":"max-video-preview:-1"},"canonical":"https:\/\/digitalsantotome.com.ar\/?p=13160","og_locale":"es_ES","og_type":"article","og_title":"Corrientes refuerza su sistema de prevenci\u00f3n ante el riesgo extremo de incendios - Digital Santo Tom\u00e9","og_description":"CORRIENTES. El secretario de Desarrollo Foresto Industrial de Corrientes, Luis Mestres, en declaraciones a momarandu.com advirti\u00f3 que el uso del fuego en el sector rural contin\u00faa siendo una pr\u00e1ctica extendida para tareas de limpieza, aunque remarc\u00f3 que solo puede aplicarse bajo las condiciones establecidas por la normativa vigente. Se\u00f1al\u00f3 que \u201cel fuego nosotros nunca dijimos...","og_url":"https:\/\/digitalsantotome.com.ar\/?p=13160","og_site_name":"Digital Santo Tom\u00e9","article_published_time":"2025-11-28T12:54:53+00:00","article_modified_time":"2025-11-28T12:55:08+00:00","og_image":[{"width":1920,"height":1080,"url":"https:\/\/digitalsantotome.com.ar\/wp-content\/uploads\/2025\/11\/TVP-Noticias-YouTube-Cover-Generico.png","type":"image\/png"}],"author":"Jose Carlos Machado","twitter_card":"summary_large_image","twitter_misc":{"Escrito por":"Jose Carlos Machado","Tiempo de lectura":"3 minutos"},"schema":{"@context":"https:\/\/schema.org","@graph":[{"@type":"Article","@id":"https:\/\/digitalsantotome.com.ar\/?p=13160#article","isPartOf":{"@id":"https:\/\/digitalsantotome.com.ar\/?p=13160"},"author":{"name":"Jose Carlos Machado","@id":"https:\/\/digitalsantotome.com.ar\/#\/schema\/person\/8991d8822886fedd92ce7f03817e1bdf"},"headline":"Corrientes refuerza su sistema de prevenci\u00f3n ante el riesgo extremo de incendios","datePublished":"2025-11-28T12:54:53+00:00","dateModified":"2025-11-28T12:55:08+00:00","mainEntityOfPage":{"@id":"https:\/\/digitalsantotome.com.ar\/?p=13160"},"wordCount":547,"publisher":{"@id":"https:\/\/digitalsantotome.com.ar\/#organization"},"image":{"@id":"https:\/\/digitalsantotome.com.ar\/?p=13160#primaryimage"},"thumbnailUrl":"https:\/\/digitalsantotome.com.ar\/wp-content\/uploads\/2025\/11\/TVP-Noticias-YouTube-Cover-Generico.png","articleSection":["Noticias breves"],"inLanguage":"es"},{"@type":"WebPage","@id":"https:\/\/digitalsantotome.com.ar\/?p=13160","url":"https:\/\/digitalsantotome.com.ar\/?p=13160","name":"Corrientes refuerza su sistema de prevenci\u00f3n ante el riesgo extremo de incendios - Digital Santo Tom\u00e9","isPartOf":{"@id":"https:\/\/digitalsantotome.com.ar\/#website"},"primaryImageOfPage":{"@id":"https:\/\/digitalsantotome.com.ar\/?p=13160#primaryimage"},"image":{"@id":"https:\/\/digitalsantotome.com.ar\/?p=13160#primaryimage"},"thumbnailUrl":"https:\/\/digitalsantotome.com.ar\/wp-content\/uploads\/2025\/11\/TVP-Noticias-YouTube-Cover-Generico.png","datePublished":"2025-11-28T12:54:53+00:00","dateModified":"2025-11-28T12:55:08+00:00","breadcrumb":{"@id":"https:\/\/digitalsantotome.com.ar\/?p=13160#breadcrumb"},"inLanguage":"es","potentialAction":[{"@type":"ReadAction","target":["https:\/\/digitalsantotome.com.ar\/?p=13160"]}]},{"@type":"ImageObject","inLanguage":"es","@id":"https:\/\/digitalsantotome.com.ar\/?p=13160#primaryimage","url":"https:\/\/digitalsantotome.com.ar\/wp-content\/uploads\/2025\/11\/TVP-Noticias-YouTube-Cover-Generico.png","contentUrl":"https:\/\/digitalsantotome.com.ar\/wp-content\/uploads\/2025\/11\/TVP-Noticias-YouTube-Cover-Generico.png","width":1920,"height":1080},{"@type":"BreadcrumbList","@id":"https:\/\/digitalsantotome.com.ar\/?p=13160#breadcrumb","itemListElement":[{"@type":"ListItem","position":1,"name":"Portada","item":"https:\/\/digitalsantotome.com.ar\/"},{"@type":"ListItem","position":2,"name":"Corrientes refuerza su sistema de prevenci\u00f3n ante el riesgo extremo de incendios"}]},{"@type":"WebSite","@id":"https:\/\/digitalsantotome.com.ar\/#website","url":"https:\/\/digitalsantotome.com.ar\/","name":"Digital Santo Tom\u00e9","description":"Noticias desde Santo Tom\u00e9 al Mundo \u2013 La informacion que decide","publisher":{"@id":"https:\/\/digitalsantotome.com.ar\/#organization"},"potentialAction":[{"@type":"SearchAction","target":{"@type":"EntryPoint","urlTemplate":"https:\/\/digitalsantotome.com.ar\/?s={search_term_string}"},"query-input":{"@type":"PropertyValueSpecification","valueRequired":true,"valueName":"search_term_string"}}],"inLanguage":"es"},{"@type":"Organization","@id":"https:\/\/digitalsantotome.com.ar\/#organization","name":"Digital Santo Tom\u00e9","url":"https:\/\/digitalsantotome.com.ar\/","logo":{"@type":"ImageObject","inLanguage":"es","@id":"https:\/\/digitalsantotome.com.ar\/#\/schema\/logo\/image\/","url":"https:\/\/digitalsantotome.com.ar\/wp-content\/uploads\/2023\/01\/facebook.jpg","contentUrl":"https:\/\/digitalsantotome.com.ar\/wp-content\/uploads\/2023\/01\/facebook.jpg","width":512,"height":376,"caption":"Digital Santo Tom\u00e9"},"image":{"@id":"https:\/\/digitalsantotome.com.ar\/#\/schema\/logo\/image\/"}},{"@type":"Person","@id":"https:\/\/digitalsantotome.com.ar\/#\/schema\/person\/8991d8822886fedd92ce7f03817e1bdf","name":"Jose Carlos Machado","url":"https:\/\/digitalsantotome.com.ar\/?author=2"}]}},"_links":{"self":[{"href":"https:\/\/digitalsantotome.com.ar\/index.php?rest_route=\/wp\/v2\/posts\/13160","targetHints":{"allow":["GET"]}}],"collection":[{"href":"https:\/\/digitalsantotome.com.ar\/index.php?rest_route=\/wp\/v2\/posts"}],"about":[{"href":"https:\/\/digitalsantotome.com.ar\/index.php?rest_route=\/wp\/v2\/types\/post"}],"author":[{"embeddable":true,"href":"https:\/\/digitalsantotome.com.ar\/index.php?rest_route=\/wp\/v2\/users\/2"}],"replies":[{"embeddable":true,"href":"https:\/\/digitalsantotome.com.ar\/index.php?rest_route=%2Fwp%2Fv2%2Fcomments&post=13160"}],"version-history":[{"count":2,"href":"https:\/\/digitalsantotome.com.ar\/index.php?rest_route=\/wp\/v2\/posts\/13160\/revisions"}],"predecessor-version":[{"id":13163,"href":"https:\/\/digitalsantotome.com.ar\/index.php?rest_route=\/wp\/v2\/posts\/13160\/revisions\/13163"}],"wp:featuredmedia":[{"embeddable":true,"href":"https:\/\/digitalsantotome.com.ar\/index.php?rest_route=\/wp\/v2\/media\/13161"}],"wp:attachment":[{"href":"https:\/\/digitalsantotome.com.ar\/index.php?rest_route=%2Fwp%2Fv2%2Fmedia&parent=13160"}],"wp:term":[{"taxonomy":"category","embeddable":true,"href":"https:\/\/digitalsantotome.com.ar\/index.php?rest_route=%2Fwp%2Fv2%2Fcategories&post=13160"},{"taxonomy":"post_tag","embeddable":true,"href":"https:\/\/digitalsantotome.com.ar\/index.php?rest_route=%2Fwp%2Fv2%2Ftags&post=13160"}],"curies":[{"name":"wp","href":"https:\/\/api.w.org\/{rel}","templated":true}]}}