{"id":13206,"date":"2025-12-01T18:05:02","date_gmt":"2025-12-01T21:05:02","guid":{"rendered":"https:\/\/digitalsantotome.com.ar\/?p=13206"},"modified":"2025-12-01T18:05:09","modified_gmt":"2025-12-01T21:05:09","slug":"la-provincia-entregara-modulos-sin-gluten-a-mas-de-1-700-personas-celiacas","status":"publish","type":"post","link":"https:\/\/digitalsantotome.com.ar\/?p=13206","title":{"rendered":"La Provincia entregar\u00e1 m\u00f3dulos sin gluten a m\u00e1s de 1.700 personas cel\u00edacas"},"content":{"rendered":"<p><em>CORRIENTES. Los d\u00edas 2 y 3 de diciembre se realizar\u00e1 una nueva distribuci\u00f3n de alimentos aptos para cel\u00edacos en el Dep\u00f3sito de Desarrollo Social, ubicado en Murcia 59 del barrio Apip\u00e9. La entrega estar\u00e1 a cargo de la Direcci\u00f3n de Seguridad Alimentaria.<\/em><\/p>\n<p>El Ministerio de Desarrollo Social de la Provincia, a cargo de Ad\u00e1n Gaya, llevar\u00e1 adelante este lunes 2 y martes 3 de diciembre, una nueva entrega de m\u00f3dulos alimentarios destinados a personas cel\u00edacas, en el marco del \u201cPrograma de Apoyo Nutricional para Personas Cel\u00edacas\u201d. La distribuci\u00f3n se realizar\u00e1 en el Dep\u00f3sito de la cartera social, en Murcia 59 del barrio Apip\u00e9, de 7 a 13 horas.<\/p>\n<p>Desde la Direcci\u00f3n de Seguridad Alimentaria, encabezada por Lucas Carballo, se\u00f1alaron que m\u00e1s de 1.700 beneficiarios de distintos puntos del territorio provincial recibir\u00e1n productos sin gluten de manera gratuita, con el objetivo de acompa\u00f1ar su tratamiento y garantizar el acceso a alimentos seguros.<\/p>\n<p>&nbsp;<\/p>\n","protected":false},"excerpt":{"rendered":"<p>CORRIENTES. Los d\u00edas 2 y 3 de diciembre se realizar\u00e1 una nueva distribuci\u00f3n de alimentos aptos para cel\u00edacos en el Dep\u00f3sito de Desarrollo Social, ubicado en Murcia 59 del barrio Apip\u00e9. La entrega estar\u00e1 a cargo de la Direcci\u00f3n de Seguridad Alimentaria. El Ministerio de Desarrollo Social de la Provincia, a cargo de Ad\u00e1n Gaya,&#8230;<\/p>\n","protected":false},"author":2,"featured_media":13207,"comment_status":"closed","ping_status":"closed","sticky":false,"template":"","format":"standard","meta":{"_kad_post_transparent":"default","_kad_post_title":"default","_kad_post_layout":"default","_kad_post_sidebar_id":"","_kad_post_content_style":"default","_kad_post_vertical_padding":"default","_kad_post_feature":"","_kad_post_feature_position":"","_kad_post_header":false,"_kad_post_footer":false,"_kad_post_classname":"","footnotes":""},"categories":[2],"tags":[],"class_list":["post-13206","post","type-post","status-publish","format-standard","has-post-thumbnail","hentry","category-provinciales"],"a3_pvc":{"activated":false,"total_views":0,"today_views":0},"yoast_head":"<!-- This site is optimized with the Yoast SEO plugin v27.5 - https:\/\/yoast.com\/product\/yoast-seo-wordpress\/ -->\n<title>La Provincia entregar\u00e1 m\u00f3dulos sin gluten a m\u00e1s de 1.700 personas cel\u00edacas - Digital Santo Tom\u00e9<\/title>\n<meta name=\"robots\" content=\"index, follow, max-snippet:-1, max-image-preview:large, max-video-preview:-1\" \/>\n<link rel=\"canonical\" href=\"https:\/\/digitalsantotome.com.ar\/?p=13206\" \/>\n<meta property=\"og:locale\" content=\"es_ES\" \/>\n<meta property=\"og:type\" content=\"article\" \/>\n<meta property=\"og:title\" content=\"La Provincia entregar\u00e1 m\u00f3dulos sin gluten a m\u00e1s de 1.700 personas cel\u00edacas - Digital Santo Tom\u00e9\" \/>\n<meta property=\"og:description\" content=\"CORRIENTES. Los d\u00edas 2 y 3 de diciembre se realizar\u00e1 una nueva distribuci\u00f3n de alimentos aptos para cel\u00edacos en el Dep\u00f3sito de Desarrollo Social, ubicado en Murcia 59 del barrio Apip\u00e9. La entrega estar\u00e1 a cargo de la Direcci\u00f3n de Seguridad Alimentaria. El Ministerio de Desarrollo Social de la Provincia, a cargo de Ad\u00e1n Gaya,...\" \/>\n<meta property=\"og:url\" content=\"https:\/\/digitalsantotome.com.ar\/?p=13206\" \/>\n<meta property=\"og:site_name\" content=\"Digital Santo Tom\u00e9\" \/>\n<meta property=\"article:published_time\" content=\"2025-12-01T21:05:02+00:00\" \/>\n<meta property=\"article:modified_time\" content=\"2025-12-01T21:05:09+00:00\" \/>\n<meta property=\"og:image\" content=\"https:\/\/digitalsantotome.com.ar\/wp-content\/uploads\/2025\/12\/imagen-105181.jpg\" \/>\n\t<meta property=\"og:image:width\" content=\"900\" \/>\n\t<meta property=\"og:image:height\" content=\"900\" \/>\n\t<meta property=\"og:image:type\" content=\"image\/jpeg\" \/>\n<meta name=\"author\" content=\"Jose Carlos Machado\" \/>\n<meta name=\"twitter:card\" content=\"summary_large_image\" \/>\n<meta name=\"twitter:label1\" content=\"Escrito por\" \/>\n\t<meta name=\"twitter:data1\" content=\"Jose Carlos Machado\" \/>\n\t<meta name=\"twitter:label2\" content=\"Tiempo de lectura\" \/>\n\t<meta name=\"twitter:data2\" content=\"1 minuto\" \/>\n<script type=\"application\/ld+json\" class=\"yoast-schema-graph\">{\"@context\":\"https:\\\/\\\/schema.org\",\"@graph\":[{\"@type\":\"Article\",\"@id\":\"https:\\\/\\\/digitalsantotome.com.ar\\\/?p=13206#article\",\"isPartOf\":{\"@id\":\"https:\\\/\\\/digitalsantotome.com.ar\\\/?p=13206\"},\"author\":{\"name\":\"Jose Carlos Machado\",\"@id\":\"https:\\\/\\\/digitalsantotome.com.ar\\\/#\\\/schema\\\/person\\\/8991d8822886fedd92ce7f03817e1bdf\"},\"headline\":\"La Provincia entregar\u00e1 m\u00f3dulos sin gluten a m\u00e1s de 1.700 personas cel\u00edacas\",\"datePublished\":\"2025-12-01T21:05:02+00:00\",\"dateModified\":\"2025-12-01T21:05:09+00:00\",\"mainEntityOfPage\":{\"@id\":\"https:\\\/\\\/digitalsantotome.com.ar\\\/?p=13206\"},\"wordCount\":173,\"publisher\":{\"@id\":\"https:\\\/\\\/digitalsantotome.com.ar\\\/#organization\"},\"image\":{\"@id\":\"https:\\\/\\\/digitalsantotome.com.ar\\\/?p=13206#primaryimage\"},\"thumbnailUrl\":\"https:\\\/\\\/digitalsantotome.com.ar\\\/wp-content\\\/uploads\\\/2025\\\/12\\\/imagen-105181.jpg\",\"articleSection\":[\"Provinciales\"],\"inLanguage\":\"es\"},{\"@type\":\"WebPage\",\"@id\":\"https:\\\/\\\/digitalsantotome.com.ar\\\/?p=13206\",\"url\":\"https:\\\/\\\/digitalsantotome.com.ar\\\/?p=13206\",\"name\":\"La Provincia entregar\u00e1 m\u00f3dulos sin gluten a m\u00e1s de 1.700 personas cel\u00edacas - Digital Santo Tom\u00e9\",\"isPartOf\":{\"@id\":\"https:\\\/\\\/digitalsantotome.com.ar\\\/#website\"},\"primaryImageOfPage\":{\"@id\":\"https:\\\/\\\/digitalsantotome.com.ar\\\/?p=13206#primaryimage\"},\"image\":{\"@id\":\"https:\\\/\\\/digitalsantotome.com.ar\\\/?p=13206#primaryimage\"},\"thumbnailUrl\":\"https:\\\/\\\/digitalsantotome.com.ar\\\/wp-content\\\/uploads\\\/2025\\\/12\\\/imagen-105181.jpg\",\"datePublished\":\"2025-12-01T21:05:02+00:00\",\"dateModified\":\"2025-12-01T21:05:09+00:00\",\"breadcrumb\":{\"@id\":\"https:\\\/\\\/digitalsantotome.com.ar\\\/?p=13206#breadcrumb\"},\"inLanguage\":\"es\",\"potentialAction\":[{\"@type\":\"ReadAction\",\"target\":[\"https:\\\/\\\/digitalsantotome.com.ar\\\/?p=13206\"]}]},{\"@type\":\"ImageObject\",\"inLanguage\":\"es\",\"@id\":\"https:\\\/\\\/digitalsantotome.com.ar\\\/?p=13206#primaryimage\",\"url\":\"https:\\\/\\\/digitalsantotome.com.ar\\\/wp-content\\\/uploads\\\/2025\\\/12\\\/imagen-105181.jpg\",\"contentUrl\":\"https:\\\/\\\/digitalsantotome.com.ar\\\/wp-content\\\/uploads\\\/2025\\\/12\\\/imagen-105181.jpg\",\"width\":900,\"height\":900},{\"@type\":\"BreadcrumbList\",\"@id\":\"https:\\\/\\\/digitalsantotome.com.ar\\\/?p=13206#breadcrumb\",\"itemListElement\":[{\"@type\":\"ListItem\",\"position\":1,\"name\":\"Portada\",\"item\":\"https:\\\/\\\/digitalsantotome.com.ar\\\/\"},{\"@type\":\"ListItem\",\"position\":2,\"name\":\"La Provincia entregar\u00e1 m\u00f3dulos sin gluten a m\u00e1s de 1.700 personas cel\u00edacas\"}]},{\"@type\":\"WebSite\",\"@id\":\"https:\\\/\\\/digitalsantotome.com.ar\\\/#website\",\"url\":\"https:\\\/\\\/digitalsantotome.com.ar\\\/\",\"name\":\"Digital Santo Tom\u00e9\",\"description\":\"Noticias desde Santo Tom\u00e9 al Mundo \u2013 La informacion que decide\",\"publisher\":{\"@id\":\"https:\\\/\\\/digitalsantotome.com.ar\\\/#organization\"},\"potentialAction\":[{\"@type\":\"SearchAction\",\"target\":{\"@type\":\"EntryPoint\",\"urlTemplate\":\"https:\\\/\\\/digitalsantotome.com.ar\\\/?s={search_term_string}\"},\"query-input\":{\"@type\":\"PropertyValueSpecification\",\"valueRequired\":true,\"valueName\":\"search_term_string\"}}],\"inLanguage\":\"es\"},{\"@type\":\"Organization\",\"@id\":\"https:\\\/\\\/digitalsantotome.com.ar\\\/#organization\",\"name\":\"Digital Santo Tom\u00e9\",\"url\":\"https:\\\/\\\/digitalsantotome.com.ar\\\/\",\"logo\":{\"@type\":\"ImageObject\",\"inLanguage\":\"es\",\"@id\":\"https:\\\/\\\/digitalsantotome.com.ar\\\/#\\\/schema\\\/logo\\\/image\\\/\",\"url\":\"https:\\\/\\\/digitalsantotome.com.ar\\\/wp-content\\\/uploads\\\/2023\\\/01\\\/facebook.jpg\",\"contentUrl\":\"https:\\\/\\\/digitalsantotome.com.ar\\\/wp-content\\\/uploads\\\/2023\\\/01\\\/facebook.jpg\",\"width\":512,\"height\":376,\"caption\":\"Digital Santo Tom\u00e9\"},\"image\":{\"@id\":\"https:\\\/\\\/digitalsantotome.com.ar\\\/#\\\/schema\\\/logo\\\/image\\\/\"}},{\"@type\":\"Person\",\"@id\":\"https:\\\/\\\/digitalsantotome.com.ar\\\/#\\\/schema\\\/person\\\/8991d8822886fedd92ce7f03817e1bdf\",\"name\":\"Jose Carlos Machado\",\"url\":\"https:\\\/\\\/digitalsantotome.com.ar\\\/?author=2\"}]}<\/script>\n<!-- \/ Yoast SEO plugin. -->","yoast_head_json":{"title":"La Provincia entregar\u00e1 m\u00f3dulos sin gluten a m\u00e1s de 1.700 personas cel\u00edacas - Digital Santo Tom\u00e9","robots":{"index":"index","follow":"follow","max-snippet":"max-snippet:-1","max-image-preview":"max-image-preview:large","max-video-preview":"max-video-preview:-1"},"canonical":"https:\/\/digitalsantotome.com.ar\/?p=13206","og_locale":"es_ES","og_type":"article","og_title":"La Provincia entregar\u00e1 m\u00f3dulos sin gluten a m\u00e1s de 1.700 personas cel\u00edacas - Digital Santo Tom\u00e9","og_description":"CORRIENTES. Los d\u00edas 2 y 3 de diciembre se realizar\u00e1 una nueva distribuci\u00f3n de alimentos aptos para cel\u00edacos en el Dep\u00f3sito de Desarrollo Social, ubicado en Murcia 59 del barrio Apip\u00e9. La entrega estar\u00e1 a cargo de la Direcci\u00f3n de Seguridad Alimentaria. El Ministerio de Desarrollo Social de la Provincia, a cargo de Ad\u00e1n Gaya,...","og_url":"https:\/\/digitalsantotome.com.ar\/?p=13206","og_site_name":"Digital Santo Tom\u00e9","article_published_time":"2025-12-01T21:05:02+00:00","article_modified_time":"2025-12-01T21:05:09+00:00","og_image":[{"width":900,"height":900,"url":"https:\/\/digitalsantotome.com.ar\/wp-content\/uploads\/2025\/12\/imagen-105181.jpg","type":"image\/jpeg"}],"author":"Jose Carlos Machado","twitter_card":"summary_large_image","twitter_misc":{"Escrito por":"Jose Carlos Machado","Tiempo de lectura":"1 minuto"},"schema":{"@context":"https:\/\/schema.org","@graph":[{"@type":"Article","@id":"https:\/\/digitalsantotome.com.ar\/?p=13206#article","isPartOf":{"@id":"https:\/\/digitalsantotome.com.ar\/?p=13206"},"author":{"name":"Jose Carlos Machado","@id":"https:\/\/digitalsantotome.com.ar\/#\/schema\/person\/8991d8822886fedd92ce7f03817e1bdf"},"headline":"La Provincia entregar\u00e1 m\u00f3dulos sin gluten a m\u00e1s de 1.700 personas cel\u00edacas","datePublished":"2025-12-01T21:05:02+00:00","dateModified":"2025-12-01T21:05:09+00:00","mainEntityOfPage":{"@id":"https:\/\/digitalsantotome.com.ar\/?p=13206"},"wordCount":173,"publisher":{"@id":"https:\/\/digitalsantotome.com.ar\/#organization"},"image":{"@id":"https:\/\/digitalsantotome.com.ar\/?p=13206#primaryimage"},"thumbnailUrl":"https:\/\/digitalsantotome.com.ar\/wp-content\/uploads\/2025\/12\/imagen-105181.jpg","articleSection":["Provinciales"],"inLanguage":"es"},{"@type":"WebPage","@id":"https:\/\/digitalsantotome.com.ar\/?p=13206","url":"https:\/\/digitalsantotome.com.ar\/?p=13206","name":"La Provincia entregar\u00e1 m\u00f3dulos sin gluten a m\u00e1s de 1.700 personas cel\u00edacas - Digital Santo Tom\u00e9","isPartOf":{"@id":"https:\/\/digitalsantotome.com.ar\/#website"},"primaryImageOfPage":{"@id":"https:\/\/digitalsantotome.com.ar\/?p=13206#primaryimage"},"image":{"@id":"https:\/\/digitalsantotome.com.ar\/?p=13206#primaryimage"},"thumbnailUrl":"https:\/\/digitalsantotome.com.ar\/wp-content\/uploads\/2025\/12\/imagen-105181.jpg","datePublished":"2025-12-01T21:05:02+00:00","dateModified":"2025-12-01T21:05:09+00:00","breadcrumb":{"@id":"https:\/\/digitalsantotome.com.ar\/?p=13206#breadcrumb"},"inLanguage":"es","potentialAction":[{"@type":"ReadAction","target":["https:\/\/digitalsantotome.com.ar\/?p=13206"]}]},{"@type":"ImageObject","inLanguage":"es","@id":"https:\/\/digitalsantotome.com.ar\/?p=13206#primaryimage","url":"https:\/\/digitalsantotome.com.ar\/wp-content\/uploads\/2025\/12\/imagen-105181.jpg","contentUrl":"https:\/\/digitalsantotome.com.ar\/wp-content\/uploads\/2025\/12\/imagen-105181.jpg","width":900,"height":900},{"@type":"BreadcrumbList","@id":"https:\/\/digitalsantotome.com.ar\/?p=13206#breadcrumb","itemListElement":[{"@type":"ListItem","position":1,"name":"Portada","item":"https:\/\/digitalsantotome.com.ar\/"},{"@type":"ListItem","position":2,"name":"La Provincia entregar\u00e1 m\u00f3dulos sin gluten a m\u00e1s de 1.700 personas cel\u00edacas"}]},{"@type":"WebSite","@id":"https:\/\/digitalsantotome.com.ar\/#website","url":"https:\/\/digitalsantotome.com.ar\/","name":"Digital Santo Tom\u00e9","description":"Noticias desde Santo Tom\u00e9 al Mundo \u2013 La informacion que decide","publisher":{"@id":"https:\/\/digitalsantotome.com.ar\/#organization"},"potentialAction":[{"@type":"SearchAction","target":{"@type":"EntryPoint","urlTemplate":"https:\/\/digitalsantotome.com.ar\/?s={search_term_string}"},"query-input":{"@type":"PropertyValueSpecification","valueRequired":true,"valueName":"search_term_string"}}],"inLanguage":"es"},{"@type":"Organization","@id":"https:\/\/digitalsantotome.com.ar\/#organization","name":"Digital Santo Tom\u00e9","url":"https:\/\/digitalsantotome.com.ar\/","logo":{"@type":"ImageObject","inLanguage":"es","@id":"https:\/\/digitalsantotome.com.ar\/#\/schema\/logo\/image\/","url":"https:\/\/digitalsantotome.com.ar\/wp-content\/uploads\/2023\/01\/facebook.jpg","contentUrl":"https:\/\/digitalsantotome.com.ar\/wp-content\/uploads\/2023\/01\/facebook.jpg","width":512,"height":376,"caption":"Digital Santo Tom\u00e9"},"image":{"@id":"https:\/\/digitalsantotome.com.ar\/#\/schema\/logo\/image\/"}},{"@type":"Person","@id":"https:\/\/digitalsantotome.com.ar\/#\/schema\/person\/8991d8822886fedd92ce7f03817e1bdf","name":"Jose Carlos Machado","url":"https:\/\/digitalsantotome.com.ar\/?author=2"}]}},"_links":{"self":[{"href":"https:\/\/digitalsantotome.com.ar\/index.php?rest_route=\/wp\/v2\/posts\/13206","targetHints":{"allow":["GET"]}}],"collection":[{"href":"https:\/\/digitalsantotome.com.ar\/index.php?rest_route=\/wp\/v2\/posts"}],"about":[{"href":"https:\/\/digitalsantotome.com.ar\/index.php?rest_route=\/wp\/v2\/types\/post"}],"author":[{"embeddable":true,"href":"https:\/\/digitalsantotome.com.ar\/index.php?rest_route=\/wp\/v2\/users\/2"}],"replies":[{"embeddable":true,"href":"https:\/\/digitalsantotome.com.ar\/index.php?rest_route=%2Fwp%2Fv2%2Fcomments&post=13206"}],"version-history":[{"count":1,"href":"https:\/\/digitalsantotome.com.ar\/index.php?rest_route=\/wp\/v2\/posts\/13206\/revisions"}],"predecessor-version":[{"id":13208,"href":"https:\/\/digitalsantotome.com.ar\/index.php?rest_route=\/wp\/v2\/posts\/13206\/revisions\/13208"}],"wp:featuredmedia":[{"embeddable":true,"href":"https:\/\/digitalsantotome.com.ar\/index.php?rest_route=\/wp\/v2\/media\/13207"}],"wp:attachment":[{"href":"https:\/\/digitalsantotome.com.ar\/index.php?rest_route=%2Fwp%2Fv2%2Fmedia&parent=13206"}],"wp:term":[{"taxonomy":"category","embeddable":true,"href":"https:\/\/digitalsantotome.com.ar\/index.php?rest_route=%2Fwp%2Fv2%2Fcategories&post=13206"},{"taxonomy":"post_tag","embeddable":true,"href":"https:\/\/digitalsantotome.com.ar\/index.php?rest_route=%2Fwp%2Fv2%2Ftags&post=13206"}],"curies":[{"name":"wp","href":"https:\/\/api.w.org\/{rel}","templated":true}]}}