{"id":13213,"date":"2025-12-01T18:09:38","date_gmt":"2025-12-01T21:09:38","guid":{"rendered":"https:\/\/digitalsantotome.com.ar\/?p=13213"},"modified":"2025-12-01T18:09:38","modified_gmt":"2025-12-01T21:09:38","slug":"valdes-junto-a-santilli-el-equilibrio-fiscal-es-sano-para-todos","status":"publish","type":"post","link":"https:\/\/digitalsantotome.com.ar\/?p=13213","title":{"rendered":"Vald\u00e9s junto a Santilli: \u00abEl equilibrio fiscal es sano para todos\u00bb"},"content":{"rendered":"<p>CORRIENTES. Tras el encuentro realizado en el despacho del gobernador Gustavo Vald\u00e9s junto al ministro del Interior, Diego Santilli durante una conferencia de prensa brindada en el Sal\u00f3n Amarillo, este lunes, el mandatario dio cuenta que junto al funcionario abord\u00f3 una extensa agenda de temas vinculados a la relaci\u00f3n entre Corrientes y el Gobierno nacional. En este marco, el titular del Ejecutivo destac\u00f3 la \u201cinmediatez\u201d en la apertura de canales de trabajo. Asimismo, remarc\u00f3 la importancia de contar con equilibrio fiscal, en referencia al Presupuesto nacional. En este contexto cit\u00f3 que \u201cel mismo es sano para todos\u201d, porque \u201cel que no lo tenga, tarde o temprano tendr\u00e1 consecuencias\u201d, y recalc\u00f3 al respecto la coincidencia de \u201clos gobernadores radicales con el presidente de la Naci\u00f3n\u201d.<\/p>\n<p>Entre los temas tratados tambi\u00e9n ambos se explayaron sobre aquello que ata\u00f1e a obras p\u00fablicas como la Autov\u00eda Ruta Nacional 12, el segundo puente Chaco-Corrientes y el Brazo A\u00f1acu\u00e1.<\/p>\n<p>Vald\u00e9s subray\u00f3 que la presencia de un ministro del Interior activo en la articulaci\u00f3n con los gobernadores era un reclamo sostenido por las provincias. \u201cTocamos todos los puntos de la agenda com\u00fan con el Gobierno nacional\u201d, asegur\u00f3.<\/p>\n<p><strong>Conferencia de prensa<\/strong><\/p>\n<p>Primeramente, a trav\u00e9s de la conferencia de prensa, fueron consultados sobre la coparticipaci\u00f3n y equilibrio fiscal a lo que Vald\u00e9s mencion\u00f3 que \u201chablamos los gobernadores con el presidente\u201d y afirm\u00f3 que \u201c\u00e9l no tiene problema en conversar sobre la coparticipaci\u00f3n de las provincias\u201d<\/p>\n<p>\u201cEstamos en tiempos donde resolvimos los concesos fiscales\u201d, agreg\u00f3 y volvi\u00f3 a insistir que las puertas de di\u00e1logo se encuentran abiertas con el Gobierno nacional recordando, adem\u00e1s, que \u201cseguimos reclamando el punto que perdi\u00f3 en 1987 la provincia, que, si fue compensado a la provincia de Buenos Aires y a La Rioja, pero Corrientes nunca fue compensada, por ese 20% que perdi\u00f3 el 20 de diciembre y todav\u00eda lo estamos pesando\u201d.<\/p>\n<p>\u201cEse 20% de la coparticipaci\u00f3n de la provincia, equivale a unos 600 mil millones en pesos por a\u00f1o y vemos que a Corrientes le cost\u00f3 llegar\u201d, coment\u00f3.<\/p>\n<p>En esa l\u00ednea, el mandatario reflexion\u00f3 que \u201cdebemos tener equilibrio fiscal en el pa\u00eds, porque es sano para todos y tenemos que seguir haci\u00e9ndolo\u201d. \u201cCorrientes no tiene deuda y si tomar\u00e1s una, no ser\u00eda para pagar gasto corriente sino para utilizarlo en inversiones a futuro para las ciudades o redes viales\u201d, detall\u00f3 al hacer referencia sobre el equilibrio que sostiene la provincia donde a las dem\u00e1s no cuenten con ello tendr\u00e1n \u201calgunas consecuencias\u201d.<\/p>\n<p>Por su parte, el ministro del Interior indic\u00f3 que \u201cdesde 1994 tenemos una conversaci\u00f3n, donde hoy la prioridad son las reformas\u201d tanto \u201clas que plantean los gobernadores como el presidente, en pos de que el pa\u00eds salga adelante\u201d.<\/p>\n<p>Tambi\u00e9n mencion\u00f3 que las provincias que \u201chacen el camino correcto tienen un norte adecuado y el resto tendr\u00e1n que acomodarse\u201d.<\/p>\n<p><strong>Presupuesto y reformas: un verano movido<\/strong><\/p>\n<p>\u201cLa Argentina tiene que tener una hoja de ruta, y el Presupuesto est\u00e1 bajo los par\u00e1metros que todos queremos para nuestro pa\u00eds: el equilibrio fiscal, el de no tener d\u00e9ficit, y obviamente hemos analizado varias de las propuestas\u201d, refiri\u00f3 Santilli al ser consultado sobre las asignaciones que podr\u00eda recibir la provincia en particular. \u201cMe llevo en mi agenda una larga tarea que me ha dado Gustavo Vald\u00e9s para poder resolver\u201d, apunt\u00f3.<\/p>\n<p>Otro punto de coincidencia, fue la necesidad de reformas en leyes laborales. \u201cHace 15 a\u00f1os que Argentina no genera un puesto de trabajo formal neto, y hace 20 que no genera una pyme neta. Y probando los mismos mecanismos, llegamos a situaciones peores\u201d, record\u00f3. \u201cLa idea es tener una modernizaci\u00f3n, que nos permita al ciudadano que est\u00e1 en la informalidad pasar a la formalidad, y eso va a ser parte de la agenda que se va a integrar a las extraordinarias a partir del 10 de diciembre. Va a ser un verano movido, para trabajar, para que crezcamos como pa\u00eds. Si crecemos como dice el presupuesto, 5% anual, eso va a llegar a todas las provincias y a todo el pa\u00eds, y vamos a generar trabajo para los argentinos\u201d, prometi\u00f3.<\/p>\n<p>Por su parte, el mandatario provincial remarc\u00f3 la importancia de contar con equilibrio fiscal, en referencia al Presupuesto nacional. En este contexto cit\u00f3 que \u201cel mismo es sano para todos\u201d, porque \u201cel que no lo tenga, tarde o temprano tendr\u00e1 consecuencias\u201d, y recalc\u00f3 al respecto la coincidencia de \u201clos gobernadores radicales con el presidente de la Naci\u00f3n\u201d.<\/p>\n<p><strong>Agenda de desarrollo y riesgo pa\u00eds<\/strong><\/p>\n<p>Por otra parte, el Ministro del Interior destac\u00f3 llevarse una \u201cagenda para el desarrollo desde la provincia\u201d, y anticip\u00f3 que \u201cen los pr\u00f3ximos d\u00edas\u201d, el Presidente Javier Milei \u201cVa a poner arriba de la mesa cu\u00e1l es la agenda para el crecimiento y el desarrollo del pa\u00eds. Voy a trabajar esta semana para dar respuestas concretas respecto de los puntos que el Gobernador me dio\u201d, reiter\u00f3 Santilli.<\/p>\n<p>A su turno, Vald\u00e9s ratific\u00f3 que la provincia contin\u00faa su propia agenda de trabajo en pos del crecimiento, entre lo que mencion\u00f3 la prioridad de \u201cabrir mercados, juntar la oferta con la demanda productiva es la clave\u201d, para lo cual reiter\u00f3 la necesidad de un \u201cun gobierno nacional que trabaje la macroeconom\u00eda y que baje el riesgo pa\u00eds: cuando desciende, eso impacta sobre las tasas de inter\u00e9s, y si tenemos cr\u00e9dito, tenemos posibilidades\u201d.<\/p>\n<p>En ese sentido, mencion\u00f3 como puntos estrat\u00e9gicos el simplificar \u201cla burocracia para exportar y contar con la infraestructura con posibilidades de inversi\u00f3n. Pero no hay nadie que pueda invertir si no tenemos esas tasas bajas\u201d, advirti\u00f3.<\/p>\n<p>A la vez, coincidi\u00f3 con el funcionario nacional en cuanto a la necesidad de \u201creformas estructurales\u201d y poder discutir una \u201cley laboral que nos haga din\u00e1micos\u201d, a la vez que breg\u00f3 por \u201cconvertirnos en un pa\u00eds serio, con previsibilidad que nos da el presupuesto\u201d.<\/p>\n<p><strong>Las deudas pendientes, la frazada corta<\/strong><\/p>\n<p>Respecto sobre el planteo com\u00fan de los gobernadores que ha visitado hasta ahora, Santilli reconoci\u00f3 que se enfocan en los reclamos de dudas que la Naci\u00f3n mantiene con las provincias.<\/p>\n<p>\u201cHay varios frentes de trabajo en esa materia: cajas no transferidas y equilibrio fiscal entre Naci\u00f3n y provincia. Hemos hablado algo de tierras tambi\u00e9n, que a la provincia le interesa y le sirve. Pero si uno mira el Presupuesto Nacional, ve que el 85% del gasto es jubilaciones, salud y educaci\u00f3n, es la frazada corta que tenemos, por eso es menesteroso crecer\u201d, enfatiz\u00f3.<\/p>\n<p>As\u00ed, tanto las medidas econ\u00f3micas implementadas hasta ahora, como \u201cuna bater\u00eda de propuestas\u201d que presentar\u00e1 el gobierno nacional en el futuro pr\u00f3ximo, \u201cnos va a permitir reactivar la econom\u00eda fuertemente\u201d, sostuvo.<\/p>\n<p>\u201cLo m\u00e1s importante del encuentro con los gobernadores es que cada uno entiende que un pa\u00eds creciendo son m\u00e1s recursos para sus provincias, y todos apuntamos hacia ese camino\u201d, indic\u00f3.<\/p>\n<p><strong>Cuadro tarifario de energ\u00eda y presi\u00f3n fiscal<\/strong><\/p>\n<p>Asimismo, Santilli hizo menci\u00f3n que los temas relacionados con el cuadro tarifario \u201cse contempla dentro de una bater\u00eda de medidas que lo venimos llevando adelante con el ministro de Econom\u00eda\u201d donde \u201clas reformas tienen una baja modificaci\u00f3n en cuestiones fiscales, que va a contribuir\u201d, remarc\u00f3.<\/p>\n<p>\u201cEst\u00e1 es una tarea para analizar con los senadores y diputados nacionales que lo debatiremos luego\u201d, adelant\u00f3.<\/p>\n<p>&nbsp;<\/p>\n<p><strong>Sector agropecuario: temas productivos y regal\u00edas por las represas<\/strong><\/p>\n<p>Posteriormente, el gobernador correntino se refiri\u00f3 a la agenda productiva de la provincia comentando que \u201ctenemos que mirar y hablamos sobre la agenda productiva\u201d y por eso, \u201cvolvimos a sincronizar temas porque tenemos la visi\u00f3n del cambio para la Rep\u00fablica Argentina y nosotros nunca \u00edbamos a bajar los brazos para apuntalar el cambio\u201d, a\u00f1adi\u00f3.<\/p>\n<p>Tambi\u00e9n, enumer\u00f3 que otro de los temas abordados junto al ministro de Interior fueron el arroz, la producci\u00f3n, la deforestaci\u00f3n y los sectores que tienen m\u00e1s dinamismo como la carne, \u201cde lo que nos deben, las obras p\u00fablicas, la pol\u00edtica, la realidad nacional y local\u201d, indic\u00f3. \u201cLa agenda productiva est\u00e1 en el gobierno\u201d, ratific\u00f3.<\/p>\n<p>Adem\u00e1s, volvi\u00f3 a remarcar que en cuanto al di\u00e1logo \u201cse abre otra etapa y Santilli le va a dar dinamismo necesario para ello\u201d y \u201cvamos a colaborar porque tenemos la misma visi\u00f3n y vamos hablar de estos temas a futuro\u201d, sostuvo remarcando el camino a seguir de cara a las mesas de di\u00e1logo a entablar entre Provincia-Naci\u00f3n.<\/p>\n<p>\u201cEstamos ante una agenda abierta y sana para poder tener una conversaci\u00f3n institucional porque tiene que ser el puntapi\u00e9 inicial del contacto con el Gobierno nacional\u201d, subray\u00f3 el mandatario.<\/p>\n<p><strong>Puente y Autov\u00eda<\/strong><\/p>\n<p>Por otro lado, en materia de obras, se abord\u00f3 el estado del segundo puente Chaco-Corrientes y la Autov\u00eda de la ruta nacional 12, a lo que Vald\u00e9s, respondi\u00f3 que \u201chubiera querido tener respuestas antes de terminar mi gobierno\u201d.<\/p>\n<p>Seguidamente, el funcionario nacional indic\u00f3 que \u201clo voy a poner en mi agenda de trabajo, entiendo la importancia y vamos hacer lo posible para que suceda\u201d, al referirse al avance de las obras ubicadas por la v\u00eda nacional 12.<\/p>\n<p>En tanto, sobre el puente Chaco- Corrientes, Santilli sostuvo que \u201ces una v\u00eda fundamental\u201d y \u201clo cual es una obra de gran envergadura y se est\u00e1 analizando, y sabemos que es un tema que est\u00e1 en agenda y lo voy a seguir de cerca y si hay avances lo vamos a notificar respectivamente\u201d, subray\u00f3.<\/p>\n<p><strong>Presencias<\/strong><\/p>\n<p>En la oportunidad, adem\u00e1s el Gobernador y el ministro del Interior de la Naci\u00f3n, se encontraron presentes el vicegobernador, Pedro Braillard Poccard, los ministros del Poder Ejecutivo provincial, el intendente de la ciudad, Eduardo Tassano, el viceintendente, Emilio Lanari, legisladores nacionales y provinciales, subsecretarios y secretario provinciales y municipales, entre otros.<\/p>\n","protected":false},"excerpt":{"rendered":"<p>CORRIENTES. Tras el encuentro realizado en el despacho del gobernador Gustavo Vald\u00e9s junto al ministro del Interior, Diego Santilli durante una conferencia de prensa brindada en el Sal\u00f3n Amarillo, este lunes, el mandatario dio cuenta que junto al funcionario abord\u00f3 una extensa agenda de temas vinculados a la relaci\u00f3n entre Corrientes y el Gobierno nacional&#8230;.<\/p>\n","protected":false},"author":2,"featured_media":13214,"comment_status":"closed","ping_status":"closed","sticky":false,"template":"","format":"standard","meta":{"_kad_post_transparent":"default","_kad_post_title":"default","_kad_post_layout":"default","_kad_post_sidebar_id":"","_kad_post_content_style":"default","_kad_post_vertical_padding":"default","_kad_post_feature":"","_kad_post_feature_position":"","_kad_post_header":false,"_kad_post_footer":false,"_kad_post_classname":"","footnotes":""},"categories":[2],"tags":[],"class_list":["post-13213","post","type-post","status-publish","format-standard","has-post-thumbnail","hentry","category-provinciales"],"a3_pvc":{"activated":false,"total_views":0,"today_views":0},"yoast_head":"<!-- This site is optimized with the Yoast SEO plugin v27.5 - https:\/\/yoast.com\/product\/yoast-seo-wordpress\/ -->\n<title>Vald\u00e9s junto a Santilli: &quot;El equilibrio fiscal es sano para todos&quot; - Digital Santo Tom\u00e9<\/title>\n<meta name=\"robots\" content=\"index, follow, max-snippet:-1, max-image-preview:large, max-video-preview:-1\" \/>\n<link rel=\"canonical\" href=\"https:\/\/digitalsantotome.com.ar\/?p=13213\" \/>\n<meta property=\"og:locale\" content=\"es_ES\" \/>\n<meta property=\"og:type\" content=\"article\" \/>\n<meta property=\"og:title\" content=\"Vald\u00e9s junto a Santilli: &quot;El equilibrio fiscal es sano para todos&quot; - Digital Santo Tom\u00e9\" \/>\n<meta property=\"og:description\" content=\"CORRIENTES. Tras el encuentro realizado en el despacho del gobernador Gustavo Vald\u00e9s junto al ministro del Interior, Diego Santilli durante una conferencia de prensa brindada en el Sal\u00f3n Amarillo, este lunes, el mandatario dio cuenta que junto al funcionario abord\u00f3 una extensa agenda de temas vinculados a la relaci\u00f3n entre Corrientes y el Gobierno nacional....\" \/>\n<meta property=\"og:url\" content=\"https:\/\/digitalsantotome.com.ar\/?p=13213\" \/>\n<meta property=\"og:site_name\" content=\"Digital Santo Tom\u00e9\" \/>\n<meta property=\"article:published_time\" content=\"2025-12-01T21:09:38+00:00\" \/>\n<meta property=\"og:image\" content=\"https:\/\/digitalsantotome.com.ar\/wp-content\/uploads\/2025\/12\/imagen-105173.jpg\" \/>\n\t<meta property=\"og:image:width\" content=\"1600\" \/>\n\t<meta property=\"og:image:height\" content=\"1066\" \/>\n\t<meta property=\"og:image:type\" content=\"image\/jpeg\" \/>\n<meta name=\"author\" content=\"Jose Carlos Machado\" \/>\n<meta name=\"twitter:card\" content=\"summary_large_image\" \/>\n<meta name=\"twitter:label1\" content=\"Escrito por\" \/>\n\t<meta name=\"twitter:data1\" content=\"Jose Carlos Machado\" \/>\n\t<meta name=\"twitter:label2\" content=\"Tiempo de lectura\" \/>\n\t<meta name=\"twitter:data2\" content=\"8 minutos\" \/>\n<script type=\"application\/ld+json\" class=\"yoast-schema-graph\">{\"@context\":\"https:\\\/\\\/schema.org\",\"@graph\":[{\"@type\":\"Article\",\"@id\":\"https:\\\/\\\/digitalsantotome.com.ar\\\/?p=13213#article\",\"isPartOf\":{\"@id\":\"https:\\\/\\\/digitalsantotome.com.ar\\\/?p=13213\"},\"author\":{\"name\":\"Jose Carlos Machado\",\"@id\":\"https:\\\/\\\/digitalsantotome.com.ar\\\/#\\\/schema\\\/person\\\/8991d8822886fedd92ce7f03817e1bdf\"},\"headline\":\"Vald\u00e9s junto a Santilli: \u00abEl equilibrio fiscal es sano para todos\u00bb\",\"datePublished\":\"2025-12-01T21:09:38+00:00\",\"mainEntityOfPage\":{\"@id\":\"https:\\\/\\\/digitalsantotome.com.ar\\\/?p=13213\"},\"wordCount\":1670,\"publisher\":{\"@id\":\"https:\\\/\\\/digitalsantotome.com.ar\\\/#organization\"},\"image\":{\"@id\":\"https:\\\/\\\/digitalsantotome.com.ar\\\/?p=13213#primaryimage\"},\"thumbnailUrl\":\"https:\\\/\\\/digitalsantotome.com.ar\\\/wp-content\\\/uploads\\\/2025\\\/12\\\/imagen-105173.jpg\",\"articleSection\":[\"Provinciales\"],\"inLanguage\":\"es\"},{\"@type\":\"WebPage\",\"@id\":\"https:\\\/\\\/digitalsantotome.com.ar\\\/?p=13213\",\"url\":\"https:\\\/\\\/digitalsantotome.com.ar\\\/?p=13213\",\"name\":\"Vald\u00e9s junto a Santilli: \\\"El equilibrio fiscal es sano para todos\\\" - Digital Santo Tom\u00e9\",\"isPartOf\":{\"@id\":\"https:\\\/\\\/digitalsantotome.com.ar\\\/#website\"},\"primaryImageOfPage\":{\"@id\":\"https:\\\/\\\/digitalsantotome.com.ar\\\/?p=13213#primaryimage\"},\"image\":{\"@id\":\"https:\\\/\\\/digitalsantotome.com.ar\\\/?p=13213#primaryimage\"},\"thumbnailUrl\":\"https:\\\/\\\/digitalsantotome.com.ar\\\/wp-content\\\/uploads\\\/2025\\\/12\\\/imagen-105173.jpg\",\"datePublished\":\"2025-12-01T21:09:38+00:00\",\"breadcrumb\":{\"@id\":\"https:\\\/\\\/digitalsantotome.com.ar\\\/?p=13213#breadcrumb\"},\"inLanguage\":\"es\",\"potentialAction\":[{\"@type\":\"ReadAction\",\"target\":[\"https:\\\/\\\/digitalsantotome.com.ar\\\/?p=13213\"]}]},{\"@type\":\"ImageObject\",\"inLanguage\":\"es\",\"@id\":\"https:\\\/\\\/digitalsantotome.com.ar\\\/?p=13213#primaryimage\",\"url\":\"https:\\\/\\\/digitalsantotome.com.ar\\\/wp-content\\\/uploads\\\/2025\\\/12\\\/imagen-105173.jpg\",\"contentUrl\":\"https:\\\/\\\/digitalsantotome.com.ar\\\/wp-content\\\/uploads\\\/2025\\\/12\\\/imagen-105173.jpg\",\"width\":1600,\"height\":1066},{\"@type\":\"BreadcrumbList\",\"@id\":\"https:\\\/\\\/digitalsantotome.com.ar\\\/?p=13213#breadcrumb\",\"itemListElement\":[{\"@type\":\"ListItem\",\"position\":1,\"name\":\"Portada\",\"item\":\"https:\\\/\\\/digitalsantotome.com.ar\\\/\"},{\"@type\":\"ListItem\",\"position\":2,\"name\":\"Vald\u00e9s junto a Santilli: &#8220;El equilibrio fiscal es sano para todos&#8221;\"}]},{\"@type\":\"WebSite\",\"@id\":\"https:\\\/\\\/digitalsantotome.com.ar\\\/#website\",\"url\":\"https:\\\/\\\/digitalsantotome.com.ar\\\/\",\"name\":\"Digital Santo Tom\u00e9\",\"description\":\"Noticias desde Santo Tom\u00e9 al Mundo \u2013 La informacion que decide\",\"publisher\":{\"@id\":\"https:\\\/\\\/digitalsantotome.com.ar\\\/#organization\"},\"potentialAction\":[{\"@type\":\"SearchAction\",\"target\":{\"@type\":\"EntryPoint\",\"urlTemplate\":\"https:\\\/\\\/digitalsantotome.com.ar\\\/?s={search_term_string}\"},\"query-input\":{\"@type\":\"PropertyValueSpecification\",\"valueRequired\":true,\"valueName\":\"search_term_string\"}}],\"inLanguage\":\"es\"},{\"@type\":\"Organization\",\"@id\":\"https:\\\/\\\/digitalsantotome.com.ar\\\/#organization\",\"name\":\"Digital Santo Tom\u00e9\",\"url\":\"https:\\\/\\\/digitalsantotome.com.ar\\\/\",\"logo\":{\"@type\":\"ImageObject\",\"inLanguage\":\"es\",\"@id\":\"https:\\\/\\\/digitalsantotome.com.ar\\\/#\\\/schema\\\/logo\\\/image\\\/\",\"url\":\"https:\\\/\\\/digitalsantotome.com.ar\\\/wp-content\\\/uploads\\\/2023\\\/01\\\/facebook.jpg\",\"contentUrl\":\"https:\\\/\\\/digitalsantotome.com.ar\\\/wp-content\\\/uploads\\\/2023\\\/01\\\/facebook.jpg\",\"width\":512,\"height\":376,\"caption\":\"Digital Santo Tom\u00e9\"},\"image\":{\"@id\":\"https:\\\/\\\/digitalsantotome.com.ar\\\/#\\\/schema\\\/logo\\\/image\\\/\"}},{\"@type\":\"Person\",\"@id\":\"https:\\\/\\\/digitalsantotome.com.ar\\\/#\\\/schema\\\/person\\\/8991d8822886fedd92ce7f03817e1bdf\",\"name\":\"Jose Carlos Machado\",\"url\":\"https:\\\/\\\/digitalsantotome.com.ar\\\/?author=2\"}]}<\/script>\n<!-- \/ Yoast SEO plugin. -->","yoast_head_json":{"title":"Vald\u00e9s junto a Santilli: \"El equilibrio fiscal es sano para todos\" - Digital Santo Tom\u00e9","robots":{"index":"index","follow":"follow","max-snippet":"max-snippet:-1","max-image-preview":"max-image-preview:large","max-video-preview":"max-video-preview:-1"},"canonical":"https:\/\/digitalsantotome.com.ar\/?p=13213","og_locale":"es_ES","og_type":"article","og_title":"Vald\u00e9s junto a Santilli: \"El equilibrio fiscal es sano para todos\" - Digital Santo Tom\u00e9","og_description":"CORRIENTES. Tras el encuentro realizado en el despacho del gobernador Gustavo Vald\u00e9s junto al ministro del Interior, Diego Santilli durante una conferencia de prensa brindada en el Sal\u00f3n Amarillo, este lunes, el mandatario dio cuenta que junto al funcionario abord\u00f3 una extensa agenda de temas vinculados a la relaci\u00f3n entre Corrientes y el Gobierno nacional....","og_url":"https:\/\/digitalsantotome.com.ar\/?p=13213","og_site_name":"Digital Santo Tom\u00e9","article_published_time":"2025-12-01T21:09:38+00:00","og_image":[{"width":1600,"height":1066,"url":"https:\/\/digitalsantotome.com.ar\/wp-content\/uploads\/2025\/12\/imagen-105173.jpg","type":"image\/jpeg"}],"author":"Jose Carlos Machado","twitter_card":"summary_large_image","twitter_misc":{"Escrito por":"Jose Carlos Machado","Tiempo de lectura":"8 minutos"},"schema":{"@context":"https:\/\/schema.org","@graph":[{"@type":"Article","@id":"https:\/\/digitalsantotome.com.ar\/?p=13213#article","isPartOf":{"@id":"https:\/\/digitalsantotome.com.ar\/?p=13213"},"author":{"name":"Jose Carlos Machado","@id":"https:\/\/digitalsantotome.com.ar\/#\/schema\/person\/8991d8822886fedd92ce7f03817e1bdf"},"headline":"Vald\u00e9s junto a Santilli: \u00abEl equilibrio fiscal es sano para todos\u00bb","datePublished":"2025-12-01T21:09:38+00:00","mainEntityOfPage":{"@id":"https:\/\/digitalsantotome.com.ar\/?p=13213"},"wordCount":1670,"publisher":{"@id":"https:\/\/digitalsantotome.com.ar\/#organization"},"image":{"@id":"https:\/\/digitalsantotome.com.ar\/?p=13213#primaryimage"},"thumbnailUrl":"https:\/\/digitalsantotome.com.ar\/wp-content\/uploads\/2025\/12\/imagen-105173.jpg","articleSection":["Provinciales"],"inLanguage":"es"},{"@type":"WebPage","@id":"https:\/\/digitalsantotome.com.ar\/?p=13213","url":"https:\/\/digitalsantotome.com.ar\/?p=13213","name":"Vald\u00e9s junto a Santilli: \"El equilibrio fiscal es sano para todos\" - Digital Santo Tom\u00e9","isPartOf":{"@id":"https:\/\/digitalsantotome.com.ar\/#website"},"primaryImageOfPage":{"@id":"https:\/\/digitalsantotome.com.ar\/?p=13213#primaryimage"},"image":{"@id":"https:\/\/digitalsantotome.com.ar\/?p=13213#primaryimage"},"thumbnailUrl":"https:\/\/digitalsantotome.com.ar\/wp-content\/uploads\/2025\/12\/imagen-105173.jpg","datePublished":"2025-12-01T21:09:38+00:00","breadcrumb":{"@id":"https:\/\/digitalsantotome.com.ar\/?p=13213#breadcrumb"},"inLanguage":"es","potentialAction":[{"@type":"ReadAction","target":["https:\/\/digitalsantotome.com.ar\/?p=13213"]}]},{"@type":"ImageObject","inLanguage":"es","@id":"https:\/\/digitalsantotome.com.ar\/?p=13213#primaryimage","url":"https:\/\/digitalsantotome.com.ar\/wp-content\/uploads\/2025\/12\/imagen-105173.jpg","contentUrl":"https:\/\/digitalsantotome.com.ar\/wp-content\/uploads\/2025\/12\/imagen-105173.jpg","width":1600,"height":1066},{"@type":"BreadcrumbList","@id":"https:\/\/digitalsantotome.com.ar\/?p=13213#breadcrumb","itemListElement":[{"@type":"ListItem","position":1,"name":"Portada","item":"https:\/\/digitalsantotome.com.ar\/"},{"@type":"ListItem","position":2,"name":"Vald\u00e9s junto a Santilli: &#8220;El equilibrio fiscal es sano para todos&#8221;"}]},{"@type":"WebSite","@id":"https:\/\/digitalsantotome.com.ar\/#website","url":"https:\/\/digitalsantotome.com.ar\/","name":"Digital Santo Tom\u00e9","description":"Noticias desde Santo Tom\u00e9 al Mundo \u2013 La informacion que decide","publisher":{"@id":"https:\/\/digitalsantotome.com.ar\/#organization"},"potentialAction":[{"@type":"SearchAction","target":{"@type":"EntryPoint","urlTemplate":"https:\/\/digitalsantotome.com.ar\/?s={search_term_string}"},"query-input":{"@type":"PropertyValueSpecification","valueRequired":true,"valueName":"search_term_string"}}],"inLanguage":"es"},{"@type":"Organization","@id":"https:\/\/digitalsantotome.com.ar\/#organization","name":"Digital Santo Tom\u00e9","url":"https:\/\/digitalsantotome.com.ar\/","logo":{"@type":"ImageObject","inLanguage":"es","@id":"https:\/\/digitalsantotome.com.ar\/#\/schema\/logo\/image\/","url":"https:\/\/digitalsantotome.com.ar\/wp-content\/uploads\/2023\/01\/facebook.jpg","contentUrl":"https:\/\/digitalsantotome.com.ar\/wp-content\/uploads\/2023\/01\/facebook.jpg","width":512,"height":376,"caption":"Digital Santo Tom\u00e9"},"image":{"@id":"https:\/\/digitalsantotome.com.ar\/#\/schema\/logo\/image\/"}},{"@type":"Person","@id":"https:\/\/digitalsantotome.com.ar\/#\/schema\/person\/8991d8822886fedd92ce7f03817e1bdf","name":"Jose Carlos Machado","url":"https:\/\/digitalsantotome.com.ar\/?author=2"}]}},"_links":{"self":[{"href":"https:\/\/digitalsantotome.com.ar\/index.php?rest_route=\/wp\/v2\/posts\/13213","targetHints":{"allow":["GET"]}}],"collection":[{"href":"https:\/\/digitalsantotome.com.ar\/index.php?rest_route=\/wp\/v2\/posts"}],"about":[{"href":"https:\/\/digitalsantotome.com.ar\/index.php?rest_route=\/wp\/v2\/types\/post"}],"author":[{"embeddable":true,"href":"https:\/\/digitalsantotome.com.ar\/index.php?rest_route=\/wp\/v2\/users\/2"}],"replies":[{"embeddable":true,"href":"https:\/\/digitalsantotome.com.ar\/index.php?rest_route=%2Fwp%2Fv2%2Fcomments&post=13213"}],"version-history":[{"count":1,"href":"https:\/\/digitalsantotome.com.ar\/index.php?rest_route=\/wp\/v2\/posts\/13213\/revisions"}],"predecessor-version":[{"id":13215,"href":"https:\/\/digitalsantotome.com.ar\/index.php?rest_route=\/wp\/v2\/posts\/13213\/revisions\/13215"}],"wp:featuredmedia":[{"embeddable":true,"href":"https:\/\/digitalsantotome.com.ar\/index.php?rest_route=\/wp\/v2\/media\/13214"}],"wp:attachment":[{"href":"https:\/\/digitalsantotome.com.ar\/index.php?rest_route=%2Fwp%2Fv2%2Fmedia&parent=13213"}],"wp:term":[{"taxonomy":"category","embeddable":true,"href":"https:\/\/digitalsantotome.com.ar\/index.php?rest_route=%2Fwp%2Fv2%2Fcategories&post=13213"},{"taxonomy":"post_tag","embeddable":true,"href":"https:\/\/digitalsantotome.com.ar\/index.php?rest_route=%2Fwp%2Fv2%2Ftags&post=13213"}],"curies":[{"name":"wp","href":"https:\/\/api.w.org\/{rel}","templated":true}]}}