{"id":13734,"date":"2026-01-06T20:34:23","date_gmt":"2026-01-06T23:34:23","guid":{"rendered":"https:\/\/digitalsantotome.com.ar\/?p=13734"},"modified":"2026-01-06T20:34:31","modified_gmt":"2026-01-06T23:34:31","slug":"traspasan-a-tarifas-de-la-dpec-aumentos-en-la-energia-mayorista","status":"publish","type":"post","link":"https:\/\/digitalsantotome.com.ar\/?p=13734","title":{"rendered":"Traspasan a tarifas de la DPEC aumentos en la energ\u00eda mayorista"},"content":{"rendered":"<div class=\"row\">\n<div id=\"conte\" class=\"span6 base\">\n<p>CORRIENTES. El Gobierno provincial volvi\u00f3 a realizar el traspaso a las tarifas de la DPEC de los aumentos registrados en el precio de la energ\u00eda mayorista, en este caso para el periodo diciembre\/abril. Ingrese \u00a0 al\u00a0 detalle de las tarifas.<\/p>\n<p>Con fecha 9 de diciembre, en el Decreto N\u00ba2382, el Poder Ejecutivo de Corrientes hab\u00eda autorizado a la Direcci\u00f3n Provincial de Energ\u00eda de Corrientes a realizar el traslado autom\u00e1tico a las tarifas de los \u00faltimos aumentos en el costo mayorista de la energ\u00eda dispuestos por el Estado Nacional para el periodo noviembre-diciembre. All\u00ed se establecieron valores sin bonificaci\u00f3n (subsidios) y con bonificaci\u00f3n de noviembre y diciembre.<\/p>\n<p>En tanto, en la \u00faltima edici\u00f3n del Bolet\u00edn Oficial, se public\u00f3 el Decreto N\u00ba 61, de fecha 19 de diciembre, en el que se fij\u00f3 el nuevo esquema tarifario resultante del traspaso de los costos mayoristas para el per\u00edodo Diciembre 2025\/ Abril 2026 establecidos por Resoluci\u00f3n de la Secretar\u00eda de Energ\u00eda de la Naci\u00f3n. En base a los aumentos, la DPEC estableci\u00f3 nuevos valores sin bonificaci\u00f3n y con bonificaci\u00f3n, y en el caso de la categor\u00eda de los usuarios de \u00abIngresos Altos\u00bb de peque\u00f1as demandas residenciales ya no se incluyen subsidiios.<\/p>\n<p><strong>INGRESOS ALTOS URBANO<\/strong><\/p>\n<p>De acuerdo a lo establecido en el Decreto, las peque\u00f1as demandas residenciales de usuarios urbanos (Potencia demandada menor a 10 kW) Nivel 1 de \u00abIngresos Altos\u00bb tendr\u00e1n una cuota fija por suministro 30.128 pesos, sin bonificaci\u00f3n. El Nivel 1 tendr\u00e1 un cargo variable de los primeros 600 kWh\/bimestral o fracci\u00f3n de 155,897 pesos y un cargo variable por el excedente de 600 kWh\/bimestral de 197,408 pesos, sin bonificaci\u00f3n.<\/p>\n<p><strong>INGRESOS BAJOS URBANO<\/strong><\/p>\n<p>El Nivel 2, de Bajos Ingresos, tendr\u00e1 un cargo fijo por suministro por consumo hasta 700kWh bimestral o fracci\u00f3n de 30.128 pesos Sin Bonificaci\u00f3n y $17.546 con Bonificaci\u00f3n en Diciembre. Esta cuota fija del Nivel 2 se incrementar\u00e1 si el consumo supera los 700 kWh bimestral y ser\u00e1 de 30.128 pesos, sin bonificaci\u00f3n. El Nivel 2 tendr\u00e1 adem\u00e1s un cargo variable de los primeros 600 kWh\/bimestral o fracci\u00f3n de 155,897 pesos sin bonificaci\u00f3n, y de $106,217 con bonificaci\u00f3n. Para este nivel habr\u00e1 adem\u00e1s un cargo variable por los siguientes 100 kWh bimestral que ser\u00e1 de 197,408 pesos sin bonificaci\u00f3n y de $147,728 con bonificaci\u00f3n. Por \u00faltimo, se dispone un cargo variable por el excedente de 700 kWh bimestral de $197,408 sin bonificaci\u00f3n.<\/p>\n<p><strong>INGRESOS MEDIOS URBANO<\/strong><\/p>\n<p>El Nivel 3, de Ingresos Medios, tendr\u00e1 un cargo fijo por suministro por consumo hasta 500kWh bimestral o fracci\u00f3n de 30.128 pesos sin bonificaci\u00f3n y $20.449 con bonificaci\u00f3n. Esta cuota fija del Nivel 3, se incrementar\u00e1 si el consumo supera los 500 kWh bimestral y ser\u00e1 de 30.128 pesos, es decir sin bonificaci\u00f3n. El Nivel 3 tendr\u00e1 un cargo variable de los primeros 500 kWh\/bimestral o fracci\u00f3n de 155,897 pesos sin Bonificaci\u00f3n y de $117,681 con bonificaci\u00f3n. Para este nivel habr\u00e1 adem\u00e1s un cargo variable por los siguientes 100 kWh bimestral que ser\u00e1 de 155,897 sin bonificaciones, y por \u00faltimo un cargo variable por el excedente de 600 kWh bimestral de $197,408 sin bonificaci\u00f3n.<\/p>\n<p><strong>INGRESOS ALTOS RURAL<\/strong><\/p>\n<p>De acuerdo a lo establecido en el Decreto, las peque\u00f1as demandas residenciales de usuarios rurales de \u00abIngresos Altos\u00bb tendr\u00e1n una cuota fija por suministro de 34.319, sin bonificaci\u00f3n. El Nivel 1 rural tendr\u00e1 un cargo variable de los primeros 600 kWh\/bimestral o fracci\u00f3n de 239,411 sin bonificaci\u00f3n, y un cargo variable por el excedente de 600 kWh\/bimestral de 313,609 pesos sin bonificaci\u00f3n.<\/p>\n<p><strong>INGRESOS BAJOS RURAL<\/strong><\/p>\n<p>El Nivel 2, de Bajos Ingresos rural, tendr\u00e1 un cargo fijo por suministro por consumo hasta 700kWh bimestral o fracci\u00f3n de $34.319 sin Bonificaci\u00f3n y de $25.103 con bonificaci\u00f3n. Esta cuota fija del Nivel 2 se incrementar\u00e1 si el consumo supera los 700 kWh bimestral y ser\u00e1 de 34.319 sin bonificaci\u00f3n. El Nivel 2 rural tendr\u00e1 un cargo variable de los primeros 600 kWh\/bimestral o fracci\u00f3n de 239,411 pesos sin bonificaci\u00f3n y de $192,967 con bonificaci\u00f3n a diciembre. Para este nivel habr\u00e1 adem\u00e1s un cargo variable por los siguientes 100 kWh bimestral que ser\u00e1 de $313,609 sin bonificaci\u00f3n y de $267,166 con bonificaci\u00f3n, mientras que el cargo variable por el excedente de 700 kWh bimestral ser\u00e1 de $313,609<\/p>\n<p><strong>. INGRESOS MEDIOS RURAL<\/strong><\/p>\n<p>El Nivel 3, de Ingresos Medios, tendr\u00e1 un cargo fijo por suministro por consumo hasta 500kWh bimestral o fracci\u00f3n de $34.319 sin bonificaci\u00f3n y de $27.229 con bonificaci\u00f3n, cuota fija que se incrementar\u00e1 a $34.319 si el consumo supera los 500 kWh bimestral, sin subsidios. El Nivel 3 rural tendr\u00e1 un cargo variable de los primeros 500 kWh\/bimestral o fracci\u00f3n de 239,411 pesos sin bonificaci\u00f3n y de 203,685 pesos con bonificaci\u00f3n. Para este nivel habr\u00e1 adem\u00e1s un cargo variable por los siguientes 100 kWh bimestral que ser\u00e1 de $239,411 sin bonificaci\u00f3n, mientras que el cargo variable por el excedente de 600 kWh bimestral subir\u00e1 a $313,609 sin bonificaci\u00f3n.<\/p>\n<p><strong>ELECTRODEPENDIENTES<\/strong><\/p>\n<p>En el caso de la tarifa residencial de Electrodependientes, para usuarios urbanos, se estableci\u00f3 una cuota fija por suministro de $10.771 con subsidio, y un cargo variable por todo consumo de $57,446 con Subsidio. Los Electrodependientes que son usuarios rurales tendr\u00e1n una tarifa residencial con una cuota fija por suministro de 20.140 pesos bimestral con subsidio, y un cargo variable por todo consumo de $147,374 con subsidio. OTRAS TARIFAS El cuadro tarifario de DPEC se compone adem\u00e1s de otras categor\u00edas como \u00abTarifas Generales\u00bb para la categor\u00eda \u00abPeque\u00f1as demandas Servicios Generales. Comercial y Oficial con car\u00e1cter comercial. Urbanos Industrial y Oficial con car\u00e1cter Industrial\u00bb; \u00abPeque\u00f1as demandas Servicios Generales. Autoridades Nacionales, Provinciales y Municipales. Usuarios Urbanos\u00bb; \u00abPeque\u00f1as demandas Servicios Generales. Asociaciones civiles sin fines de lucro. Usuarios urbanos\u00bb; \u00abriego agr\u00edcola de usuarios urbanos\u00bb. Tambi\u00e9n se establecen valores para esas categor\u00edas pero para el \u00e1mbito rural. Asimismo, se fijan valores para \u00abAlumbrado P\u00fablico\u00bb, y las categor\u00edas \u00abMedianas y Grandes Demandas y Servicios P\u00fablicos Sanitarios\u00bb; \u00abTarifas a Otros Distribuidores (Cooperativas)\u00bb y \u00abTarifas de Peaje de Grandes Usuarios del MEM\u00bb.<\/p>\n<\/div>\n<\/div>\n<div><\/div>\n<div>Fuente: Momarandu.com<\/div>\n","protected":false},"excerpt":{"rendered":"<p>CORRIENTES. El Gobierno provincial volvi\u00f3 a realizar el traspaso a las tarifas de la DPEC de los aumentos registrados en el precio de la energ\u00eda mayorista, en este caso para el periodo diciembre\/abril. Ingrese \u00a0 al\u00a0 detalle de las tarifas. Con fecha 9 de diciembre, en el Decreto N\u00ba2382, el Poder Ejecutivo de Corrientes hab\u00eda&#8230;<\/p>\n","protected":false},"author":2,"featured_media":13735,"comment_status":"closed","ping_status":"closed","sticky":false,"template":"","format":"standard","meta":{"_kad_post_transparent":"default","_kad_post_title":"default","_kad_post_layout":"default","_kad_post_sidebar_id":"","_kad_post_content_style":"default","_kad_post_vertical_padding":"default","_kad_post_feature":"","_kad_post_feature_position":"","_kad_post_header":false,"_kad_post_footer":false,"_kad_post_classname":"","footnotes":""},"categories":[2],"tags":[],"class_list":["post-13734","post","type-post","status-publish","format-standard","has-post-thumbnail","hentry","category-provinciales"],"a3_pvc":{"activated":false,"total_views":0,"today_views":0},"yoast_head":"<!-- This site is optimized with the Yoast SEO plugin v27.4 - https:\/\/yoast.com\/product\/yoast-seo-wordpress\/ -->\n<title>Traspasan a tarifas de la DPEC aumentos en la energ\u00eda mayorista - Digital Santo Tom\u00e9<\/title>\n<meta name=\"robots\" content=\"index, follow, max-snippet:-1, max-image-preview:large, max-video-preview:-1\" \/>\n<link rel=\"canonical\" href=\"https:\/\/digitalsantotome.com.ar\/?p=13734\" \/>\n<meta property=\"og:locale\" content=\"es_ES\" \/>\n<meta property=\"og:type\" content=\"article\" \/>\n<meta property=\"og:title\" content=\"Traspasan a tarifas de la DPEC aumentos en la energ\u00eda mayorista - Digital Santo Tom\u00e9\" \/>\n<meta property=\"og:description\" content=\"CORRIENTES. El Gobierno provincial volvi\u00f3 a realizar el traspaso a las tarifas de la DPEC de los aumentos registrados en el precio de la energ\u00eda mayorista, en este caso para el periodo diciembre\/abril. Ingrese \u00a0 al\u00a0 detalle de las tarifas. Con fecha 9 de diciembre, en el Decreto N\u00ba2382, el Poder Ejecutivo de Corrientes hab\u00eda...\" \/>\n<meta property=\"og:url\" content=\"https:\/\/digitalsantotome.com.ar\/?p=13734\" \/>\n<meta property=\"og:site_name\" content=\"Digital Santo Tom\u00e9\" \/>\n<meta property=\"article:published_time\" content=\"2026-01-06T23:34:23+00:00\" \/>\n<meta property=\"article:modified_time\" content=\"2026-01-06T23:34:31+00:00\" \/>\n<meta property=\"og:image\" content=\"https:\/\/digitalsantotome.com.ar\/wp-content\/uploads\/2026\/01\/Por-que-es-necesario-el-ensamble-de-un-tablero-de-potencia-1024x512-1.jpg\" \/>\n\t<meta property=\"og:image:width\" content=\"1024\" \/>\n\t<meta property=\"og:image:height\" content=\"512\" \/>\n\t<meta property=\"og:image:type\" content=\"image\/jpeg\" \/>\n<meta name=\"author\" content=\"Jose Carlos Machado\" \/>\n<meta name=\"twitter:card\" content=\"summary_large_image\" \/>\n<meta name=\"twitter:label1\" content=\"Escrito por\" \/>\n\t<meta name=\"twitter:data1\" content=\"Jose Carlos Machado\" \/>\n\t<meta name=\"twitter:label2\" content=\"Tiempo de lectura\" \/>\n\t<meta name=\"twitter:data2\" content=\"5 minutos\" \/>\n<script type=\"application\/ld+json\" class=\"yoast-schema-graph\">{\"@context\":\"https:\\\/\\\/schema.org\",\"@graph\":[{\"@type\":\"Article\",\"@id\":\"https:\\\/\\\/digitalsantotome.com.ar\\\/?p=13734#article\",\"isPartOf\":{\"@id\":\"https:\\\/\\\/digitalsantotome.com.ar\\\/?p=13734\"},\"author\":{\"name\":\"Jose Carlos Machado\",\"@id\":\"https:\\\/\\\/digitalsantotome.com.ar\\\/#\\\/schema\\\/person\\\/8991d8822886fedd92ce7f03817e1bdf\"},\"headline\":\"Traspasan a tarifas de la DPEC aumentos en la energ\u00eda mayorista\",\"datePublished\":\"2026-01-06T23:34:23+00:00\",\"dateModified\":\"2026-01-06T23:34:31+00:00\",\"mainEntityOfPage\":{\"@id\":\"https:\\\/\\\/digitalsantotome.com.ar\\\/?p=13734\"},\"wordCount\":1011,\"publisher\":{\"@id\":\"https:\\\/\\\/digitalsantotome.com.ar\\\/#organization\"},\"image\":{\"@id\":\"https:\\\/\\\/digitalsantotome.com.ar\\\/?p=13734#primaryimage\"},\"thumbnailUrl\":\"https:\\\/\\\/digitalsantotome.com.ar\\\/wp-content\\\/uploads\\\/2026\\\/01\\\/Por-que-es-necesario-el-ensamble-de-un-tablero-de-potencia-1024x512-1.jpg\",\"articleSection\":[\"Provinciales\"],\"inLanguage\":\"es\"},{\"@type\":\"WebPage\",\"@id\":\"https:\\\/\\\/digitalsantotome.com.ar\\\/?p=13734\",\"url\":\"https:\\\/\\\/digitalsantotome.com.ar\\\/?p=13734\",\"name\":\"Traspasan a tarifas de la DPEC aumentos en la energ\u00eda mayorista - Digital Santo Tom\u00e9\",\"isPartOf\":{\"@id\":\"https:\\\/\\\/digitalsantotome.com.ar\\\/#website\"},\"primaryImageOfPage\":{\"@id\":\"https:\\\/\\\/digitalsantotome.com.ar\\\/?p=13734#primaryimage\"},\"image\":{\"@id\":\"https:\\\/\\\/digitalsantotome.com.ar\\\/?p=13734#primaryimage\"},\"thumbnailUrl\":\"https:\\\/\\\/digitalsantotome.com.ar\\\/wp-content\\\/uploads\\\/2026\\\/01\\\/Por-que-es-necesario-el-ensamble-de-un-tablero-de-potencia-1024x512-1.jpg\",\"datePublished\":\"2026-01-06T23:34:23+00:00\",\"dateModified\":\"2026-01-06T23:34:31+00:00\",\"breadcrumb\":{\"@id\":\"https:\\\/\\\/digitalsantotome.com.ar\\\/?p=13734#breadcrumb\"},\"inLanguage\":\"es\",\"potentialAction\":[{\"@type\":\"ReadAction\",\"target\":[\"https:\\\/\\\/digitalsantotome.com.ar\\\/?p=13734\"]}]},{\"@type\":\"ImageObject\",\"inLanguage\":\"es\",\"@id\":\"https:\\\/\\\/digitalsantotome.com.ar\\\/?p=13734#primaryimage\",\"url\":\"https:\\\/\\\/digitalsantotome.com.ar\\\/wp-content\\\/uploads\\\/2026\\\/01\\\/Por-que-es-necesario-el-ensamble-de-un-tablero-de-potencia-1024x512-1.jpg\",\"contentUrl\":\"https:\\\/\\\/digitalsantotome.com.ar\\\/wp-content\\\/uploads\\\/2026\\\/01\\\/Por-que-es-necesario-el-ensamble-de-un-tablero-de-potencia-1024x512-1.jpg\",\"width\":1024,\"height\":512},{\"@type\":\"BreadcrumbList\",\"@id\":\"https:\\\/\\\/digitalsantotome.com.ar\\\/?p=13734#breadcrumb\",\"itemListElement\":[{\"@type\":\"ListItem\",\"position\":1,\"name\":\"Portada\",\"item\":\"https:\\\/\\\/digitalsantotome.com.ar\\\/\"},{\"@type\":\"ListItem\",\"position\":2,\"name\":\"Traspasan a tarifas de la DPEC aumentos en la energ\u00eda mayorista\"}]},{\"@type\":\"WebSite\",\"@id\":\"https:\\\/\\\/digitalsantotome.com.ar\\\/#website\",\"url\":\"https:\\\/\\\/digitalsantotome.com.ar\\\/\",\"name\":\"Digital Santo Tom\u00e9\",\"description\":\"Noticias desde Santo Tom\u00e9 al Mundo \u2013 La informacion que decide\",\"publisher\":{\"@id\":\"https:\\\/\\\/digitalsantotome.com.ar\\\/#organization\"},\"potentialAction\":[{\"@type\":\"SearchAction\",\"target\":{\"@type\":\"EntryPoint\",\"urlTemplate\":\"https:\\\/\\\/digitalsantotome.com.ar\\\/?s={search_term_string}\"},\"query-input\":{\"@type\":\"PropertyValueSpecification\",\"valueRequired\":true,\"valueName\":\"search_term_string\"}}],\"inLanguage\":\"es\"},{\"@type\":\"Organization\",\"@id\":\"https:\\\/\\\/digitalsantotome.com.ar\\\/#organization\",\"name\":\"Digital Santo Tom\u00e9\",\"url\":\"https:\\\/\\\/digitalsantotome.com.ar\\\/\",\"logo\":{\"@type\":\"ImageObject\",\"inLanguage\":\"es\",\"@id\":\"https:\\\/\\\/digitalsantotome.com.ar\\\/#\\\/schema\\\/logo\\\/image\\\/\",\"url\":\"https:\\\/\\\/digitalsantotome.com.ar\\\/wp-content\\\/uploads\\\/2023\\\/01\\\/facebook.jpg\",\"contentUrl\":\"https:\\\/\\\/digitalsantotome.com.ar\\\/wp-content\\\/uploads\\\/2023\\\/01\\\/facebook.jpg\",\"width\":512,\"height\":376,\"caption\":\"Digital Santo Tom\u00e9\"},\"image\":{\"@id\":\"https:\\\/\\\/digitalsantotome.com.ar\\\/#\\\/schema\\\/logo\\\/image\\\/\"}},{\"@type\":\"Person\",\"@id\":\"https:\\\/\\\/digitalsantotome.com.ar\\\/#\\\/schema\\\/person\\\/8991d8822886fedd92ce7f03817e1bdf\",\"name\":\"Jose Carlos Machado\",\"url\":\"https:\\\/\\\/digitalsantotome.com.ar\\\/?author=2\"}]}<\/script>\n<!-- \/ Yoast SEO plugin. -->","yoast_head_json":{"title":"Traspasan a tarifas de la DPEC aumentos en la energ\u00eda mayorista - Digital Santo Tom\u00e9","robots":{"index":"index","follow":"follow","max-snippet":"max-snippet:-1","max-image-preview":"max-image-preview:large","max-video-preview":"max-video-preview:-1"},"canonical":"https:\/\/digitalsantotome.com.ar\/?p=13734","og_locale":"es_ES","og_type":"article","og_title":"Traspasan a tarifas de la DPEC aumentos en la energ\u00eda mayorista - Digital Santo Tom\u00e9","og_description":"CORRIENTES. El Gobierno provincial volvi\u00f3 a realizar el traspaso a las tarifas de la DPEC de los aumentos registrados en el precio de la energ\u00eda mayorista, en este caso para el periodo diciembre\/abril. Ingrese \u00a0 al\u00a0 detalle de las tarifas. Con fecha 9 de diciembre, en el Decreto N\u00ba2382, el Poder Ejecutivo de Corrientes hab\u00eda...","og_url":"https:\/\/digitalsantotome.com.ar\/?p=13734","og_site_name":"Digital Santo Tom\u00e9","article_published_time":"2026-01-06T23:34:23+00:00","article_modified_time":"2026-01-06T23:34:31+00:00","og_image":[{"width":1024,"height":512,"url":"https:\/\/digitalsantotome.com.ar\/wp-content\/uploads\/2026\/01\/Por-que-es-necesario-el-ensamble-de-un-tablero-de-potencia-1024x512-1.jpg","type":"image\/jpeg"}],"author":"Jose Carlos Machado","twitter_card":"summary_large_image","twitter_misc":{"Escrito por":"Jose Carlos Machado","Tiempo de lectura":"5 minutos"},"schema":{"@context":"https:\/\/schema.org","@graph":[{"@type":"Article","@id":"https:\/\/digitalsantotome.com.ar\/?p=13734#article","isPartOf":{"@id":"https:\/\/digitalsantotome.com.ar\/?p=13734"},"author":{"name":"Jose Carlos Machado","@id":"https:\/\/digitalsantotome.com.ar\/#\/schema\/person\/8991d8822886fedd92ce7f03817e1bdf"},"headline":"Traspasan a tarifas de la DPEC aumentos en la energ\u00eda mayorista","datePublished":"2026-01-06T23:34:23+00:00","dateModified":"2026-01-06T23:34:31+00:00","mainEntityOfPage":{"@id":"https:\/\/digitalsantotome.com.ar\/?p=13734"},"wordCount":1011,"publisher":{"@id":"https:\/\/digitalsantotome.com.ar\/#organization"},"image":{"@id":"https:\/\/digitalsantotome.com.ar\/?p=13734#primaryimage"},"thumbnailUrl":"https:\/\/digitalsantotome.com.ar\/wp-content\/uploads\/2026\/01\/Por-que-es-necesario-el-ensamble-de-un-tablero-de-potencia-1024x512-1.jpg","articleSection":["Provinciales"],"inLanguage":"es"},{"@type":"WebPage","@id":"https:\/\/digitalsantotome.com.ar\/?p=13734","url":"https:\/\/digitalsantotome.com.ar\/?p=13734","name":"Traspasan a tarifas de la DPEC aumentos en la energ\u00eda mayorista - Digital Santo Tom\u00e9","isPartOf":{"@id":"https:\/\/digitalsantotome.com.ar\/#website"},"primaryImageOfPage":{"@id":"https:\/\/digitalsantotome.com.ar\/?p=13734#primaryimage"},"image":{"@id":"https:\/\/digitalsantotome.com.ar\/?p=13734#primaryimage"},"thumbnailUrl":"https:\/\/digitalsantotome.com.ar\/wp-content\/uploads\/2026\/01\/Por-que-es-necesario-el-ensamble-de-un-tablero-de-potencia-1024x512-1.jpg","datePublished":"2026-01-06T23:34:23+00:00","dateModified":"2026-01-06T23:34:31+00:00","breadcrumb":{"@id":"https:\/\/digitalsantotome.com.ar\/?p=13734#breadcrumb"},"inLanguage":"es","potentialAction":[{"@type":"ReadAction","target":["https:\/\/digitalsantotome.com.ar\/?p=13734"]}]},{"@type":"ImageObject","inLanguage":"es","@id":"https:\/\/digitalsantotome.com.ar\/?p=13734#primaryimage","url":"https:\/\/digitalsantotome.com.ar\/wp-content\/uploads\/2026\/01\/Por-que-es-necesario-el-ensamble-de-un-tablero-de-potencia-1024x512-1.jpg","contentUrl":"https:\/\/digitalsantotome.com.ar\/wp-content\/uploads\/2026\/01\/Por-que-es-necesario-el-ensamble-de-un-tablero-de-potencia-1024x512-1.jpg","width":1024,"height":512},{"@type":"BreadcrumbList","@id":"https:\/\/digitalsantotome.com.ar\/?p=13734#breadcrumb","itemListElement":[{"@type":"ListItem","position":1,"name":"Portada","item":"https:\/\/digitalsantotome.com.ar\/"},{"@type":"ListItem","position":2,"name":"Traspasan a tarifas de la DPEC aumentos en la energ\u00eda mayorista"}]},{"@type":"WebSite","@id":"https:\/\/digitalsantotome.com.ar\/#website","url":"https:\/\/digitalsantotome.com.ar\/","name":"Digital Santo Tom\u00e9","description":"Noticias desde Santo Tom\u00e9 al Mundo \u2013 La informacion que decide","publisher":{"@id":"https:\/\/digitalsantotome.com.ar\/#organization"},"potentialAction":[{"@type":"SearchAction","target":{"@type":"EntryPoint","urlTemplate":"https:\/\/digitalsantotome.com.ar\/?s={search_term_string}"},"query-input":{"@type":"PropertyValueSpecification","valueRequired":true,"valueName":"search_term_string"}}],"inLanguage":"es"},{"@type":"Organization","@id":"https:\/\/digitalsantotome.com.ar\/#organization","name":"Digital Santo Tom\u00e9","url":"https:\/\/digitalsantotome.com.ar\/","logo":{"@type":"ImageObject","inLanguage":"es","@id":"https:\/\/digitalsantotome.com.ar\/#\/schema\/logo\/image\/","url":"https:\/\/digitalsantotome.com.ar\/wp-content\/uploads\/2023\/01\/facebook.jpg","contentUrl":"https:\/\/digitalsantotome.com.ar\/wp-content\/uploads\/2023\/01\/facebook.jpg","width":512,"height":376,"caption":"Digital Santo Tom\u00e9"},"image":{"@id":"https:\/\/digitalsantotome.com.ar\/#\/schema\/logo\/image\/"}},{"@type":"Person","@id":"https:\/\/digitalsantotome.com.ar\/#\/schema\/person\/8991d8822886fedd92ce7f03817e1bdf","name":"Jose Carlos Machado","url":"https:\/\/digitalsantotome.com.ar\/?author=2"}]}},"_links":{"self":[{"href":"https:\/\/digitalsantotome.com.ar\/index.php?rest_route=\/wp\/v2\/posts\/13734","targetHints":{"allow":["GET"]}}],"collection":[{"href":"https:\/\/digitalsantotome.com.ar\/index.php?rest_route=\/wp\/v2\/posts"}],"about":[{"href":"https:\/\/digitalsantotome.com.ar\/index.php?rest_route=\/wp\/v2\/types\/post"}],"author":[{"embeddable":true,"href":"https:\/\/digitalsantotome.com.ar\/index.php?rest_route=\/wp\/v2\/users\/2"}],"replies":[{"embeddable":true,"href":"https:\/\/digitalsantotome.com.ar\/index.php?rest_route=%2Fwp%2Fv2%2Fcomments&post=13734"}],"version-history":[{"count":2,"href":"https:\/\/digitalsantotome.com.ar\/index.php?rest_route=\/wp\/v2\/posts\/13734\/revisions"}],"predecessor-version":[{"id":13737,"href":"https:\/\/digitalsantotome.com.ar\/index.php?rest_route=\/wp\/v2\/posts\/13734\/revisions\/13737"}],"wp:featuredmedia":[{"embeddable":true,"href":"https:\/\/digitalsantotome.com.ar\/index.php?rest_route=\/wp\/v2\/media\/13735"}],"wp:attachment":[{"href":"https:\/\/digitalsantotome.com.ar\/index.php?rest_route=%2Fwp%2Fv2%2Fmedia&parent=13734"}],"wp:term":[{"taxonomy":"category","embeddable":true,"href":"https:\/\/digitalsantotome.com.ar\/index.php?rest_route=%2Fwp%2Fv2%2Fcategories&post=13734"},{"taxonomy":"post_tag","embeddable":true,"href":"https:\/\/digitalsantotome.com.ar\/index.php?rest_route=%2Fwp%2Fv2%2Ftags&post=13734"}],"curies":[{"name":"wp","href":"https:\/\/api.w.org\/{rel}","templated":true}]}}