{"id":13738,"date":"2026-01-07T07:19:49","date_gmt":"2026-01-07T10:19:49","guid":{"rendered":"https:\/\/digitalsantotome.com.ar\/?p=13738"},"modified":"2026-01-07T07:19:49","modified_gmt":"2026-01-07T10:19:49","slug":"investigan-un-supuesto-caso-de-abigeato-que-conmueve-a-la-localidad-de-la-cruz","status":"publish","type":"post","link":"https:\/\/digitalsantotome.com.ar\/?p=13738","title":{"rendered":"Investigan un supuesto caso de abigeato que conmueve a la localidad de La Cruz"},"content":{"rendered":"<p>LA CRUZ. Desde hace un par de d\u00edas est\u00e1n detenidos y derivados a la comisar\u00eda de Tapebicu\u00e1 dos personas del sexo masculino, vinculadas a un confuso hecho que apunta a aclararse.<\/p>\n<p>La particularidad es que ambos ciudadanos participaron de otro hecho que nunca lleg\u00f3 a aclararse.\u00a0<strong>La misma persona, el mismo chofer y el mismo cami\u00f3n ahora est\u00e1n en la picota, con una notable repercusi\u00f3n en toda la costa del Uruguay.<\/strong><\/p>\n<p>Desde hace m\u00e1s de 24 horas se espera que el fiscal d\u00e9 v\u00eda libre al pedido de allanamiento que ha hecho la Polic\u00eda provincial, a trav\u00e9s del jefe del PRIAR de La Cruz, comisario mayor Lugo, quien actu\u00f3 en las diligencias junto al comisario de la localidad, Claudio Fern\u00e1ndez.<\/p>\n<div class=\"wp-block-image\"><\/div>\n<p><strong>En orden a la conmoci\u00f3n que se ha generado, y atento a que se trata de hechos repetitivos, desde la capital el jefe del PRIAR provincial, Gerardo Torres, orden\u00f3 la asistencia en calidad de apoyo de los jefes del PRIAR de Alvear, de Virasoro y de Desiderio Sosa, junto al comisario Monz\u00f3n, de Capital, en previsi\u00f3n de la necesidad de realizar allanamientos en simult\u00e1neo.<\/strong><\/p>\n<p><strong>Hasta el momento, la jueza subrogante Marta Legarreta, jueza de familia que qued\u00f3 en la feria judicial, aunque permanece en su despacho, no ha recibido el pedido formal del fiscal Facundo Sotelo, lo cual conspira contra el \u00e9xito de las investigaciones que, conforme al nuevo c\u00f3digo, las dirige el Ministerio P\u00fablico, dejando en un rol secundario al personal policial, cuya diligencia es reconocida en el \u00e1mbito de la producci\u00f3n.<\/strong><\/p>\n<p>Aun as\u00ed, las fuerzas del PRIAR de las distintas localidades permanecen, en una jornada calurosa, a la espera de que finalmente el fiscal haga el pedido a la jueza de garant\u00edas, que es quien est\u00e1 habilitada a dar luz verde a la Polic\u00eda, aunque nada puede hacer mientras la Fiscal\u00eda no impulse las medidas de rigor en estos casos.<\/p>\n<p>Fuente: EL LIBERTADOR<\/p>\n","protected":false},"excerpt":{"rendered":"<p>LA CRUZ. Desde hace un par de d\u00edas est\u00e1n detenidos y derivados a la comisar\u00eda de Tapebicu\u00e1 dos personas del sexo masculino, vinculadas a un confuso hecho que apunta a aclararse. La particularidad es que ambos ciudadanos participaron de otro hecho que nunca lleg\u00f3 a aclararse.\u00a0La misma persona, el mismo chofer y el mismo cami\u00f3n&#8230;<\/p>\n","protected":false},"author":2,"featured_media":13739,"comment_status":"closed","ping_status":"closed","sticky":false,"template":"","format":"standard","meta":{"_kad_post_transparent":"default","_kad_post_title":"default","_kad_post_layout":"default","_kad_post_sidebar_id":"","_kad_post_content_style":"default","_kad_post_vertical_padding":"default","_kad_post_feature":"","_kad_post_feature_position":"","_kad_post_header":false,"_kad_post_footer":false,"_kad_post_classname":"","footnotes":""},"categories":[2],"tags":[],"class_list":["post-13738","post","type-post","status-publish","format-standard","has-post-thumbnail","hentry","category-provinciales"],"a3_pvc":{"activated":false,"total_views":0,"today_views":0},"yoast_head":"<!-- This site is optimized with the Yoast SEO plugin v27.4 - https:\/\/yoast.com\/product\/yoast-seo-wordpress\/ -->\n<title>Investigan un supuesto caso de abigeato que conmueve a la localidad de La Cruz - Digital Santo Tom\u00e9<\/title>\n<meta name=\"robots\" content=\"index, follow, max-snippet:-1, max-image-preview:large, max-video-preview:-1\" \/>\n<link rel=\"canonical\" href=\"https:\/\/digitalsantotome.com.ar\/?p=13738\" \/>\n<meta property=\"og:locale\" content=\"es_ES\" \/>\n<meta property=\"og:type\" content=\"article\" \/>\n<meta property=\"og:title\" content=\"Investigan un supuesto caso de abigeato que conmueve a la localidad de La Cruz - Digital Santo Tom\u00e9\" \/>\n<meta property=\"og:description\" content=\"LA CRUZ. Desde hace un par de d\u00edas est\u00e1n detenidos y derivados a la comisar\u00eda de Tapebicu\u00e1 dos personas del sexo masculino, vinculadas a un confuso hecho que apunta a aclararse. La particularidad es que ambos ciudadanos participaron de otro hecho que nunca lleg\u00f3 a aclararse.\u00a0La misma persona, el mismo chofer y el mismo cami\u00f3n...\" \/>\n<meta property=\"og:url\" content=\"https:\/\/digitalsantotome.com.ar\/?p=13738\" \/>\n<meta property=\"og:site_name\" content=\"Digital Santo Tom\u00e9\" \/>\n<meta property=\"article:published_time\" content=\"2026-01-07T10:19:49+00:00\" \/>\n<meta property=\"og:image\" content=\"https:\/\/digitalsantotome.com.ar\/wp-content\/uploads\/2026\/01\/WhatsApp-Image-2026-01-06-at-14.36.26.jpeg\" \/>\n\t<meta property=\"og:image:width\" content=\"800\" \/>\n\t<meta property=\"og:image:height\" content=\"600\" \/>\n\t<meta property=\"og:image:type\" content=\"image\/jpeg\" \/>\n<meta name=\"author\" content=\"Jose Carlos Machado\" \/>\n<meta name=\"twitter:card\" content=\"summary_large_image\" \/>\n<meta name=\"twitter:label1\" content=\"Escrito por\" \/>\n\t<meta name=\"twitter:data1\" content=\"Jose Carlos Machado\" \/>\n\t<meta name=\"twitter:label2\" content=\"Tiempo de lectura\" \/>\n\t<meta name=\"twitter:data2\" content=\"2 minutos\" \/>\n<script type=\"application\/ld+json\" class=\"yoast-schema-graph\">{\"@context\":\"https:\\\/\\\/schema.org\",\"@graph\":[{\"@type\":\"Article\",\"@id\":\"https:\\\/\\\/digitalsantotome.com.ar\\\/?p=13738#article\",\"isPartOf\":{\"@id\":\"https:\\\/\\\/digitalsantotome.com.ar\\\/?p=13738\"},\"author\":{\"name\":\"Jose Carlos Machado\",\"@id\":\"https:\\\/\\\/digitalsantotome.com.ar\\\/#\\\/schema\\\/person\\\/8991d8822886fedd92ce7f03817e1bdf\"},\"headline\":\"Investigan un supuesto caso de abigeato que conmueve a la localidad de La Cruz\",\"datePublished\":\"2026-01-07T10:19:49+00:00\",\"mainEntityOfPage\":{\"@id\":\"https:\\\/\\\/digitalsantotome.com.ar\\\/?p=13738\"},\"wordCount\":349,\"publisher\":{\"@id\":\"https:\\\/\\\/digitalsantotome.com.ar\\\/#organization\"},\"image\":{\"@id\":\"https:\\\/\\\/digitalsantotome.com.ar\\\/?p=13738#primaryimage\"},\"thumbnailUrl\":\"https:\\\/\\\/digitalsantotome.com.ar\\\/wp-content\\\/uploads\\\/2026\\\/01\\\/WhatsApp-Image-2026-01-06-at-14.36.26.jpeg\",\"articleSection\":[\"Provinciales\"],\"inLanguage\":\"es\"},{\"@type\":\"WebPage\",\"@id\":\"https:\\\/\\\/digitalsantotome.com.ar\\\/?p=13738\",\"url\":\"https:\\\/\\\/digitalsantotome.com.ar\\\/?p=13738\",\"name\":\"Investigan un supuesto caso de abigeato que conmueve a la localidad de La Cruz - Digital Santo Tom\u00e9\",\"isPartOf\":{\"@id\":\"https:\\\/\\\/digitalsantotome.com.ar\\\/#website\"},\"primaryImageOfPage\":{\"@id\":\"https:\\\/\\\/digitalsantotome.com.ar\\\/?p=13738#primaryimage\"},\"image\":{\"@id\":\"https:\\\/\\\/digitalsantotome.com.ar\\\/?p=13738#primaryimage\"},\"thumbnailUrl\":\"https:\\\/\\\/digitalsantotome.com.ar\\\/wp-content\\\/uploads\\\/2026\\\/01\\\/WhatsApp-Image-2026-01-06-at-14.36.26.jpeg\",\"datePublished\":\"2026-01-07T10:19:49+00:00\",\"breadcrumb\":{\"@id\":\"https:\\\/\\\/digitalsantotome.com.ar\\\/?p=13738#breadcrumb\"},\"inLanguage\":\"es\",\"potentialAction\":[{\"@type\":\"ReadAction\",\"target\":[\"https:\\\/\\\/digitalsantotome.com.ar\\\/?p=13738\"]}]},{\"@type\":\"ImageObject\",\"inLanguage\":\"es\",\"@id\":\"https:\\\/\\\/digitalsantotome.com.ar\\\/?p=13738#primaryimage\",\"url\":\"https:\\\/\\\/digitalsantotome.com.ar\\\/wp-content\\\/uploads\\\/2026\\\/01\\\/WhatsApp-Image-2026-01-06-at-14.36.26.jpeg\",\"contentUrl\":\"https:\\\/\\\/digitalsantotome.com.ar\\\/wp-content\\\/uploads\\\/2026\\\/01\\\/WhatsApp-Image-2026-01-06-at-14.36.26.jpeg\",\"width\":800,\"height\":600},{\"@type\":\"BreadcrumbList\",\"@id\":\"https:\\\/\\\/digitalsantotome.com.ar\\\/?p=13738#breadcrumb\",\"itemListElement\":[{\"@type\":\"ListItem\",\"position\":1,\"name\":\"Portada\",\"item\":\"https:\\\/\\\/digitalsantotome.com.ar\\\/\"},{\"@type\":\"ListItem\",\"position\":2,\"name\":\"Investigan un supuesto caso de abigeato que conmueve a la localidad de La Cruz\"}]},{\"@type\":\"WebSite\",\"@id\":\"https:\\\/\\\/digitalsantotome.com.ar\\\/#website\",\"url\":\"https:\\\/\\\/digitalsantotome.com.ar\\\/\",\"name\":\"Digital Santo Tom\u00e9\",\"description\":\"Noticias desde Santo Tom\u00e9 al Mundo \u2013 La informacion que decide\",\"publisher\":{\"@id\":\"https:\\\/\\\/digitalsantotome.com.ar\\\/#organization\"},\"potentialAction\":[{\"@type\":\"SearchAction\",\"target\":{\"@type\":\"EntryPoint\",\"urlTemplate\":\"https:\\\/\\\/digitalsantotome.com.ar\\\/?s={search_term_string}\"},\"query-input\":{\"@type\":\"PropertyValueSpecification\",\"valueRequired\":true,\"valueName\":\"search_term_string\"}}],\"inLanguage\":\"es\"},{\"@type\":\"Organization\",\"@id\":\"https:\\\/\\\/digitalsantotome.com.ar\\\/#organization\",\"name\":\"Digital Santo Tom\u00e9\",\"url\":\"https:\\\/\\\/digitalsantotome.com.ar\\\/\",\"logo\":{\"@type\":\"ImageObject\",\"inLanguage\":\"es\",\"@id\":\"https:\\\/\\\/digitalsantotome.com.ar\\\/#\\\/schema\\\/logo\\\/image\\\/\",\"url\":\"https:\\\/\\\/digitalsantotome.com.ar\\\/wp-content\\\/uploads\\\/2023\\\/01\\\/facebook.jpg\",\"contentUrl\":\"https:\\\/\\\/digitalsantotome.com.ar\\\/wp-content\\\/uploads\\\/2023\\\/01\\\/facebook.jpg\",\"width\":512,\"height\":376,\"caption\":\"Digital Santo Tom\u00e9\"},\"image\":{\"@id\":\"https:\\\/\\\/digitalsantotome.com.ar\\\/#\\\/schema\\\/logo\\\/image\\\/\"}},{\"@type\":\"Person\",\"@id\":\"https:\\\/\\\/digitalsantotome.com.ar\\\/#\\\/schema\\\/person\\\/8991d8822886fedd92ce7f03817e1bdf\",\"name\":\"Jose Carlos Machado\",\"url\":\"https:\\\/\\\/digitalsantotome.com.ar\\\/?author=2\"}]}<\/script>\n<!-- \/ Yoast SEO plugin. -->","yoast_head_json":{"title":"Investigan un supuesto caso de abigeato que conmueve a la localidad de La Cruz - Digital Santo Tom\u00e9","robots":{"index":"index","follow":"follow","max-snippet":"max-snippet:-1","max-image-preview":"max-image-preview:large","max-video-preview":"max-video-preview:-1"},"canonical":"https:\/\/digitalsantotome.com.ar\/?p=13738","og_locale":"es_ES","og_type":"article","og_title":"Investigan un supuesto caso de abigeato que conmueve a la localidad de La Cruz - Digital Santo Tom\u00e9","og_description":"LA CRUZ. Desde hace un par de d\u00edas est\u00e1n detenidos y derivados a la comisar\u00eda de Tapebicu\u00e1 dos personas del sexo masculino, vinculadas a un confuso hecho que apunta a aclararse. La particularidad es que ambos ciudadanos participaron de otro hecho que nunca lleg\u00f3 a aclararse.\u00a0La misma persona, el mismo chofer y el mismo cami\u00f3n...","og_url":"https:\/\/digitalsantotome.com.ar\/?p=13738","og_site_name":"Digital Santo Tom\u00e9","article_published_time":"2026-01-07T10:19:49+00:00","og_image":[{"width":800,"height":600,"url":"https:\/\/digitalsantotome.com.ar\/wp-content\/uploads\/2026\/01\/WhatsApp-Image-2026-01-06-at-14.36.26.jpeg","type":"image\/jpeg"}],"author":"Jose Carlos Machado","twitter_card":"summary_large_image","twitter_misc":{"Escrito por":"Jose Carlos Machado","Tiempo de lectura":"2 minutos"},"schema":{"@context":"https:\/\/schema.org","@graph":[{"@type":"Article","@id":"https:\/\/digitalsantotome.com.ar\/?p=13738#article","isPartOf":{"@id":"https:\/\/digitalsantotome.com.ar\/?p=13738"},"author":{"name":"Jose Carlos Machado","@id":"https:\/\/digitalsantotome.com.ar\/#\/schema\/person\/8991d8822886fedd92ce7f03817e1bdf"},"headline":"Investigan un supuesto caso de abigeato que conmueve a la localidad de La Cruz","datePublished":"2026-01-07T10:19:49+00:00","mainEntityOfPage":{"@id":"https:\/\/digitalsantotome.com.ar\/?p=13738"},"wordCount":349,"publisher":{"@id":"https:\/\/digitalsantotome.com.ar\/#organization"},"image":{"@id":"https:\/\/digitalsantotome.com.ar\/?p=13738#primaryimage"},"thumbnailUrl":"https:\/\/digitalsantotome.com.ar\/wp-content\/uploads\/2026\/01\/WhatsApp-Image-2026-01-06-at-14.36.26.jpeg","articleSection":["Provinciales"],"inLanguage":"es"},{"@type":"WebPage","@id":"https:\/\/digitalsantotome.com.ar\/?p=13738","url":"https:\/\/digitalsantotome.com.ar\/?p=13738","name":"Investigan un supuesto caso de abigeato que conmueve a la localidad de La Cruz - Digital Santo Tom\u00e9","isPartOf":{"@id":"https:\/\/digitalsantotome.com.ar\/#website"},"primaryImageOfPage":{"@id":"https:\/\/digitalsantotome.com.ar\/?p=13738#primaryimage"},"image":{"@id":"https:\/\/digitalsantotome.com.ar\/?p=13738#primaryimage"},"thumbnailUrl":"https:\/\/digitalsantotome.com.ar\/wp-content\/uploads\/2026\/01\/WhatsApp-Image-2026-01-06-at-14.36.26.jpeg","datePublished":"2026-01-07T10:19:49+00:00","breadcrumb":{"@id":"https:\/\/digitalsantotome.com.ar\/?p=13738#breadcrumb"},"inLanguage":"es","potentialAction":[{"@type":"ReadAction","target":["https:\/\/digitalsantotome.com.ar\/?p=13738"]}]},{"@type":"ImageObject","inLanguage":"es","@id":"https:\/\/digitalsantotome.com.ar\/?p=13738#primaryimage","url":"https:\/\/digitalsantotome.com.ar\/wp-content\/uploads\/2026\/01\/WhatsApp-Image-2026-01-06-at-14.36.26.jpeg","contentUrl":"https:\/\/digitalsantotome.com.ar\/wp-content\/uploads\/2026\/01\/WhatsApp-Image-2026-01-06-at-14.36.26.jpeg","width":800,"height":600},{"@type":"BreadcrumbList","@id":"https:\/\/digitalsantotome.com.ar\/?p=13738#breadcrumb","itemListElement":[{"@type":"ListItem","position":1,"name":"Portada","item":"https:\/\/digitalsantotome.com.ar\/"},{"@type":"ListItem","position":2,"name":"Investigan un supuesto caso de abigeato que conmueve a la localidad de La Cruz"}]},{"@type":"WebSite","@id":"https:\/\/digitalsantotome.com.ar\/#website","url":"https:\/\/digitalsantotome.com.ar\/","name":"Digital Santo Tom\u00e9","description":"Noticias desde Santo Tom\u00e9 al Mundo \u2013 La informacion que decide","publisher":{"@id":"https:\/\/digitalsantotome.com.ar\/#organization"},"potentialAction":[{"@type":"SearchAction","target":{"@type":"EntryPoint","urlTemplate":"https:\/\/digitalsantotome.com.ar\/?s={search_term_string}"},"query-input":{"@type":"PropertyValueSpecification","valueRequired":true,"valueName":"search_term_string"}}],"inLanguage":"es"},{"@type":"Organization","@id":"https:\/\/digitalsantotome.com.ar\/#organization","name":"Digital Santo Tom\u00e9","url":"https:\/\/digitalsantotome.com.ar\/","logo":{"@type":"ImageObject","inLanguage":"es","@id":"https:\/\/digitalsantotome.com.ar\/#\/schema\/logo\/image\/","url":"https:\/\/digitalsantotome.com.ar\/wp-content\/uploads\/2023\/01\/facebook.jpg","contentUrl":"https:\/\/digitalsantotome.com.ar\/wp-content\/uploads\/2023\/01\/facebook.jpg","width":512,"height":376,"caption":"Digital Santo Tom\u00e9"},"image":{"@id":"https:\/\/digitalsantotome.com.ar\/#\/schema\/logo\/image\/"}},{"@type":"Person","@id":"https:\/\/digitalsantotome.com.ar\/#\/schema\/person\/8991d8822886fedd92ce7f03817e1bdf","name":"Jose Carlos Machado","url":"https:\/\/digitalsantotome.com.ar\/?author=2"}]}},"_links":{"self":[{"href":"https:\/\/digitalsantotome.com.ar\/index.php?rest_route=\/wp\/v2\/posts\/13738","targetHints":{"allow":["GET"]}}],"collection":[{"href":"https:\/\/digitalsantotome.com.ar\/index.php?rest_route=\/wp\/v2\/posts"}],"about":[{"href":"https:\/\/digitalsantotome.com.ar\/index.php?rest_route=\/wp\/v2\/types\/post"}],"author":[{"embeddable":true,"href":"https:\/\/digitalsantotome.com.ar\/index.php?rest_route=\/wp\/v2\/users\/2"}],"replies":[{"embeddable":true,"href":"https:\/\/digitalsantotome.com.ar\/index.php?rest_route=%2Fwp%2Fv2%2Fcomments&post=13738"}],"version-history":[{"count":1,"href":"https:\/\/digitalsantotome.com.ar\/index.php?rest_route=\/wp\/v2\/posts\/13738\/revisions"}],"predecessor-version":[{"id":13740,"href":"https:\/\/digitalsantotome.com.ar\/index.php?rest_route=\/wp\/v2\/posts\/13738\/revisions\/13740"}],"wp:featuredmedia":[{"embeddable":true,"href":"https:\/\/digitalsantotome.com.ar\/index.php?rest_route=\/wp\/v2\/media\/13739"}],"wp:attachment":[{"href":"https:\/\/digitalsantotome.com.ar\/index.php?rest_route=%2Fwp%2Fv2%2Fmedia&parent=13738"}],"wp:term":[{"taxonomy":"category","embeddable":true,"href":"https:\/\/digitalsantotome.com.ar\/index.php?rest_route=%2Fwp%2Fv2%2Fcategories&post=13738"},{"taxonomy":"post_tag","embeddable":true,"href":"https:\/\/digitalsantotome.com.ar\/index.php?rest_route=%2Fwp%2Fv2%2Ftags&post=13738"}],"curies":[{"name":"wp","href":"https:\/\/api.w.org\/{rel}","templated":true}]}}