{"id":13763,"date":"2026-01-09T14:23:53","date_gmt":"2026-01-09T17:23:53","guid":{"rendered":"https:\/\/digitalsantotome.com.ar\/?p=13763"},"modified":"2026-01-10T11:03:26","modified_gmt":"2026-01-10T14:03:26","slug":"colision-frontal-entre-un-camion-y-un-automovil-deja-como-saldo-una-persona-fallecida","status":"publish","type":"post","link":"https:\/\/digitalsantotome.com.ar\/?p=13763","title":{"rendered":"Colisi\u00f3n frontal entre un cami\u00f3n y un autom\u00f3vil deja como saldo dos v\u00edctimas fatales"},"content":{"rendered":"<p>SANTO TOME. A media ma\u00f1ana de este viernes, se produjo un nuevo accidente vial sobre la Ruta Nacional 14 a unos 10 km al norte de esta ciudad, en la zona m\u00e1s conocida como el Santuario del Gauchito Gil. La colisi\u00f3n frontal se produjo entre un cami\u00f3n que transportaba un contenedor y lo hac\u00eda en sentido norte-sur, en tanto un autom\u00f3vil marca Fiat Siena circulaba en sentido contrario cuando se produjo el violento impacto entre ambos rodados.<\/p>\n<p>Las primeras informaciones respecto del accidente, se\u00f1alan que el conductor del rodado menor falleci\u00f3 en el acto, en tanto el conductor del cami\u00f3n result\u00f3 ileso. Sin embargo, inicialmente se pudo establecer que solo hab\u00eda una v\u00edctima fatal, pero horas mas tarde y cuando se logr\u00f3 controlar el fuego, fue encontrado el cuerpo de una mujer totalmente calcinada. Esta segunda v\u00edctima fatal ser\u00eda la esposa del conductor del Fiat Siena.<\/p>\n<p><img fetchpriority=\"high\" decoding=\"async\" class=\"alignnone size-full wp-image-13770\" src=\"https:\/\/digitalsantotome.com.ar\/wp-content\/uploads\/2026\/01\/IMG-20260109-WA0052.jpg\" alt=\"\" width=\"1280\" height=\"720\" srcset=\"https:\/\/digitalsantotome.com.ar\/wp-content\/uploads\/2026\/01\/IMG-20260109-WA0052.jpg 1280w, https:\/\/digitalsantotome.com.ar\/wp-content\/uploads\/2026\/01\/IMG-20260109-WA0052-300x169.jpg 300w, https:\/\/digitalsantotome.com.ar\/wp-content\/uploads\/2026\/01\/IMG-20260109-WA0052-1024x576.jpg 1024w, https:\/\/digitalsantotome.com.ar\/wp-content\/uploads\/2026\/01\/IMG-20260109-WA0052-768x432.jpg 768w\" sizes=\"(max-width: 1280px) 100vw, 1280px\" \/><\/p>\n<p>Los rodados tras el impacto fueron a parar a una de las\u00a0 banquinas, el cami\u00f3n pr\u00e1cticamente le pas\u00f3 por encima al Fiat Siena, tras lo cual se inici\u00f3 un voraz incendio que lo redujo a cenizas al autom\u00f3vil menor y a la cabina del cami\u00f3n. El tr\u00e1nsito vehicular fue interrumpido en ambas manos minutos despu\u00e9s del choque, hasta tanto personal de la Comisaria Primera realicen las pericias correspondientes. Si se pudo establecer que las personas fallecidas era un se\u00f1or mayor de edad oriundo de la localidad misionera de San Vicente y su esposa. Hasta las primeras horas de la tarde, no se hab\u00eda podido establecer las identidades de las mismas.<\/p>\n<p>En cuanto a las razones que produjeron el accidente, una de las principales hip\u00f3tesis es que el Fiat Siena habr\u00eda pretendido adelantarse a otros veh\u00edculos que circulaban en el mismo sentido, y al hacerlo no se percat\u00f3 que en sentido contrario ven\u00eda un cami\u00f3n que se lo llev\u00f3 por delante, pr\u00e1cticamente le pas\u00f3 por encima, dejando el lamentable saldo de una persona fallecida en el acto.<\/p>\n<p>Personal de Bomberos Voluntarios de Santo Tom\u00e9 debieron trabajar por espacio de varias horas para apagar el incendio y luego para retirar el rodado menor debajo de la cabina del cami\u00f3n. Tambi\u00e9n intervino personal de Gendarmer\u00eda Nacional y Seguridad Vial. (ESTA INFORMACI\u00d3N SERA AMPLIADA)<\/p>\n<p>Fuente:<strong> Digital Santo Tom\u00e9<\/strong><\/p>\n<p><img decoding=\"async\" class=\"alignnone size-full wp-image-13765\" src=\"https:\/\/digitalsantotome.com.ar\/wp-content\/uploads\/2026\/01\/IMG-20260109-WA0028.jpg\" alt=\"\" width=\"1280\" height=\"720\" srcset=\"https:\/\/digitalsantotome.com.ar\/wp-content\/uploads\/2026\/01\/IMG-20260109-WA0028.jpg 1280w, https:\/\/digitalsantotome.com.ar\/wp-content\/uploads\/2026\/01\/IMG-20260109-WA0028-300x169.jpg 300w, https:\/\/digitalsantotome.com.ar\/wp-content\/uploads\/2026\/01\/IMG-20260109-WA0028-1024x576.jpg 1024w, https:\/\/digitalsantotome.com.ar\/wp-content\/uploads\/2026\/01\/IMG-20260109-WA0028-768x432.jpg 768w\" sizes=\"(max-width: 1280px) 100vw, 1280px\" \/><\/p>\n<p><img decoding=\"async\" class=\"alignnone size-full wp-image-13766\" src=\"https:\/\/digitalsantotome.com.ar\/wp-content\/uploads\/2026\/01\/IMG-20260109-WA0031.jpg\" alt=\"\" width=\"1280\" height=\"960\" srcset=\"https:\/\/digitalsantotome.com.ar\/wp-content\/uploads\/2026\/01\/IMG-20260109-WA0031.jpg 1280w, https:\/\/digitalsantotome.com.ar\/wp-content\/uploads\/2026\/01\/IMG-20260109-WA0031-300x225.jpg 300w, https:\/\/digitalsantotome.com.ar\/wp-content\/uploads\/2026\/01\/IMG-20260109-WA0031-1024x768.jpg 1024w, https:\/\/digitalsantotome.com.ar\/wp-content\/uploads\/2026\/01\/IMG-20260109-WA0031-768x576.jpg 768w\" sizes=\"(max-width: 1280px) 100vw, 1280px\" \/><\/p>\n","protected":false},"excerpt":{"rendered":"<p>SANTO TOME. A media ma\u00f1ana de este viernes, se produjo un nuevo accidente vial sobre la Ruta Nacional 14 a unos 10 km al norte de esta ciudad, en la zona m\u00e1s conocida como el Santuario del Gauchito Gil. La colisi\u00f3n frontal se produjo entre un cami\u00f3n que transportaba un contenedor y lo hac\u00eda en&#8230;<\/p>\n","protected":false},"author":2,"featured_media":13764,"comment_status":"closed","ping_status":"closed","sticky":false,"template":"","format":"standard","meta":{"_kad_post_transparent":"default","_kad_post_title":"default","_kad_post_layout":"default","_kad_post_sidebar_id":"","_kad_post_content_style":"default","_kad_post_vertical_padding":"default","_kad_post_feature":"","_kad_post_feature_position":"","_kad_post_header":false,"_kad_post_footer":false,"_kad_post_classname":"","footnotes":""},"categories":[1],"tags":[],"class_list":["post-13763","post","type-post","status-publish","format-standard","has-post-thumbnail","hentry","category-locales"],"a3_pvc":{"activated":false,"total_views":0,"today_views":0},"yoast_head":"<!-- This site is optimized with the Yoast SEO plugin v27.4 - https:\/\/yoast.com\/product\/yoast-seo-wordpress\/ -->\n<title>Colisi\u00f3n frontal entre un cami\u00f3n y un autom\u00f3vil deja como saldo dos v\u00edctimas fatales - Digital Santo Tom\u00e9<\/title>\n<meta name=\"robots\" content=\"index, follow, max-snippet:-1, max-image-preview:large, max-video-preview:-1\" \/>\n<link rel=\"canonical\" href=\"https:\/\/digitalsantotome.com.ar\/?p=13763\" \/>\n<meta property=\"og:locale\" content=\"es_ES\" \/>\n<meta property=\"og:type\" content=\"article\" \/>\n<meta property=\"og:title\" content=\"Colisi\u00f3n frontal entre un cami\u00f3n y un autom\u00f3vil deja como saldo dos v\u00edctimas fatales - Digital Santo Tom\u00e9\" \/>\n<meta property=\"og:description\" content=\"SANTO TOME. A media ma\u00f1ana de este viernes, se produjo un nuevo accidente vial sobre la Ruta Nacional 14 a unos 10 km al norte de esta ciudad, en la zona m\u00e1s conocida como el Santuario del Gauchito Gil. La colisi\u00f3n frontal se produjo entre un cami\u00f3n que transportaba un contenedor y lo hac\u00eda en...\" \/>\n<meta property=\"og:url\" content=\"https:\/\/digitalsantotome.com.ar\/?p=13763\" \/>\n<meta property=\"og:site_name\" content=\"Digital Santo Tom\u00e9\" \/>\n<meta property=\"article:published_time\" content=\"2026-01-09T17:23:53+00:00\" \/>\n<meta property=\"article:modified_time\" content=\"2026-01-10T14:03:26+00:00\" \/>\n<meta property=\"og:image\" content=\"https:\/\/digitalsantotome.com.ar\/wp-content\/uploads\/2026\/01\/IMG-20260109-WA0029.jpg\" \/>\n\t<meta property=\"og:image:width\" content=\"1280\" \/>\n\t<meta property=\"og:image:height\" content=\"720\" \/>\n\t<meta property=\"og:image:type\" content=\"image\/jpeg\" \/>\n<meta name=\"author\" content=\"Jose Carlos Machado\" \/>\n<meta name=\"twitter:card\" content=\"summary_large_image\" \/>\n<meta name=\"twitter:label1\" content=\"Escrito por\" \/>\n\t<meta name=\"twitter:data1\" content=\"Jose Carlos Machado\" \/>\n\t<meta name=\"twitter:label2\" content=\"Tiempo de lectura\" \/>\n\t<meta name=\"twitter:data2\" content=\"3 minutos\" \/>\n<script type=\"application\/ld+json\" class=\"yoast-schema-graph\">{\"@context\":\"https:\\\/\\\/schema.org\",\"@graph\":[{\"@type\":\"Article\",\"@id\":\"https:\\\/\\\/digitalsantotome.com.ar\\\/?p=13763#article\",\"isPartOf\":{\"@id\":\"https:\\\/\\\/digitalsantotome.com.ar\\\/?p=13763\"},\"author\":{\"name\":\"Jose Carlos Machado\",\"@id\":\"https:\\\/\\\/digitalsantotome.com.ar\\\/#\\\/schema\\\/person\\\/8991d8822886fedd92ce7f03817e1bdf\"},\"headline\":\"Colisi\u00f3n frontal entre un cami\u00f3n y un autom\u00f3vil deja como saldo dos v\u00edctimas fatales\",\"datePublished\":\"2026-01-09T17:23:53+00:00\",\"dateModified\":\"2026-01-10T14:03:26+00:00\",\"mainEntityOfPage\":{\"@id\":\"https:\\\/\\\/digitalsantotome.com.ar\\\/?p=13763\"},\"wordCount\":416,\"publisher\":{\"@id\":\"https:\\\/\\\/digitalsantotome.com.ar\\\/#organization\"},\"image\":{\"@id\":\"https:\\\/\\\/digitalsantotome.com.ar\\\/?p=13763#primaryimage\"},\"thumbnailUrl\":\"https:\\\/\\\/digitalsantotome.com.ar\\\/wp-content\\\/uploads\\\/2026\\\/01\\\/IMG-20260109-WA0029.jpg\",\"articleSection\":[\"Locales\"],\"inLanguage\":\"es\"},{\"@type\":\"WebPage\",\"@id\":\"https:\\\/\\\/digitalsantotome.com.ar\\\/?p=13763\",\"url\":\"https:\\\/\\\/digitalsantotome.com.ar\\\/?p=13763\",\"name\":\"Colisi\u00f3n frontal entre un cami\u00f3n y un autom\u00f3vil deja como saldo dos v\u00edctimas fatales - Digital Santo Tom\u00e9\",\"isPartOf\":{\"@id\":\"https:\\\/\\\/digitalsantotome.com.ar\\\/#website\"},\"primaryImageOfPage\":{\"@id\":\"https:\\\/\\\/digitalsantotome.com.ar\\\/?p=13763#primaryimage\"},\"image\":{\"@id\":\"https:\\\/\\\/digitalsantotome.com.ar\\\/?p=13763#primaryimage\"},\"thumbnailUrl\":\"https:\\\/\\\/digitalsantotome.com.ar\\\/wp-content\\\/uploads\\\/2026\\\/01\\\/IMG-20260109-WA0029.jpg\",\"datePublished\":\"2026-01-09T17:23:53+00:00\",\"dateModified\":\"2026-01-10T14:03:26+00:00\",\"breadcrumb\":{\"@id\":\"https:\\\/\\\/digitalsantotome.com.ar\\\/?p=13763#breadcrumb\"},\"inLanguage\":\"es\",\"potentialAction\":[{\"@type\":\"ReadAction\",\"target\":[\"https:\\\/\\\/digitalsantotome.com.ar\\\/?p=13763\"]}]},{\"@type\":\"ImageObject\",\"inLanguage\":\"es\",\"@id\":\"https:\\\/\\\/digitalsantotome.com.ar\\\/?p=13763#primaryimage\",\"url\":\"https:\\\/\\\/digitalsantotome.com.ar\\\/wp-content\\\/uploads\\\/2026\\\/01\\\/IMG-20260109-WA0029.jpg\",\"contentUrl\":\"https:\\\/\\\/digitalsantotome.com.ar\\\/wp-content\\\/uploads\\\/2026\\\/01\\\/IMG-20260109-WA0029.jpg\",\"width\":1280,\"height\":720},{\"@type\":\"BreadcrumbList\",\"@id\":\"https:\\\/\\\/digitalsantotome.com.ar\\\/?p=13763#breadcrumb\",\"itemListElement\":[{\"@type\":\"ListItem\",\"position\":1,\"name\":\"Portada\",\"item\":\"https:\\\/\\\/digitalsantotome.com.ar\\\/\"},{\"@type\":\"ListItem\",\"position\":2,\"name\":\"Colisi\u00f3n frontal entre un cami\u00f3n y un autom\u00f3vil deja como saldo dos v\u00edctimas fatales\"}]},{\"@type\":\"WebSite\",\"@id\":\"https:\\\/\\\/digitalsantotome.com.ar\\\/#website\",\"url\":\"https:\\\/\\\/digitalsantotome.com.ar\\\/\",\"name\":\"Digital Santo Tom\u00e9\",\"description\":\"Noticias desde Santo Tom\u00e9 al Mundo \u2013 La informacion que decide\",\"publisher\":{\"@id\":\"https:\\\/\\\/digitalsantotome.com.ar\\\/#organization\"},\"potentialAction\":[{\"@type\":\"SearchAction\",\"target\":{\"@type\":\"EntryPoint\",\"urlTemplate\":\"https:\\\/\\\/digitalsantotome.com.ar\\\/?s={search_term_string}\"},\"query-input\":{\"@type\":\"PropertyValueSpecification\",\"valueRequired\":true,\"valueName\":\"search_term_string\"}}],\"inLanguage\":\"es\"},{\"@type\":\"Organization\",\"@id\":\"https:\\\/\\\/digitalsantotome.com.ar\\\/#organization\",\"name\":\"Digital Santo Tom\u00e9\",\"url\":\"https:\\\/\\\/digitalsantotome.com.ar\\\/\",\"logo\":{\"@type\":\"ImageObject\",\"inLanguage\":\"es\",\"@id\":\"https:\\\/\\\/digitalsantotome.com.ar\\\/#\\\/schema\\\/logo\\\/image\\\/\",\"url\":\"https:\\\/\\\/digitalsantotome.com.ar\\\/wp-content\\\/uploads\\\/2023\\\/01\\\/facebook.jpg\",\"contentUrl\":\"https:\\\/\\\/digitalsantotome.com.ar\\\/wp-content\\\/uploads\\\/2023\\\/01\\\/facebook.jpg\",\"width\":512,\"height\":376,\"caption\":\"Digital Santo Tom\u00e9\"},\"image\":{\"@id\":\"https:\\\/\\\/digitalsantotome.com.ar\\\/#\\\/schema\\\/logo\\\/image\\\/\"}},{\"@type\":\"Person\",\"@id\":\"https:\\\/\\\/digitalsantotome.com.ar\\\/#\\\/schema\\\/person\\\/8991d8822886fedd92ce7f03817e1bdf\",\"name\":\"Jose Carlos Machado\",\"url\":\"https:\\\/\\\/digitalsantotome.com.ar\\\/?author=2\"}]}<\/script>\n<!-- \/ Yoast SEO plugin. -->","yoast_head_json":{"title":"Colisi\u00f3n frontal entre un cami\u00f3n y un autom\u00f3vil deja como saldo dos v\u00edctimas fatales - Digital Santo Tom\u00e9","robots":{"index":"index","follow":"follow","max-snippet":"max-snippet:-1","max-image-preview":"max-image-preview:large","max-video-preview":"max-video-preview:-1"},"canonical":"https:\/\/digitalsantotome.com.ar\/?p=13763","og_locale":"es_ES","og_type":"article","og_title":"Colisi\u00f3n frontal entre un cami\u00f3n y un autom\u00f3vil deja como saldo dos v\u00edctimas fatales - Digital Santo Tom\u00e9","og_description":"SANTO TOME. A media ma\u00f1ana de este viernes, se produjo un nuevo accidente vial sobre la Ruta Nacional 14 a unos 10 km al norte de esta ciudad, en la zona m\u00e1s conocida como el Santuario del Gauchito Gil. La colisi\u00f3n frontal se produjo entre un cami\u00f3n que transportaba un contenedor y lo hac\u00eda en...","og_url":"https:\/\/digitalsantotome.com.ar\/?p=13763","og_site_name":"Digital Santo Tom\u00e9","article_published_time":"2026-01-09T17:23:53+00:00","article_modified_time":"2026-01-10T14:03:26+00:00","og_image":[{"width":1280,"height":720,"url":"https:\/\/digitalsantotome.com.ar\/wp-content\/uploads\/2026\/01\/IMG-20260109-WA0029.jpg","type":"image\/jpeg"}],"author":"Jose Carlos Machado","twitter_card":"summary_large_image","twitter_misc":{"Escrito por":"Jose Carlos Machado","Tiempo de lectura":"3 minutos"},"schema":{"@context":"https:\/\/schema.org","@graph":[{"@type":"Article","@id":"https:\/\/digitalsantotome.com.ar\/?p=13763#article","isPartOf":{"@id":"https:\/\/digitalsantotome.com.ar\/?p=13763"},"author":{"name":"Jose Carlos Machado","@id":"https:\/\/digitalsantotome.com.ar\/#\/schema\/person\/8991d8822886fedd92ce7f03817e1bdf"},"headline":"Colisi\u00f3n frontal entre un cami\u00f3n y un autom\u00f3vil deja como saldo dos v\u00edctimas fatales","datePublished":"2026-01-09T17:23:53+00:00","dateModified":"2026-01-10T14:03:26+00:00","mainEntityOfPage":{"@id":"https:\/\/digitalsantotome.com.ar\/?p=13763"},"wordCount":416,"publisher":{"@id":"https:\/\/digitalsantotome.com.ar\/#organization"},"image":{"@id":"https:\/\/digitalsantotome.com.ar\/?p=13763#primaryimage"},"thumbnailUrl":"https:\/\/digitalsantotome.com.ar\/wp-content\/uploads\/2026\/01\/IMG-20260109-WA0029.jpg","articleSection":["Locales"],"inLanguage":"es"},{"@type":"WebPage","@id":"https:\/\/digitalsantotome.com.ar\/?p=13763","url":"https:\/\/digitalsantotome.com.ar\/?p=13763","name":"Colisi\u00f3n frontal entre un cami\u00f3n y un autom\u00f3vil deja como saldo dos v\u00edctimas fatales - Digital Santo Tom\u00e9","isPartOf":{"@id":"https:\/\/digitalsantotome.com.ar\/#website"},"primaryImageOfPage":{"@id":"https:\/\/digitalsantotome.com.ar\/?p=13763#primaryimage"},"image":{"@id":"https:\/\/digitalsantotome.com.ar\/?p=13763#primaryimage"},"thumbnailUrl":"https:\/\/digitalsantotome.com.ar\/wp-content\/uploads\/2026\/01\/IMG-20260109-WA0029.jpg","datePublished":"2026-01-09T17:23:53+00:00","dateModified":"2026-01-10T14:03:26+00:00","breadcrumb":{"@id":"https:\/\/digitalsantotome.com.ar\/?p=13763#breadcrumb"},"inLanguage":"es","potentialAction":[{"@type":"ReadAction","target":["https:\/\/digitalsantotome.com.ar\/?p=13763"]}]},{"@type":"ImageObject","inLanguage":"es","@id":"https:\/\/digitalsantotome.com.ar\/?p=13763#primaryimage","url":"https:\/\/digitalsantotome.com.ar\/wp-content\/uploads\/2026\/01\/IMG-20260109-WA0029.jpg","contentUrl":"https:\/\/digitalsantotome.com.ar\/wp-content\/uploads\/2026\/01\/IMG-20260109-WA0029.jpg","width":1280,"height":720},{"@type":"BreadcrumbList","@id":"https:\/\/digitalsantotome.com.ar\/?p=13763#breadcrumb","itemListElement":[{"@type":"ListItem","position":1,"name":"Portada","item":"https:\/\/digitalsantotome.com.ar\/"},{"@type":"ListItem","position":2,"name":"Colisi\u00f3n frontal entre un cami\u00f3n y un autom\u00f3vil deja como saldo dos v\u00edctimas fatales"}]},{"@type":"WebSite","@id":"https:\/\/digitalsantotome.com.ar\/#website","url":"https:\/\/digitalsantotome.com.ar\/","name":"Digital Santo Tom\u00e9","description":"Noticias desde Santo Tom\u00e9 al Mundo \u2013 La informacion que decide","publisher":{"@id":"https:\/\/digitalsantotome.com.ar\/#organization"},"potentialAction":[{"@type":"SearchAction","target":{"@type":"EntryPoint","urlTemplate":"https:\/\/digitalsantotome.com.ar\/?s={search_term_string}"},"query-input":{"@type":"PropertyValueSpecification","valueRequired":true,"valueName":"search_term_string"}}],"inLanguage":"es"},{"@type":"Organization","@id":"https:\/\/digitalsantotome.com.ar\/#organization","name":"Digital Santo Tom\u00e9","url":"https:\/\/digitalsantotome.com.ar\/","logo":{"@type":"ImageObject","inLanguage":"es","@id":"https:\/\/digitalsantotome.com.ar\/#\/schema\/logo\/image\/","url":"https:\/\/digitalsantotome.com.ar\/wp-content\/uploads\/2023\/01\/facebook.jpg","contentUrl":"https:\/\/digitalsantotome.com.ar\/wp-content\/uploads\/2023\/01\/facebook.jpg","width":512,"height":376,"caption":"Digital Santo Tom\u00e9"},"image":{"@id":"https:\/\/digitalsantotome.com.ar\/#\/schema\/logo\/image\/"}},{"@type":"Person","@id":"https:\/\/digitalsantotome.com.ar\/#\/schema\/person\/8991d8822886fedd92ce7f03817e1bdf","name":"Jose Carlos Machado","url":"https:\/\/digitalsantotome.com.ar\/?author=2"}]}},"_links":{"self":[{"href":"https:\/\/digitalsantotome.com.ar\/index.php?rest_route=\/wp\/v2\/posts\/13763","targetHints":{"allow":["GET"]}}],"collection":[{"href":"https:\/\/digitalsantotome.com.ar\/index.php?rest_route=\/wp\/v2\/posts"}],"about":[{"href":"https:\/\/digitalsantotome.com.ar\/index.php?rest_route=\/wp\/v2\/types\/post"}],"author":[{"embeddable":true,"href":"https:\/\/digitalsantotome.com.ar\/index.php?rest_route=\/wp\/v2\/users\/2"}],"replies":[{"embeddable":true,"href":"https:\/\/digitalsantotome.com.ar\/index.php?rest_route=%2Fwp%2Fv2%2Fcomments&post=13763"}],"version-history":[{"count":6,"href":"https:\/\/digitalsantotome.com.ar\/index.php?rest_route=\/wp\/v2\/posts\/13763\/revisions"}],"predecessor-version":[{"id":13773,"href":"https:\/\/digitalsantotome.com.ar\/index.php?rest_route=\/wp\/v2\/posts\/13763\/revisions\/13773"}],"wp:featuredmedia":[{"embeddable":true,"href":"https:\/\/digitalsantotome.com.ar\/index.php?rest_route=\/wp\/v2\/media\/13764"}],"wp:attachment":[{"href":"https:\/\/digitalsantotome.com.ar\/index.php?rest_route=%2Fwp%2Fv2%2Fmedia&parent=13763"}],"wp:term":[{"taxonomy":"category","embeddable":true,"href":"https:\/\/digitalsantotome.com.ar\/index.php?rest_route=%2Fwp%2Fv2%2Fcategories&post=13763"},{"taxonomy":"post_tag","embeddable":true,"href":"https:\/\/digitalsantotome.com.ar\/index.php?rest_route=%2Fwp%2Fv2%2Ftags&post=13763"}],"curies":[{"name":"wp","href":"https:\/\/api.w.org\/{rel}","templated":true}]}}