{"id":13797,"date":"2026-01-12T16:46:13","date_gmt":"2026-01-12T19:46:13","guid":{"rendered":"https:\/\/digitalsantotome.com.ar\/?p=13797"},"modified":"2026-01-13T19:47:34","modified_gmt":"2026-01-13T22:47:34","slug":"informacion-exclusiva-vuelve-a-cobrar-interes-la-construccion-de-una-mega-feria-la-salada-en-santo-tome","status":"publish","type":"post","link":"https:\/\/digitalsantotome.com.ar\/?p=13797","title":{"rendered":"Informaci\u00f3n exclusiva: Vuelve a cobrar inter\u00e9s la instalaci\u00f3n de una mega feria \u201cLa Salada\u201d en Santo Tom\u00e9"},"content":{"rendered":"<p>SANTO TOME. El proyecto de instalar una feria similar a <strong>\u00abLa Salada\u00bb<\/strong> en <strong>Santo Tom\u00e9,<\/strong> es una idea que volvi\u00f3 a cobrar vigencia en los \u00faltimos dos meses, con inter\u00e9s mostrado por empresarios de la debido a la ubicaci\u00f3n estrat\u00e9gica de la ciudad cerca de <strong>Brasil, Paraguay y Misiones,<\/strong> aunque hasta el a\u00f1o 2022 no hab\u00eda nada en concreto, solo era una expresi\u00f3n de deseos, mencionando una compra de 100 hect\u00e1reas por parte del empresario <strong>Jorge Castillo<\/strong> para un polo textil.<\/p>\n<p>Sin embargo, en el \u00faltimo mes del a\u00f1o pasado y en lo que va del actual; la iniciativa volvi\u00f3 a cobrar fuerzas de <strong>\u201cresucitar\u201d<\/strong> el proyecto con algunas modificaciones que podr\u00eda ser a\u00fan m\u00e1s atrayente, como ser anexar un mercado concentrador de frutas y verduras y una terminal de \u00f3mnibus. As\u00ed lo se\u00f1alaron a <strong>Digital Santo Tom\u00e9,<\/strong> fuentes dignas de cr\u00e9ditos y que est\u00e1n trabajando a destajo para volver a poner en marcha algo que en su momento caus\u00f3 opiniones a favor y en contra que la feria se instalase en las afueras de Santo Tom\u00e9.<\/p>\n<p><img fetchpriority=\"high\" decoding=\"async\" class=\"alignnone size-full wp-image-13801\" src=\"https:\/\/digitalsantotome.com.ar\/wp-content\/uploads\/2026\/01\/IMG-20260112-WA0027.jpg\" alt=\"\" width=\"1001\" height=\"556\" srcset=\"https:\/\/digitalsantotome.com.ar\/wp-content\/uploads\/2026\/01\/IMG-20260112-WA0027.jpg 1001w, https:\/\/digitalsantotome.com.ar\/wp-content\/uploads\/2026\/01\/IMG-20260112-WA0027-300x167.jpg 300w, https:\/\/digitalsantotome.com.ar\/wp-content\/uploads\/2026\/01\/IMG-20260112-WA0027-768x427.jpg 768w\" sizes=\"(max-width: 1001px) 100vw, 1001px\" \/><\/p>\n<p>Pero como los tiempos cambiaron con la liberaci\u00f3n de restricciones de parte del gobierno del presidente Javier Milei, los mentores del controvertido proyecto comandado por <strong>Jorge Castillo<\/strong> <strong>(actualmente con prisi\u00f3n domiciliaria en Capital Federal)<\/strong> ahora volvieron a la carga y con muy bajo perfil, iniciaron las gestiones ante diferentes organismos provinciales. Pero la informaci\u00f3n se filtr\u00f3, y debieron admitir que la idea est\u00e1 m\u00e1s vigente que nunca.<\/p>\n<p>Seg\u00fan se estableci\u00f3, <strong>lo que primero se busca es obtener todas las documentaciones y autorizaciones ante el estado provincial y ah\u00ed reci\u00e9n bajar a Santo Tom\u00e9 para comenzar con el movimiento de suelo y bajada de luz en el predio de m\u00e1s cien hect\u00e1reas que all\u00e1 por el a\u00f1o 2015 adquirieron en el<\/strong> <strong>Paraje Camba\u00ed,<\/strong> distante este a unos 15 km al sur de Santo Tom\u00e9 por Ruta Nacional 14. La iniciativa contempla tambi\u00e9n la construcci\u00f3n de un mercado concentrador frutihort\u00edcola y una terminal de \u00f3mnibus.<\/p>\n<p>Cabe recordar que all\u00e1 por el a\u00f1o 2017, <strong>Jorge Castillo<\/strong> formul\u00f3 declaraciones luego que se le consultara si hab\u00eda desistido de su proyecto para instalar un centro comercial en Santo Tom\u00e9 como ya lo hab\u00eda anunciado en reiteradas oportunidades, pero que hasta ahora eso qued\u00f3 solo en meros anuncios medi\u00e1ticos. <strong>\u201cEst\u00e1 tomada la decisi\u00f3n de instalarnos en Santo Tom\u00e9, eso es irreversible\u201d<\/strong> sentenci\u00f3 para despejar cualquier tipo de dudas sobre si el denominado <strong>\u201cshopping para pobres\u201d<\/strong> como el mismo lo llama a su proyecto, se asentar\u00e1 o no en esta parte del pa\u00eds, aparte de los otros dos que ya tiene, una en Lomas de Zamora y el otro en la provincia de Mendoza.<\/p>\n<p>Las fuentes, se\u00f1alaron a este portal que recientemente quienes impulsan la concreci\u00f3n de una \u201cSalada Santotome\u00f1a\u201d, visitaron el lugar donde a futuro se instalar\u00eda la misma y se espera que en d\u00edas m\u00e1s vuelvan nuevamente a Santo Tom\u00e9. As\u00ed lo admiti\u00f3 el ex concejal Eduardo Buero para Digital Santo Tom\u00e9 y remarc\u00f3 que ya se realizaron contactos con c\u00e1maras de comercio de la zona y de la misma Federaci\u00f3n Econ\u00f3mica de la provincia de Corrientes. En ese contexto, se estima que nadie o muy pocos se opondr\u00edan hasta el momento que un emprendimiento de semejante envergadura se instale en las afueras de esta ciudad. Lo que no se sabe si mantuvieron contactos con las autoridades de la comuna santotome\u00f1a.<\/p>\n<p><strong>Fuente: Digital Santo Tom\u00e9<\/strong><\/p>\n<p><img decoding=\"async\" class=\"alignnone size-full wp-image-13802\" src=\"https:\/\/digitalsantotome.com.ar\/wp-content\/uploads\/2026\/01\/IMG-20260112-WA0026.jpg\" alt=\"\" width=\"1200\" height=\"630\" srcset=\"https:\/\/digitalsantotome.com.ar\/wp-content\/uploads\/2026\/01\/IMG-20260112-WA0026.jpg 1200w, https:\/\/digitalsantotome.com.ar\/wp-content\/uploads\/2026\/01\/IMG-20260112-WA0026-300x158.jpg 300w, https:\/\/digitalsantotome.com.ar\/wp-content\/uploads\/2026\/01\/IMG-20260112-WA0026-1024x538.jpg 1024w, https:\/\/digitalsantotome.com.ar\/wp-content\/uploads\/2026\/01\/IMG-20260112-WA0026-768x403.jpg 768w\" sizes=\"(max-width: 1200px) 100vw, 1200px\" \/><\/p>\n","protected":false},"excerpt":{"rendered":"<p>SANTO TOME. El proyecto de instalar una feria similar a \u00abLa Salada\u00bb en Santo Tom\u00e9, es una idea que volvi\u00f3 a cobrar vigencia en los \u00faltimos dos meses, con inter\u00e9s mostrado por empresarios de la debido a la ubicaci\u00f3n estrat\u00e9gica de la ciudad cerca de Brasil, Paraguay y Misiones, aunque hasta el a\u00f1o 2022 no&#8230;<\/p>\n","protected":false},"author":2,"featured_media":13798,"comment_status":"closed","ping_status":"closed","sticky":false,"template":"","format":"standard","meta":{"_kad_post_transparent":"default","_kad_post_title":"default","_kad_post_layout":"default","_kad_post_sidebar_id":"","_kad_post_content_style":"default","_kad_post_vertical_padding":"default","_kad_post_feature":"","_kad_post_feature_position":"","_kad_post_header":false,"_kad_post_footer":false,"_kad_post_classname":"","footnotes":""},"categories":[1],"tags":[],"class_list":["post-13797","post","type-post","status-publish","format-standard","has-post-thumbnail","hentry","category-locales"],"a3_pvc":{"activated":false,"total_views":0,"today_views":0},"yoast_head":"<!-- This site is optimized with the Yoast SEO plugin v27.4 - https:\/\/yoast.com\/product\/yoast-seo-wordpress\/ -->\n<title>Informaci\u00f3n exclusiva: Vuelve a cobrar inter\u00e9s la instalaci\u00f3n de una mega feria \u201cLa Salada\u201d en Santo Tom\u00e9 - Digital Santo Tom\u00e9<\/title>\n<meta name=\"robots\" content=\"index, follow, max-snippet:-1, max-image-preview:large, max-video-preview:-1\" \/>\n<link rel=\"canonical\" href=\"https:\/\/digitalsantotome.com.ar\/?p=13797\" \/>\n<meta property=\"og:locale\" content=\"es_ES\" \/>\n<meta property=\"og:type\" content=\"article\" \/>\n<meta property=\"og:title\" content=\"Informaci\u00f3n exclusiva: Vuelve a cobrar inter\u00e9s la instalaci\u00f3n de una mega feria \u201cLa Salada\u201d en Santo Tom\u00e9 - Digital Santo Tom\u00e9\" \/>\n<meta property=\"og:description\" content=\"SANTO TOME. El proyecto de instalar una feria similar a \u00abLa Salada\u00bb en Santo Tom\u00e9, es una idea que volvi\u00f3 a cobrar vigencia en los \u00faltimos dos meses, con inter\u00e9s mostrado por empresarios de la debido a la ubicaci\u00f3n estrat\u00e9gica de la ciudad cerca de Brasil, Paraguay y Misiones, aunque hasta el a\u00f1o 2022 no...\" \/>\n<meta property=\"og:url\" content=\"https:\/\/digitalsantotome.com.ar\/?p=13797\" \/>\n<meta property=\"og:site_name\" content=\"Digital Santo Tom\u00e9\" \/>\n<meta property=\"article:published_time\" content=\"2026-01-12T19:46:13+00:00\" \/>\n<meta property=\"article:modified_time\" content=\"2026-01-13T22:47:34+00:00\" \/>\n<meta property=\"og:image\" content=\"https:\/\/digitalsantotome.com.ar\/wp-content\/uploads\/2026\/01\/IMG-20260112-WA0025.jpg\" \/>\n\t<meta property=\"og:image:width\" content=\"992\" \/>\n\t<meta property=\"og:image:height\" content=\"558\" \/>\n\t<meta property=\"og:image:type\" content=\"image\/jpeg\" \/>\n<meta name=\"author\" content=\"Jose Carlos Machado\" \/>\n<meta name=\"twitter:card\" content=\"summary_large_image\" \/>\n<meta name=\"twitter:label1\" content=\"Escrito por\" \/>\n\t<meta name=\"twitter:data1\" content=\"Jose Carlos Machado\" \/>\n\t<meta name=\"twitter:label2\" content=\"Tiempo de lectura\" \/>\n\t<meta name=\"twitter:data2\" content=\"4 minutos\" \/>\n<script type=\"application\/ld+json\" class=\"yoast-schema-graph\">{\"@context\":\"https:\\\/\\\/schema.org\",\"@graph\":[{\"@type\":\"Article\",\"@id\":\"https:\\\/\\\/digitalsantotome.com.ar\\\/?p=13797#article\",\"isPartOf\":{\"@id\":\"https:\\\/\\\/digitalsantotome.com.ar\\\/?p=13797\"},\"author\":{\"name\":\"Jose Carlos Machado\",\"@id\":\"https:\\\/\\\/digitalsantotome.com.ar\\\/#\\\/schema\\\/person\\\/8991d8822886fedd92ce7f03817e1bdf\"},\"headline\":\"Informaci\u00f3n exclusiva: Vuelve a cobrar inter\u00e9s la instalaci\u00f3n de una mega feria \u201cLa Salada\u201d en Santo Tom\u00e9\",\"datePublished\":\"2026-01-12T19:46:13+00:00\",\"dateModified\":\"2026-01-13T22:47:34+00:00\",\"mainEntityOfPage\":{\"@id\":\"https:\\\/\\\/digitalsantotome.com.ar\\\/?p=13797\"},\"wordCount\":624,\"publisher\":{\"@id\":\"https:\\\/\\\/digitalsantotome.com.ar\\\/#organization\"},\"image\":{\"@id\":\"https:\\\/\\\/digitalsantotome.com.ar\\\/?p=13797#primaryimage\"},\"thumbnailUrl\":\"https:\\\/\\\/digitalsantotome.com.ar\\\/wp-content\\\/uploads\\\/2026\\\/01\\\/IMG-20260112-WA0025.jpg\",\"articleSection\":[\"Locales\"],\"inLanguage\":\"es\"},{\"@type\":\"WebPage\",\"@id\":\"https:\\\/\\\/digitalsantotome.com.ar\\\/?p=13797\",\"url\":\"https:\\\/\\\/digitalsantotome.com.ar\\\/?p=13797\",\"name\":\"Informaci\u00f3n exclusiva: Vuelve a cobrar inter\u00e9s la instalaci\u00f3n de una mega feria \u201cLa Salada\u201d en Santo Tom\u00e9 - Digital Santo Tom\u00e9\",\"isPartOf\":{\"@id\":\"https:\\\/\\\/digitalsantotome.com.ar\\\/#website\"},\"primaryImageOfPage\":{\"@id\":\"https:\\\/\\\/digitalsantotome.com.ar\\\/?p=13797#primaryimage\"},\"image\":{\"@id\":\"https:\\\/\\\/digitalsantotome.com.ar\\\/?p=13797#primaryimage\"},\"thumbnailUrl\":\"https:\\\/\\\/digitalsantotome.com.ar\\\/wp-content\\\/uploads\\\/2026\\\/01\\\/IMG-20260112-WA0025.jpg\",\"datePublished\":\"2026-01-12T19:46:13+00:00\",\"dateModified\":\"2026-01-13T22:47:34+00:00\",\"breadcrumb\":{\"@id\":\"https:\\\/\\\/digitalsantotome.com.ar\\\/?p=13797#breadcrumb\"},\"inLanguage\":\"es\",\"potentialAction\":[{\"@type\":\"ReadAction\",\"target\":[\"https:\\\/\\\/digitalsantotome.com.ar\\\/?p=13797\"]}]},{\"@type\":\"ImageObject\",\"inLanguage\":\"es\",\"@id\":\"https:\\\/\\\/digitalsantotome.com.ar\\\/?p=13797#primaryimage\",\"url\":\"https:\\\/\\\/digitalsantotome.com.ar\\\/wp-content\\\/uploads\\\/2026\\\/01\\\/IMG-20260112-WA0025.jpg\",\"contentUrl\":\"https:\\\/\\\/digitalsantotome.com.ar\\\/wp-content\\\/uploads\\\/2026\\\/01\\\/IMG-20260112-WA0025.jpg\",\"width\":992,\"height\":558},{\"@type\":\"BreadcrumbList\",\"@id\":\"https:\\\/\\\/digitalsantotome.com.ar\\\/?p=13797#breadcrumb\",\"itemListElement\":[{\"@type\":\"ListItem\",\"position\":1,\"name\":\"Portada\",\"item\":\"https:\\\/\\\/digitalsantotome.com.ar\\\/\"},{\"@type\":\"ListItem\",\"position\":2,\"name\":\"Informaci\u00f3n exclusiva: Vuelve a cobrar inter\u00e9s la instalaci\u00f3n de una mega feria \u201cLa Salada\u201d en Santo Tom\u00e9\"}]},{\"@type\":\"WebSite\",\"@id\":\"https:\\\/\\\/digitalsantotome.com.ar\\\/#website\",\"url\":\"https:\\\/\\\/digitalsantotome.com.ar\\\/\",\"name\":\"Digital Santo Tom\u00e9\",\"description\":\"Noticias desde Santo Tom\u00e9 al Mundo \u2013 La informacion que decide\",\"publisher\":{\"@id\":\"https:\\\/\\\/digitalsantotome.com.ar\\\/#organization\"},\"potentialAction\":[{\"@type\":\"SearchAction\",\"target\":{\"@type\":\"EntryPoint\",\"urlTemplate\":\"https:\\\/\\\/digitalsantotome.com.ar\\\/?s={search_term_string}\"},\"query-input\":{\"@type\":\"PropertyValueSpecification\",\"valueRequired\":true,\"valueName\":\"search_term_string\"}}],\"inLanguage\":\"es\"},{\"@type\":\"Organization\",\"@id\":\"https:\\\/\\\/digitalsantotome.com.ar\\\/#organization\",\"name\":\"Digital Santo Tom\u00e9\",\"url\":\"https:\\\/\\\/digitalsantotome.com.ar\\\/\",\"logo\":{\"@type\":\"ImageObject\",\"inLanguage\":\"es\",\"@id\":\"https:\\\/\\\/digitalsantotome.com.ar\\\/#\\\/schema\\\/logo\\\/image\\\/\",\"url\":\"https:\\\/\\\/digitalsantotome.com.ar\\\/wp-content\\\/uploads\\\/2023\\\/01\\\/facebook.jpg\",\"contentUrl\":\"https:\\\/\\\/digitalsantotome.com.ar\\\/wp-content\\\/uploads\\\/2023\\\/01\\\/facebook.jpg\",\"width\":512,\"height\":376,\"caption\":\"Digital Santo Tom\u00e9\"},\"image\":{\"@id\":\"https:\\\/\\\/digitalsantotome.com.ar\\\/#\\\/schema\\\/logo\\\/image\\\/\"}},{\"@type\":\"Person\",\"@id\":\"https:\\\/\\\/digitalsantotome.com.ar\\\/#\\\/schema\\\/person\\\/8991d8822886fedd92ce7f03817e1bdf\",\"name\":\"Jose Carlos Machado\",\"url\":\"https:\\\/\\\/digitalsantotome.com.ar\\\/?author=2\"}]}<\/script>\n<!-- \/ Yoast SEO plugin. -->","yoast_head_json":{"title":"Informaci\u00f3n exclusiva: Vuelve a cobrar inter\u00e9s la instalaci\u00f3n de una mega feria \u201cLa Salada\u201d en Santo Tom\u00e9 - Digital Santo Tom\u00e9","robots":{"index":"index","follow":"follow","max-snippet":"max-snippet:-1","max-image-preview":"max-image-preview:large","max-video-preview":"max-video-preview:-1"},"canonical":"https:\/\/digitalsantotome.com.ar\/?p=13797","og_locale":"es_ES","og_type":"article","og_title":"Informaci\u00f3n exclusiva: Vuelve a cobrar inter\u00e9s la instalaci\u00f3n de una mega feria \u201cLa Salada\u201d en Santo Tom\u00e9 - Digital Santo Tom\u00e9","og_description":"SANTO TOME. El proyecto de instalar una feria similar a \u00abLa Salada\u00bb en Santo Tom\u00e9, es una idea que volvi\u00f3 a cobrar vigencia en los \u00faltimos dos meses, con inter\u00e9s mostrado por empresarios de la debido a la ubicaci\u00f3n estrat\u00e9gica de la ciudad cerca de Brasil, Paraguay y Misiones, aunque hasta el a\u00f1o 2022 no...","og_url":"https:\/\/digitalsantotome.com.ar\/?p=13797","og_site_name":"Digital Santo Tom\u00e9","article_published_time":"2026-01-12T19:46:13+00:00","article_modified_time":"2026-01-13T22:47:34+00:00","og_image":[{"width":992,"height":558,"url":"https:\/\/digitalsantotome.com.ar\/wp-content\/uploads\/2026\/01\/IMG-20260112-WA0025.jpg","type":"image\/jpeg"}],"author":"Jose Carlos Machado","twitter_card":"summary_large_image","twitter_misc":{"Escrito por":"Jose Carlos Machado","Tiempo de lectura":"4 minutos"},"schema":{"@context":"https:\/\/schema.org","@graph":[{"@type":"Article","@id":"https:\/\/digitalsantotome.com.ar\/?p=13797#article","isPartOf":{"@id":"https:\/\/digitalsantotome.com.ar\/?p=13797"},"author":{"name":"Jose Carlos Machado","@id":"https:\/\/digitalsantotome.com.ar\/#\/schema\/person\/8991d8822886fedd92ce7f03817e1bdf"},"headline":"Informaci\u00f3n exclusiva: Vuelve a cobrar inter\u00e9s la instalaci\u00f3n de una mega feria \u201cLa Salada\u201d en Santo Tom\u00e9","datePublished":"2026-01-12T19:46:13+00:00","dateModified":"2026-01-13T22:47:34+00:00","mainEntityOfPage":{"@id":"https:\/\/digitalsantotome.com.ar\/?p=13797"},"wordCount":624,"publisher":{"@id":"https:\/\/digitalsantotome.com.ar\/#organization"},"image":{"@id":"https:\/\/digitalsantotome.com.ar\/?p=13797#primaryimage"},"thumbnailUrl":"https:\/\/digitalsantotome.com.ar\/wp-content\/uploads\/2026\/01\/IMG-20260112-WA0025.jpg","articleSection":["Locales"],"inLanguage":"es"},{"@type":"WebPage","@id":"https:\/\/digitalsantotome.com.ar\/?p=13797","url":"https:\/\/digitalsantotome.com.ar\/?p=13797","name":"Informaci\u00f3n exclusiva: Vuelve a cobrar inter\u00e9s la instalaci\u00f3n de una mega feria \u201cLa Salada\u201d en Santo Tom\u00e9 - Digital Santo Tom\u00e9","isPartOf":{"@id":"https:\/\/digitalsantotome.com.ar\/#website"},"primaryImageOfPage":{"@id":"https:\/\/digitalsantotome.com.ar\/?p=13797#primaryimage"},"image":{"@id":"https:\/\/digitalsantotome.com.ar\/?p=13797#primaryimage"},"thumbnailUrl":"https:\/\/digitalsantotome.com.ar\/wp-content\/uploads\/2026\/01\/IMG-20260112-WA0025.jpg","datePublished":"2026-01-12T19:46:13+00:00","dateModified":"2026-01-13T22:47:34+00:00","breadcrumb":{"@id":"https:\/\/digitalsantotome.com.ar\/?p=13797#breadcrumb"},"inLanguage":"es","potentialAction":[{"@type":"ReadAction","target":["https:\/\/digitalsantotome.com.ar\/?p=13797"]}]},{"@type":"ImageObject","inLanguage":"es","@id":"https:\/\/digitalsantotome.com.ar\/?p=13797#primaryimage","url":"https:\/\/digitalsantotome.com.ar\/wp-content\/uploads\/2026\/01\/IMG-20260112-WA0025.jpg","contentUrl":"https:\/\/digitalsantotome.com.ar\/wp-content\/uploads\/2026\/01\/IMG-20260112-WA0025.jpg","width":992,"height":558},{"@type":"BreadcrumbList","@id":"https:\/\/digitalsantotome.com.ar\/?p=13797#breadcrumb","itemListElement":[{"@type":"ListItem","position":1,"name":"Portada","item":"https:\/\/digitalsantotome.com.ar\/"},{"@type":"ListItem","position":2,"name":"Informaci\u00f3n exclusiva: Vuelve a cobrar inter\u00e9s la instalaci\u00f3n de una mega feria \u201cLa Salada\u201d en Santo Tom\u00e9"}]},{"@type":"WebSite","@id":"https:\/\/digitalsantotome.com.ar\/#website","url":"https:\/\/digitalsantotome.com.ar\/","name":"Digital Santo Tom\u00e9","description":"Noticias desde Santo Tom\u00e9 al Mundo \u2013 La informacion que decide","publisher":{"@id":"https:\/\/digitalsantotome.com.ar\/#organization"},"potentialAction":[{"@type":"SearchAction","target":{"@type":"EntryPoint","urlTemplate":"https:\/\/digitalsantotome.com.ar\/?s={search_term_string}"},"query-input":{"@type":"PropertyValueSpecification","valueRequired":true,"valueName":"search_term_string"}}],"inLanguage":"es"},{"@type":"Organization","@id":"https:\/\/digitalsantotome.com.ar\/#organization","name":"Digital Santo Tom\u00e9","url":"https:\/\/digitalsantotome.com.ar\/","logo":{"@type":"ImageObject","inLanguage":"es","@id":"https:\/\/digitalsantotome.com.ar\/#\/schema\/logo\/image\/","url":"https:\/\/digitalsantotome.com.ar\/wp-content\/uploads\/2023\/01\/facebook.jpg","contentUrl":"https:\/\/digitalsantotome.com.ar\/wp-content\/uploads\/2023\/01\/facebook.jpg","width":512,"height":376,"caption":"Digital Santo Tom\u00e9"},"image":{"@id":"https:\/\/digitalsantotome.com.ar\/#\/schema\/logo\/image\/"}},{"@type":"Person","@id":"https:\/\/digitalsantotome.com.ar\/#\/schema\/person\/8991d8822886fedd92ce7f03817e1bdf","name":"Jose Carlos Machado","url":"https:\/\/digitalsantotome.com.ar\/?author=2"}]}},"_links":{"self":[{"href":"https:\/\/digitalsantotome.com.ar\/index.php?rest_route=\/wp\/v2\/posts\/13797","targetHints":{"allow":["GET"]}}],"collection":[{"href":"https:\/\/digitalsantotome.com.ar\/index.php?rest_route=\/wp\/v2\/posts"}],"about":[{"href":"https:\/\/digitalsantotome.com.ar\/index.php?rest_route=\/wp\/v2\/types\/post"}],"author":[{"embeddable":true,"href":"https:\/\/digitalsantotome.com.ar\/index.php?rest_route=\/wp\/v2\/users\/2"}],"replies":[{"embeddable":true,"href":"https:\/\/digitalsantotome.com.ar\/index.php?rest_route=%2Fwp%2Fv2%2Fcomments&post=13797"}],"version-history":[{"count":4,"href":"https:\/\/digitalsantotome.com.ar\/index.php?rest_route=\/wp\/v2\/posts\/13797\/revisions"}],"predecessor-version":[{"id":13804,"href":"https:\/\/digitalsantotome.com.ar\/index.php?rest_route=\/wp\/v2\/posts\/13797\/revisions\/13804"}],"wp:featuredmedia":[{"embeddable":true,"href":"https:\/\/digitalsantotome.com.ar\/index.php?rest_route=\/wp\/v2\/media\/13798"}],"wp:attachment":[{"href":"https:\/\/digitalsantotome.com.ar\/index.php?rest_route=%2Fwp%2Fv2%2Fmedia&parent=13797"}],"wp:term":[{"taxonomy":"category","embeddable":true,"href":"https:\/\/digitalsantotome.com.ar\/index.php?rest_route=%2Fwp%2Fv2%2Fcategories&post=13797"},{"taxonomy":"post_tag","embeddable":true,"href":"https:\/\/digitalsantotome.com.ar\/index.php?rest_route=%2Fwp%2Fv2%2Ftags&post=13797"}],"curies":[{"name":"wp","href":"https:\/\/api.w.org\/{rel}","templated":true}]}}