{"id":13864,"date":"2026-01-17T10:07:43","date_gmt":"2026-01-17T13:07:43","guid":{"rendered":"https:\/\/digitalsantotome.com.ar\/?p=13864"},"modified":"2026-01-17T10:07:43","modified_gmt":"2026-01-17T13:07:43","slug":"antonio-barros-perkins-continua-al-frente-de-la-subsecretaria-de-industria-de-corrientes","status":"publish","type":"post","link":"https:\/\/digitalsantotome.com.ar\/?p=13864","title":{"rendered":"Antonio Barros Perkins contin\u00faa al frente de la Subsecretar\u00eda de Industria de Corrientes"},"content":{"rendered":"<div>\n<p dir=\"ltr\">CORRIENTES. En el marco de la conformaci\u00f3n del nuevo gabinete provincial, el gobernador Juan Pablo Vald\u00e9s confirm\u00f3 la continuidad de Antonio Barros Perkins como subsecretario de Industria, dentro de la estructura del Ministerio de Industria, Trabajo y Comercio. La medida ratifica el rumbo productivo que la provincia viene trazando desde 2021 y consolida el perfil industrialista de la gesti\u00f3n actual.<\/p>\n<p dir=\"ltr\">Barros Perkins, quien asumi\u00f3 originalmente la titularidad de la Subsecretar\u00eda en diciembre de 2021, ha sido una pieza clave en la expansi\u00f3n de la Red de Parques Industriales de Corrientes. Durante su primer periodo, trabaj\u00f3 estrechamente en la captaci\u00f3n de inversiones y en la modernizaci\u00f3n de los procesos productivos, lineamientos que ahora buscar\u00e1 profundizar bajo el mandato del nuevo titular del Ejecutivo correntino.<\/p>\n<p dir=\"ltr\">El peso pol\u00edtico del desarrollismo<\/p>\n<p dir=\"ltr\">La ratificaci\u00f3n de Barros Perkins tiene una lectura pol\u00edtica de relevancia, ya que el funcionario se desempe\u00f1a como presidente del Movimiento de Integraci\u00f3n y Desarrollo (MID) en Corrientes. Su permanencia en el cargo simboliza la vigencia de la visi\u00f3n desarrollista en el gobierno local y garantiza que el MID siga siendo un socio estrat\u00e9gico dentro del esquema de poder provincial.<\/p>\n<p dir=\"ltr\">Desde el sector industrial y desarrollista, destacaron que esta decisi\u00f3n brinda previsibilidad a los proyectos que se encuentran en ejecuci\u00f3n. \u201cLa continuidad de Antonio en el \u00e1rea es una se\u00f1al clara de que Corrientes mantiene su compromiso con la generaci\u00f3n de empleo genuino y el agregado de valor a la materia prima\u201d, indicaron fuentes cercanas a la cartera.<\/p>\n<p dir=\"ltr\">Desaf\u00edos para la nueva etapa<\/p>\n<p dir=\"ltr\">En esta nueva etapa, el subsecretario tendr\u00e1 el desaf\u00edo de potenciar la salida de los productos correntinos hacia mercados internacionales y seguir fortaleciendo la infraestructura log\u00edstica. Se espera que en los pr\u00f3ximos d\u00edas se definan las metas prioritarias para el a\u00f1o 2026, las cuales estar\u00e1n centradas en la consolidaci\u00f3n de los polos tecnol\u00f3gicos y la simplificaci\u00f3n de tr\u00e1mites para el asentamiento de nuevas empresas en el territorio provincial.<\/p>\n<p><span style=\"color: #888888;\"><br \/>\n<\/span><\/div>\n<div><\/div>\n","protected":false},"excerpt":{"rendered":"<p>CORRIENTES. En el marco de la conformaci\u00f3n del nuevo gabinete provincial, el gobernador Juan Pablo Vald\u00e9s confirm\u00f3 la continuidad de Antonio Barros Perkins como subsecretario de Industria, dentro de la estructura del Ministerio de Industria, Trabajo y Comercio. La medida ratifica el rumbo productivo que la provincia viene trazando desde 2021 y consolida el perfil&#8230;<\/p>\n","protected":false},"author":2,"featured_media":13865,"comment_status":"closed","ping_status":"closed","sticky":false,"template":"","format":"standard","meta":{"_kad_post_transparent":"default","_kad_post_title":"default","_kad_post_layout":"default","_kad_post_sidebar_id":"","_kad_post_content_style":"default","_kad_post_vertical_padding":"default","_kad_post_feature":"","_kad_post_feature_position":"","_kad_post_header":false,"_kad_post_footer":false,"_kad_post_classname":"","footnotes":""},"categories":[2],"tags":[],"class_list":["post-13864","post","type-post","status-publish","format-standard","has-post-thumbnail","hentry","category-provinciales"],"a3_pvc":{"activated":false,"total_views":0,"today_views":0},"yoast_head":"<!-- This site is optimized with the Yoast SEO plugin v27.5 - https:\/\/yoast.com\/product\/yoast-seo-wordpress\/ -->\n<title>Antonio Barros Perkins contin\u00faa al frente de la Subsecretar\u00eda de Industria de Corrientes - Digital Santo Tom\u00e9<\/title>\n<meta name=\"robots\" content=\"index, follow, max-snippet:-1, max-image-preview:large, max-video-preview:-1\" \/>\n<link rel=\"canonical\" href=\"https:\/\/digitalsantotome.com.ar\/?p=13864\" \/>\n<meta property=\"og:locale\" content=\"es_ES\" \/>\n<meta property=\"og:type\" content=\"article\" \/>\n<meta property=\"og:title\" content=\"Antonio Barros Perkins contin\u00faa al frente de la Subsecretar\u00eda de Industria de Corrientes - Digital Santo Tom\u00e9\" \/>\n<meta property=\"og:description\" content=\"CORRIENTES. En el marco de la conformaci\u00f3n del nuevo gabinete provincial, el gobernador Juan Pablo Vald\u00e9s confirm\u00f3 la continuidad de Antonio Barros Perkins como subsecretario de Industria, dentro de la estructura del Ministerio de Industria, Trabajo y Comercio. La medida ratifica el rumbo productivo que la provincia viene trazando desde 2021 y consolida el perfil...\" \/>\n<meta property=\"og:url\" content=\"https:\/\/digitalsantotome.com.ar\/?p=13864\" \/>\n<meta property=\"og:site_name\" content=\"Digital Santo Tom\u00e9\" \/>\n<meta property=\"article:published_time\" content=\"2026-01-17T13:07:43+00:00\" \/>\n<meta property=\"og:image\" content=\"https:\/\/digitalsantotome.com.ar\/wp-content\/uploads\/2026\/01\/Barros-Perkisn-recibiendo-su-nombramiento-de-Subsecetario-de-Industria.jpeg\" \/>\n\t<meta property=\"og:image:width\" content=\"1280\" \/>\n\t<meta property=\"og:image:height\" content=\"1082\" \/>\n\t<meta property=\"og:image:type\" content=\"image\/jpeg\" \/>\n<meta name=\"author\" content=\"Jose Carlos Machado\" \/>\n<meta name=\"twitter:card\" content=\"summary_large_image\" \/>\n<meta name=\"twitter:label1\" content=\"Escrito por\" \/>\n\t<meta name=\"twitter:data1\" content=\"Jose Carlos Machado\" \/>\n\t<meta name=\"twitter:label2\" content=\"Tiempo de lectura\" \/>\n\t<meta name=\"twitter:data2\" content=\"2 minutos\" \/>\n<script type=\"application\/ld+json\" class=\"yoast-schema-graph\">{\"@context\":\"https:\\\/\\\/schema.org\",\"@graph\":[{\"@type\":\"Article\",\"@id\":\"https:\\\/\\\/digitalsantotome.com.ar\\\/?p=13864#article\",\"isPartOf\":{\"@id\":\"https:\\\/\\\/digitalsantotome.com.ar\\\/?p=13864\"},\"author\":{\"name\":\"Jose Carlos Machado\",\"@id\":\"https:\\\/\\\/digitalsantotome.com.ar\\\/#\\\/schema\\\/person\\\/8991d8822886fedd92ce7f03817e1bdf\"},\"headline\":\"Antonio Barros Perkins contin\u00faa al frente de la Subsecretar\u00eda de Industria de Corrientes\",\"datePublished\":\"2026-01-17T13:07:43+00:00\",\"mainEntityOfPage\":{\"@id\":\"https:\\\/\\\/digitalsantotome.com.ar\\\/?p=13864\"},\"wordCount\":360,\"publisher\":{\"@id\":\"https:\\\/\\\/digitalsantotome.com.ar\\\/#organization\"},\"image\":{\"@id\":\"https:\\\/\\\/digitalsantotome.com.ar\\\/?p=13864#primaryimage\"},\"thumbnailUrl\":\"https:\\\/\\\/digitalsantotome.com.ar\\\/wp-content\\\/uploads\\\/2026\\\/01\\\/Barros-Perkisn-recibiendo-su-nombramiento-de-Subsecetario-de-Industria.jpeg\",\"articleSection\":[\"Provinciales\"],\"inLanguage\":\"es\"},{\"@type\":\"WebPage\",\"@id\":\"https:\\\/\\\/digitalsantotome.com.ar\\\/?p=13864\",\"url\":\"https:\\\/\\\/digitalsantotome.com.ar\\\/?p=13864\",\"name\":\"Antonio Barros Perkins contin\u00faa al frente de la Subsecretar\u00eda de Industria de Corrientes - Digital Santo Tom\u00e9\",\"isPartOf\":{\"@id\":\"https:\\\/\\\/digitalsantotome.com.ar\\\/#website\"},\"primaryImageOfPage\":{\"@id\":\"https:\\\/\\\/digitalsantotome.com.ar\\\/?p=13864#primaryimage\"},\"image\":{\"@id\":\"https:\\\/\\\/digitalsantotome.com.ar\\\/?p=13864#primaryimage\"},\"thumbnailUrl\":\"https:\\\/\\\/digitalsantotome.com.ar\\\/wp-content\\\/uploads\\\/2026\\\/01\\\/Barros-Perkisn-recibiendo-su-nombramiento-de-Subsecetario-de-Industria.jpeg\",\"datePublished\":\"2026-01-17T13:07:43+00:00\",\"breadcrumb\":{\"@id\":\"https:\\\/\\\/digitalsantotome.com.ar\\\/?p=13864#breadcrumb\"},\"inLanguage\":\"es\",\"potentialAction\":[{\"@type\":\"ReadAction\",\"target\":[\"https:\\\/\\\/digitalsantotome.com.ar\\\/?p=13864\"]}]},{\"@type\":\"ImageObject\",\"inLanguage\":\"es\",\"@id\":\"https:\\\/\\\/digitalsantotome.com.ar\\\/?p=13864#primaryimage\",\"url\":\"https:\\\/\\\/digitalsantotome.com.ar\\\/wp-content\\\/uploads\\\/2026\\\/01\\\/Barros-Perkisn-recibiendo-su-nombramiento-de-Subsecetario-de-Industria.jpeg\",\"contentUrl\":\"https:\\\/\\\/digitalsantotome.com.ar\\\/wp-content\\\/uploads\\\/2026\\\/01\\\/Barros-Perkisn-recibiendo-su-nombramiento-de-Subsecetario-de-Industria.jpeg\",\"width\":1280,\"height\":1082},{\"@type\":\"BreadcrumbList\",\"@id\":\"https:\\\/\\\/digitalsantotome.com.ar\\\/?p=13864#breadcrumb\",\"itemListElement\":[{\"@type\":\"ListItem\",\"position\":1,\"name\":\"Portada\",\"item\":\"https:\\\/\\\/digitalsantotome.com.ar\\\/\"},{\"@type\":\"ListItem\",\"position\":2,\"name\":\"Antonio Barros Perkins contin\u00faa al frente de la Subsecretar\u00eda de Industria de Corrientes\"}]},{\"@type\":\"WebSite\",\"@id\":\"https:\\\/\\\/digitalsantotome.com.ar\\\/#website\",\"url\":\"https:\\\/\\\/digitalsantotome.com.ar\\\/\",\"name\":\"Digital Santo Tom\u00e9\",\"description\":\"Noticias desde Santo Tom\u00e9 al Mundo \u2013 La informacion que decide\",\"publisher\":{\"@id\":\"https:\\\/\\\/digitalsantotome.com.ar\\\/#organization\"},\"potentialAction\":[{\"@type\":\"SearchAction\",\"target\":{\"@type\":\"EntryPoint\",\"urlTemplate\":\"https:\\\/\\\/digitalsantotome.com.ar\\\/?s={search_term_string}\"},\"query-input\":{\"@type\":\"PropertyValueSpecification\",\"valueRequired\":true,\"valueName\":\"search_term_string\"}}],\"inLanguage\":\"es\"},{\"@type\":\"Organization\",\"@id\":\"https:\\\/\\\/digitalsantotome.com.ar\\\/#organization\",\"name\":\"Digital Santo Tom\u00e9\",\"url\":\"https:\\\/\\\/digitalsantotome.com.ar\\\/\",\"logo\":{\"@type\":\"ImageObject\",\"inLanguage\":\"es\",\"@id\":\"https:\\\/\\\/digitalsantotome.com.ar\\\/#\\\/schema\\\/logo\\\/image\\\/\",\"url\":\"https:\\\/\\\/digitalsantotome.com.ar\\\/wp-content\\\/uploads\\\/2023\\\/01\\\/facebook.jpg\",\"contentUrl\":\"https:\\\/\\\/digitalsantotome.com.ar\\\/wp-content\\\/uploads\\\/2023\\\/01\\\/facebook.jpg\",\"width\":512,\"height\":376,\"caption\":\"Digital Santo Tom\u00e9\"},\"image\":{\"@id\":\"https:\\\/\\\/digitalsantotome.com.ar\\\/#\\\/schema\\\/logo\\\/image\\\/\"}},{\"@type\":\"Person\",\"@id\":\"https:\\\/\\\/digitalsantotome.com.ar\\\/#\\\/schema\\\/person\\\/8991d8822886fedd92ce7f03817e1bdf\",\"name\":\"Jose Carlos Machado\",\"url\":\"https:\\\/\\\/digitalsantotome.com.ar\\\/?author=2\"}]}<\/script>\n<!-- \/ Yoast SEO plugin. -->","yoast_head_json":{"title":"Antonio Barros Perkins contin\u00faa al frente de la Subsecretar\u00eda de Industria de Corrientes - Digital Santo Tom\u00e9","robots":{"index":"index","follow":"follow","max-snippet":"max-snippet:-1","max-image-preview":"max-image-preview:large","max-video-preview":"max-video-preview:-1"},"canonical":"https:\/\/digitalsantotome.com.ar\/?p=13864","og_locale":"es_ES","og_type":"article","og_title":"Antonio Barros Perkins contin\u00faa al frente de la Subsecretar\u00eda de Industria de Corrientes - Digital Santo Tom\u00e9","og_description":"CORRIENTES. En el marco de la conformaci\u00f3n del nuevo gabinete provincial, el gobernador Juan Pablo Vald\u00e9s confirm\u00f3 la continuidad de Antonio Barros Perkins como subsecretario de Industria, dentro de la estructura del Ministerio de Industria, Trabajo y Comercio. La medida ratifica el rumbo productivo que la provincia viene trazando desde 2021 y consolida el perfil...","og_url":"https:\/\/digitalsantotome.com.ar\/?p=13864","og_site_name":"Digital Santo Tom\u00e9","article_published_time":"2026-01-17T13:07:43+00:00","og_image":[{"width":1280,"height":1082,"url":"https:\/\/digitalsantotome.com.ar\/wp-content\/uploads\/2026\/01\/Barros-Perkisn-recibiendo-su-nombramiento-de-Subsecetario-de-Industria.jpeg","type":"image\/jpeg"}],"author":"Jose Carlos Machado","twitter_card":"summary_large_image","twitter_misc":{"Escrito por":"Jose Carlos Machado","Tiempo de lectura":"2 minutos"},"schema":{"@context":"https:\/\/schema.org","@graph":[{"@type":"Article","@id":"https:\/\/digitalsantotome.com.ar\/?p=13864#article","isPartOf":{"@id":"https:\/\/digitalsantotome.com.ar\/?p=13864"},"author":{"name":"Jose Carlos Machado","@id":"https:\/\/digitalsantotome.com.ar\/#\/schema\/person\/8991d8822886fedd92ce7f03817e1bdf"},"headline":"Antonio Barros Perkins contin\u00faa al frente de la Subsecretar\u00eda de Industria de Corrientes","datePublished":"2026-01-17T13:07:43+00:00","mainEntityOfPage":{"@id":"https:\/\/digitalsantotome.com.ar\/?p=13864"},"wordCount":360,"publisher":{"@id":"https:\/\/digitalsantotome.com.ar\/#organization"},"image":{"@id":"https:\/\/digitalsantotome.com.ar\/?p=13864#primaryimage"},"thumbnailUrl":"https:\/\/digitalsantotome.com.ar\/wp-content\/uploads\/2026\/01\/Barros-Perkisn-recibiendo-su-nombramiento-de-Subsecetario-de-Industria.jpeg","articleSection":["Provinciales"],"inLanguage":"es"},{"@type":"WebPage","@id":"https:\/\/digitalsantotome.com.ar\/?p=13864","url":"https:\/\/digitalsantotome.com.ar\/?p=13864","name":"Antonio Barros Perkins contin\u00faa al frente de la Subsecretar\u00eda de Industria de Corrientes - Digital Santo Tom\u00e9","isPartOf":{"@id":"https:\/\/digitalsantotome.com.ar\/#website"},"primaryImageOfPage":{"@id":"https:\/\/digitalsantotome.com.ar\/?p=13864#primaryimage"},"image":{"@id":"https:\/\/digitalsantotome.com.ar\/?p=13864#primaryimage"},"thumbnailUrl":"https:\/\/digitalsantotome.com.ar\/wp-content\/uploads\/2026\/01\/Barros-Perkisn-recibiendo-su-nombramiento-de-Subsecetario-de-Industria.jpeg","datePublished":"2026-01-17T13:07:43+00:00","breadcrumb":{"@id":"https:\/\/digitalsantotome.com.ar\/?p=13864#breadcrumb"},"inLanguage":"es","potentialAction":[{"@type":"ReadAction","target":["https:\/\/digitalsantotome.com.ar\/?p=13864"]}]},{"@type":"ImageObject","inLanguage":"es","@id":"https:\/\/digitalsantotome.com.ar\/?p=13864#primaryimage","url":"https:\/\/digitalsantotome.com.ar\/wp-content\/uploads\/2026\/01\/Barros-Perkisn-recibiendo-su-nombramiento-de-Subsecetario-de-Industria.jpeg","contentUrl":"https:\/\/digitalsantotome.com.ar\/wp-content\/uploads\/2026\/01\/Barros-Perkisn-recibiendo-su-nombramiento-de-Subsecetario-de-Industria.jpeg","width":1280,"height":1082},{"@type":"BreadcrumbList","@id":"https:\/\/digitalsantotome.com.ar\/?p=13864#breadcrumb","itemListElement":[{"@type":"ListItem","position":1,"name":"Portada","item":"https:\/\/digitalsantotome.com.ar\/"},{"@type":"ListItem","position":2,"name":"Antonio Barros Perkins contin\u00faa al frente de la Subsecretar\u00eda de Industria de Corrientes"}]},{"@type":"WebSite","@id":"https:\/\/digitalsantotome.com.ar\/#website","url":"https:\/\/digitalsantotome.com.ar\/","name":"Digital Santo Tom\u00e9","description":"Noticias desde Santo Tom\u00e9 al Mundo \u2013 La informacion que decide","publisher":{"@id":"https:\/\/digitalsantotome.com.ar\/#organization"},"potentialAction":[{"@type":"SearchAction","target":{"@type":"EntryPoint","urlTemplate":"https:\/\/digitalsantotome.com.ar\/?s={search_term_string}"},"query-input":{"@type":"PropertyValueSpecification","valueRequired":true,"valueName":"search_term_string"}}],"inLanguage":"es"},{"@type":"Organization","@id":"https:\/\/digitalsantotome.com.ar\/#organization","name":"Digital Santo Tom\u00e9","url":"https:\/\/digitalsantotome.com.ar\/","logo":{"@type":"ImageObject","inLanguage":"es","@id":"https:\/\/digitalsantotome.com.ar\/#\/schema\/logo\/image\/","url":"https:\/\/digitalsantotome.com.ar\/wp-content\/uploads\/2023\/01\/facebook.jpg","contentUrl":"https:\/\/digitalsantotome.com.ar\/wp-content\/uploads\/2023\/01\/facebook.jpg","width":512,"height":376,"caption":"Digital Santo Tom\u00e9"},"image":{"@id":"https:\/\/digitalsantotome.com.ar\/#\/schema\/logo\/image\/"}},{"@type":"Person","@id":"https:\/\/digitalsantotome.com.ar\/#\/schema\/person\/8991d8822886fedd92ce7f03817e1bdf","name":"Jose Carlos Machado","url":"https:\/\/digitalsantotome.com.ar\/?author=2"}]}},"_links":{"self":[{"href":"https:\/\/digitalsantotome.com.ar\/index.php?rest_route=\/wp\/v2\/posts\/13864","targetHints":{"allow":["GET"]}}],"collection":[{"href":"https:\/\/digitalsantotome.com.ar\/index.php?rest_route=\/wp\/v2\/posts"}],"about":[{"href":"https:\/\/digitalsantotome.com.ar\/index.php?rest_route=\/wp\/v2\/types\/post"}],"author":[{"embeddable":true,"href":"https:\/\/digitalsantotome.com.ar\/index.php?rest_route=\/wp\/v2\/users\/2"}],"replies":[{"embeddable":true,"href":"https:\/\/digitalsantotome.com.ar\/index.php?rest_route=%2Fwp%2Fv2%2Fcomments&post=13864"}],"version-history":[{"count":1,"href":"https:\/\/digitalsantotome.com.ar\/index.php?rest_route=\/wp\/v2\/posts\/13864\/revisions"}],"predecessor-version":[{"id":13866,"href":"https:\/\/digitalsantotome.com.ar\/index.php?rest_route=\/wp\/v2\/posts\/13864\/revisions\/13866"}],"wp:featuredmedia":[{"embeddable":true,"href":"https:\/\/digitalsantotome.com.ar\/index.php?rest_route=\/wp\/v2\/media\/13865"}],"wp:attachment":[{"href":"https:\/\/digitalsantotome.com.ar\/index.php?rest_route=%2Fwp%2Fv2%2Fmedia&parent=13864"}],"wp:term":[{"taxonomy":"category","embeddable":true,"href":"https:\/\/digitalsantotome.com.ar\/index.php?rest_route=%2Fwp%2Fv2%2Fcategories&post=13864"},{"taxonomy":"post_tag","embeddable":true,"href":"https:\/\/digitalsantotome.com.ar\/index.php?rest_route=%2Fwp%2Fv2%2Ftags&post=13864"}],"curies":[{"name":"wp","href":"https:\/\/api.w.org\/{rel}","templated":true}]}}