{"id":15008,"date":"2026-03-11T11:41:53","date_gmt":"2026-03-11T14:41:53","guid":{"rendered":"https:\/\/digitalsantotome.com.ar\/?p=15008"},"modified":"2026-03-11T11:42:04","modified_gmt":"2026-03-11T14:42:04","slug":"vischi-advirtio-que-casi-un-cuarto-de-la-justicia-federal-sigue-con-cargos-vacantes","status":"publish","type":"post","link":"https:\/\/digitalsantotome.com.ar\/?p=15008","title":{"rendered":"Vischi advirti\u00f3 que casi un cuarto de la justicia federal sigue con cargos vacantes"},"content":{"rendered":"<div class=\"row\">\n<div id=\"conte\" class=\"span6 base\">\n<p>CORRIENTES. El senador nacional, entrevistado por momarandu.com, Eduardo Vischi expres\u00f3 su preocupaci\u00f3n por la situaci\u00f3n actual del sistema judicial argentino, particularmente por la gran cantidad de vacantes existentes en distintos tribunales del pa\u00eds.<\/p>\n<p>El legislador advirti\u00f3 que la falta de designaci\u00f3n de jueces, fiscales y funcionarios judiciales genera dificultades en el funcionamiento del sistema y sostuvo la necesidad de avanzar con mayor celeridad en los procesos institucionales destinados a cubrir esos cargos.<\/p>\n<p>En ese marco, Vischi explic\u00f3 que desde el Senado se han realizado reiterados planteos para acelerar los procedimientos de designaci\u00f3n, se\u00f1alando que la problem\u00e1tica se arrastra desde hace varios a\u00f1os y afecta a m\u00faltiples jurisdicciones. El legislador record\u00f3 que su rol institucional incluye participaci\u00f3n en instancias vinculadas al proceso de designaci\u00f3n de magistrados, lo que le permite observar de manera directa el impacto que generan las vacantes prolongadas en el tiempo.<\/p>\n<p>Al referirse a la magnitud del problema, el senador remarc\u00f3 que el porcentaje de cargos judiciales sin cubrir alcanza niveles significativos dentro de la estructura del sistema judicial argentino. \u201cHay una realidad que hay que resolverla lo antes posible, que es casi el cuarto de la justicia o m\u00e1s est\u00e1 vacante\u201d, afirm\u00f3 al describir el diagn\u00f3stico que, seg\u00fan indic\u00f3, comparten distintos sectores vinculados al funcionamiento del Poder Judicial.<\/p>\n<p>Vischi se\u00f1al\u00f3 que esta situaci\u00f3n se observa tanto en tribunales nacionales como en dependencias judiciales distribuidas en las distintas provincias. Seg\u00fan explic\u00f3, la falta de designaciones no solo impacta en los niveles superiores de la justicia federal, sino tambi\u00e9n en juzgados de primera instancia, fiscal\u00edas y tribunales orales, lo que termina afectando la capacidad operativa del sistema para atender causas judiciales.<\/p>\n<p>El legislador sostuvo que, en reiteradas oportunidades, ha planteado el reclamo dentro de la Comisi\u00f3n de Acuerdos del Senado para que se agilicen los mecanismos de cobertura de cargos. Seg\u00fan indic\u00f3, esa instancia parlamentaria es clave en el proceso institucional que culmina con la aprobaci\u00f3n de los pliegos de magistrados propuestos por el Poder Ejecutivo.<\/p>\n<p>VACANTES EN CORRIENTES Y EN EL INTERIOR DEL PA\u00cdS<\/p>\n<p>Vischi tambi\u00e9n expuso ejemplos concretos de la situaci\u00f3n que atraviesan tribunales de la provincia de Corrientes, se\u00f1alando que all\u00ed se verifican casos puntuales de cargos sin cubrir que afectan el funcionamiento cotidiano de la justicia. En ese sentido, mencion\u00f3 la existencia de vacantes en organismos judiciales de relevancia dentro de la estructura federal.<\/p>\n<p>Al enumerar algunos de esos casos, el senador indic\u00f3 que el Tribunal Oral de Corrientes cuenta actualmente con dos vacantes sin cubrir, lo que genera dificultades en la organizaci\u00f3n de los procesos judiciales. Adem\u00e1s, se\u00f1al\u00f3 que la problem\u00e1tica se extiende a distintas \u00e1reas del sistema judicial, incluyendo fiscal\u00edas y juzgados federales.<\/p>\n<p>Vischi mencion\u00f3 tambi\u00e9n la situaci\u00f3n del juzgado de primera instancia y de la fiscal\u00eda de Paso de los Libres, donde existen cargos vacantes que requieren definiciones institucionales para garantizar el normal funcionamiento de las dependencias judiciales. A su vez, indic\u00f3 que la C\u00e1mara Federal con asiento en Corrientes tambi\u00e9n presenta una vacante pendiente de cobertura.<\/p>\n<p>El senador aclar\u00f3 que los ejemplos mencionados corresponden \u00fanicamente a la provincia de Corrientes, pero subray\u00f3 que situaciones similares se repiten en numerosas jurisdicciones del pa\u00eds. Seg\u00fan explic\u00f3, el problema no se limita al interior, sino que tambi\u00e9n afecta a tribunales con sede en la Ciudad de Buenos Aires y en otras grandes jurisdicciones judiciales.<\/p>\n<p>\u201cSolamente estoy hablando de Corrientes, pero as\u00ed pasa en la mayor\u00eda de las provincias y en Buenos Aires\u201d, afirm\u00f3 al referirse a la extensi\u00f3n nacional del problema. En ese sentido, insisti\u00f3 en la necesidad de que el sistema institucional avance con mayor rapidez en los procesos de designaci\u00f3n de magistrados y funcionarios judiciales.<\/p>\n<p>PROCESO DE DESIGNACI\u00d3N Y EXPECTATIVAS DE AVANCE<\/p>\n<p>El senador explic\u00f3 que el procedimiento para cubrir cargos judiciales involucra distintas instancias institucionales, entre ellas el Consejo de la Magistratura, el Poder Ejecutivo y el Senado de la Naci\u00f3n. Seg\u00fan detall\u00f3, cada una de estas etapas cumple un rol espec\u00edfico en la selecci\u00f3n, nominaci\u00f3n y aprobaci\u00f3n de los candidatos a ocupar los cargos vacantes.<\/p>\n<p>Vischi se\u00f1al\u00f3 que su doble funci\u00f3n institucional, tanto en el Senado como en \u00e1mbitos vinculados al Consejo de la Magistratura, le permite tener una visi\u00f3n directa sobre la din\u00e1mica de estos procesos. Seg\u00fan explic\u00f3, esa participaci\u00f3n refuerza la necesidad de impulsar soluciones que permitan avanzar con la designaci\u00f3n de jueces en un plazo razonable.<\/p>\n<p>En ese contexto sostuvo que el sistema judicial necesita una respuesta institucional que permita revertir el nivel actual de vacancias. El legislador consider\u00f3 que la acumulaci\u00f3n de cargos sin cubrir afecta el funcionamiento general de la justicia y puede incidir en los tiempos de resoluci\u00f3n de las causas judiciales.<\/p>\n<p>Al referirse a las expectativas de avance, Vischi se\u00f1al\u00f3 que algunos cambios recientes dentro del \u00e1mbito institucional podr\u00edan contribuir a destrabar parte de los procesos pendientes. \u201cCreo que va a haber un avance, el cambio de ministro me parece que eso de alguna forma apunta a que se resuelva\u201d, expres\u00f3 al referirse a la posibilidad de que se aceleren los mecanismos administrativos y pol\u00edticos necesarios para cubrir cargos.<\/p>\n<p>En ese marco explic\u00f3 que el Senado deber\u00e1 intervenir cuando el Poder Ejecutivo env\u00ede los pliegos correspondientes para su tratamiento parlamentario. Seg\u00fan indic\u00f3, esa instancia ser\u00e1 clave para avanzar en la designaci\u00f3n de magistrados que permitan completar la estructura judicial.<\/p>\n<p>DEBATE SOBRE LA CORTE SUPREMA Y CONSENSOS INSTITUCIONALES<\/p>\n<p>Consultado sobre la situaci\u00f3n de la Corte Suprema de Justicia, Vischi se\u00f1al\u00f3 que actualmente no existe un di\u00e1logo activo en el Senado respecto de posibles nombramientos para el m\u00e1ximo tribunal del pa\u00eds. Seg\u00fan explic\u00f3, el tema no forma parte de las discusiones legislativas inmediatas, aunque consider\u00f3 que en alg\u00fan momento deber\u00eda abrirse un debate institucional al respecto.<\/p>\n<p>\u201cNo hay ning\u00fan di\u00e1logo, no se habla del tema todav\u00eda\u201d, sostuvo al referirse al estado actual de las conversaciones en torno a la Corte Suprema. Sin embargo, el legislador se\u00f1al\u00f3 que ser\u00eda positivo que en el futuro se avance en una discusi\u00f3n que permita fortalecer el funcionamiento del m\u00e1ximo tribunal.<\/p>\n<p>En esa l\u00ednea, el senador destac\u00f3 la importancia de que cualquier proceso de designaci\u00f3n para la Corte Suprema se base en amplios consensos pol\u00edticos e institucionales. Seg\u00fan indic\u00f3, la legitimidad del tribunal depende en gran medida de la calidad profesional y \u00e9tica de quienes lo integran.<\/p>\n<p>Vischi remarc\u00f3 que, en su opini\u00f3n, los candidatos a ocupar cargos en el m\u00e1ximo tribunal deber\u00edan reunir condiciones que no generen cuestionamientos p\u00fablicos. \u201cOjal\u00e1 que adem\u00e1s como planteamos muchas oportunidades, que eso sea de consenso y que sean personas que realmente nadie pueda discutir su idoneidad y su honestidad\u201d, expres\u00f3.<\/p>\n<p>De acuerdo con el legislador, avanzar en designaciones que cuenten con respaldo pol\u00edtico amplio contribuir\u00eda a fortalecer la confianza institucional en el sistema judicial y a garantizar el funcionamiento adecuado de uno de los poderes centrales del Estado.<\/p>\n<\/div>\n<div><\/div>\n<\/div>\n<div><strong>Fuente: Momarandu.com<\/strong><\/div>\n<p>&nbsp;<\/p>\n","protected":false},"excerpt":{"rendered":"<p>CORRIENTES. El senador nacional, entrevistado por momarandu.com, Eduardo Vischi expres\u00f3 su preocupaci\u00f3n por la situaci\u00f3n actual del sistema judicial argentino, particularmente por la gran cantidad de vacantes existentes en distintos tribunales del pa\u00eds. El legislador advirti\u00f3 que la falta de designaci\u00f3n de jueces, fiscales y funcionarios judiciales genera dificultades en el funcionamiento del sistema y&#8230;<\/p>\n","protected":false},"author":2,"featured_media":15009,"comment_status":"closed","ping_status":"closed","sticky":false,"template":"","format":"standard","meta":{"_kad_post_transparent":"default","_kad_post_title":"default","_kad_post_layout":"default","_kad_post_sidebar_id":"","_kad_post_content_style":"default","_kad_post_vertical_padding":"default","_kad_post_feature":"","_kad_post_feature_position":"","_kad_post_header":false,"_kad_post_footer":false,"_kad_post_classname":"","footnotes":""},"categories":[2],"tags":[],"class_list":["post-15008","post","type-post","status-publish","format-standard","has-post-thumbnail","hentry","category-provinciales"],"a3_pvc":{"activated":false,"total_views":0,"today_views":0},"yoast_head":"<!-- This site is optimized with the Yoast SEO plugin v27.4 - https:\/\/yoast.com\/product\/yoast-seo-wordpress\/ -->\n<title>Vischi advirti\u00f3 que casi un cuarto de la justicia federal sigue con cargos vacantes - Digital Santo Tom\u00e9<\/title>\n<meta name=\"robots\" content=\"index, follow, max-snippet:-1, max-image-preview:large, max-video-preview:-1\" \/>\n<link rel=\"canonical\" href=\"https:\/\/digitalsantotome.com.ar\/?p=15008\" \/>\n<meta property=\"og:locale\" content=\"es_ES\" \/>\n<meta property=\"og:type\" content=\"article\" \/>\n<meta property=\"og:title\" content=\"Vischi advirti\u00f3 que casi un cuarto de la justicia federal sigue con cargos vacantes - Digital Santo Tom\u00e9\" \/>\n<meta property=\"og:description\" content=\"CORRIENTES. El senador nacional, entrevistado por momarandu.com, Eduardo Vischi expres\u00f3 su preocupaci\u00f3n por la situaci\u00f3n actual del sistema judicial argentino, particularmente por la gran cantidad de vacantes existentes en distintos tribunales del pa\u00eds. El legislador advirti\u00f3 que la falta de designaci\u00f3n de jueces, fiscales y funcionarios judiciales genera dificultades en el funcionamiento del sistema y...\" \/>\n<meta property=\"og:url\" content=\"https:\/\/digitalsantotome.com.ar\/?p=15008\" \/>\n<meta property=\"og:site_name\" content=\"Digital Santo Tom\u00e9\" \/>\n<meta property=\"article:published_time\" content=\"2026-03-11T14:41:53+00:00\" \/>\n<meta property=\"article:modified_time\" content=\"2026-03-11T14:42:04+00:00\" \/>\n<meta property=\"og:image\" content=\"https:\/\/digitalsantotome.com.ar\/wp-content\/uploads\/2026\/03\/images.webp\" \/>\n\t<meta property=\"og:image:width\" content=\"739\" \/>\n\t<meta property=\"og:image:height\" content=\"415\" \/>\n\t<meta property=\"og:image:type\" content=\"image\/webp\" \/>\n<meta name=\"author\" content=\"Jose Carlos Machado\" \/>\n<meta name=\"twitter:card\" content=\"summary_large_image\" \/>\n<meta name=\"twitter:label1\" content=\"Escrito por\" \/>\n\t<meta name=\"twitter:data1\" content=\"Jose Carlos Machado\" \/>\n\t<meta name=\"twitter:label2\" content=\"Tiempo de lectura\" \/>\n\t<meta name=\"twitter:data2\" content=\"6 minutos\" \/>\n<script type=\"application\/ld+json\" class=\"yoast-schema-graph\">{\"@context\":\"https:\\\/\\\/schema.org\",\"@graph\":[{\"@type\":\"Article\",\"@id\":\"https:\\\/\\\/digitalsantotome.com.ar\\\/?p=15008#article\",\"isPartOf\":{\"@id\":\"https:\\\/\\\/digitalsantotome.com.ar\\\/?p=15008\"},\"author\":{\"name\":\"Jose Carlos Machado\",\"@id\":\"https:\\\/\\\/digitalsantotome.com.ar\\\/#\\\/schema\\\/person\\\/8991d8822886fedd92ce7f03817e1bdf\"},\"headline\":\"Vischi advirti\u00f3 que casi un cuarto de la justicia federal sigue con cargos vacantes\",\"datePublished\":\"2026-03-11T14:41:53+00:00\",\"dateModified\":\"2026-03-11T14:42:04+00:00\",\"mainEntityOfPage\":{\"@id\":\"https:\\\/\\\/digitalsantotome.com.ar\\\/?p=15008\"},\"wordCount\":1234,\"publisher\":{\"@id\":\"https:\\\/\\\/digitalsantotome.com.ar\\\/#organization\"},\"image\":{\"@id\":\"https:\\\/\\\/digitalsantotome.com.ar\\\/?p=15008#primaryimage\"},\"thumbnailUrl\":\"https:\\\/\\\/digitalsantotome.com.ar\\\/wp-content\\\/uploads\\\/2026\\\/03\\\/images.webp\",\"articleSection\":[\"Provinciales\"],\"inLanguage\":\"es\"},{\"@type\":\"WebPage\",\"@id\":\"https:\\\/\\\/digitalsantotome.com.ar\\\/?p=15008\",\"url\":\"https:\\\/\\\/digitalsantotome.com.ar\\\/?p=15008\",\"name\":\"Vischi advirti\u00f3 que casi un cuarto de la justicia federal sigue con cargos vacantes - Digital Santo Tom\u00e9\",\"isPartOf\":{\"@id\":\"https:\\\/\\\/digitalsantotome.com.ar\\\/#website\"},\"primaryImageOfPage\":{\"@id\":\"https:\\\/\\\/digitalsantotome.com.ar\\\/?p=15008#primaryimage\"},\"image\":{\"@id\":\"https:\\\/\\\/digitalsantotome.com.ar\\\/?p=15008#primaryimage\"},\"thumbnailUrl\":\"https:\\\/\\\/digitalsantotome.com.ar\\\/wp-content\\\/uploads\\\/2026\\\/03\\\/images.webp\",\"datePublished\":\"2026-03-11T14:41:53+00:00\",\"dateModified\":\"2026-03-11T14:42:04+00:00\",\"breadcrumb\":{\"@id\":\"https:\\\/\\\/digitalsantotome.com.ar\\\/?p=15008#breadcrumb\"},\"inLanguage\":\"es\",\"potentialAction\":[{\"@type\":\"ReadAction\",\"target\":[\"https:\\\/\\\/digitalsantotome.com.ar\\\/?p=15008\"]}]},{\"@type\":\"ImageObject\",\"inLanguage\":\"es\",\"@id\":\"https:\\\/\\\/digitalsantotome.com.ar\\\/?p=15008#primaryimage\",\"url\":\"https:\\\/\\\/digitalsantotome.com.ar\\\/wp-content\\\/uploads\\\/2026\\\/03\\\/images.webp\",\"contentUrl\":\"https:\\\/\\\/digitalsantotome.com.ar\\\/wp-content\\\/uploads\\\/2026\\\/03\\\/images.webp\",\"width\":739,\"height\":415},{\"@type\":\"BreadcrumbList\",\"@id\":\"https:\\\/\\\/digitalsantotome.com.ar\\\/?p=15008#breadcrumb\",\"itemListElement\":[{\"@type\":\"ListItem\",\"position\":1,\"name\":\"Portada\",\"item\":\"https:\\\/\\\/digitalsantotome.com.ar\\\/\"},{\"@type\":\"ListItem\",\"position\":2,\"name\":\"Vischi advirti\u00f3 que casi un cuarto de la justicia federal sigue con cargos vacantes\"}]},{\"@type\":\"WebSite\",\"@id\":\"https:\\\/\\\/digitalsantotome.com.ar\\\/#website\",\"url\":\"https:\\\/\\\/digitalsantotome.com.ar\\\/\",\"name\":\"Digital Santo Tom\u00e9\",\"description\":\"Noticias desde Santo Tom\u00e9 al Mundo \u2013 La informacion que decide\",\"publisher\":{\"@id\":\"https:\\\/\\\/digitalsantotome.com.ar\\\/#organization\"},\"potentialAction\":[{\"@type\":\"SearchAction\",\"target\":{\"@type\":\"EntryPoint\",\"urlTemplate\":\"https:\\\/\\\/digitalsantotome.com.ar\\\/?s={search_term_string}\"},\"query-input\":{\"@type\":\"PropertyValueSpecification\",\"valueRequired\":true,\"valueName\":\"search_term_string\"}}],\"inLanguage\":\"es\"},{\"@type\":\"Organization\",\"@id\":\"https:\\\/\\\/digitalsantotome.com.ar\\\/#organization\",\"name\":\"Digital Santo Tom\u00e9\",\"url\":\"https:\\\/\\\/digitalsantotome.com.ar\\\/\",\"logo\":{\"@type\":\"ImageObject\",\"inLanguage\":\"es\",\"@id\":\"https:\\\/\\\/digitalsantotome.com.ar\\\/#\\\/schema\\\/logo\\\/image\\\/\",\"url\":\"https:\\\/\\\/digitalsantotome.com.ar\\\/wp-content\\\/uploads\\\/2023\\\/01\\\/facebook.jpg\",\"contentUrl\":\"https:\\\/\\\/digitalsantotome.com.ar\\\/wp-content\\\/uploads\\\/2023\\\/01\\\/facebook.jpg\",\"width\":512,\"height\":376,\"caption\":\"Digital Santo Tom\u00e9\"},\"image\":{\"@id\":\"https:\\\/\\\/digitalsantotome.com.ar\\\/#\\\/schema\\\/logo\\\/image\\\/\"}},{\"@type\":\"Person\",\"@id\":\"https:\\\/\\\/digitalsantotome.com.ar\\\/#\\\/schema\\\/person\\\/8991d8822886fedd92ce7f03817e1bdf\",\"name\":\"Jose Carlos Machado\",\"url\":\"https:\\\/\\\/digitalsantotome.com.ar\\\/?author=2\"}]}<\/script>\n<!-- \/ Yoast SEO plugin. -->","yoast_head_json":{"title":"Vischi advirti\u00f3 que casi un cuarto de la justicia federal sigue con cargos vacantes - Digital Santo Tom\u00e9","robots":{"index":"index","follow":"follow","max-snippet":"max-snippet:-1","max-image-preview":"max-image-preview:large","max-video-preview":"max-video-preview:-1"},"canonical":"https:\/\/digitalsantotome.com.ar\/?p=15008","og_locale":"es_ES","og_type":"article","og_title":"Vischi advirti\u00f3 que casi un cuarto de la justicia federal sigue con cargos vacantes - Digital Santo Tom\u00e9","og_description":"CORRIENTES. El senador nacional, entrevistado por momarandu.com, Eduardo Vischi expres\u00f3 su preocupaci\u00f3n por la situaci\u00f3n actual del sistema judicial argentino, particularmente por la gran cantidad de vacantes existentes en distintos tribunales del pa\u00eds. El legislador advirti\u00f3 que la falta de designaci\u00f3n de jueces, fiscales y funcionarios judiciales genera dificultades en el funcionamiento del sistema y...","og_url":"https:\/\/digitalsantotome.com.ar\/?p=15008","og_site_name":"Digital Santo Tom\u00e9","article_published_time":"2026-03-11T14:41:53+00:00","article_modified_time":"2026-03-11T14:42:04+00:00","og_image":[{"width":739,"height":415,"url":"https:\/\/digitalsantotome.com.ar\/wp-content\/uploads\/2026\/03\/images.webp","type":"image\/webp"}],"author":"Jose Carlos Machado","twitter_card":"summary_large_image","twitter_misc":{"Escrito por":"Jose Carlos Machado","Tiempo de lectura":"6 minutos"},"schema":{"@context":"https:\/\/schema.org","@graph":[{"@type":"Article","@id":"https:\/\/digitalsantotome.com.ar\/?p=15008#article","isPartOf":{"@id":"https:\/\/digitalsantotome.com.ar\/?p=15008"},"author":{"name":"Jose Carlos Machado","@id":"https:\/\/digitalsantotome.com.ar\/#\/schema\/person\/8991d8822886fedd92ce7f03817e1bdf"},"headline":"Vischi advirti\u00f3 que casi un cuarto de la justicia federal sigue con cargos vacantes","datePublished":"2026-03-11T14:41:53+00:00","dateModified":"2026-03-11T14:42:04+00:00","mainEntityOfPage":{"@id":"https:\/\/digitalsantotome.com.ar\/?p=15008"},"wordCount":1234,"publisher":{"@id":"https:\/\/digitalsantotome.com.ar\/#organization"},"image":{"@id":"https:\/\/digitalsantotome.com.ar\/?p=15008#primaryimage"},"thumbnailUrl":"https:\/\/digitalsantotome.com.ar\/wp-content\/uploads\/2026\/03\/images.webp","articleSection":["Provinciales"],"inLanguage":"es"},{"@type":"WebPage","@id":"https:\/\/digitalsantotome.com.ar\/?p=15008","url":"https:\/\/digitalsantotome.com.ar\/?p=15008","name":"Vischi advirti\u00f3 que casi un cuarto de la justicia federal sigue con cargos vacantes - Digital Santo Tom\u00e9","isPartOf":{"@id":"https:\/\/digitalsantotome.com.ar\/#website"},"primaryImageOfPage":{"@id":"https:\/\/digitalsantotome.com.ar\/?p=15008#primaryimage"},"image":{"@id":"https:\/\/digitalsantotome.com.ar\/?p=15008#primaryimage"},"thumbnailUrl":"https:\/\/digitalsantotome.com.ar\/wp-content\/uploads\/2026\/03\/images.webp","datePublished":"2026-03-11T14:41:53+00:00","dateModified":"2026-03-11T14:42:04+00:00","breadcrumb":{"@id":"https:\/\/digitalsantotome.com.ar\/?p=15008#breadcrumb"},"inLanguage":"es","potentialAction":[{"@type":"ReadAction","target":["https:\/\/digitalsantotome.com.ar\/?p=15008"]}]},{"@type":"ImageObject","inLanguage":"es","@id":"https:\/\/digitalsantotome.com.ar\/?p=15008#primaryimage","url":"https:\/\/digitalsantotome.com.ar\/wp-content\/uploads\/2026\/03\/images.webp","contentUrl":"https:\/\/digitalsantotome.com.ar\/wp-content\/uploads\/2026\/03\/images.webp","width":739,"height":415},{"@type":"BreadcrumbList","@id":"https:\/\/digitalsantotome.com.ar\/?p=15008#breadcrumb","itemListElement":[{"@type":"ListItem","position":1,"name":"Portada","item":"https:\/\/digitalsantotome.com.ar\/"},{"@type":"ListItem","position":2,"name":"Vischi advirti\u00f3 que casi un cuarto de la justicia federal sigue con cargos vacantes"}]},{"@type":"WebSite","@id":"https:\/\/digitalsantotome.com.ar\/#website","url":"https:\/\/digitalsantotome.com.ar\/","name":"Digital Santo Tom\u00e9","description":"Noticias desde Santo Tom\u00e9 al Mundo \u2013 La informacion que decide","publisher":{"@id":"https:\/\/digitalsantotome.com.ar\/#organization"},"potentialAction":[{"@type":"SearchAction","target":{"@type":"EntryPoint","urlTemplate":"https:\/\/digitalsantotome.com.ar\/?s={search_term_string}"},"query-input":{"@type":"PropertyValueSpecification","valueRequired":true,"valueName":"search_term_string"}}],"inLanguage":"es"},{"@type":"Organization","@id":"https:\/\/digitalsantotome.com.ar\/#organization","name":"Digital Santo Tom\u00e9","url":"https:\/\/digitalsantotome.com.ar\/","logo":{"@type":"ImageObject","inLanguage":"es","@id":"https:\/\/digitalsantotome.com.ar\/#\/schema\/logo\/image\/","url":"https:\/\/digitalsantotome.com.ar\/wp-content\/uploads\/2023\/01\/facebook.jpg","contentUrl":"https:\/\/digitalsantotome.com.ar\/wp-content\/uploads\/2023\/01\/facebook.jpg","width":512,"height":376,"caption":"Digital Santo Tom\u00e9"},"image":{"@id":"https:\/\/digitalsantotome.com.ar\/#\/schema\/logo\/image\/"}},{"@type":"Person","@id":"https:\/\/digitalsantotome.com.ar\/#\/schema\/person\/8991d8822886fedd92ce7f03817e1bdf","name":"Jose Carlos Machado","url":"https:\/\/digitalsantotome.com.ar\/?author=2"}]}},"_links":{"self":[{"href":"https:\/\/digitalsantotome.com.ar\/index.php?rest_route=\/wp\/v2\/posts\/15008","targetHints":{"allow":["GET"]}}],"collection":[{"href":"https:\/\/digitalsantotome.com.ar\/index.php?rest_route=\/wp\/v2\/posts"}],"about":[{"href":"https:\/\/digitalsantotome.com.ar\/index.php?rest_route=\/wp\/v2\/types\/post"}],"author":[{"embeddable":true,"href":"https:\/\/digitalsantotome.com.ar\/index.php?rest_route=\/wp\/v2\/users\/2"}],"replies":[{"embeddable":true,"href":"https:\/\/digitalsantotome.com.ar\/index.php?rest_route=%2Fwp%2Fv2%2Fcomments&post=15008"}],"version-history":[{"count":2,"href":"https:\/\/digitalsantotome.com.ar\/index.php?rest_route=\/wp\/v2\/posts\/15008\/revisions"}],"predecessor-version":[{"id":15011,"href":"https:\/\/digitalsantotome.com.ar\/index.php?rest_route=\/wp\/v2\/posts\/15008\/revisions\/15011"}],"wp:featuredmedia":[{"embeddable":true,"href":"https:\/\/digitalsantotome.com.ar\/index.php?rest_route=\/wp\/v2\/media\/15009"}],"wp:attachment":[{"href":"https:\/\/digitalsantotome.com.ar\/index.php?rest_route=%2Fwp%2Fv2%2Fmedia&parent=15008"}],"wp:term":[{"taxonomy":"category","embeddable":true,"href":"https:\/\/digitalsantotome.com.ar\/index.php?rest_route=%2Fwp%2Fv2%2Fcategories&post=15008"},{"taxonomy":"post_tag","embeddable":true,"href":"https:\/\/digitalsantotome.com.ar\/index.php?rest_route=%2Fwp%2Fv2%2Ftags&post=15008"}],"curies":[{"name":"wp","href":"https:\/\/api.w.org\/{rel}","templated":true}]}}