{"id":15026,"date":"2026-03-12T19:07:26","date_gmt":"2026-03-12T22:07:26","guid":{"rendered":"https:\/\/digitalsantotome.com.ar\/?p=15026"},"modified":"2026-03-12T19:07:26","modified_gmt":"2026-03-12T22:07:26","slug":"el-radicalismo-correntino-analizo-la-situacion-politica-y-economica","status":"publish","type":"post","link":"https:\/\/digitalsantotome.com.ar\/?p=15026","title":{"rendered":"El radicalismo correntino analiz\u00f3 la situaci\u00f3n pol\u00edtica y econ\u00f3mica"},"content":{"rendered":"<div class=\"row\">\n<div id=\"conte\" class=\"span6 base\">CORRIENTES. El presidente de la UCR Corrientes y senador provincial Gustavo Vald\u00e9s encabez\u00f3 la primera reuni\u00f3n ordinaria del Comit\u00e9 Central del partido. La jornada coincidi\u00f3 con el D\u00eda del Militante Radical, en conmemoraci\u00f3n del fallecimiento de Ra\u00fal Alfons\u00edn, e incluy\u00f3 un acto recordatorio y un reconocimiento a mujeres militantes. Durante el encuentro se analizaron la situaci\u00f3n pol\u00edtica y econ\u00f3mica nacional, el impacto del escenario internacional, la agenda legislativa provincial y la organizaci\u00f3n partidaria para el a\u00f1o 2026.<\/p>\n<p>El presidente de la Uni\u00f3n C\u00edvica Radical de Corrientes y senador provincial, Gustavo Vald\u00e9s, encabez\u00f3 la primera reuni\u00f3n ordinaria del Comit\u00e9 Central del partido en la provincia, en una jornada que combin\u00f3 actividades institucionales con actos conmemorativos y definiciones pol\u00edticas. El encuentro se desarroll\u00f3 en el marco de las instancias org\u00e1nicas previstas por la estructura partidaria y reuni\u00f3 a dirigentes, referentes territoriales y autoridades partidarias para analizar el funcionamiento interno, la agenda pol\u00edtica y el contexto general del pa\u00eds.<\/p>\n<p>En declaraciones previas al encuentro, el dirigente radical explic\u00f3 que la jornada coincidi\u00f3 con la conmemoraci\u00f3n del D\u00eda del Militante de la Uni\u00f3n C\u00edvica Radical, fecha que recuerda el fallecimiento del expresidente Ra\u00fal Alfons\u00edn. En ese marco, se program\u00f3 un acto recordatorio en una intersecci\u00f3n de la capital correntina que lleva su nombre. \u201cPrimera reuni\u00f3n del Comit\u00e9 Central de la provincia de Corrientes. Reuniones ordinarias. Bueno, hoy en el D\u00eda del Militante de la Uni\u00f3n C\u00edvica Radical, que coincide con el fallecimiento del doctor Ra\u00fal Alfons\u00edn. Estamos por hacer un acto conmemorativo en lo que es Pomar y Alfons\u00edn, justamente\u201d, expres\u00f3 el senador provincial al referirse a las actividades previstas.<\/p>\n<p>El encuentro tambi\u00e9n incluy\u00f3 acciones vinculadas a la agenda institucional del partido. Seg\u00fan explic\u00f3 Vald\u00e9s, la reuni\u00f3n permiti\u00f3 reconocer la participaci\u00f3n hist\u00f3rica de las mujeres militantes en el radicalismo, en el marco del Mes de la Mujer, adem\u00e1s de generar un espacio de di\u00e1logo con intendentes y referentes territoriales de la fuerza pol\u00edtica. \u201cAhora, bueno, con la primera reuni\u00f3n vamos a estar tambi\u00e9n aprovechando el Mes de la Mujer, reconociendo a mujeres militantes de la Uni\u00f3n C\u00edvica Radical y, bueno, hablando con los intendentes referentes del partido\u201d, indic\u00f3.<\/p>\n<p>Asimismo, el dirigente detall\u00f3 que la reuni\u00f3n incluy\u00f3 el an\u00e1lisis de distintos aspectos vinculados a la organizaci\u00f3n partidaria y la situaci\u00f3n de las comunas gobernadas por el radicalismo. \u201cAnalizando la situaci\u00f3n nacional, provincial y, por supuesto, puntualmente la situaci\u00f3n de algunas comunas, de algunos comit\u00e9s tambi\u00e9n que estamos viendo y, bueno, lo que hace a la administraci\u00f3n propia del partido\u201d, se\u00f1al\u00f3 al describir los temas abordados durante la convocatoria del Comit\u00e9 Central.<\/p>\n<p><strong>AN\u00c1LISIS DE LA SITUACI\u00d3N ECON\u00d3MICA NACIONAL<\/strong><\/p>\n<p>Consultado sobre el escenario econ\u00f3mico del pa\u00eds, Vald\u00e9s plante\u00f3 una lectura matizada del contexto actual, se\u00f1alando que existen sectores productivos con resultados positivos mientras que otros atraviesan dificultades. \u201cYo tengo mi propia situaci\u00f3n, mi propia visi\u00f3n, que es que estamos, por un lado, con algunos sectores que est\u00e1n muy bien, fundamentalmente el sector minero, el sector de gas, el sector de petr\u00f3leo\u201d, explic\u00f3 al iniciar su an\u00e1lisis sobre la coyuntura nacional.<\/p>\n<p>En esa misma l\u00ednea, destac\u00f3 que algunos rubros del sector agropecuario registran niveles favorables de precios en el mercado. \u201cTenemos algunos sectores, como el sector ganadero, que estamos con precios hist\u00f3ricos\u201d, afirm\u00f3, aunque advirti\u00f3 que el panorama econ\u00f3mico es heterog\u00e9neo y presenta contrastes entre distintas actividades productivas.<\/p>\n<p>El dirigente tambi\u00e9n se\u00f1al\u00f3 que existen sectores con dificultades que enfrentan un escenario econ\u00f3mico complejo. \u201cTenemos otros que tienen inconvenientes y, bueno, una Argentina que por ah\u00ed uno mira el vaso lleno o el vaso vac\u00edo: a algunos les est\u00e1 tocando el vaso vac\u00edo y, bueno, la situaci\u00f3n econ\u00f3mica cada vez m\u00e1s acuciante\u201d, sostuvo, al referirse al impacto desigual de las condiciones econ\u00f3micas en diferentes \u00e1reas de la producci\u00f3n.<\/p>\n<p>Al sintetizar su diagn\u00f3stico, el senador radical remarc\u00f3 la incertidumbre que atraviesa el contexto econ\u00f3mico nacional. \u201cHay algunos sectores que les est\u00e1 yendo mejor que a otros. Y es lo que estamos viendo en este momento. Es un an\u00e1lisis, un balance que se tiene que hacer. Es como que la taba est\u00e1 en el aire\u201d, expres\u00f3 al describir el escenario econ\u00f3mico actual.<\/p>\n<p><strong>ESCENARIO INTERNACIONAL Y OPORTUNIDADES DE EXPORTACI\u00d3N<\/strong><\/p>\n<p>En relaci\u00f3n con el contexto econ\u00f3mico internacional, Vald\u00e9s consider\u00f3 que el impacto sobre la Argentina depender\u00e1 de la evoluci\u00f3n de los distintos mercados globales y de las oportunidades comerciales que se generen para el pa\u00eds. \u201cDepende cu\u00e1l es el mercado. Hay algunos mercados que le van a venir bien a la Rep\u00fablica Argentina\u201d, sostuvo al ser consultado sobre el posible efecto de las tensiones econ\u00f3micas internacionales.<\/p>\n<p>En ese sentido, destac\u00f3 la importancia del perfil productivo del pa\u00eds como proveedor de alimentos y vincul\u00f3 ese factor con avances en negociaciones comerciales de largo plazo. \u201cNosotros somos un pa\u00eds que produce justamente alimentos y esto oblig\u00f3, por ejemplo, a la Uni\u00f3n Europea con la Rep\u00fablica Argentina y el Mercosur a avanzar en un acuerdo que llevaba m\u00e1s de 20 a\u00f1os y que hoy est\u00e1 avanzando\u201d, explic\u00f3, aludiendo a las tratativas comerciales entre el bloque regional y el mercado europeo.<\/p>\n<p>El dirigente se\u00f1al\u00f3 que ese tipo de acuerdos podr\u00eda generar oportunidades para diversas econom\u00edas regionales y sectores productivos del pa\u00eds. \u201cEso va a traer prosperidad a algunos sectores y ojal\u00e1 que golpee en sectores en donde nosotros estamos mal: la yerba mate, que golpee sobre otros sectores como la madera y que nosotros podamos seguir mejorando y seguir teniendo un panorama de exportaci\u00f3n\u201d, afirm\u00f3.<\/p>\n<p>Adem\u00e1s, mencion\u00f3 la posibilidad de que algunos rubros vinculados a la energ\u00eda registren un crecimiento en el comercio internacional. \u201cHay otros sectores que nos van a ir bien, por ejemplo combustibles, donde la Argentina va a comenzar a exportar con un mejor precio. Ustedes van a ver que va a repercutir el precio de los combustibles a nivel mundial\u201d, se\u00f1al\u00f3.<\/p>\n<p><strong>POSICIONES POL\u00cdTICAS Y AGENDA LEGISLATIVA<\/strong><\/p>\n<p>En el plano pol\u00edtico, Vald\u00e9s afirm\u00f3 que actualmente no mantiene v\u00ednculos con dirigentes de La Libertad Avanza, aunque destac\u00f3 que el radicalismo contin\u00faa desarrollando su actividad institucional y acompa\u00f1ando la gesti\u00f3n provincial. \u201cMire, yo particularmente no tengo relaci\u00f3n hoy con La Libertad Avanza. Con el \u00faltimo que convers\u00e9 fue con Santilli, previo a la visita de \u00e9l\u201d, indic\u00f3 al responder sobre la relaci\u00f3n con ese espacio pol\u00edtico.<\/p>\n<p>El dirigente tambi\u00e9n se refiri\u00f3 al acompa\u00f1amiento institucional al actual gobernador correntino, Juan Pablo Vald\u00e9s, quien se encontraba desarrollando una misi\u00f3n oficial en el exterior. \u201cNosotros seguimos trabajando con la misma responsabilidad que lo ven\u00edamos haciendo y en este momento acompa\u00f1ando al gobernador Juan Pablo Vald\u00e9s, que est\u00e1 teniendo una misi\u00f3n exitosa en Nueva York\u201d, afirm\u00f3.<\/p>\n<p>Asimismo, explic\u00f3 que en los \u00faltimos d\u00edas se realiz\u00f3 una reuni\u00f3n entre legisladores provinciales y referentes de la alianza oficialista con el objetivo de analizar la agenda parlamentaria del a\u00f1o. \u201cHablar con los distintos diputados, con los distintos senadores, para que nosotros podamos tener una evaluaci\u00f3n legislativa. Y tambi\u00e9n un poco de camarader\u00eda, \u00bfno?, que hac\u00eda tiempo que no nos junt\u00e1bamos\u201d, sostuvo.<\/p>\n<p>Finalmente, Vald\u00e9s adelant\u00f3 que el radicalismo provincial proyecta desarrollar encuentros partidarios en distintas regiones del territorio correntino a lo largo del a\u00f1o legislativo. \u201cAhora, bueno, comenzamos este a\u00f1o 2026 legislativo, donde vamos a estar seguramente reuniendo a la Uni\u00f3n C\u00edvica Radical y a Vamos Corrientes en el interior de la provincia por zonas\u201d, se\u00f1al\u00f3 al referirse a la estrategia organizativa prevista por el partido.<\/p><\/div>\n<div><\/div>\n<\/div>\n<div>Momarandu.com<\/div>\n","protected":false},"excerpt":{"rendered":"<p>CORRIENTES. El presidente de la UCR Corrientes y senador provincial Gustavo Vald\u00e9s encabez\u00f3 la primera reuni\u00f3n ordinaria del Comit\u00e9 Central del partido. La jornada coincidi\u00f3 con el D\u00eda del Militante Radical, en conmemoraci\u00f3n del fallecimiento de Ra\u00fal Alfons\u00edn, e incluy\u00f3 un acto recordatorio y un reconocimiento a mujeres militantes. Durante el encuentro se analizaron la&#8230;<\/p>\n","protected":false},"author":2,"featured_media":15027,"comment_status":"closed","ping_status":"closed","sticky":false,"template":"","format":"standard","meta":{"_kad_post_transparent":"default","_kad_post_title":"default","_kad_post_layout":"default","_kad_post_sidebar_id":"","_kad_post_content_style":"default","_kad_post_vertical_padding":"default","_kad_post_feature":"","_kad_post_feature_position":"","_kad_post_header":false,"_kad_post_footer":false,"_kad_post_classname":"","footnotes":""},"categories":[2],"tags":[],"class_list":["post-15026","post","type-post","status-publish","format-standard","has-post-thumbnail","hentry","category-provinciales"],"a3_pvc":{"activated":false,"total_views":0,"today_views":0},"yoast_head":"<!-- This site is optimized with the Yoast SEO plugin v27.4 - https:\/\/yoast.com\/product\/yoast-seo-wordpress\/ -->\n<title>El radicalismo correntino analiz\u00f3 la situaci\u00f3n pol\u00edtica y econ\u00f3mica - Digital Santo Tom\u00e9<\/title>\n<meta name=\"robots\" content=\"index, follow, max-snippet:-1, max-image-preview:large, max-video-preview:-1\" \/>\n<link rel=\"canonical\" href=\"https:\/\/digitalsantotome.com.ar\/?p=15026\" \/>\n<meta property=\"og:locale\" content=\"es_ES\" \/>\n<meta property=\"og:type\" content=\"article\" \/>\n<meta property=\"og:title\" content=\"El radicalismo correntino analiz\u00f3 la situaci\u00f3n pol\u00edtica y econ\u00f3mica - Digital Santo Tom\u00e9\" \/>\n<meta property=\"og:description\" content=\"CORRIENTES. El presidente de la UCR Corrientes y senador provincial Gustavo Vald\u00e9s encabez\u00f3 la primera reuni\u00f3n ordinaria del Comit\u00e9 Central del partido. La jornada coincidi\u00f3 con el D\u00eda del Militante Radical, en conmemoraci\u00f3n del fallecimiento de Ra\u00fal Alfons\u00edn, e incluy\u00f3 un acto recordatorio y un reconocimiento a mujeres militantes. Durante el encuentro se analizaron la...\" \/>\n<meta property=\"og:url\" content=\"https:\/\/digitalsantotome.com.ar\/?p=15026\" \/>\n<meta property=\"og:site_name\" content=\"Digital Santo Tom\u00e9\" \/>\n<meta property=\"article:published_time\" content=\"2026-03-12T22:07:26+00:00\" \/>\n<meta property=\"og:image\" content=\"https:\/\/digitalsantotome.com.ar\/wp-content\/uploads\/2026\/03\/o_1709740628.jpg\" \/>\n\t<meta property=\"og:image:width\" content=\"1200\" \/>\n\t<meta property=\"og:image:height\" content=\"675\" \/>\n\t<meta property=\"og:image:type\" content=\"image\/jpeg\" \/>\n<meta name=\"author\" content=\"Jose Carlos Machado\" \/>\n<meta name=\"twitter:card\" content=\"summary_large_image\" \/>\n<meta name=\"twitter:label1\" content=\"Escrito por\" \/>\n\t<meta name=\"twitter:data1\" content=\"Jose Carlos Machado\" \/>\n\t<meta name=\"twitter:label2\" content=\"Tiempo de lectura\" \/>\n\t<meta name=\"twitter:data2\" content=\"6 minutos\" \/>\n<script type=\"application\/ld+json\" class=\"yoast-schema-graph\">{\"@context\":\"https:\\\/\\\/schema.org\",\"@graph\":[{\"@type\":\"Article\",\"@id\":\"https:\\\/\\\/digitalsantotome.com.ar\\\/?p=15026#article\",\"isPartOf\":{\"@id\":\"https:\\\/\\\/digitalsantotome.com.ar\\\/?p=15026\"},\"author\":{\"name\":\"Jose Carlos Machado\",\"@id\":\"https:\\\/\\\/digitalsantotome.com.ar\\\/#\\\/schema\\\/person\\\/8991d8822886fedd92ce7f03817e1bdf\"},\"headline\":\"El radicalismo correntino analiz\u00f3 la situaci\u00f3n pol\u00edtica y econ\u00f3mica\",\"datePublished\":\"2026-03-12T22:07:26+00:00\",\"mainEntityOfPage\":{\"@id\":\"https:\\\/\\\/digitalsantotome.com.ar\\\/?p=15026\"},\"wordCount\":1364,\"publisher\":{\"@id\":\"https:\\\/\\\/digitalsantotome.com.ar\\\/#organization\"},\"image\":{\"@id\":\"https:\\\/\\\/digitalsantotome.com.ar\\\/?p=15026#primaryimage\"},\"thumbnailUrl\":\"https:\\\/\\\/digitalsantotome.com.ar\\\/wp-content\\\/uploads\\\/2026\\\/03\\\/o_1709740628.jpg\",\"articleSection\":[\"Provinciales\"],\"inLanguage\":\"es\"},{\"@type\":\"WebPage\",\"@id\":\"https:\\\/\\\/digitalsantotome.com.ar\\\/?p=15026\",\"url\":\"https:\\\/\\\/digitalsantotome.com.ar\\\/?p=15026\",\"name\":\"El radicalismo correntino analiz\u00f3 la situaci\u00f3n pol\u00edtica y econ\u00f3mica - Digital Santo Tom\u00e9\",\"isPartOf\":{\"@id\":\"https:\\\/\\\/digitalsantotome.com.ar\\\/#website\"},\"primaryImageOfPage\":{\"@id\":\"https:\\\/\\\/digitalsantotome.com.ar\\\/?p=15026#primaryimage\"},\"image\":{\"@id\":\"https:\\\/\\\/digitalsantotome.com.ar\\\/?p=15026#primaryimage\"},\"thumbnailUrl\":\"https:\\\/\\\/digitalsantotome.com.ar\\\/wp-content\\\/uploads\\\/2026\\\/03\\\/o_1709740628.jpg\",\"datePublished\":\"2026-03-12T22:07:26+00:00\",\"breadcrumb\":{\"@id\":\"https:\\\/\\\/digitalsantotome.com.ar\\\/?p=15026#breadcrumb\"},\"inLanguage\":\"es\",\"potentialAction\":[{\"@type\":\"ReadAction\",\"target\":[\"https:\\\/\\\/digitalsantotome.com.ar\\\/?p=15026\"]}]},{\"@type\":\"ImageObject\",\"inLanguage\":\"es\",\"@id\":\"https:\\\/\\\/digitalsantotome.com.ar\\\/?p=15026#primaryimage\",\"url\":\"https:\\\/\\\/digitalsantotome.com.ar\\\/wp-content\\\/uploads\\\/2026\\\/03\\\/o_1709740628.jpg\",\"contentUrl\":\"https:\\\/\\\/digitalsantotome.com.ar\\\/wp-content\\\/uploads\\\/2026\\\/03\\\/o_1709740628.jpg\",\"width\":1200,\"height\":675},{\"@type\":\"BreadcrumbList\",\"@id\":\"https:\\\/\\\/digitalsantotome.com.ar\\\/?p=15026#breadcrumb\",\"itemListElement\":[{\"@type\":\"ListItem\",\"position\":1,\"name\":\"Portada\",\"item\":\"https:\\\/\\\/digitalsantotome.com.ar\\\/\"},{\"@type\":\"ListItem\",\"position\":2,\"name\":\"El radicalismo correntino analiz\u00f3 la situaci\u00f3n pol\u00edtica y econ\u00f3mica\"}]},{\"@type\":\"WebSite\",\"@id\":\"https:\\\/\\\/digitalsantotome.com.ar\\\/#website\",\"url\":\"https:\\\/\\\/digitalsantotome.com.ar\\\/\",\"name\":\"Digital Santo Tom\u00e9\",\"description\":\"Noticias desde Santo Tom\u00e9 al Mundo \u2013 La informacion que decide\",\"publisher\":{\"@id\":\"https:\\\/\\\/digitalsantotome.com.ar\\\/#organization\"},\"potentialAction\":[{\"@type\":\"SearchAction\",\"target\":{\"@type\":\"EntryPoint\",\"urlTemplate\":\"https:\\\/\\\/digitalsantotome.com.ar\\\/?s={search_term_string}\"},\"query-input\":{\"@type\":\"PropertyValueSpecification\",\"valueRequired\":true,\"valueName\":\"search_term_string\"}}],\"inLanguage\":\"es\"},{\"@type\":\"Organization\",\"@id\":\"https:\\\/\\\/digitalsantotome.com.ar\\\/#organization\",\"name\":\"Digital Santo Tom\u00e9\",\"url\":\"https:\\\/\\\/digitalsantotome.com.ar\\\/\",\"logo\":{\"@type\":\"ImageObject\",\"inLanguage\":\"es\",\"@id\":\"https:\\\/\\\/digitalsantotome.com.ar\\\/#\\\/schema\\\/logo\\\/image\\\/\",\"url\":\"https:\\\/\\\/digitalsantotome.com.ar\\\/wp-content\\\/uploads\\\/2023\\\/01\\\/facebook.jpg\",\"contentUrl\":\"https:\\\/\\\/digitalsantotome.com.ar\\\/wp-content\\\/uploads\\\/2023\\\/01\\\/facebook.jpg\",\"width\":512,\"height\":376,\"caption\":\"Digital Santo Tom\u00e9\"},\"image\":{\"@id\":\"https:\\\/\\\/digitalsantotome.com.ar\\\/#\\\/schema\\\/logo\\\/image\\\/\"}},{\"@type\":\"Person\",\"@id\":\"https:\\\/\\\/digitalsantotome.com.ar\\\/#\\\/schema\\\/person\\\/8991d8822886fedd92ce7f03817e1bdf\",\"name\":\"Jose Carlos Machado\",\"url\":\"https:\\\/\\\/digitalsantotome.com.ar\\\/?author=2\"}]}<\/script>\n<!-- \/ Yoast SEO plugin. -->","yoast_head_json":{"title":"El radicalismo correntino analiz\u00f3 la situaci\u00f3n pol\u00edtica y econ\u00f3mica - Digital Santo Tom\u00e9","robots":{"index":"index","follow":"follow","max-snippet":"max-snippet:-1","max-image-preview":"max-image-preview:large","max-video-preview":"max-video-preview:-1"},"canonical":"https:\/\/digitalsantotome.com.ar\/?p=15026","og_locale":"es_ES","og_type":"article","og_title":"El radicalismo correntino analiz\u00f3 la situaci\u00f3n pol\u00edtica y econ\u00f3mica - Digital Santo Tom\u00e9","og_description":"CORRIENTES. El presidente de la UCR Corrientes y senador provincial Gustavo Vald\u00e9s encabez\u00f3 la primera reuni\u00f3n ordinaria del Comit\u00e9 Central del partido. La jornada coincidi\u00f3 con el D\u00eda del Militante Radical, en conmemoraci\u00f3n del fallecimiento de Ra\u00fal Alfons\u00edn, e incluy\u00f3 un acto recordatorio y un reconocimiento a mujeres militantes. Durante el encuentro se analizaron la...","og_url":"https:\/\/digitalsantotome.com.ar\/?p=15026","og_site_name":"Digital Santo Tom\u00e9","article_published_time":"2026-03-12T22:07:26+00:00","og_image":[{"width":1200,"height":675,"url":"https:\/\/digitalsantotome.com.ar\/wp-content\/uploads\/2026\/03\/o_1709740628.jpg","type":"image\/jpeg"}],"author":"Jose Carlos Machado","twitter_card":"summary_large_image","twitter_misc":{"Escrito por":"Jose Carlos Machado","Tiempo de lectura":"6 minutos"},"schema":{"@context":"https:\/\/schema.org","@graph":[{"@type":"Article","@id":"https:\/\/digitalsantotome.com.ar\/?p=15026#article","isPartOf":{"@id":"https:\/\/digitalsantotome.com.ar\/?p=15026"},"author":{"name":"Jose Carlos Machado","@id":"https:\/\/digitalsantotome.com.ar\/#\/schema\/person\/8991d8822886fedd92ce7f03817e1bdf"},"headline":"El radicalismo correntino analiz\u00f3 la situaci\u00f3n pol\u00edtica y econ\u00f3mica","datePublished":"2026-03-12T22:07:26+00:00","mainEntityOfPage":{"@id":"https:\/\/digitalsantotome.com.ar\/?p=15026"},"wordCount":1364,"publisher":{"@id":"https:\/\/digitalsantotome.com.ar\/#organization"},"image":{"@id":"https:\/\/digitalsantotome.com.ar\/?p=15026#primaryimage"},"thumbnailUrl":"https:\/\/digitalsantotome.com.ar\/wp-content\/uploads\/2026\/03\/o_1709740628.jpg","articleSection":["Provinciales"],"inLanguage":"es"},{"@type":"WebPage","@id":"https:\/\/digitalsantotome.com.ar\/?p=15026","url":"https:\/\/digitalsantotome.com.ar\/?p=15026","name":"El radicalismo correntino analiz\u00f3 la situaci\u00f3n pol\u00edtica y econ\u00f3mica - Digital Santo Tom\u00e9","isPartOf":{"@id":"https:\/\/digitalsantotome.com.ar\/#website"},"primaryImageOfPage":{"@id":"https:\/\/digitalsantotome.com.ar\/?p=15026#primaryimage"},"image":{"@id":"https:\/\/digitalsantotome.com.ar\/?p=15026#primaryimage"},"thumbnailUrl":"https:\/\/digitalsantotome.com.ar\/wp-content\/uploads\/2026\/03\/o_1709740628.jpg","datePublished":"2026-03-12T22:07:26+00:00","breadcrumb":{"@id":"https:\/\/digitalsantotome.com.ar\/?p=15026#breadcrumb"},"inLanguage":"es","potentialAction":[{"@type":"ReadAction","target":["https:\/\/digitalsantotome.com.ar\/?p=15026"]}]},{"@type":"ImageObject","inLanguage":"es","@id":"https:\/\/digitalsantotome.com.ar\/?p=15026#primaryimage","url":"https:\/\/digitalsantotome.com.ar\/wp-content\/uploads\/2026\/03\/o_1709740628.jpg","contentUrl":"https:\/\/digitalsantotome.com.ar\/wp-content\/uploads\/2026\/03\/o_1709740628.jpg","width":1200,"height":675},{"@type":"BreadcrumbList","@id":"https:\/\/digitalsantotome.com.ar\/?p=15026#breadcrumb","itemListElement":[{"@type":"ListItem","position":1,"name":"Portada","item":"https:\/\/digitalsantotome.com.ar\/"},{"@type":"ListItem","position":2,"name":"El radicalismo correntino analiz\u00f3 la situaci\u00f3n pol\u00edtica y econ\u00f3mica"}]},{"@type":"WebSite","@id":"https:\/\/digitalsantotome.com.ar\/#website","url":"https:\/\/digitalsantotome.com.ar\/","name":"Digital Santo Tom\u00e9","description":"Noticias desde Santo Tom\u00e9 al Mundo \u2013 La informacion que decide","publisher":{"@id":"https:\/\/digitalsantotome.com.ar\/#organization"},"potentialAction":[{"@type":"SearchAction","target":{"@type":"EntryPoint","urlTemplate":"https:\/\/digitalsantotome.com.ar\/?s={search_term_string}"},"query-input":{"@type":"PropertyValueSpecification","valueRequired":true,"valueName":"search_term_string"}}],"inLanguage":"es"},{"@type":"Organization","@id":"https:\/\/digitalsantotome.com.ar\/#organization","name":"Digital Santo Tom\u00e9","url":"https:\/\/digitalsantotome.com.ar\/","logo":{"@type":"ImageObject","inLanguage":"es","@id":"https:\/\/digitalsantotome.com.ar\/#\/schema\/logo\/image\/","url":"https:\/\/digitalsantotome.com.ar\/wp-content\/uploads\/2023\/01\/facebook.jpg","contentUrl":"https:\/\/digitalsantotome.com.ar\/wp-content\/uploads\/2023\/01\/facebook.jpg","width":512,"height":376,"caption":"Digital Santo Tom\u00e9"},"image":{"@id":"https:\/\/digitalsantotome.com.ar\/#\/schema\/logo\/image\/"}},{"@type":"Person","@id":"https:\/\/digitalsantotome.com.ar\/#\/schema\/person\/8991d8822886fedd92ce7f03817e1bdf","name":"Jose Carlos Machado","url":"https:\/\/digitalsantotome.com.ar\/?author=2"}]}},"_links":{"self":[{"href":"https:\/\/digitalsantotome.com.ar\/index.php?rest_route=\/wp\/v2\/posts\/15026","targetHints":{"allow":["GET"]}}],"collection":[{"href":"https:\/\/digitalsantotome.com.ar\/index.php?rest_route=\/wp\/v2\/posts"}],"about":[{"href":"https:\/\/digitalsantotome.com.ar\/index.php?rest_route=\/wp\/v2\/types\/post"}],"author":[{"embeddable":true,"href":"https:\/\/digitalsantotome.com.ar\/index.php?rest_route=\/wp\/v2\/users\/2"}],"replies":[{"embeddable":true,"href":"https:\/\/digitalsantotome.com.ar\/index.php?rest_route=%2Fwp%2Fv2%2Fcomments&post=15026"}],"version-history":[{"count":1,"href":"https:\/\/digitalsantotome.com.ar\/index.php?rest_route=\/wp\/v2\/posts\/15026\/revisions"}],"predecessor-version":[{"id":15028,"href":"https:\/\/digitalsantotome.com.ar\/index.php?rest_route=\/wp\/v2\/posts\/15026\/revisions\/15028"}],"wp:featuredmedia":[{"embeddable":true,"href":"https:\/\/digitalsantotome.com.ar\/index.php?rest_route=\/wp\/v2\/media\/15027"}],"wp:attachment":[{"href":"https:\/\/digitalsantotome.com.ar\/index.php?rest_route=%2Fwp%2Fv2%2Fmedia&parent=15026"}],"wp:term":[{"taxonomy":"category","embeddable":true,"href":"https:\/\/digitalsantotome.com.ar\/index.php?rest_route=%2Fwp%2Fv2%2Fcategories&post=15026"},{"taxonomy":"post_tag","embeddable":true,"href":"https:\/\/digitalsantotome.com.ar\/index.php?rest_route=%2Fwp%2Fv2%2Ftags&post=15026"}],"curies":[{"name":"wp","href":"https:\/\/api.w.org\/{rel}","templated":true}]}}